{"id":97333,"date":"2023-06-04T11:53:44","date_gmt":"2023-06-04T17:53:44","guid":{"rendered":"https:\/\/canal7slp.tv\/2023\/?p=97333"},"modified":"2023-06-04T11:53:44","modified_gmt":"2023-06-04T17:53:44","slug":"quiero-puedo-y-debo-encabezar-un-esfuerzo-colectivo-para-sacar-a-morena-de-palacio-nacional-expreso-santiago-creel-en-ciudad-valles","status":"publish","type":"post","link":"https:\/\/canal7slp.tv\/2023\/quiero-puedo-y-debo-encabezar-un-esfuerzo-colectivo-para-sacar-a-morena-de-palacio-nacional-expreso-santiago-creel-en-ciudad-valles\/","title":{"rendered":"\u00abQuiero, puedo y debo encabezar un esfuerzo colectivo para sacar a MORENA de Palacio Nacional\u00bb, expres\u00f3 Santiago Creel en Ciudad Valles"},"content":{"rendered":"<p style=\"text-align: justify;\">Ciudad Valles.-\u00a0\u00abVengo a Valles con un solo prop\u00f3sito: informales que quiero, que puedo y debo encabezar un esfuerzo colectivo para sacar a MORENA de Palacio Nacional\u00bb, extern\u00f3 el presidente de la C\u00e1mara de Diputados en M\u00e9xico, Santiago Creel Miranda durante su visita a la Huasteca Potosina.<\/p>\n<p style=\"text-align: justify;\">Acompa\u00f1ado por la senadora Kenya L\u00f3pez, diputados federales y la dirigente del PAN en el estado, Ver\u00f3nica Rodr\u00edguez, Creel Miranda extern\u00f3 que con el decreto que promovi\u00f3 L\u00f3pez Obrador, de considerar las obras de infraestructura como un asunto de seguridad nacional, se est\u00e1n violentando los derechos de los mexicanos y es evidente que existen malos manejos en esas obras como el Tren Maya y los aeropuertos.<\/p>\n<p style=\"text-align: justify;\">Pero conf\u00eda en que la Suprema Corte de Justicia de la Naci\u00f3n (SCJN) en poco tiempo resuelva que el decreto del presidente es inconstitucional y lo anule.<\/p>\n<p style=\"text-align: justify;\">Refiri\u00f3 que la violencia desenfrenada que se esta viviendo en el pa\u00eds es por la absurda estrategia de abrazos y no balazos, M\u00e9xico est\u00e1 ensangrentado con los m\u00e1s de 155 mil homicidios violentos que van de esta administraci\u00f3n -por eso quiere y puede encabezar este proyecto para combatir ese mal que se llama L\u00f3pez Obrador-.<\/p>\n<p style=\"text-align: justify;\">Al cuestionarle si no existe el temor de que por tercera ocasi\u00f3n los panistas le den la espalda a su candidatura, dijo que la elecci\u00f3n no es la misma y hoy se necesita que no se fomente el odio, la divisi\u00f3n, el resentimiento y no hay otro aspirante del PAN; ya que es el \u00fanico militante con 25 a\u00f1os dentro del partido y van a recuperar todos los espacios.<\/p>\n<p style=\"text-align: justify;\">Y por \u00faltimo dijo que le da lo mismo con cu\u00e1l corcholata vaya a competir, porque todos representan el desorden que hay en M\u00e9xico.<\/p>\n<p>Por: Magui L\u00f3pez<\/p>\n","protected":false},"excerpt":{"rendered":"<p>Ciudad Valles.-\u00a0\u00abVengo a Valles con un solo prop\u00f3sito: informales que quiero, que puedo y debo encabezar un esfuerzo colectivo para sacar a MORENA de Palacio Nacional\u00bb, extern\u00f3 el presidente de la C\u00e1mara de Diputados en M\u00e9xico, Santiago Creel Miranda durante su visita a la Huasteca Potosina. Acompa\u00f1ado por la senadora Kenya L\u00f3pez, diputados federales y la dirigente del PAN en el estado, Ver\u00f3nica Rodr\u00edguez, Creel Miranda extern\u00f3 que con el decreto que promovi\u00f3 L\u00f3pez Obrador, de considerar las obras de infraestructura como un asunto de seguridad nacional, se est\u00e1n violentando los derechos de los mexicanos y es evidente que existen [&hellip;]<\/p>\n","protected":false},"author":2,"featured_media":97335,"comment_status":"closed","ping_status":"closed","sticky":false,"template":"","format":"video","meta":{"footnotes":""},"categories":[5,43,45],"tags":[],"class_list":["post-97333","post","type-post","status-publish","format-video","has-post-thumbnail","hentry","category-destacadas","category-interior","category-localesyregionales","post_format-post-format-video","post--single"],"yoast_head":"<!-- This site is optimized with the Yoast SEO plugin v27.4 - https:\/\/yoast.com\/product\/yoast-seo-wordpress\/ -->\n<title>&quot;Quiero, puedo y debo encabezar un esfuerzo colectivo para sacar a MORENA de Palacio Nacional&quot;, expres\u00f3 Santiago Creel en Ciudad Valles - Canal 7 SLP - 2023<\/title>\n<meta name=\"robots\" content=\"index, follow, max-snippet:-1, max-image-preview:large, max-video-preview:-1\" \/>\n<link rel=\"canonical\" href=\"https:\/\/canal7slp.tv\/2023\/quiero-puedo-y-debo-encabezar-un-esfuerzo-colectivo-para-sacar-a-morena-de-palacio-nacional-expreso-santiago-creel-en-ciudad-valles\/\" \/>\n<meta property=\"og:locale\" content=\"es_ES\" \/>\n<meta property=\"og:type\" content=\"article\" \/>\n<meta property=\"og:title\" content=\"&quot;Quiero, puedo y debo encabezar un esfuerzo colectivo para sacar a MORENA de Palacio Nacional&quot;, expres\u00f3 Santiago Creel en Ciudad Valles - Canal 7 SLP - 2023\" \/>\n<meta property=\"og:description\" content=\"Ciudad Valles.-\u00a0\u00abVengo a Valles con un solo prop\u00f3sito: informales que quiero, que puedo y debo encabezar un esfuerzo colectivo para sacar a MORENA de Palacio Nacional\u00bb, extern\u00f3 el presidente de la C\u00e1mara de Diputados en M\u00e9xico, Santiago Creel Miranda durante su visita a la Huasteca Potosina. Acompa\u00f1ado por la senadora Kenya L\u00f3pez, diputados federales y la dirigente del PAN en el estado, Ver\u00f3nica Rodr\u00edguez, Creel Miranda extern\u00f3 que con el decreto que promovi\u00f3 L\u00f3pez Obrador, de considerar las obras de infraestructura como un asunto de seguridad nacional, se est\u00e1n violentando los derechos de los mexicanos y es evidente que existen [&hellip;]\" \/>\n<meta property=\"og:url\" content=\"https:\/\/canal7slp.tv\/2023\/quiero-puedo-y-debo-encabezar-un-esfuerzo-colectivo-para-sacar-a-morena-de-palacio-nacional-expreso-santiago-creel-en-ciudad-valles\/\" \/>\n<meta property=\"og:site_name\" content=\"Canal 7 SLP - 2023\" \/>\n<meta property=\"article:publisher\" content=\"https:\/\/www.facebook.com\/noticieroscanalsiete\" \/>\n<meta property=\"article:published_time\" content=\"2023-06-04T17:53:44+00:00\" \/>\n<meta property=\"og:image\" content=\"https:\/\/canal7slp.tv\/2023\/wp-content\/uploads\/2023\/06\/ML01CrelValles.jpg\" \/>\n\t<meta property=\"og:image:width\" content=\"1280\" \/>\n\t<meta property=\"og:image:height\" content=\"720\" \/>\n\t<meta property=\"og:image:type\" content=\"image\/jpeg\" \/>\n<meta name=\"author\" content=\"Edici\u00f3n Web\" \/>\n<meta name=\"twitter:card\" content=\"summary_large_image\" \/>\n<meta name=\"twitter:creator\" content=\"@NOTICIEROS7\" \/>\n<meta name=\"twitter:site\" content=\"@NOTICIEROS7\" \/>\n<meta name=\"twitter:label1\" content=\"Escrito por\" \/>\n\t<meta name=\"twitter:data1\" content=\"Edici\u00f3n Web\" \/>\n\t<meta name=\"twitter:label2\" content=\"Tiempo de lectura\" \/>\n\t<meta name=\"twitter:data2\" content=\"2 minutos\" \/>\n<script type=\"application\/ld+json\" class=\"yoast-schema-graph\">{\"@context\":\"https:\\\/\\\/schema.org\",\"@graph\":[{\"@type\":\"Article\",\"@id\":\"https:\\\/\\\/canal7slp.tv\\\/2023\\\/quiero-puedo-y-debo-encabezar-un-esfuerzo-colectivo-para-sacar-a-morena-de-palacio-nacional-expreso-santiago-creel-en-ciudad-valles\\\/#article\",\"isPartOf\":{\"@id\":\"https:\\\/\\\/canal7slp.tv\\\/2023\\\/quiero-puedo-y-debo-encabezar-un-esfuerzo-colectivo-para-sacar-a-morena-de-palacio-nacional-expreso-santiago-creel-en-ciudad-valles\\\/\"},\"author\":{\"name\":\"Edici\u00f3n Web\",\"@id\":\"https:\\\/\\\/canal7slp.tv\\\/2023\\\/#\\\/schema\\\/person\\\/639c424e3584069003b11ae813915da6\"},\"headline\":\"\u00abQuiero, puedo y debo encabezar un esfuerzo colectivo para sacar a MORENA de Palacio Nacional\u00bb, expres\u00f3 Santiago Creel en Ciudad Valles\",\"datePublished\":\"2023-06-04T17:53:44+00:00\",\"mainEntityOfPage\":{\"@id\":\"https:\\\/\\\/canal7slp.tv\\\/2023\\\/quiero-puedo-y-debo-encabezar-un-esfuerzo-colectivo-para-sacar-a-morena-de-palacio-nacional-expreso-santiago-creel-en-ciudad-valles\\\/\"},\"wordCount\":334,\"publisher\":{\"@id\":\"https:\\\/\\\/canal7slp.tv\\\/2023\\\/#organization\"},\"image\":{\"@id\":\"https:\\\/\\\/canal7slp.tv\\\/2023\\\/quiero-puedo-y-debo-encabezar-un-esfuerzo-colectivo-para-sacar-a-morena-de-palacio-nacional-expreso-santiago-creel-en-ciudad-valles\\\/#primaryimage\"},\"thumbnailUrl\":\"https:\\\/\\\/canal7slp.tv\\\/2023\\\/wp-content\\\/uploads\\\/2023\\\/06\\\/ML01CrelValles.jpg\",\"articleSection\":[\"DESTACADAS\",\"INTERIOR DEL ESTADO\",\"LOCALES Y REGIONALES\"],\"inLanguage\":\"es\"},{\"@type\":\"WebPage\",\"@id\":\"https:\\\/\\\/canal7slp.tv\\\/2023\\\/quiero-puedo-y-debo-encabezar-un-esfuerzo-colectivo-para-sacar-a-morena-de-palacio-nacional-expreso-santiago-creel-en-ciudad-valles\\\/\",\"url\":\"https:\\\/\\\/canal7slp.tv\\\/2023\\\/quiero-puedo-y-debo-encabezar-un-esfuerzo-colectivo-para-sacar-a-morena-de-palacio-nacional-expreso-santiago-creel-en-ciudad-valles\\\/\",\"name\":\"\\\"Quiero, puedo y debo encabezar un esfuerzo colectivo para sacar a MORENA de Palacio Nacional\\\", expres\u00f3 Santiago Creel en Ciudad Valles - Canal 7 SLP - 2023\",\"isPartOf\":{\"@id\":\"https:\\\/\\\/canal7slp.tv\\\/2023\\\/#website\"},\"primaryImageOfPage\":{\"@id\":\"https:\\\/\\\/canal7slp.tv\\\/2023\\\/quiero-puedo-y-debo-encabezar-un-esfuerzo-colectivo-para-sacar-a-morena-de-palacio-nacional-expreso-santiago-creel-en-ciudad-valles\\\/#primaryimage\"},\"image\":{\"@id\":\"https:\\\/\\\/canal7slp.tv\\\/2023\\\/quiero-puedo-y-debo-encabezar-un-esfuerzo-colectivo-para-sacar-a-morena-de-palacio-nacional-expreso-santiago-creel-en-ciudad-valles\\\/#primaryimage\"},\"thumbnailUrl\":\"https:\\\/\\\/canal7slp.tv\\\/2023\\\/wp-content\\\/uploads\\\/2023\\\/06\\\/ML01CrelValles.jpg\",\"datePublished\":\"2023-06-04T17:53:44+00:00\",\"breadcrumb\":{\"@id\":\"https:\\\/\\\/canal7slp.tv\\\/2023\\\/quiero-puedo-y-debo-encabezar-un-esfuerzo-colectivo-para-sacar-a-morena-de-palacio-nacional-expreso-santiago-creel-en-ciudad-valles\\\/#breadcrumb\"},\"inLanguage\":\"es\",\"potentialAction\":[{\"@type\":\"ReadAction\",\"target\":[\"https:\\\/\\\/canal7slp.tv\\\/2023\\\/quiero-puedo-y-debo-encabezar-un-esfuerzo-colectivo-para-sacar-a-morena-de-palacio-nacional-expreso-santiago-creel-en-ciudad-valles\\\/\"]}]},{\"@type\":\"ImageObject\",\"inLanguage\":\"es\",\"@id\":\"https:\\\/\\\/canal7slp.tv\\\/2023\\\/quiero-puedo-y-debo-encabezar-un-esfuerzo-colectivo-para-sacar-a-morena-de-palacio-nacional-expreso-santiago-creel-en-ciudad-valles\\\/#primaryimage\",\"url\":\"https:\\\/\\\/canal7slp.tv\\\/2023\\\/wp-content\\\/uploads\\\/2023\\\/06\\\/ML01CrelValles.jpg\",\"contentUrl\":\"https:\\\/\\\/canal7slp.tv\\\/2023\\\/wp-content\\\/uploads\\\/2023\\\/06\\\/ML01CrelValles.jpg\",\"width\":1280,\"height\":720},{\"@type\":\"BreadcrumbList\",\"@id\":\"https:\\\/\\\/canal7slp.tv\\\/2023\\\/quiero-puedo-y-debo-encabezar-un-esfuerzo-colectivo-para-sacar-a-morena-de-palacio-nacional-expreso-santiago-creel-en-ciudad-valles\\\/#breadcrumb\",\"itemListElement\":[{\"@type\":\"ListItem\",\"position\":1,\"name\":\"Portada\",\"item\":\"https:\\\/\\\/canal7slp.tv\\\/2023\\\/\"},{\"@type\":\"ListItem\",\"position\":2,\"name\":\"&#8220;Quiero, puedo y debo encabezar un esfuerzo colectivo para sacar a MORENA de Palacio Nacional&#8221;, expres\u00f3 Santiago Creel en Ciudad Valles\"}]},{\"@type\":\"WebSite\",\"@id\":\"https:\\\/\\\/canal7slp.tv\\\/2023\\\/#website\",\"url\":\"https:\\\/\\\/canal7slp.tv\\\/2023\\\/\",\"name\":\"N7 - Noticieros Canal 7\",\"description\":\"Somos Televisi\u00f3n\",\"publisher\":{\"@id\":\"https:\\\/\\\/canal7slp.tv\\\/2023\\\/#organization\"},\"potentialAction\":[{\"@type\":\"SearchAction\",\"target\":{\"@type\":\"EntryPoint\",\"urlTemplate\":\"https:\\\/\\\/canal7slp.tv\\\/2023\\\/?s={search_term_string}\"},\"query-input\":{\"@type\":\"PropertyValueSpecification\",\"valueRequired\":true,\"valueName\":\"search_term_string\"}}],\"inLanguage\":\"es\"},{\"@type\":\"Organization\",\"@id\":\"https:\\\/\\\/canal7slp.tv\\\/2023\\\/#organization\",\"name\":\"Noticieros Canal 7\",\"url\":\"https:\\\/\\\/canal7slp.tv\\\/2023\\\/\",\"logo\":{\"@type\":\"ImageObject\",\"inLanguage\":\"es\",\"@id\":\"https:\\\/\\\/canal7slp.tv\\\/2023\\\/#\\\/schema\\\/logo\\\/image\\\/\",\"url\":\"https:\\\/\\\/canal7slp.tv\\\/2023\\\/wp-content\\\/uploads\\\/2021\\\/01\\\/logo-noticieros@2x.png\",\"contentUrl\":\"https:\\\/\\\/canal7slp.tv\\\/2023\\\/wp-content\\\/uploads\\\/2021\\\/01\\\/logo-noticieros@2x.png\",\"width\":1017,\"height\":268,\"caption\":\"Noticieros Canal 7\"},\"image\":{\"@id\":\"https:\\\/\\\/canal7slp.tv\\\/2023\\\/#\\\/schema\\\/logo\\\/image\\\/\"},\"sameAs\":[\"https:\\\/\\\/www.facebook.com\\\/noticieroscanalsiete\",\"https:\\\/\\\/x.com\\\/NOTICIEROS7\",\"https:\\\/\\\/www.instagram.com\\\/canal7_slp\",\"https:\\\/\\\/www.youtube.com\\\/channel\\\/UCliiYs-gP3JfJeqdPrNdd5A\"]},{\"@type\":\"Person\",\"@id\":\"https:\\\/\\\/canal7slp.tv\\\/2023\\\/#\\\/schema\\\/person\\\/639c424e3584069003b11ae813915da6\",\"name\":\"Edici\u00f3n Web\",\"image\":{\"@type\":\"ImageObject\",\"inLanguage\":\"es\",\"@id\":\"https:\\\/\\\/secure.gravatar.com\\\/avatar\\\/eee448fc3f7164808013b816ba91ac7e43bbe82a70bebac296f8bc6f0addaa1a?s=96&d=mm&r=g\",\"url\":\"https:\\\/\\\/secure.gravatar.com\\\/avatar\\\/eee448fc3f7164808013b816ba91ac7e43bbe82a70bebac296f8bc6f0addaa1a?s=96&d=mm&r=g\",\"contentUrl\":\"https:\\\/\\\/secure.gravatar.com\\\/avatar\\\/eee448fc3f7164808013b816ba91ac7e43bbe82a70bebac296f8bc6f0addaa1a?s=96&d=mm&r=g\",\"caption\":\"Edici\u00f3n Web\"},\"url\":\"https:\\\/\\\/canal7slp.tv\\\/2023\\\/author\\\/edicionweb\\\/\"}]}<\/script>\n<!-- \/ Yoast SEO plugin. -->","yoast_head_json":{"title":"\"Quiero, puedo y debo encabezar un esfuerzo colectivo para sacar a MORENA de Palacio Nacional\", expres\u00f3 Santiago Creel en Ciudad Valles - Canal 7 SLP - 2023","robots":{"index":"index","follow":"follow","max-snippet":"max-snippet:-1","max-image-preview":"max-image-preview:large","max-video-preview":"max-video-preview:-1"},"canonical":"https:\/\/canal7slp.tv\/2023\/quiero-puedo-y-debo-encabezar-un-esfuerzo-colectivo-para-sacar-a-morena-de-palacio-nacional-expreso-santiago-creel-en-ciudad-valles\/","og_locale":"es_ES","og_type":"article","og_title":"\"Quiero, puedo y debo encabezar un esfuerzo colectivo para sacar a MORENA de Palacio Nacional\", expres\u00f3 Santiago Creel en Ciudad Valles - Canal 7 SLP - 2023","og_description":"Ciudad Valles.-\u00a0\u00abVengo a Valles con un solo prop\u00f3sito: informales que quiero, que puedo y debo encabezar un esfuerzo colectivo para sacar a MORENA de Palacio Nacional\u00bb, extern\u00f3 el presidente de la C\u00e1mara de Diputados en M\u00e9xico, Santiago Creel Miranda durante su visita a la Huasteca Potosina. Acompa\u00f1ado por la senadora Kenya L\u00f3pez, diputados federales y la dirigente del PAN en el estado, Ver\u00f3nica Rodr\u00edguez, Creel Miranda extern\u00f3 que con el decreto que promovi\u00f3 L\u00f3pez Obrador, de considerar las obras de infraestructura como un asunto de seguridad nacional, se est\u00e1n violentando los derechos de los mexicanos y es evidente que existen [&hellip;]","og_url":"https:\/\/canal7slp.tv\/2023\/quiero-puedo-y-debo-encabezar-un-esfuerzo-colectivo-para-sacar-a-morena-de-palacio-nacional-expreso-santiago-creel-en-ciudad-valles\/","og_site_name":"Canal 7 SLP - 2023","article_publisher":"https:\/\/www.facebook.com\/noticieroscanalsiete","article_published_time":"2023-06-04T17:53:44+00:00","og_image":[{"width":1280,"height":720,"url":"https:\/\/canal7slp.tv\/2023\/wp-content\/uploads\/2023\/06\/ML01CrelValles.jpg","type":"image\/jpeg"}],"author":"Edici\u00f3n Web","twitter_card":"summary_large_image","twitter_creator":"@NOTICIEROS7","twitter_site":"@NOTICIEROS7","twitter_misc":{"Escrito por":"Edici\u00f3n Web","Tiempo de lectura":"2 minutos"},"schema":{"@context":"https:\/\/schema.org","@graph":[{"@type":"Article","@id":"https:\/\/canal7slp.tv\/2023\/quiero-puedo-y-debo-encabezar-un-esfuerzo-colectivo-para-sacar-a-morena-de-palacio-nacional-expreso-santiago-creel-en-ciudad-valles\/#article","isPartOf":{"@id":"https:\/\/canal7slp.tv\/2023\/quiero-puedo-y-debo-encabezar-un-esfuerzo-colectivo-para-sacar-a-morena-de-palacio-nacional-expreso-santiago-creel-en-ciudad-valles\/"},"author":{"name":"Edici\u00f3n Web","@id":"https:\/\/canal7slp.tv\/2023\/#\/schema\/person\/639c424e3584069003b11ae813915da6"},"headline":"\u00abQuiero, puedo y debo encabezar un esfuerzo colectivo para sacar a MORENA de Palacio Nacional\u00bb, expres\u00f3 Santiago Creel en Ciudad Valles","datePublished":"2023-06-04T17:53:44+00:00","mainEntityOfPage":{"@id":"https:\/\/canal7slp.tv\/2023\/quiero-puedo-y-debo-encabezar-un-esfuerzo-colectivo-para-sacar-a-morena-de-palacio-nacional-expreso-santiago-creel-en-ciudad-valles\/"},"wordCount":334,"publisher":{"@id":"https:\/\/canal7slp.tv\/2023\/#organization"},"image":{"@id":"https:\/\/canal7slp.tv\/2023\/quiero-puedo-y-debo-encabezar-un-esfuerzo-colectivo-para-sacar-a-morena-de-palacio-nacional-expreso-santiago-creel-en-ciudad-valles\/#primaryimage"},"thumbnailUrl":"https:\/\/canal7slp.tv\/2023\/wp-content\/uploads\/2023\/06\/ML01CrelValles.jpg","articleSection":["DESTACADAS","INTERIOR DEL ESTADO","LOCALES Y REGIONALES"],"inLanguage":"es"},{"@type":"WebPage","@id":"https:\/\/canal7slp.tv\/2023\/quiero-puedo-y-debo-encabezar-un-esfuerzo-colectivo-para-sacar-a-morena-de-palacio-nacional-expreso-santiago-creel-en-ciudad-valles\/","url":"https:\/\/canal7slp.tv\/2023\/quiero-puedo-y-debo-encabezar-un-esfuerzo-colectivo-para-sacar-a-morena-de-palacio-nacional-expreso-santiago-creel-en-ciudad-valles\/","name":"\"Quiero, puedo y debo encabezar un esfuerzo colectivo para sacar a MORENA de Palacio Nacional\", expres\u00f3 Santiago Creel en Ciudad Valles - Canal 7 SLP - 2023","isPartOf":{"@id":"https:\/\/canal7slp.tv\/2023\/#website"},"primaryImageOfPage":{"@id":"https:\/\/canal7slp.tv\/2023\/quiero-puedo-y-debo-encabezar-un-esfuerzo-colectivo-para-sacar-a-morena-de-palacio-nacional-expreso-santiago-creel-en-ciudad-valles\/#primaryimage"},"image":{"@id":"https:\/\/canal7slp.tv\/2023\/quiero-puedo-y-debo-encabezar-un-esfuerzo-colectivo-para-sacar-a-morena-de-palacio-nacional-expreso-santiago-creel-en-ciudad-valles\/#primaryimage"},"thumbnailUrl":"https:\/\/canal7slp.tv\/2023\/wp-content\/uploads\/2023\/06\/ML01CrelValles.jpg","datePublished":"2023-06-04T17:53:44+00:00","breadcrumb":{"@id":"https:\/\/canal7slp.tv\/2023\/quiero-puedo-y-debo-encabezar-un-esfuerzo-colectivo-para-sacar-a-morena-de-palacio-nacional-expreso-santiago-creel-en-ciudad-valles\/#breadcrumb"},"inLanguage":"es","potentialAction":[{"@type":"ReadAction","target":["https:\/\/canal7slp.tv\/2023\/quiero-puedo-y-debo-encabezar-un-esfuerzo-colectivo-para-sacar-a-morena-de-palacio-nacional-expreso-santiago-creel-en-ciudad-valles\/"]}]},{"@type":"ImageObject","inLanguage":"es","@id":"https:\/\/canal7slp.tv\/2023\/quiero-puedo-y-debo-encabezar-un-esfuerzo-colectivo-para-sacar-a-morena-de-palacio-nacional-expreso-santiago-creel-en-ciudad-valles\/#primaryimage","url":"https:\/\/canal7slp.tv\/2023\/wp-content\/uploads\/2023\/06\/ML01CrelValles.jpg","contentUrl":"https:\/\/canal7slp.tv\/2023\/wp-content\/uploads\/2023\/06\/ML01CrelValles.jpg","width":1280,"height":720},{"@type":"BreadcrumbList","@id":"https:\/\/canal7slp.tv\/2023\/quiero-puedo-y-debo-encabezar-un-esfuerzo-colectivo-para-sacar-a-morena-de-palacio-nacional-expreso-santiago-creel-en-ciudad-valles\/#breadcrumb","itemListElement":[{"@type":"ListItem","position":1,"name":"Portada","item":"https:\/\/canal7slp.tv\/2023\/"},{"@type":"ListItem","position":2,"name":"&#8220;Quiero, puedo y debo encabezar un esfuerzo colectivo para sacar a MORENA de Palacio Nacional&#8221;, expres\u00f3 Santiago Creel en Ciudad Valles"}]},{"@type":"WebSite","@id":"https:\/\/canal7slp.tv\/2023\/#website","url":"https:\/\/canal7slp.tv\/2023\/","name":"N7 - Noticieros Canal 7","description":"Somos Televisi\u00f3n","publisher":{"@id":"https:\/\/canal7slp.tv\/2023\/#organization"},"potentialAction":[{"@type":"SearchAction","target":{"@type":"EntryPoint","urlTemplate":"https:\/\/canal7slp.tv\/2023\/?s={search_term_string}"},"query-input":{"@type":"PropertyValueSpecification","valueRequired":true,"valueName":"search_term_string"}}],"inLanguage":"es"},{"@type":"Organization","@id":"https:\/\/canal7slp.tv\/2023\/#organization","name":"Noticieros Canal 7","url":"https:\/\/canal7slp.tv\/2023\/","logo":{"@type":"ImageObject","inLanguage":"es","@id":"https:\/\/canal7slp.tv\/2023\/#\/schema\/logo\/image\/","url":"https:\/\/canal7slp.tv\/2023\/wp-content\/uploads\/2021\/01\/logo-noticieros@2x.png","contentUrl":"https:\/\/canal7slp.tv\/2023\/wp-content\/uploads\/2021\/01\/logo-noticieros@2x.png","width":1017,"height":268,"caption":"Noticieros Canal 7"},"image":{"@id":"https:\/\/canal7slp.tv\/2023\/#\/schema\/logo\/image\/"},"sameAs":["https:\/\/www.facebook.com\/noticieroscanalsiete","https:\/\/x.com\/NOTICIEROS7","https:\/\/www.instagram.com\/canal7_slp","https:\/\/www.youtube.com\/channel\/UCliiYs-gP3JfJeqdPrNdd5A"]},{"@type":"Person","@id":"https:\/\/canal7slp.tv\/2023\/#\/schema\/person\/639c424e3584069003b11ae813915da6","name":"Edici\u00f3n Web","image":{"@type":"ImageObject","inLanguage":"es","@id":"https:\/\/secure.gravatar.com\/avatar\/eee448fc3f7164808013b816ba91ac7e43bbe82a70bebac296f8bc6f0addaa1a?s=96&d=mm&r=g","url":"https:\/\/secure.gravatar.com\/avatar\/eee448fc3f7164808013b816ba91ac7e43bbe82a70bebac296f8bc6f0addaa1a?s=96&d=mm&r=g","contentUrl":"https:\/\/secure.gravatar.com\/avatar\/eee448fc3f7164808013b816ba91ac7e43bbe82a70bebac296f8bc6f0addaa1a?s=96&d=mm&r=g","caption":"Edici\u00f3n Web"},"url":"https:\/\/canal7slp.tv\/2023\/author\/edicionweb\/"}]}},"_links":{"self":[{"href":"https:\/\/canal7slp.tv\/2023\/wp-json\/wp\/v2\/posts\/97333","targetHints":{"allow":["GET"]}}],"collection":[{"href":"https:\/\/canal7slp.tv\/2023\/wp-json\/wp\/v2\/posts"}],"about":[{"href":"https:\/\/canal7slp.tv\/2023\/wp-json\/wp\/v2\/types\/post"}],"author":[{"embeddable":true,"href":"https:\/\/canal7slp.tv\/2023\/wp-json\/wp\/v2\/users\/2"}],"replies":[{"embeddable":true,"href":"https:\/\/canal7slp.tv\/2023\/wp-json\/wp\/v2\/comments?post=97333"}],"version-history":[{"count":1,"href":"https:\/\/canal7slp.tv\/2023\/wp-json\/wp\/v2\/posts\/97333\/revisions"}],"predecessor-version":[{"id":97336,"href":"https:\/\/canal7slp.tv\/2023\/wp-json\/wp\/v2\/posts\/97333\/revisions\/97336"}],"wp:featuredmedia":[{"embeddable":true,"href":"https:\/\/canal7slp.tv\/2023\/wp-json\/wp\/v2\/media\/97335"}],"wp:attachment":[{"href":"https:\/\/canal7slp.tv\/2023\/wp-json\/wp\/v2\/media?parent=97333"}],"wp:term":[{"taxonomy":"category","embeddable":true,"href":"https:\/\/canal7slp.tv\/2023\/wp-json\/wp\/v2\/categories?post=97333"},{"taxonomy":"post_tag","embeddable":true,"href":"https:\/\/canal7slp.tv\/2023\/wp-json\/wp\/v2\/tags?post=97333"}],"curies":[{"name":"wp","href":"https:\/\/api.w.org\/{rel}","templated":true}]}}