{"id":97326,"date":"2023-06-04T12:03:35","date_gmt":"2023-06-04T18:03:35","guid":{"rendered":"https:\/\/canal7slp.tv\/2023\/?p=97326"},"modified":"2023-06-04T12:03:35","modified_gmt":"2023-06-04T18:03:35","slug":"descarta-gobernador-brotes-de-hepatitis-a-en-slp-pero-advierte-el-problema-que-representa-la-enfermedad","status":"publish","type":"post","link":"https:\/\/canal7slp.tv\/2023\/descarta-gobernador-brotes-de-hepatitis-a-en-slp-pero-advierte-el-problema-que-representa-la-enfermedad\/","title":{"rendered":"Descarta gobernador brotes de Hepatitis A en SLP, pero advierte el problema que representa la enfermedad"},"content":{"rendered":"<p style=\"text-align: justify;\">SLP.- El jefe del ejecutivo local, Jos\u00e9 Ricardo Gallardo Cardona, asegur\u00f3 que en el estado de San Luis Potos\u00ed no se ha presentado ning\u00fan brote del virus de la Hepatitis A, como ha c\u00edrculo en redes sociales.<\/p>\n<p style=\"text-align: justify;\">\u00abNo, no se est\u00e1n multiplicando, han sido muy estables, si hay un problema fuerte de hepatitis, regularmente siempre es la temporalidad, hoy con los calores se tienen m\u00e1s casos\u00bb, dijo.<\/p>\n<p style=\"text-align: justify;\">Continu\u00f3: \u00abHasta el momento est\u00e1 controlada, no hemos tenido algo para alarmarnos, pero bueno, siempre pedirles a la gente que nos cuidemos, que mantengamos las medidas de higiene\u00bb.<\/p>\n<p style=\"text-align: justify;\">Es por ello que hizo un llamado a la poblaci\u00f3n para que se extremen precauciones cuando se trata de higiene.<\/p>\n<p style=\"text-align: justify;\">\u00abLa hepatitis es por temas de higiene y otros factores secundarios que muy posiblemente sean de otra \u00edndole, a cualquiera nos pueda pasar, no es un tema de ceceo, pero si cuidar mucho donde comemos, los alimentos que estamos comiendo\u00bb, agreg\u00f3.<\/p>\n<p style=\"text-align: justify;\">En ese sentido, reiter\u00f3 la importancia de cuidar lo que se consume, sobretodo cuando se trata de alimentos de la calle.<\/p>\n<p style=\"text-align: justify;\">\u00abNo sabemos si en el puesto donde estamos comprando se lavaron las manos para preparar los alimentos, si los ten\u00edan en refrigeraci\u00f3n, todo este tipo de cosas que son factores secundarios y que a final de cuentas conlleva a qu\u00e9 hoy la hepatitis sea un problema\u00bb, termin\u00f3.<\/p>\n<p>Por: Jos\u00e9 Luis V\u00e1zquez<\/p>\n","protected":false},"excerpt":{"rendered":"<p>SLP.- El jefe del ejecutivo local, Jos\u00e9 Ricardo Gallardo Cardona, asegur\u00f3 que en el estado de San Luis Potos\u00ed no se ha presentado ning\u00fan brote del virus de la Hepatitis A, como ha c\u00edrculo en redes sociales. \u00abNo, no se est\u00e1n multiplicando, han sido muy estables, si hay un problema fuerte de hepatitis, regularmente siempre es la temporalidad, hoy con los calores se tienen m\u00e1s casos\u00bb, dijo. Continu\u00f3: \u00abHasta el momento est\u00e1 controlada, no hemos tenido algo para alarmarnos, pero bueno, siempre pedirles a la gente que nos cuidemos, que mantengamos las medidas de higiene\u00bb. Es por ello que hizo [&hellip;]<\/p>\n","protected":false},"author":2,"featured_media":97339,"comment_status":"closed","ping_status":"closed","sticky":false,"template":"","format":"video","meta":{"footnotes":""},"categories":[5,45],"tags":[],"class_list":["post-97326","post","type-post","status-publish","format-video","has-post-thumbnail","hentry","category-destacadas","category-localesyregionales","post_format-post-format-video","post--single"],"yoast_head":"<!-- This site is optimized with the Yoast SEO plugin v27.4 - https:\/\/yoast.com\/product\/yoast-seo-wordpress\/ -->\n<title>Descarta gobernador brotes de Hepatitis A en SLP, pero advierte el problema que representa la enfermedad - Canal 7 SLP - 2023<\/title>\n<meta name=\"robots\" content=\"index, follow, max-snippet:-1, max-image-preview:large, max-video-preview:-1\" \/>\n<link rel=\"canonical\" href=\"https:\/\/canal7slp.tv\/2023\/descarta-gobernador-brotes-de-hepatitis-a-en-slp-pero-advierte-el-problema-que-representa-la-enfermedad\/\" \/>\n<meta property=\"og:locale\" content=\"es_ES\" \/>\n<meta property=\"og:type\" content=\"article\" \/>\n<meta property=\"og:title\" content=\"Descarta gobernador brotes de Hepatitis A en SLP, pero advierte el problema que representa la enfermedad - Canal 7 SLP - 2023\" \/>\n<meta property=\"og:description\" content=\"SLP.- El jefe del ejecutivo local, Jos\u00e9 Ricardo Gallardo Cardona, asegur\u00f3 que en el estado de San Luis Potos\u00ed no se ha presentado ning\u00fan brote del virus de la Hepatitis A, como ha c\u00edrculo en redes sociales. \u00abNo, no se est\u00e1n multiplicando, han sido muy estables, si hay un problema fuerte de hepatitis, regularmente siempre es la temporalidad, hoy con los calores se tienen m\u00e1s casos\u00bb, dijo. Continu\u00f3: \u00abHasta el momento est\u00e1 controlada, no hemos tenido algo para alarmarnos, pero bueno, siempre pedirles a la gente que nos cuidemos, que mantengamos las medidas de higiene\u00bb. Es por ello que hizo [&hellip;]\" \/>\n<meta property=\"og:url\" content=\"https:\/\/canal7slp.tv\/2023\/descarta-gobernador-brotes-de-hepatitis-a-en-slp-pero-advierte-el-problema-que-representa-la-enfermedad\/\" \/>\n<meta property=\"og:site_name\" content=\"Canal 7 SLP - 2023\" \/>\n<meta property=\"article:publisher\" content=\"https:\/\/www.facebook.com\/noticieroscanalsiete\" \/>\n<meta property=\"article:published_time\" content=\"2023-06-04T18:03:35+00:00\" \/>\n<meta property=\"og:image\" content=\"https:\/\/canal7slp.tv\/2023\/wp-content\/uploads\/2023\/06\/Vazaquez02Hepatitis.jpg\" \/>\n\t<meta property=\"og:image:width\" content=\"1280\" \/>\n\t<meta property=\"og:image:height\" content=\"720\" \/>\n\t<meta property=\"og:image:type\" content=\"image\/jpeg\" \/>\n<meta name=\"author\" content=\"Edici\u00f3n Web\" \/>\n<meta name=\"twitter:card\" content=\"summary_large_image\" \/>\n<meta name=\"twitter:creator\" content=\"@NOTICIEROS7\" \/>\n<meta name=\"twitter:site\" content=\"@NOTICIEROS7\" \/>\n<meta name=\"twitter:label1\" content=\"Escrito por\" \/>\n\t<meta name=\"twitter:data1\" content=\"Edici\u00f3n Web\" \/>\n\t<meta name=\"twitter:label2\" content=\"Tiempo de lectura\" \/>\n\t<meta name=\"twitter:data2\" content=\"2 minutos\" \/>\n<script type=\"application\/ld+json\" class=\"yoast-schema-graph\">{\"@context\":\"https:\\\/\\\/schema.org\",\"@graph\":[{\"@type\":\"Article\",\"@id\":\"https:\\\/\\\/canal7slp.tv\\\/2023\\\/descarta-gobernador-brotes-de-hepatitis-a-en-slp-pero-advierte-el-problema-que-representa-la-enfermedad\\\/#article\",\"isPartOf\":{\"@id\":\"https:\\\/\\\/canal7slp.tv\\\/2023\\\/descarta-gobernador-brotes-de-hepatitis-a-en-slp-pero-advierte-el-problema-que-representa-la-enfermedad\\\/\"},\"author\":{\"name\":\"Edici\u00f3n Web\",\"@id\":\"https:\\\/\\\/canal7slp.tv\\\/2023\\\/#\\\/schema\\\/person\\\/639c424e3584069003b11ae813915da6\"},\"headline\":\"Descarta gobernador brotes de Hepatitis A en SLP, pero advierte el problema que representa la enfermedad\",\"datePublished\":\"2023-06-04T18:03:35+00:00\",\"mainEntityOfPage\":{\"@id\":\"https:\\\/\\\/canal7slp.tv\\\/2023\\\/descarta-gobernador-brotes-de-hepatitis-a-en-slp-pero-advierte-el-problema-que-representa-la-enfermedad\\\/\"},\"wordCount\":253,\"publisher\":{\"@id\":\"https:\\\/\\\/canal7slp.tv\\\/2023\\\/#organization\"},\"image\":{\"@id\":\"https:\\\/\\\/canal7slp.tv\\\/2023\\\/descarta-gobernador-brotes-de-hepatitis-a-en-slp-pero-advierte-el-problema-que-representa-la-enfermedad\\\/#primaryimage\"},\"thumbnailUrl\":\"https:\\\/\\\/canal7slp.tv\\\/2023\\\/wp-content\\\/uploads\\\/2023\\\/06\\\/Vazaquez02Hepatitis.jpg\",\"articleSection\":[\"DESTACADAS\",\"LOCALES Y REGIONALES\"],\"inLanguage\":\"es\"},{\"@type\":\"WebPage\",\"@id\":\"https:\\\/\\\/canal7slp.tv\\\/2023\\\/descarta-gobernador-brotes-de-hepatitis-a-en-slp-pero-advierte-el-problema-que-representa-la-enfermedad\\\/\",\"url\":\"https:\\\/\\\/canal7slp.tv\\\/2023\\\/descarta-gobernador-brotes-de-hepatitis-a-en-slp-pero-advierte-el-problema-que-representa-la-enfermedad\\\/\",\"name\":\"Descarta gobernador brotes de Hepatitis A en SLP, pero advierte el problema que representa la enfermedad - Canal 7 SLP - 2023\",\"isPartOf\":{\"@id\":\"https:\\\/\\\/canal7slp.tv\\\/2023\\\/#website\"},\"primaryImageOfPage\":{\"@id\":\"https:\\\/\\\/canal7slp.tv\\\/2023\\\/descarta-gobernador-brotes-de-hepatitis-a-en-slp-pero-advierte-el-problema-que-representa-la-enfermedad\\\/#primaryimage\"},\"image\":{\"@id\":\"https:\\\/\\\/canal7slp.tv\\\/2023\\\/descarta-gobernador-brotes-de-hepatitis-a-en-slp-pero-advierte-el-problema-que-representa-la-enfermedad\\\/#primaryimage\"},\"thumbnailUrl\":\"https:\\\/\\\/canal7slp.tv\\\/2023\\\/wp-content\\\/uploads\\\/2023\\\/06\\\/Vazaquez02Hepatitis.jpg\",\"datePublished\":\"2023-06-04T18:03:35+00:00\",\"breadcrumb\":{\"@id\":\"https:\\\/\\\/canal7slp.tv\\\/2023\\\/descarta-gobernador-brotes-de-hepatitis-a-en-slp-pero-advierte-el-problema-que-representa-la-enfermedad\\\/#breadcrumb\"},\"inLanguage\":\"es\",\"potentialAction\":[{\"@type\":\"ReadAction\",\"target\":[\"https:\\\/\\\/canal7slp.tv\\\/2023\\\/descarta-gobernador-brotes-de-hepatitis-a-en-slp-pero-advierte-el-problema-que-representa-la-enfermedad\\\/\"]}]},{\"@type\":\"ImageObject\",\"inLanguage\":\"es\",\"@id\":\"https:\\\/\\\/canal7slp.tv\\\/2023\\\/descarta-gobernador-brotes-de-hepatitis-a-en-slp-pero-advierte-el-problema-que-representa-la-enfermedad\\\/#primaryimage\",\"url\":\"https:\\\/\\\/canal7slp.tv\\\/2023\\\/wp-content\\\/uploads\\\/2023\\\/06\\\/Vazaquez02Hepatitis.jpg\",\"contentUrl\":\"https:\\\/\\\/canal7slp.tv\\\/2023\\\/wp-content\\\/uploads\\\/2023\\\/06\\\/Vazaquez02Hepatitis.jpg\",\"width\":1280,\"height\":720},{\"@type\":\"BreadcrumbList\",\"@id\":\"https:\\\/\\\/canal7slp.tv\\\/2023\\\/descarta-gobernador-brotes-de-hepatitis-a-en-slp-pero-advierte-el-problema-que-representa-la-enfermedad\\\/#breadcrumb\",\"itemListElement\":[{\"@type\":\"ListItem\",\"position\":1,\"name\":\"Portada\",\"item\":\"https:\\\/\\\/canal7slp.tv\\\/2023\\\/\"},{\"@type\":\"ListItem\",\"position\":2,\"name\":\"Descarta gobernador brotes de Hepatitis A en SLP, pero advierte el problema que representa la enfermedad\"}]},{\"@type\":\"WebSite\",\"@id\":\"https:\\\/\\\/canal7slp.tv\\\/2023\\\/#website\",\"url\":\"https:\\\/\\\/canal7slp.tv\\\/2023\\\/\",\"name\":\"N7 - Noticieros Canal 7\",\"description\":\"Somos Televisi\u00f3n\",\"publisher\":{\"@id\":\"https:\\\/\\\/canal7slp.tv\\\/2023\\\/#organization\"},\"potentialAction\":[{\"@type\":\"SearchAction\",\"target\":{\"@type\":\"EntryPoint\",\"urlTemplate\":\"https:\\\/\\\/canal7slp.tv\\\/2023\\\/?s={search_term_string}\"},\"query-input\":{\"@type\":\"PropertyValueSpecification\",\"valueRequired\":true,\"valueName\":\"search_term_string\"}}],\"inLanguage\":\"es\"},{\"@type\":\"Organization\",\"@id\":\"https:\\\/\\\/canal7slp.tv\\\/2023\\\/#organization\",\"name\":\"Noticieros Canal 7\",\"url\":\"https:\\\/\\\/canal7slp.tv\\\/2023\\\/\",\"logo\":{\"@type\":\"ImageObject\",\"inLanguage\":\"es\",\"@id\":\"https:\\\/\\\/canal7slp.tv\\\/2023\\\/#\\\/schema\\\/logo\\\/image\\\/\",\"url\":\"https:\\\/\\\/canal7slp.tv\\\/2023\\\/wp-content\\\/uploads\\\/2021\\\/01\\\/logo-noticieros@2x.png\",\"contentUrl\":\"https:\\\/\\\/canal7slp.tv\\\/2023\\\/wp-content\\\/uploads\\\/2021\\\/01\\\/logo-noticieros@2x.png\",\"width\":1017,\"height\":268,\"caption\":\"Noticieros Canal 7\"},\"image\":{\"@id\":\"https:\\\/\\\/canal7slp.tv\\\/2023\\\/#\\\/schema\\\/logo\\\/image\\\/\"},\"sameAs\":[\"https:\\\/\\\/www.facebook.com\\\/noticieroscanalsiete\",\"https:\\\/\\\/x.com\\\/NOTICIEROS7\",\"https:\\\/\\\/www.instagram.com\\\/canal7_slp\",\"https:\\\/\\\/www.youtube.com\\\/channel\\\/UCliiYs-gP3JfJeqdPrNdd5A\"]},{\"@type\":\"Person\",\"@id\":\"https:\\\/\\\/canal7slp.tv\\\/2023\\\/#\\\/schema\\\/person\\\/639c424e3584069003b11ae813915da6\",\"name\":\"Edici\u00f3n Web\",\"image\":{\"@type\":\"ImageObject\",\"inLanguage\":\"es\",\"@id\":\"https:\\\/\\\/secure.gravatar.com\\\/avatar\\\/eee448fc3f7164808013b816ba91ac7e43bbe82a70bebac296f8bc6f0addaa1a?s=96&d=mm&r=g\",\"url\":\"https:\\\/\\\/secure.gravatar.com\\\/avatar\\\/eee448fc3f7164808013b816ba91ac7e43bbe82a70bebac296f8bc6f0addaa1a?s=96&d=mm&r=g\",\"contentUrl\":\"https:\\\/\\\/secure.gravatar.com\\\/avatar\\\/eee448fc3f7164808013b816ba91ac7e43bbe82a70bebac296f8bc6f0addaa1a?s=96&d=mm&r=g\",\"caption\":\"Edici\u00f3n Web\"},\"url\":\"https:\\\/\\\/canal7slp.tv\\\/2023\\\/author\\\/edicionweb\\\/\"}]}<\/script>\n<!-- \/ Yoast SEO plugin. -->","yoast_head_json":{"title":"Descarta gobernador brotes de Hepatitis A en SLP, pero advierte el problema que representa la enfermedad - Canal 7 SLP - 2023","robots":{"index":"index","follow":"follow","max-snippet":"max-snippet:-1","max-image-preview":"max-image-preview:large","max-video-preview":"max-video-preview:-1"},"canonical":"https:\/\/canal7slp.tv\/2023\/descarta-gobernador-brotes-de-hepatitis-a-en-slp-pero-advierte-el-problema-que-representa-la-enfermedad\/","og_locale":"es_ES","og_type":"article","og_title":"Descarta gobernador brotes de Hepatitis A en SLP, pero advierte el problema que representa la enfermedad - Canal 7 SLP - 2023","og_description":"SLP.- El jefe del ejecutivo local, Jos\u00e9 Ricardo Gallardo Cardona, asegur\u00f3 que en el estado de San Luis Potos\u00ed no se ha presentado ning\u00fan brote del virus de la Hepatitis A, como ha c\u00edrculo en redes sociales. \u00abNo, no se est\u00e1n multiplicando, han sido muy estables, si hay un problema fuerte de hepatitis, regularmente siempre es la temporalidad, hoy con los calores se tienen m\u00e1s casos\u00bb, dijo. Continu\u00f3: \u00abHasta el momento est\u00e1 controlada, no hemos tenido algo para alarmarnos, pero bueno, siempre pedirles a la gente que nos cuidemos, que mantengamos las medidas de higiene\u00bb. Es por ello que hizo [&hellip;]","og_url":"https:\/\/canal7slp.tv\/2023\/descarta-gobernador-brotes-de-hepatitis-a-en-slp-pero-advierte-el-problema-que-representa-la-enfermedad\/","og_site_name":"Canal 7 SLP - 2023","article_publisher":"https:\/\/www.facebook.com\/noticieroscanalsiete","article_published_time":"2023-06-04T18:03:35+00:00","og_image":[{"width":1280,"height":720,"url":"https:\/\/canal7slp.tv\/2023\/wp-content\/uploads\/2023\/06\/Vazaquez02Hepatitis.jpg","type":"image\/jpeg"}],"author":"Edici\u00f3n Web","twitter_card":"summary_large_image","twitter_creator":"@NOTICIEROS7","twitter_site":"@NOTICIEROS7","twitter_misc":{"Escrito por":"Edici\u00f3n Web","Tiempo de lectura":"2 minutos"},"schema":{"@context":"https:\/\/schema.org","@graph":[{"@type":"Article","@id":"https:\/\/canal7slp.tv\/2023\/descarta-gobernador-brotes-de-hepatitis-a-en-slp-pero-advierte-el-problema-que-representa-la-enfermedad\/#article","isPartOf":{"@id":"https:\/\/canal7slp.tv\/2023\/descarta-gobernador-brotes-de-hepatitis-a-en-slp-pero-advierte-el-problema-que-representa-la-enfermedad\/"},"author":{"name":"Edici\u00f3n Web","@id":"https:\/\/canal7slp.tv\/2023\/#\/schema\/person\/639c424e3584069003b11ae813915da6"},"headline":"Descarta gobernador brotes de Hepatitis A en SLP, pero advierte el problema que representa la enfermedad","datePublished":"2023-06-04T18:03:35+00:00","mainEntityOfPage":{"@id":"https:\/\/canal7slp.tv\/2023\/descarta-gobernador-brotes-de-hepatitis-a-en-slp-pero-advierte-el-problema-que-representa-la-enfermedad\/"},"wordCount":253,"publisher":{"@id":"https:\/\/canal7slp.tv\/2023\/#organization"},"image":{"@id":"https:\/\/canal7slp.tv\/2023\/descarta-gobernador-brotes-de-hepatitis-a-en-slp-pero-advierte-el-problema-que-representa-la-enfermedad\/#primaryimage"},"thumbnailUrl":"https:\/\/canal7slp.tv\/2023\/wp-content\/uploads\/2023\/06\/Vazaquez02Hepatitis.jpg","articleSection":["DESTACADAS","LOCALES Y REGIONALES"],"inLanguage":"es"},{"@type":"WebPage","@id":"https:\/\/canal7slp.tv\/2023\/descarta-gobernador-brotes-de-hepatitis-a-en-slp-pero-advierte-el-problema-que-representa-la-enfermedad\/","url":"https:\/\/canal7slp.tv\/2023\/descarta-gobernador-brotes-de-hepatitis-a-en-slp-pero-advierte-el-problema-que-representa-la-enfermedad\/","name":"Descarta gobernador brotes de Hepatitis A en SLP, pero advierte el problema que representa la enfermedad - Canal 7 SLP - 2023","isPartOf":{"@id":"https:\/\/canal7slp.tv\/2023\/#website"},"primaryImageOfPage":{"@id":"https:\/\/canal7slp.tv\/2023\/descarta-gobernador-brotes-de-hepatitis-a-en-slp-pero-advierte-el-problema-que-representa-la-enfermedad\/#primaryimage"},"image":{"@id":"https:\/\/canal7slp.tv\/2023\/descarta-gobernador-brotes-de-hepatitis-a-en-slp-pero-advierte-el-problema-que-representa-la-enfermedad\/#primaryimage"},"thumbnailUrl":"https:\/\/canal7slp.tv\/2023\/wp-content\/uploads\/2023\/06\/Vazaquez02Hepatitis.jpg","datePublished":"2023-06-04T18:03:35+00:00","breadcrumb":{"@id":"https:\/\/canal7slp.tv\/2023\/descarta-gobernador-brotes-de-hepatitis-a-en-slp-pero-advierte-el-problema-que-representa-la-enfermedad\/#breadcrumb"},"inLanguage":"es","potentialAction":[{"@type":"ReadAction","target":["https:\/\/canal7slp.tv\/2023\/descarta-gobernador-brotes-de-hepatitis-a-en-slp-pero-advierte-el-problema-que-representa-la-enfermedad\/"]}]},{"@type":"ImageObject","inLanguage":"es","@id":"https:\/\/canal7slp.tv\/2023\/descarta-gobernador-brotes-de-hepatitis-a-en-slp-pero-advierte-el-problema-que-representa-la-enfermedad\/#primaryimage","url":"https:\/\/canal7slp.tv\/2023\/wp-content\/uploads\/2023\/06\/Vazaquez02Hepatitis.jpg","contentUrl":"https:\/\/canal7slp.tv\/2023\/wp-content\/uploads\/2023\/06\/Vazaquez02Hepatitis.jpg","width":1280,"height":720},{"@type":"BreadcrumbList","@id":"https:\/\/canal7slp.tv\/2023\/descarta-gobernador-brotes-de-hepatitis-a-en-slp-pero-advierte-el-problema-que-representa-la-enfermedad\/#breadcrumb","itemListElement":[{"@type":"ListItem","position":1,"name":"Portada","item":"https:\/\/canal7slp.tv\/2023\/"},{"@type":"ListItem","position":2,"name":"Descarta gobernador brotes de Hepatitis A en SLP, pero advierte el problema que representa la enfermedad"}]},{"@type":"WebSite","@id":"https:\/\/canal7slp.tv\/2023\/#website","url":"https:\/\/canal7slp.tv\/2023\/","name":"N7 - Noticieros Canal 7","description":"Somos Televisi\u00f3n","publisher":{"@id":"https:\/\/canal7slp.tv\/2023\/#organization"},"potentialAction":[{"@type":"SearchAction","target":{"@type":"EntryPoint","urlTemplate":"https:\/\/canal7slp.tv\/2023\/?s={search_term_string}"},"query-input":{"@type":"PropertyValueSpecification","valueRequired":true,"valueName":"search_term_string"}}],"inLanguage":"es"},{"@type":"Organization","@id":"https:\/\/canal7slp.tv\/2023\/#organization","name":"Noticieros Canal 7","url":"https:\/\/canal7slp.tv\/2023\/","logo":{"@type":"ImageObject","inLanguage":"es","@id":"https:\/\/canal7slp.tv\/2023\/#\/schema\/logo\/image\/","url":"https:\/\/canal7slp.tv\/2023\/wp-content\/uploads\/2021\/01\/logo-noticieros@2x.png","contentUrl":"https:\/\/canal7slp.tv\/2023\/wp-content\/uploads\/2021\/01\/logo-noticieros@2x.png","width":1017,"height":268,"caption":"Noticieros Canal 7"},"image":{"@id":"https:\/\/canal7slp.tv\/2023\/#\/schema\/logo\/image\/"},"sameAs":["https:\/\/www.facebook.com\/noticieroscanalsiete","https:\/\/x.com\/NOTICIEROS7","https:\/\/www.instagram.com\/canal7_slp","https:\/\/www.youtube.com\/channel\/UCliiYs-gP3JfJeqdPrNdd5A"]},{"@type":"Person","@id":"https:\/\/canal7slp.tv\/2023\/#\/schema\/person\/639c424e3584069003b11ae813915da6","name":"Edici\u00f3n Web","image":{"@type":"ImageObject","inLanguage":"es","@id":"https:\/\/secure.gravatar.com\/avatar\/eee448fc3f7164808013b816ba91ac7e43bbe82a70bebac296f8bc6f0addaa1a?s=96&d=mm&r=g","url":"https:\/\/secure.gravatar.com\/avatar\/eee448fc3f7164808013b816ba91ac7e43bbe82a70bebac296f8bc6f0addaa1a?s=96&d=mm&r=g","contentUrl":"https:\/\/secure.gravatar.com\/avatar\/eee448fc3f7164808013b816ba91ac7e43bbe82a70bebac296f8bc6f0addaa1a?s=96&d=mm&r=g","caption":"Edici\u00f3n Web"},"url":"https:\/\/canal7slp.tv\/2023\/author\/edicionweb\/"}]}},"_links":{"self":[{"href":"https:\/\/canal7slp.tv\/2023\/wp-json\/wp\/v2\/posts\/97326","targetHints":{"allow":["GET"]}}],"collection":[{"href":"https:\/\/canal7slp.tv\/2023\/wp-json\/wp\/v2\/posts"}],"about":[{"href":"https:\/\/canal7slp.tv\/2023\/wp-json\/wp\/v2\/types\/post"}],"author":[{"embeddable":true,"href":"https:\/\/canal7slp.tv\/2023\/wp-json\/wp\/v2\/users\/2"}],"replies":[{"embeddable":true,"href":"https:\/\/canal7slp.tv\/2023\/wp-json\/wp\/v2\/comments?post=97326"}],"version-history":[{"count":2,"href":"https:\/\/canal7slp.tv\/2023\/wp-json\/wp\/v2\/posts\/97326\/revisions"}],"predecessor-version":[{"id":97340,"href":"https:\/\/canal7slp.tv\/2023\/wp-json\/wp\/v2\/posts\/97326\/revisions\/97340"}],"wp:featuredmedia":[{"embeddable":true,"href":"https:\/\/canal7slp.tv\/2023\/wp-json\/wp\/v2\/media\/97339"}],"wp:attachment":[{"href":"https:\/\/canal7slp.tv\/2023\/wp-json\/wp\/v2\/media?parent=97326"}],"wp:term":[{"taxonomy":"category","embeddable":true,"href":"https:\/\/canal7slp.tv\/2023\/wp-json\/wp\/v2\/categories?post=97326"},{"taxonomy":"post_tag","embeddable":true,"href":"https:\/\/canal7slp.tv\/2023\/wp-json\/wp\/v2\/tags?post=97326"}],"curies":[{"name":"wp","href":"https:\/\/api.w.org\/{rel}","templated":true}]}}