{"id":97325,"date":"2023-06-04T11:59:04","date_gmt":"2023-06-04T17:59:04","guid":{"rendered":"https:\/\/canal7slp.tv\/2023\/?p=97325"},"modified":"2023-06-04T11:59:04","modified_gmt":"2023-06-04T17:59:04","slug":"reconocen-autoridades-aumento-de-robo-de-vehiculos-en-slp","status":"publish","type":"post","link":"https:\/\/canal7slp.tv\/2023\/reconocen-autoridades-aumento-de-robo-de-vehiculos-en-slp\/","title":{"rendered":"Reconocen autoridades aumento de robo de veh\u00edculos en SLP"},"content":{"rendered":"<p style=\"text-align: justify;\">SLP.- El titular de la Secretar\u00eda de Seguridad y Protecci\u00f3n Ciudadana del Gobierno del Estado, Guzmar \u00c1ngel Gonz\u00e1lez Castillo, reconoci\u00f3 que se ha tenido un aumento en el \u00edndice de robo de veh\u00edculos en San Luis Potos\u00ed.<\/p>\n<p style=\"text-align: justify;\">\u00abEs lo que nos preocupa, que de repente se alza, se va a la alza, detenemos gente, disminuye y al poco tiempo nuevamente empieza a crecer, se nos ha incrementado este delito y estamos tomando las medidas preventivas, ha habido resultados muy positivos en cuanto se adoptaron est\u00e1s nuevas medidas, se ha notado\u00bb, expuso.<\/p>\n<p style=\"text-align: justify;\">Explic\u00f3 que, de hecho, las reuniones de seguridad que se realizan diariamente, tienen como objetivo el generar nuevas propuestas para combatir el crimen y as\u00ed lograr una disminuci\u00f3n de delitos.<\/p>\n<p style=\"text-align: justify;\">\u00abComo ustedes saben, las reuniones nos permiten ir d\u00e1ndole seguimiento a los indicadores, vimos un incremento en cuanto a robos de veh\u00edculo, ya se est\u00e1n tomando las medidas entre la Fiscal\u00eda del estado, municipios y Guardia Civil\u00bb, asegur\u00f3.<\/p>\n<p style=\"text-align: justify;\">Dichas declaraciones surgen luego de que el Secretariado Ejecutivo del Sistema Nacional de Seguridad P\u00fablica emitiera datos que afirman un aumento de delitos en varios municipios de San Luis Potos\u00ed.<\/p>\n<p style=\"text-align: justify;\">Sin embargo, el funcionario asever\u00f3 que gracias al trabajo coordinado de las corporaciones de seguridad, se mantienen una vigilancia constante y reforzada que genera resultados.<\/p>\n<p style=\"text-align: justify;\">\u00abLuego luego se empieza a notar en cuanto hacemos las medidas reactivas, se han identificado m\u00e1s veh\u00edculos que est\u00e1n remarcados y desde luego, que no sea la reactiva, queremos la preventiva que es hacer presencia\u00bb, se\u00f1al\u00f3.<\/p>\n<p>Por: Jos\u00e9 Luis V\u00e1zquez<\/p>\n","protected":false},"excerpt":{"rendered":"<p>SLP.- El titular de la Secretar\u00eda de Seguridad y Protecci\u00f3n Ciudadana del Gobierno del Estado, Guzmar \u00c1ngel Gonz\u00e1lez Castillo, reconoci\u00f3 que se ha tenido un aumento en el \u00edndice de robo de veh\u00edculos en San Luis Potos\u00ed. \u00abEs lo que nos preocupa, que de repente se alza, se va a la alza, detenemos gente, disminuye y al poco tiempo nuevamente empieza a crecer, se nos ha incrementado este delito y estamos tomando las medidas preventivas, ha habido resultados muy positivos en cuanto se adoptaron est\u00e1s nuevas medidas, se ha notado\u00bb, expuso. Explic\u00f3 que, de hecho, las reuniones de seguridad que [&hellip;]<\/p>\n","protected":false},"author":2,"featured_media":97337,"comment_status":"closed","ping_status":"closed","sticky":false,"template":"","format":"video","meta":{"footnotes":""},"categories":[5,45],"tags":[],"class_list":["post-97325","post","type-post","status-publish","format-video","has-post-thumbnail","hentry","category-destacadas","category-localesyregionales","post_format-post-format-video","post--single"],"yoast_head":"<!-- This site is optimized with the Yoast SEO plugin v27.4 - https:\/\/yoast.com\/product\/yoast-seo-wordpress\/ -->\n<title>Reconocen autoridades aumento de robo de veh\u00edculos en SLP - Canal 7 SLP - 2023<\/title>\n<meta name=\"robots\" content=\"index, follow, max-snippet:-1, max-image-preview:large, max-video-preview:-1\" \/>\n<link rel=\"canonical\" href=\"https:\/\/canal7slp.tv\/2023\/reconocen-autoridades-aumento-de-robo-de-vehiculos-en-slp\/\" \/>\n<meta property=\"og:locale\" content=\"es_ES\" \/>\n<meta property=\"og:type\" content=\"article\" \/>\n<meta property=\"og:title\" content=\"Reconocen autoridades aumento de robo de veh\u00edculos en SLP - Canal 7 SLP - 2023\" \/>\n<meta property=\"og:description\" content=\"SLP.- El titular de la Secretar\u00eda de Seguridad y Protecci\u00f3n Ciudadana del Gobierno del Estado, Guzmar \u00c1ngel Gonz\u00e1lez Castillo, reconoci\u00f3 que se ha tenido un aumento en el \u00edndice de robo de veh\u00edculos en San Luis Potos\u00ed. \u00abEs lo que nos preocupa, que de repente se alza, se va a la alza, detenemos gente, disminuye y al poco tiempo nuevamente empieza a crecer, se nos ha incrementado este delito y estamos tomando las medidas preventivas, ha habido resultados muy positivos en cuanto se adoptaron est\u00e1s nuevas medidas, se ha notado\u00bb, expuso. Explic\u00f3 que, de hecho, las reuniones de seguridad que [&hellip;]\" \/>\n<meta property=\"og:url\" content=\"https:\/\/canal7slp.tv\/2023\/reconocen-autoridades-aumento-de-robo-de-vehiculos-en-slp\/\" \/>\n<meta property=\"og:site_name\" content=\"Canal 7 SLP - 2023\" \/>\n<meta property=\"article:publisher\" content=\"https:\/\/www.facebook.com\/noticieroscanalsiete\" \/>\n<meta property=\"article:published_time\" content=\"2023-06-04T17:59:04+00:00\" \/>\n<meta property=\"og:image\" content=\"https:\/\/canal7slp.tv\/2023\/wp-content\/uploads\/2023\/06\/Vazquez01RoboVehiculos.jpg\" \/>\n\t<meta property=\"og:image:width\" content=\"1280\" \/>\n\t<meta property=\"og:image:height\" content=\"720\" \/>\n\t<meta property=\"og:image:type\" content=\"image\/jpeg\" \/>\n<meta name=\"author\" content=\"Edici\u00f3n Web\" \/>\n<meta name=\"twitter:card\" content=\"summary_large_image\" \/>\n<meta name=\"twitter:creator\" content=\"@NOTICIEROS7\" \/>\n<meta name=\"twitter:site\" content=\"@NOTICIEROS7\" \/>\n<meta name=\"twitter:label1\" content=\"Escrito por\" \/>\n\t<meta name=\"twitter:data1\" content=\"Edici\u00f3n Web\" \/>\n\t<meta name=\"twitter:label2\" content=\"Tiempo de lectura\" \/>\n\t<meta name=\"twitter:data2\" content=\"2 minutos\" \/>\n<script type=\"application\/ld+json\" class=\"yoast-schema-graph\">{\"@context\":\"https:\\\/\\\/schema.org\",\"@graph\":[{\"@type\":\"Article\",\"@id\":\"https:\\\/\\\/canal7slp.tv\\\/2023\\\/reconocen-autoridades-aumento-de-robo-de-vehiculos-en-slp\\\/#article\",\"isPartOf\":{\"@id\":\"https:\\\/\\\/canal7slp.tv\\\/2023\\\/reconocen-autoridades-aumento-de-robo-de-vehiculos-en-slp\\\/\"},\"author\":{\"name\":\"Edici\u00f3n Web\",\"@id\":\"https:\\\/\\\/canal7slp.tv\\\/2023\\\/#\\\/schema\\\/person\\\/639c424e3584069003b11ae813915da6\"},\"headline\":\"Reconocen autoridades aumento de robo de veh\u00edculos en SLP\",\"datePublished\":\"2023-06-04T17:59:04+00:00\",\"mainEntityOfPage\":{\"@id\":\"https:\\\/\\\/canal7slp.tv\\\/2023\\\/reconocen-autoridades-aumento-de-robo-de-vehiculos-en-slp\\\/\"},\"wordCount\":281,\"publisher\":{\"@id\":\"https:\\\/\\\/canal7slp.tv\\\/2023\\\/#organization\"},\"image\":{\"@id\":\"https:\\\/\\\/canal7slp.tv\\\/2023\\\/reconocen-autoridades-aumento-de-robo-de-vehiculos-en-slp\\\/#primaryimage\"},\"thumbnailUrl\":\"https:\\\/\\\/canal7slp.tv\\\/2023\\\/wp-content\\\/uploads\\\/2023\\\/06\\\/Vazquez01RoboVehiculos.jpg\",\"articleSection\":[\"DESTACADAS\",\"LOCALES Y REGIONALES\"],\"inLanguage\":\"es\"},{\"@type\":\"WebPage\",\"@id\":\"https:\\\/\\\/canal7slp.tv\\\/2023\\\/reconocen-autoridades-aumento-de-robo-de-vehiculos-en-slp\\\/\",\"url\":\"https:\\\/\\\/canal7slp.tv\\\/2023\\\/reconocen-autoridades-aumento-de-robo-de-vehiculos-en-slp\\\/\",\"name\":\"Reconocen autoridades aumento de robo de veh\u00edculos en SLP - Canal 7 SLP - 2023\",\"isPartOf\":{\"@id\":\"https:\\\/\\\/canal7slp.tv\\\/2023\\\/#website\"},\"primaryImageOfPage\":{\"@id\":\"https:\\\/\\\/canal7slp.tv\\\/2023\\\/reconocen-autoridades-aumento-de-robo-de-vehiculos-en-slp\\\/#primaryimage\"},\"image\":{\"@id\":\"https:\\\/\\\/canal7slp.tv\\\/2023\\\/reconocen-autoridades-aumento-de-robo-de-vehiculos-en-slp\\\/#primaryimage\"},\"thumbnailUrl\":\"https:\\\/\\\/canal7slp.tv\\\/2023\\\/wp-content\\\/uploads\\\/2023\\\/06\\\/Vazquez01RoboVehiculos.jpg\",\"datePublished\":\"2023-06-04T17:59:04+00:00\",\"breadcrumb\":{\"@id\":\"https:\\\/\\\/canal7slp.tv\\\/2023\\\/reconocen-autoridades-aumento-de-robo-de-vehiculos-en-slp\\\/#breadcrumb\"},\"inLanguage\":\"es\",\"potentialAction\":[{\"@type\":\"ReadAction\",\"target\":[\"https:\\\/\\\/canal7slp.tv\\\/2023\\\/reconocen-autoridades-aumento-de-robo-de-vehiculos-en-slp\\\/\"]}]},{\"@type\":\"ImageObject\",\"inLanguage\":\"es\",\"@id\":\"https:\\\/\\\/canal7slp.tv\\\/2023\\\/reconocen-autoridades-aumento-de-robo-de-vehiculos-en-slp\\\/#primaryimage\",\"url\":\"https:\\\/\\\/canal7slp.tv\\\/2023\\\/wp-content\\\/uploads\\\/2023\\\/06\\\/Vazquez01RoboVehiculos.jpg\",\"contentUrl\":\"https:\\\/\\\/canal7slp.tv\\\/2023\\\/wp-content\\\/uploads\\\/2023\\\/06\\\/Vazquez01RoboVehiculos.jpg\",\"width\":1280,\"height\":720},{\"@type\":\"BreadcrumbList\",\"@id\":\"https:\\\/\\\/canal7slp.tv\\\/2023\\\/reconocen-autoridades-aumento-de-robo-de-vehiculos-en-slp\\\/#breadcrumb\",\"itemListElement\":[{\"@type\":\"ListItem\",\"position\":1,\"name\":\"Portada\",\"item\":\"https:\\\/\\\/canal7slp.tv\\\/2023\\\/\"},{\"@type\":\"ListItem\",\"position\":2,\"name\":\"Reconocen autoridades aumento de robo de veh\u00edculos en SLP\"}]},{\"@type\":\"WebSite\",\"@id\":\"https:\\\/\\\/canal7slp.tv\\\/2023\\\/#website\",\"url\":\"https:\\\/\\\/canal7slp.tv\\\/2023\\\/\",\"name\":\"N7 - Noticieros Canal 7\",\"description\":\"Somos Televisi\u00f3n\",\"publisher\":{\"@id\":\"https:\\\/\\\/canal7slp.tv\\\/2023\\\/#organization\"},\"potentialAction\":[{\"@type\":\"SearchAction\",\"target\":{\"@type\":\"EntryPoint\",\"urlTemplate\":\"https:\\\/\\\/canal7slp.tv\\\/2023\\\/?s={search_term_string}\"},\"query-input\":{\"@type\":\"PropertyValueSpecification\",\"valueRequired\":true,\"valueName\":\"search_term_string\"}}],\"inLanguage\":\"es\"},{\"@type\":\"Organization\",\"@id\":\"https:\\\/\\\/canal7slp.tv\\\/2023\\\/#organization\",\"name\":\"Noticieros Canal 7\",\"url\":\"https:\\\/\\\/canal7slp.tv\\\/2023\\\/\",\"logo\":{\"@type\":\"ImageObject\",\"inLanguage\":\"es\",\"@id\":\"https:\\\/\\\/canal7slp.tv\\\/2023\\\/#\\\/schema\\\/logo\\\/image\\\/\",\"url\":\"https:\\\/\\\/canal7slp.tv\\\/2023\\\/wp-content\\\/uploads\\\/2021\\\/01\\\/logo-noticieros@2x.png\",\"contentUrl\":\"https:\\\/\\\/canal7slp.tv\\\/2023\\\/wp-content\\\/uploads\\\/2021\\\/01\\\/logo-noticieros@2x.png\",\"width\":1017,\"height\":268,\"caption\":\"Noticieros Canal 7\"},\"image\":{\"@id\":\"https:\\\/\\\/canal7slp.tv\\\/2023\\\/#\\\/schema\\\/logo\\\/image\\\/\"},\"sameAs\":[\"https:\\\/\\\/www.facebook.com\\\/noticieroscanalsiete\",\"https:\\\/\\\/x.com\\\/NOTICIEROS7\",\"https:\\\/\\\/www.instagram.com\\\/canal7_slp\",\"https:\\\/\\\/www.youtube.com\\\/channel\\\/UCliiYs-gP3JfJeqdPrNdd5A\"]},{\"@type\":\"Person\",\"@id\":\"https:\\\/\\\/canal7slp.tv\\\/2023\\\/#\\\/schema\\\/person\\\/639c424e3584069003b11ae813915da6\",\"name\":\"Edici\u00f3n Web\",\"image\":{\"@type\":\"ImageObject\",\"inLanguage\":\"es\",\"@id\":\"https:\\\/\\\/secure.gravatar.com\\\/avatar\\\/eee448fc3f7164808013b816ba91ac7e43bbe82a70bebac296f8bc6f0addaa1a?s=96&d=mm&r=g\",\"url\":\"https:\\\/\\\/secure.gravatar.com\\\/avatar\\\/eee448fc3f7164808013b816ba91ac7e43bbe82a70bebac296f8bc6f0addaa1a?s=96&d=mm&r=g\",\"contentUrl\":\"https:\\\/\\\/secure.gravatar.com\\\/avatar\\\/eee448fc3f7164808013b816ba91ac7e43bbe82a70bebac296f8bc6f0addaa1a?s=96&d=mm&r=g\",\"caption\":\"Edici\u00f3n Web\"},\"url\":\"https:\\\/\\\/canal7slp.tv\\\/2023\\\/author\\\/edicionweb\\\/\"}]}<\/script>\n<!-- \/ Yoast SEO plugin. -->","yoast_head_json":{"title":"Reconocen autoridades aumento de robo de veh\u00edculos en SLP - Canal 7 SLP - 2023","robots":{"index":"index","follow":"follow","max-snippet":"max-snippet:-1","max-image-preview":"max-image-preview:large","max-video-preview":"max-video-preview:-1"},"canonical":"https:\/\/canal7slp.tv\/2023\/reconocen-autoridades-aumento-de-robo-de-vehiculos-en-slp\/","og_locale":"es_ES","og_type":"article","og_title":"Reconocen autoridades aumento de robo de veh\u00edculos en SLP - Canal 7 SLP - 2023","og_description":"SLP.- El titular de la Secretar\u00eda de Seguridad y Protecci\u00f3n Ciudadana del Gobierno del Estado, Guzmar \u00c1ngel Gonz\u00e1lez Castillo, reconoci\u00f3 que se ha tenido un aumento en el \u00edndice de robo de veh\u00edculos en San Luis Potos\u00ed. \u00abEs lo que nos preocupa, que de repente se alza, se va a la alza, detenemos gente, disminuye y al poco tiempo nuevamente empieza a crecer, se nos ha incrementado este delito y estamos tomando las medidas preventivas, ha habido resultados muy positivos en cuanto se adoptaron est\u00e1s nuevas medidas, se ha notado\u00bb, expuso. Explic\u00f3 que, de hecho, las reuniones de seguridad que [&hellip;]","og_url":"https:\/\/canal7slp.tv\/2023\/reconocen-autoridades-aumento-de-robo-de-vehiculos-en-slp\/","og_site_name":"Canal 7 SLP - 2023","article_publisher":"https:\/\/www.facebook.com\/noticieroscanalsiete","article_published_time":"2023-06-04T17:59:04+00:00","og_image":[{"width":1280,"height":720,"url":"https:\/\/canal7slp.tv\/2023\/wp-content\/uploads\/2023\/06\/Vazquez01RoboVehiculos.jpg","type":"image\/jpeg"}],"author":"Edici\u00f3n Web","twitter_card":"summary_large_image","twitter_creator":"@NOTICIEROS7","twitter_site":"@NOTICIEROS7","twitter_misc":{"Escrito por":"Edici\u00f3n Web","Tiempo de lectura":"2 minutos"},"schema":{"@context":"https:\/\/schema.org","@graph":[{"@type":"Article","@id":"https:\/\/canal7slp.tv\/2023\/reconocen-autoridades-aumento-de-robo-de-vehiculos-en-slp\/#article","isPartOf":{"@id":"https:\/\/canal7slp.tv\/2023\/reconocen-autoridades-aumento-de-robo-de-vehiculos-en-slp\/"},"author":{"name":"Edici\u00f3n Web","@id":"https:\/\/canal7slp.tv\/2023\/#\/schema\/person\/639c424e3584069003b11ae813915da6"},"headline":"Reconocen autoridades aumento de robo de veh\u00edculos en SLP","datePublished":"2023-06-04T17:59:04+00:00","mainEntityOfPage":{"@id":"https:\/\/canal7slp.tv\/2023\/reconocen-autoridades-aumento-de-robo-de-vehiculos-en-slp\/"},"wordCount":281,"publisher":{"@id":"https:\/\/canal7slp.tv\/2023\/#organization"},"image":{"@id":"https:\/\/canal7slp.tv\/2023\/reconocen-autoridades-aumento-de-robo-de-vehiculos-en-slp\/#primaryimage"},"thumbnailUrl":"https:\/\/canal7slp.tv\/2023\/wp-content\/uploads\/2023\/06\/Vazquez01RoboVehiculos.jpg","articleSection":["DESTACADAS","LOCALES Y REGIONALES"],"inLanguage":"es"},{"@type":"WebPage","@id":"https:\/\/canal7slp.tv\/2023\/reconocen-autoridades-aumento-de-robo-de-vehiculos-en-slp\/","url":"https:\/\/canal7slp.tv\/2023\/reconocen-autoridades-aumento-de-robo-de-vehiculos-en-slp\/","name":"Reconocen autoridades aumento de robo de veh\u00edculos en SLP - Canal 7 SLP - 2023","isPartOf":{"@id":"https:\/\/canal7slp.tv\/2023\/#website"},"primaryImageOfPage":{"@id":"https:\/\/canal7slp.tv\/2023\/reconocen-autoridades-aumento-de-robo-de-vehiculos-en-slp\/#primaryimage"},"image":{"@id":"https:\/\/canal7slp.tv\/2023\/reconocen-autoridades-aumento-de-robo-de-vehiculos-en-slp\/#primaryimage"},"thumbnailUrl":"https:\/\/canal7slp.tv\/2023\/wp-content\/uploads\/2023\/06\/Vazquez01RoboVehiculos.jpg","datePublished":"2023-06-04T17:59:04+00:00","breadcrumb":{"@id":"https:\/\/canal7slp.tv\/2023\/reconocen-autoridades-aumento-de-robo-de-vehiculos-en-slp\/#breadcrumb"},"inLanguage":"es","potentialAction":[{"@type":"ReadAction","target":["https:\/\/canal7slp.tv\/2023\/reconocen-autoridades-aumento-de-robo-de-vehiculos-en-slp\/"]}]},{"@type":"ImageObject","inLanguage":"es","@id":"https:\/\/canal7slp.tv\/2023\/reconocen-autoridades-aumento-de-robo-de-vehiculos-en-slp\/#primaryimage","url":"https:\/\/canal7slp.tv\/2023\/wp-content\/uploads\/2023\/06\/Vazquez01RoboVehiculos.jpg","contentUrl":"https:\/\/canal7slp.tv\/2023\/wp-content\/uploads\/2023\/06\/Vazquez01RoboVehiculos.jpg","width":1280,"height":720},{"@type":"BreadcrumbList","@id":"https:\/\/canal7slp.tv\/2023\/reconocen-autoridades-aumento-de-robo-de-vehiculos-en-slp\/#breadcrumb","itemListElement":[{"@type":"ListItem","position":1,"name":"Portada","item":"https:\/\/canal7slp.tv\/2023\/"},{"@type":"ListItem","position":2,"name":"Reconocen autoridades aumento de robo de veh\u00edculos en SLP"}]},{"@type":"WebSite","@id":"https:\/\/canal7slp.tv\/2023\/#website","url":"https:\/\/canal7slp.tv\/2023\/","name":"N7 - Noticieros Canal 7","description":"Somos Televisi\u00f3n","publisher":{"@id":"https:\/\/canal7slp.tv\/2023\/#organization"},"potentialAction":[{"@type":"SearchAction","target":{"@type":"EntryPoint","urlTemplate":"https:\/\/canal7slp.tv\/2023\/?s={search_term_string}"},"query-input":{"@type":"PropertyValueSpecification","valueRequired":true,"valueName":"search_term_string"}}],"inLanguage":"es"},{"@type":"Organization","@id":"https:\/\/canal7slp.tv\/2023\/#organization","name":"Noticieros Canal 7","url":"https:\/\/canal7slp.tv\/2023\/","logo":{"@type":"ImageObject","inLanguage":"es","@id":"https:\/\/canal7slp.tv\/2023\/#\/schema\/logo\/image\/","url":"https:\/\/canal7slp.tv\/2023\/wp-content\/uploads\/2021\/01\/logo-noticieros@2x.png","contentUrl":"https:\/\/canal7slp.tv\/2023\/wp-content\/uploads\/2021\/01\/logo-noticieros@2x.png","width":1017,"height":268,"caption":"Noticieros Canal 7"},"image":{"@id":"https:\/\/canal7slp.tv\/2023\/#\/schema\/logo\/image\/"},"sameAs":["https:\/\/www.facebook.com\/noticieroscanalsiete","https:\/\/x.com\/NOTICIEROS7","https:\/\/www.instagram.com\/canal7_slp","https:\/\/www.youtube.com\/channel\/UCliiYs-gP3JfJeqdPrNdd5A"]},{"@type":"Person","@id":"https:\/\/canal7slp.tv\/2023\/#\/schema\/person\/639c424e3584069003b11ae813915da6","name":"Edici\u00f3n Web","image":{"@type":"ImageObject","inLanguage":"es","@id":"https:\/\/secure.gravatar.com\/avatar\/eee448fc3f7164808013b816ba91ac7e43bbe82a70bebac296f8bc6f0addaa1a?s=96&d=mm&r=g","url":"https:\/\/secure.gravatar.com\/avatar\/eee448fc3f7164808013b816ba91ac7e43bbe82a70bebac296f8bc6f0addaa1a?s=96&d=mm&r=g","contentUrl":"https:\/\/secure.gravatar.com\/avatar\/eee448fc3f7164808013b816ba91ac7e43bbe82a70bebac296f8bc6f0addaa1a?s=96&d=mm&r=g","caption":"Edici\u00f3n Web"},"url":"https:\/\/canal7slp.tv\/2023\/author\/edicionweb\/"}]}},"_links":{"self":[{"href":"https:\/\/canal7slp.tv\/2023\/wp-json\/wp\/v2\/posts\/97325","targetHints":{"allow":["GET"]}}],"collection":[{"href":"https:\/\/canal7slp.tv\/2023\/wp-json\/wp\/v2\/posts"}],"about":[{"href":"https:\/\/canal7slp.tv\/2023\/wp-json\/wp\/v2\/types\/post"}],"author":[{"embeddable":true,"href":"https:\/\/canal7slp.tv\/2023\/wp-json\/wp\/v2\/users\/2"}],"replies":[{"embeddable":true,"href":"https:\/\/canal7slp.tv\/2023\/wp-json\/wp\/v2\/comments?post=97325"}],"version-history":[{"count":2,"href":"https:\/\/canal7slp.tv\/2023\/wp-json\/wp\/v2\/posts\/97325\/revisions"}],"predecessor-version":[{"id":97338,"href":"https:\/\/canal7slp.tv\/2023\/wp-json\/wp\/v2\/posts\/97325\/revisions\/97338"}],"wp:featuredmedia":[{"embeddable":true,"href":"https:\/\/canal7slp.tv\/2023\/wp-json\/wp\/v2\/media\/97337"}],"wp:attachment":[{"href":"https:\/\/canal7slp.tv\/2023\/wp-json\/wp\/v2\/media?parent=97325"}],"wp:term":[{"taxonomy":"category","embeddable":true,"href":"https:\/\/canal7slp.tv\/2023\/wp-json\/wp\/v2\/categories?post=97325"},{"taxonomy":"post_tag","embeddable":true,"href":"https:\/\/canal7slp.tv\/2023\/wp-json\/wp\/v2\/tags?post=97325"}],"curies":[{"name":"wp","href":"https:\/\/api.w.org\/{rel}","templated":true}]}}