{"id":97322,"date":"2023-06-03T17:38:20","date_gmt":"2023-06-03T23:38:20","guid":{"rendered":"https:\/\/canal7slp.tv\/2023\/?p=97322"},"modified":"2023-06-03T17:38:20","modified_gmt":"2023-06-03T23:38:20","slug":"rinde-protesta-jacqueline-alejandra-camacho-como-titular-del-inpojuve","status":"publish","type":"post","link":"https:\/\/canal7slp.tv\/2023\/rinde-protesta-jacqueline-alejandra-camacho-como-titular-del-inpojuve\/","title":{"rendered":"Rinde protesta Jacqueline Alejandra Camacho como titular del INPOJUVE"},"content":{"rendered":"<p style=\"text-align: justify;\">SLP.-\u00a0Con la asignaci\u00f3n de fortalecer acciones en favor de la juventud, la apertura de oportunidades y el impulso a un desarrollo integral, Jacqueline Alejandra Camacho Arriaga, rindi\u00f3 protesta ante la Junta de Gobierno, como titular del instituto Potosino de la Juventud (INPOJUVE).<\/p>\n<p style=\"text-align: justify;\">Bajo la nueva encomienda, Camacho Arriaga expres\u00f3 compromiso con la juventud y destac\u00f3 que dar\u00e1 seguimiento a los programas y proyectos que ofrece la instituci\u00f3n; como becas educativas, la \u00abTarjeta Joven\u00bb y el transporte p\u00fablico gratuito \u00abMi Pase\u00bb, con el respaldo de la Secretar\u00eda de Comunicaciones y Transportes (SCT).<\/p>\n<p style=\"text-align: justify;\">Dijo asimismo que en las cuatro regiones seguir\u00e1n llegando las campa\u00f1as \u201cj\u00f3venes n\u00f3madas\u201d.<\/p>\n","protected":false},"excerpt":{"rendered":"<p>SLP.-\u00a0Con la asignaci\u00f3n de fortalecer acciones en favor de la juventud, la apertura de oportunidades y el impulso a un desarrollo integral, Jacqueline Alejandra Camacho Arriaga, rindi\u00f3 protesta ante la Junta de Gobierno, como titular del instituto Potosino de la Juventud (INPOJUVE). Bajo la nueva encomienda, Camacho Arriaga expres\u00f3 compromiso con la juventud y destac\u00f3 que dar\u00e1 seguimiento a los programas y proyectos que ofrece la instituci\u00f3n; como becas educativas, la \u00abTarjeta Joven\u00bb y el transporte p\u00fablico gratuito \u00abMi Pase\u00bb, con el respaldo de la Secretar\u00eda de Comunicaciones y Transportes (SCT). Dijo asimismo que en las cuatro regiones seguir\u00e1n llegando [&hellip;]<\/p>\n","protected":false},"author":2,"featured_media":97323,"comment_status":"closed","ping_status":"closed","sticky":false,"template":"","format":"standard","meta":{"footnotes":""},"categories":[45],"tags":[],"class_list":["post-97322","post","type-post","status-publish","format-standard","has-post-thumbnail","hentry","category-localesyregionales","post--single"],"yoast_head":"<!-- This site is optimized with the Yoast SEO plugin v27.4 - https:\/\/yoast.com\/product\/yoast-seo-wordpress\/ -->\n<title>Rinde protesta Jacqueline Alejandra Camacho como titular del INPOJUVE - Canal 7 SLP - 2023<\/title>\n<meta name=\"robots\" content=\"index, follow, max-snippet:-1, max-image-preview:large, max-video-preview:-1\" \/>\n<link rel=\"canonical\" href=\"https:\/\/canal7slp.tv\/2023\/rinde-protesta-jacqueline-alejandra-camacho-como-titular-del-inpojuve\/\" \/>\n<meta property=\"og:locale\" content=\"es_ES\" \/>\n<meta property=\"og:type\" content=\"article\" \/>\n<meta property=\"og:title\" content=\"Rinde protesta Jacqueline Alejandra Camacho como titular del INPOJUVE - Canal 7 SLP - 2023\" \/>\n<meta property=\"og:description\" content=\"SLP.-\u00a0Con la asignaci\u00f3n de fortalecer acciones en favor de la juventud, la apertura de oportunidades y el impulso a un desarrollo integral, Jacqueline Alejandra Camacho Arriaga, rindi\u00f3 protesta ante la Junta de Gobierno, como titular del instituto Potosino de la Juventud (INPOJUVE). Bajo la nueva encomienda, Camacho Arriaga expres\u00f3 compromiso con la juventud y destac\u00f3 que dar\u00e1 seguimiento a los programas y proyectos que ofrece la instituci\u00f3n; como becas educativas, la \u00abTarjeta Joven\u00bb y el transporte p\u00fablico gratuito \u00abMi Pase\u00bb, con el respaldo de la Secretar\u00eda de Comunicaciones y Transportes (SCT). Dijo asimismo que en las cuatro regiones seguir\u00e1n llegando [&hellip;]\" \/>\n<meta property=\"og:url\" content=\"https:\/\/canal7slp.tv\/2023\/rinde-protesta-jacqueline-alejandra-camacho-como-titular-del-inpojuve\/\" \/>\n<meta property=\"og:site_name\" content=\"Canal 7 SLP - 2023\" \/>\n<meta property=\"article:publisher\" content=\"https:\/\/www.facebook.com\/noticieroscanalsiete\" \/>\n<meta property=\"article:published_time\" content=\"2023-06-03T23:38:20+00:00\" \/>\n<meta property=\"og:image\" content=\"https:\/\/canal7slp.tv\/2023\/wp-content\/uploads\/2023\/06\/protesta.jpg\" \/>\n\t<meta property=\"og:image:width\" content=\"1280\" \/>\n\t<meta property=\"og:image:height\" content=\"1048\" \/>\n\t<meta property=\"og:image:type\" content=\"image\/jpeg\" \/>\n<meta name=\"author\" content=\"Edici\u00f3n Web\" \/>\n<meta name=\"twitter:card\" content=\"summary_large_image\" \/>\n<meta name=\"twitter:creator\" content=\"@NOTICIEROS7\" \/>\n<meta name=\"twitter:site\" content=\"@NOTICIEROS7\" \/>\n<meta name=\"twitter:label1\" content=\"Escrito por\" \/>\n\t<meta name=\"twitter:data1\" content=\"Edici\u00f3n Web\" \/>\n\t<meta name=\"twitter:label2\" content=\"Tiempo de lectura\" \/>\n\t<meta name=\"twitter:data2\" content=\"1 minuto\" \/>\n<script type=\"application\/ld+json\" class=\"yoast-schema-graph\">{\"@context\":\"https:\\\/\\\/schema.org\",\"@graph\":[{\"@type\":\"Article\",\"@id\":\"https:\\\/\\\/canal7slp.tv\\\/2023\\\/rinde-protesta-jacqueline-alejandra-camacho-como-titular-del-inpojuve\\\/#article\",\"isPartOf\":{\"@id\":\"https:\\\/\\\/canal7slp.tv\\\/2023\\\/rinde-protesta-jacqueline-alejandra-camacho-como-titular-del-inpojuve\\\/\"},\"author\":{\"name\":\"Edici\u00f3n Web\",\"@id\":\"https:\\\/\\\/canal7slp.tv\\\/2023\\\/#\\\/schema\\\/person\\\/639c424e3584069003b11ae813915da6\"},\"headline\":\"Rinde protesta Jacqueline Alejandra Camacho como titular del INPOJUVE\",\"datePublished\":\"2023-06-03T23:38:20+00:00\",\"mainEntityOfPage\":{\"@id\":\"https:\\\/\\\/canal7slp.tv\\\/2023\\\/rinde-protesta-jacqueline-alejandra-camacho-como-titular-del-inpojuve\\\/\"},\"wordCount\":123,\"publisher\":{\"@id\":\"https:\\\/\\\/canal7slp.tv\\\/2023\\\/#organization\"},\"image\":{\"@id\":\"https:\\\/\\\/canal7slp.tv\\\/2023\\\/rinde-protesta-jacqueline-alejandra-camacho-como-titular-del-inpojuve\\\/#primaryimage\"},\"thumbnailUrl\":\"https:\\\/\\\/canal7slp.tv\\\/2023\\\/wp-content\\\/uploads\\\/2023\\\/06\\\/protesta.jpg\",\"articleSection\":[\"LOCALES Y REGIONALES\"],\"inLanguage\":\"es\"},{\"@type\":\"WebPage\",\"@id\":\"https:\\\/\\\/canal7slp.tv\\\/2023\\\/rinde-protesta-jacqueline-alejandra-camacho-como-titular-del-inpojuve\\\/\",\"url\":\"https:\\\/\\\/canal7slp.tv\\\/2023\\\/rinde-protesta-jacqueline-alejandra-camacho-como-titular-del-inpojuve\\\/\",\"name\":\"Rinde protesta Jacqueline Alejandra Camacho como titular del INPOJUVE - Canal 7 SLP - 2023\",\"isPartOf\":{\"@id\":\"https:\\\/\\\/canal7slp.tv\\\/2023\\\/#website\"},\"primaryImageOfPage\":{\"@id\":\"https:\\\/\\\/canal7slp.tv\\\/2023\\\/rinde-protesta-jacqueline-alejandra-camacho-como-titular-del-inpojuve\\\/#primaryimage\"},\"image\":{\"@id\":\"https:\\\/\\\/canal7slp.tv\\\/2023\\\/rinde-protesta-jacqueline-alejandra-camacho-como-titular-del-inpojuve\\\/#primaryimage\"},\"thumbnailUrl\":\"https:\\\/\\\/canal7slp.tv\\\/2023\\\/wp-content\\\/uploads\\\/2023\\\/06\\\/protesta.jpg\",\"datePublished\":\"2023-06-03T23:38:20+00:00\",\"breadcrumb\":{\"@id\":\"https:\\\/\\\/canal7slp.tv\\\/2023\\\/rinde-protesta-jacqueline-alejandra-camacho-como-titular-del-inpojuve\\\/#breadcrumb\"},\"inLanguage\":\"es\",\"potentialAction\":[{\"@type\":\"ReadAction\",\"target\":[\"https:\\\/\\\/canal7slp.tv\\\/2023\\\/rinde-protesta-jacqueline-alejandra-camacho-como-titular-del-inpojuve\\\/\"]}]},{\"@type\":\"ImageObject\",\"inLanguage\":\"es\",\"@id\":\"https:\\\/\\\/canal7slp.tv\\\/2023\\\/rinde-protesta-jacqueline-alejandra-camacho-como-titular-del-inpojuve\\\/#primaryimage\",\"url\":\"https:\\\/\\\/canal7slp.tv\\\/2023\\\/wp-content\\\/uploads\\\/2023\\\/06\\\/protesta.jpg\",\"contentUrl\":\"https:\\\/\\\/canal7slp.tv\\\/2023\\\/wp-content\\\/uploads\\\/2023\\\/06\\\/protesta.jpg\",\"width\":1280,\"height\":1048},{\"@type\":\"BreadcrumbList\",\"@id\":\"https:\\\/\\\/canal7slp.tv\\\/2023\\\/rinde-protesta-jacqueline-alejandra-camacho-como-titular-del-inpojuve\\\/#breadcrumb\",\"itemListElement\":[{\"@type\":\"ListItem\",\"position\":1,\"name\":\"Portada\",\"item\":\"https:\\\/\\\/canal7slp.tv\\\/2023\\\/\"},{\"@type\":\"ListItem\",\"position\":2,\"name\":\"Rinde protesta Jacqueline Alejandra Camacho como titular del INPOJUVE\"}]},{\"@type\":\"WebSite\",\"@id\":\"https:\\\/\\\/canal7slp.tv\\\/2023\\\/#website\",\"url\":\"https:\\\/\\\/canal7slp.tv\\\/2023\\\/\",\"name\":\"N7 - Noticieros Canal 7\",\"description\":\"Somos Televisi\u00f3n\",\"publisher\":{\"@id\":\"https:\\\/\\\/canal7slp.tv\\\/2023\\\/#organization\"},\"potentialAction\":[{\"@type\":\"SearchAction\",\"target\":{\"@type\":\"EntryPoint\",\"urlTemplate\":\"https:\\\/\\\/canal7slp.tv\\\/2023\\\/?s={search_term_string}\"},\"query-input\":{\"@type\":\"PropertyValueSpecification\",\"valueRequired\":true,\"valueName\":\"search_term_string\"}}],\"inLanguage\":\"es\"},{\"@type\":\"Organization\",\"@id\":\"https:\\\/\\\/canal7slp.tv\\\/2023\\\/#organization\",\"name\":\"Noticieros Canal 7\",\"url\":\"https:\\\/\\\/canal7slp.tv\\\/2023\\\/\",\"logo\":{\"@type\":\"ImageObject\",\"inLanguage\":\"es\",\"@id\":\"https:\\\/\\\/canal7slp.tv\\\/2023\\\/#\\\/schema\\\/logo\\\/image\\\/\",\"url\":\"https:\\\/\\\/canal7slp.tv\\\/2023\\\/wp-content\\\/uploads\\\/2021\\\/01\\\/logo-noticieros@2x.png\",\"contentUrl\":\"https:\\\/\\\/canal7slp.tv\\\/2023\\\/wp-content\\\/uploads\\\/2021\\\/01\\\/logo-noticieros@2x.png\",\"width\":1017,\"height\":268,\"caption\":\"Noticieros Canal 7\"},\"image\":{\"@id\":\"https:\\\/\\\/canal7slp.tv\\\/2023\\\/#\\\/schema\\\/logo\\\/image\\\/\"},\"sameAs\":[\"https:\\\/\\\/www.facebook.com\\\/noticieroscanalsiete\",\"https:\\\/\\\/x.com\\\/NOTICIEROS7\",\"https:\\\/\\\/www.instagram.com\\\/canal7_slp\",\"https:\\\/\\\/www.youtube.com\\\/channel\\\/UCliiYs-gP3JfJeqdPrNdd5A\"]},{\"@type\":\"Person\",\"@id\":\"https:\\\/\\\/canal7slp.tv\\\/2023\\\/#\\\/schema\\\/person\\\/639c424e3584069003b11ae813915da6\",\"name\":\"Edici\u00f3n Web\",\"image\":{\"@type\":\"ImageObject\",\"inLanguage\":\"es\",\"@id\":\"https:\\\/\\\/secure.gravatar.com\\\/avatar\\\/eee448fc3f7164808013b816ba91ac7e43bbe82a70bebac296f8bc6f0addaa1a?s=96&d=mm&r=g\",\"url\":\"https:\\\/\\\/secure.gravatar.com\\\/avatar\\\/eee448fc3f7164808013b816ba91ac7e43bbe82a70bebac296f8bc6f0addaa1a?s=96&d=mm&r=g\",\"contentUrl\":\"https:\\\/\\\/secure.gravatar.com\\\/avatar\\\/eee448fc3f7164808013b816ba91ac7e43bbe82a70bebac296f8bc6f0addaa1a?s=96&d=mm&r=g\",\"caption\":\"Edici\u00f3n Web\"},\"url\":\"https:\\\/\\\/canal7slp.tv\\\/2023\\\/author\\\/edicionweb\\\/\"}]}<\/script>\n<!-- \/ Yoast SEO plugin. -->","yoast_head_json":{"title":"Rinde protesta Jacqueline Alejandra Camacho como titular del INPOJUVE - Canal 7 SLP - 2023","robots":{"index":"index","follow":"follow","max-snippet":"max-snippet:-1","max-image-preview":"max-image-preview:large","max-video-preview":"max-video-preview:-1"},"canonical":"https:\/\/canal7slp.tv\/2023\/rinde-protesta-jacqueline-alejandra-camacho-como-titular-del-inpojuve\/","og_locale":"es_ES","og_type":"article","og_title":"Rinde protesta Jacqueline Alejandra Camacho como titular del INPOJUVE - Canal 7 SLP - 2023","og_description":"SLP.-\u00a0Con la asignaci\u00f3n de fortalecer acciones en favor de la juventud, la apertura de oportunidades y el impulso a un desarrollo integral, Jacqueline Alejandra Camacho Arriaga, rindi\u00f3 protesta ante la Junta de Gobierno, como titular del instituto Potosino de la Juventud (INPOJUVE). Bajo la nueva encomienda, Camacho Arriaga expres\u00f3 compromiso con la juventud y destac\u00f3 que dar\u00e1 seguimiento a los programas y proyectos que ofrece la instituci\u00f3n; como becas educativas, la \u00abTarjeta Joven\u00bb y el transporte p\u00fablico gratuito \u00abMi Pase\u00bb, con el respaldo de la Secretar\u00eda de Comunicaciones y Transportes (SCT). Dijo asimismo que en las cuatro regiones seguir\u00e1n llegando [&hellip;]","og_url":"https:\/\/canal7slp.tv\/2023\/rinde-protesta-jacqueline-alejandra-camacho-como-titular-del-inpojuve\/","og_site_name":"Canal 7 SLP - 2023","article_publisher":"https:\/\/www.facebook.com\/noticieroscanalsiete","article_published_time":"2023-06-03T23:38:20+00:00","og_image":[{"width":1280,"height":1048,"url":"https:\/\/canal7slp.tv\/2023\/wp-content\/uploads\/2023\/06\/protesta.jpg","type":"image\/jpeg"}],"author":"Edici\u00f3n Web","twitter_card":"summary_large_image","twitter_creator":"@NOTICIEROS7","twitter_site":"@NOTICIEROS7","twitter_misc":{"Escrito por":"Edici\u00f3n Web","Tiempo de lectura":"1 minuto"},"schema":{"@context":"https:\/\/schema.org","@graph":[{"@type":"Article","@id":"https:\/\/canal7slp.tv\/2023\/rinde-protesta-jacqueline-alejandra-camacho-como-titular-del-inpojuve\/#article","isPartOf":{"@id":"https:\/\/canal7slp.tv\/2023\/rinde-protesta-jacqueline-alejandra-camacho-como-titular-del-inpojuve\/"},"author":{"name":"Edici\u00f3n Web","@id":"https:\/\/canal7slp.tv\/2023\/#\/schema\/person\/639c424e3584069003b11ae813915da6"},"headline":"Rinde protesta Jacqueline Alejandra Camacho como titular del INPOJUVE","datePublished":"2023-06-03T23:38:20+00:00","mainEntityOfPage":{"@id":"https:\/\/canal7slp.tv\/2023\/rinde-protesta-jacqueline-alejandra-camacho-como-titular-del-inpojuve\/"},"wordCount":123,"publisher":{"@id":"https:\/\/canal7slp.tv\/2023\/#organization"},"image":{"@id":"https:\/\/canal7slp.tv\/2023\/rinde-protesta-jacqueline-alejandra-camacho-como-titular-del-inpojuve\/#primaryimage"},"thumbnailUrl":"https:\/\/canal7slp.tv\/2023\/wp-content\/uploads\/2023\/06\/protesta.jpg","articleSection":["LOCALES Y REGIONALES"],"inLanguage":"es"},{"@type":"WebPage","@id":"https:\/\/canal7slp.tv\/2023\/rinde-protesta-jacqueline-alejandra-camacho-como-titular-del-inpojuve\/","url":"https:\/\/canal7slp.tv\/2023\/rinde-protesta-jacqueline-alejandra-camacho-como-titular-del-inpojuve\/","name":"Rinde protesta Jacqueline Alejandra Camacho como titular del INPOJUVE - Canal 7 SLP - 2023","isPartOf":{"@id":"https:\/\/canal7slp.tv\/2023\/#website"},"primaryImageOfPage":{"@id":"https:\/\/canal7slp.tv\/2023\/rinde-protesta-jacqueline-alejandra-camacho-como-titular-del-inpojuve\/#primaryimage"},"image":{"@id":"https:\/\/canal7slp.tv\/2023\/rinde-protesta-jacqueline-alejandra-camacho-como-titular-del-inpojuve\/#primaryimage"},"thumbnailUrl":"https:\/\/canal7slp.tv\/2023\/wp-content\/uploads\/2023\/06\/protesta.jpg","datePublished":"2023-06-03T23:38:20+00:00","breadcrumb":{"@id":"https:\/\/canal7slp.tv\/2023\/rinde-protesta-jacqueline-alejandra-camacho-como-titular-del-inpojuve\/#breadcrumb"},"inLanguage":"es","potentialAction":[{"@type":"ReadAction","target":["https:\/\/canal7slp.tv\/2023\/rinde-protesta-jacqueline-alejandra-camacho-como-titular-del-inpojuve\/"]}]},{"@type":"ImageObject","inLanguage":"es","@id":"https:\/\/canal7slp.tv\/2023\/rinde-protesta-jacqueline-alejandra-camacho-como-titular-del-inpojuve\/#primaryimage","url":"https:\/\/canal7slp.tv\/2023\/wp-content\/uploads\/2023\/06\/protesta.jpg","contentUrl":"https:\/\/canal7slp.tv\/2023\/wp-content\/uploads\/2023\/06\/protesta.jpg","width":1280,"height":1048},{"@type":"BreadcrumbList","@id":"https:\/\/canal7slp.tv\/2023\/rinde-protesta-jacqueline-alejandra-camacho-como-titular-del-inpojuve\/#breadcrumb","itemListElement":[{"@type":"ListItem","position":1,"name":"Portada","item":"https:\/\/canal7slp.tv\/2023\/"},{"@type":"ListItem","position":2,"name":"Rinde protesta Jacqueline Alejandra Camacho como titular del INPOJUVE"}]},{"@type":"WebSite","@id":"https:\/\/canal7slp.tv\/2023\/#website","url":"https:\/\/canal7slp.tv\/2023\/","name":"N7 - Noticieros Canal 7","description":"Somos Televisi\u00f3n","publisher":{"@id":"https:\/\/canal7slp.tv\/2023\/#organization"},"potentialAction":[{"@type":"SearchAction","target":{"@type":"EntryPoint","urlTemplate":"https:\/\/canal7slp.tv\/2023\/?s={search_term_string}"},"query-input":{"@type":"PropertyValueSpecification","valueRequired":true,"valueName":"search_term_string"}}],"inLanguage":"es"},{"@type":"Organization","@id":"https:\/\/canal7slp.tv\/2023\/#organization","name":"Noticieros Canal 7","url":"https:\/\/canal7slp.tv\/2023\/","logo":{"@type":"ImageObject","inLanguage":"es","@id":"https:\/\/canal7slp.tv\/2023\/#\/schema\/logo\/image\/","url":"https:\/\/canal7slp.tv\/2023\/wp-content\/uploads\/2021\/01\/logo-noticieros@2x.png","contentUrl":"https:\/\/canal7slp.tv\/2023\/wp-content\/uploads\/2021\/01\/logo-noticieros@2x.png","width":1017,"height":268,"caption":"Noticieros Canal 7"},"image":{"@id":"https:\/\/canal7slp.tv\/2023\/#\/schema\/logo\/image\/"},"sameAs":["https:\/\/www.facebook.com\/noticieroscanalsiete","https:\/\/x.com\/NOTICIEROS7","https:\/\/www.instagram.com\/canal7_slp","https:\/\/www.youtube.com\/channel\/UCliiYs-gP3JfJeqdPrNdd5A"]},{"@type":"Person","@id":"https:\/\/canal7slp.tv\/2023\/#\/schema\/person\/639c424e3584069003b11ae813915da6","name":"Edici\u00f3n Web","image":{"@type":"ImageObject","inLanguage":"es","@id":"https:\/\/secure.gravatar.com\/avatar\/eee448fc3f7164808013b816ba91ac7e43bbe82a70bebac296f8bc6f0addaa1a?s=96&d=mm&r=g","url":"https:\/\/secure.gravatar.com\/avatar\/eee448fc3f7164808013b816ba91ac7e43bbe82a70bebac296f8bc6f0addaa1a?s=96&d=mm&r=g","contentUrl":"https:\/\/secure.gravatar.com\/avatar\/eee448fc3f7164808013b816ba91ac7e43bbe82a70bebac296f8bc6f0addaa1a?s=96&d=mm&r=g","caption":"Edici\u00f3n Web"},"url":"https:\/\/canal7slp.tv\/2023\/author\/edicionweb\/"}]}},"_links":{"self":[{"href":"https:\/\/canal7slp.tv\/2023\/wp-json\/wp\/v2\/posts\/97322","targetHints":{"allow":["GET"]}}],"collection":[{"href":"https:\/\/canal7slp.tv\/2023\/wp-json\/wp\/v2\/posts"}],"about":[{"href":"https:\/\/canal7slp.tv\/2023\/wp-json\/wp\/v2\/types\/post"}],"author":[{"embeddable":true,"href":"https:\/\/canal7slp.tv\/2023\/wp-json\/wp\/v2\/users\/2"}],"replies":[{"embeddable":true,"href":"https:\/\/canal7slp.tv\/2023\/wp-json\/wp\/v2\/comments?post=97322"}],"version-history":[{"count":1,"href":"https:\/\/canal7slp.tv\/2023\/wp-json\/wp\/v2\/posts\/97322\/revisions"}],"predecessor-version":[{"id":97324,"href":"https:\/\/canal7slp.tv\/2023\/wp-json\/wp\/v2\/posts\/97322\/revisions\/97324"}],"wp:featuredmedia":[{"embeddable":true,"href":"https:\/\/canal7slp.tv\/2023\/wp-json\/wp\/v2\/media\/97323"}],"wp:attachment":[{"href":"https:\/\/canal7slp.tv\/2023\/wp-json\/wp\/v2\/media?parent=97322"}],"wp:term":[{"taxonomy":"category","embeddable":true,"href":"https:\/\/canal7slp.tv\/2023\/wp-json\/wp\/v2\/categories?post=97322"},{"taxonomy":"post_tag","embeddable":true,"href":"https:\/\/canal7slp.tv\/2023\/wp-json\/wp\/v2\/tags?post=97322"}],"curies":[{"name":"wp","href":"https:\/\/api.w.org\/{rel}","templated":true}]}}