{"id":96916,"date":"2023-05-30T10:23:19","date_gmt":"2023-05-30T16:23:19","guid":{"rendered":"https:\/\/canal7slp.tv\/2023\/?p=96916"},"modified":"2023-05-30T10:23:19","modified_gmt":"2023-05-30T16:23:19","slug":"con-proyeccion-de-que-se-apliquen-mas-recursos-habitantes-de-villa-de-pozos-se-pronuncian-en-favor-de-su-municipalizacion","status":"publish","type":"post","link":"https:\/\/canal7slp.tv\/2023\/con-proyeccion-de-que-se-apliquen-mas-recursos-habitantes-de-villa-de-pozos-se-pronuncian-en-favor-de-su-municipalizacion\/","title":{"rendered":"Con proyecci\u00f3n de que se apliquen m\u00e1s recursos, habitantes de Villa de Pozos se pronuncian en favor de su municipalizaci\u00f3n"},"content":{"rendered":"<p style=\"text-align: justify;\">SLP.-\u00a0Por la expectativa de mayor inversi\u00f3n, puesta en marcha de obras de alto impacto y fortalecimiento de rubros esenciales como seguridad, habitantes de la delegaci\u00f3n Villa de Pozos se pronunciaron a favor de que se complete el proceso para ser el municipio 59 del estado potosino.<\/p>\n<p style=\"text-align: justify;\">Uno de los motivos ser\u00eda la necesidad de rehabilitaci\u00f3n de calles.<\/p>\n<p style=\"text-align: justify;\">Como municipio -afirman- habr\u00eda m\u00e1s fondos para fortalecer la infraestructura.<\/p>\n<p style=\"text-align: justify;\">Dado que hubo quienes consideraron que no se ha brindado buen servicio en la Delegaci\u00f3n.<\/p>\n<p style=\"text-align: justify;\">Otros admitieron que s\u00ed se han realizado obras, pero se pronunciaron porque no quede de lado el proceso para que Villa de Pozos sea municipio.<\/p>\n<p style=\"text-align: justify;\">Para la poblaci\u00f3n, la conectividad se fortalecer\u00eda al dar ese paso.<\/p>\n<p style=\"text-align: justify;\">Asimismo, entre las personas entrevistadas fue se\u00f1alado que los recursos que emanan de la Delegaci\u00f3n no se aplican por completo en la zona.<\/p>\n<p>Por: Paulina Rodr\u00edguez<\/p>\n","protected":false},"excerpt":{"rendered":"<p>SLP.-\u00a0Por la expectativa de mayor inversi\u00f3n, puesta en marcha de obras de alto impacto y fortalecimiento de rubros esenciales como seguridad, habitantes de la delegaci\u00f3n Villa de Pozos se pronunciaron a favor de que se complete el proceso para ser el municipio 59 del estado potosino. Uno de los motivos ser\u00eda la necesidad de rehabilitaci\u00f3n de calles. Como municipio -afirman- habr\u00eda m\u00e1s fondos para fortalecer la infraestructura. Dado que hubo quienes consideraron que no se ha brindado buen servicio en la Delegaci\u00f3n. Otros admitieron que s\u00ed se han realizado obras, pero se pronunciaron porque no quede de lado el proceso [&hellip;]<\/p>\n","protected":false},"author":2,"featured_media":96923,"comment_status":"closed","ping_status":"closed","sticky":false,"template":"","format":"video","meta":{"footnotes":""},"categories":[5,45],"tags":[],"class_list":["post-96916","post","type-post","status-publish","format-video","has-post-thumbnail","hentry","category-destacadas","category-localesyregionales","post_format-post-format-video","post--single"],"yoast_head":"<!-- This site is optimized with the Yoast SEO plugin v27.4 - https:\/\/yoast.com\/product\/yoast-seo-wordpress\/ -->\n<title>Con proyecci\u00f3n de que se apliquen m\u00e1s recursos, habitantes de Villa de Pozos se pronuncian en favor de su municipalizaci\u00f3n - Canal 7 SLP - 2023<\/title>\n<meta name=\"robots\" content=\"index, follow, max-snippet:-1, max-image-preview:large, max-video-preview:-1\" \/>\n<link rel=\"canonical\" href=\"https:\/\/canal7slp.tv\/2023\/con-proyeccion-de-que-se-apliquen-mas-recursos-habitantes-de-villa-de-pozos-se-pronuncian-en-favor-de-su-municipalizacion\/\" \/>\n<meta property=\"og:locale\" content=\"es_ES\" \/>\n<meta property=\"og:type\" content=\"article\" \/>\n<meta property=\"og:title\" content=\"Con proyecci\u00f3n de que se apliquen m\u00e1s recursos, habitantes de Villa de Pozos se pronuncian en favor de su municipalizaci\u00f3n - Canal 7 SLP - 2023\" \/>\n<meta property=\"og:description\" content=\"SLP.-\u00a0Por la expectativa de mayor inversi\u00f3n, puesta en marcha de obras de alto impacto y fortalecimiento de rubros esenciales como seguridad, habitantes de la delegaci\u00f3n Villa de Pozos se pronunciaron a favor de que se complete el proceso para ser el municipio 59 del estado potosino. Uno de los motivos ser\u00eda la necesidad de rehabilitaci\u00f3n de calles. Como municipio -afirman- habr\u00eda m\u00e1s fondos para fortalecer la infraestructura. Dado que hubo quienes consideraron que no se ha brindado buen servicio en la Delegaci\u00f3n. Otros admitieron que s\u00ed se han realizado obras, pero se pronunciaron porque no quede de lado el proceso [&hellip;]\" \/>\n<meta property=\"og:url\" content=\"https:\/\/canal7slp.tv\/2023\/con-proyeccion-de-que-se-apliquen-mas-recursos-habitantes-de-villa-de-pozos-se-pronuncian-en-favor-de-su-municipalizacion\/\" \/>\n<meta property=\"og:site_name\" content=\"Canal 7 SLP - 2023\" \/>\n<meta property=\"article:publisher\" content=\"https:\/\/www.facebook.com\/noticieroscanalsiete\" \/>\n<meta property=\"article:published_time\" content=\"2023-05-30T16:23:19+00:00\" \/>\n<meta property=\"og:image\" content=\"https:\/\/canal7slp.tv\/2023\/wp-content\/uploads\/2023\/05\/Pau02Habitantes.jpg\" \/>\n\t<meta property=\"og:image:width\" content=\"1280\" \/>\n\t<meta property=\"og:image:height\" content=\"720\" \/>\n\t<meta property=\"og:image:type\" content=\"image\/jpeg\" \/>\n<meta name=\"author\" content=\"Edici\u00f3n Web\" \/>\n<meta name=\"twitter:card\" content=\"summary_large_image\" \/>\n<meta name=\"twitter:creator\" content=\"@NOTICIEROS7\" \/>\n<meta name=\"twitter:site\" content=\"@NOTICIEROS7\" \/>\n<meta name=\"twitter:label1\" content=\"Escrito por\" \/>\n\t<meta name=\"twitter:data1\" content=\"Edici\u00f3n Web\" \/>\n\t<meta name=\"twitter:label2\" content=\"Tiempo de lectura\" \/>\n\t<meta name=\"twitter:data2\" content=\"1 minuto\" \/>\n<script type=\"application\/ld+json\" class=\"yoast-schema-graph\">{\"@context\":\"https:\\\/\\\/schema.org\",\"@graph\":[{\"@type\":\"Article\",\"@id\":\"https:\\\/\\\/canal7slp.tv\\\/2023\\\/con-proyeccion-de-que-se-apliquen-mas-recursos-habitantes-de-villa-de-pozos-se-pronuncian-en-favor-de-su-municipalizacion\\\/#article\",\"isPartOf\":{\"@id\":\"https:\\\/\\\/canal7slp.tv\\\/2023\\\/con-proyeccion-de-que-se-apliquen-mas-recursos-habitantes-de-villa-de-pozos-se-pronuncian-en-favor-de-su-municipalizacion\\\/\"},\"author\":{\"name\":\"Edici\u00f3n Web\",\"@id\":\"https:\\\/\\\/canal7slp.tv\\\/2023\\\/#\\\/schema\\\/person\\\/639c424e3584069003b11ae813915da6\"},\"headline\":\"Con proyecci\u00f3n de que se apliquen m\u00e1s recursos, habitantes de Villa de Pozos se pronuncian en favor de su municipalizaci\u00f3n\",\"datePublished\":\"2023-05-30T16:23:19+00:00\",\"mainEntityOfPage\":{\"@id\":\"https:\\\/\\\/canal7slp.tv\\\/2023\\\/con-proyeccion-de-que-se-apliquen-mas-recursos-habitantes-de-villa-de-pozos-se-pronuncian-en-favor-de-su-municipalizacion\\\/\"},\"wordCount\":180,\"publisher\":{\"@id\":\"https:\\\/\\\/canal7slp.tv\\\/2023\\\/#organization\"},\"image\":{\"@id\":\"https:\\\/\\\/canal7slp.tv\\\/2023\\\/con-proyeccion-de-que-se-apliquen-mas-recursos-habitantes-de-villa-de-pozos-se-pronuncian-en-favor-de-su-municipalizacion\\\/#primaryimage\"},\"thumbnailUrl\":\"https:\\\/\\\/canal7slp.tv\\\/2023\\\/wp-content\\\/uploads\\\/2023\\\/05\\\/Pau02Habitantes.jpg\",\"articleSection\":[\"DESTACADAS\",\"LOCALES Y REGIONALES\"],\"inLanguage\":\"es\"},{\"@type\":\"WebPage\",\"@id\":\"https:\\\/\\\/canal7slp.tv\\\/2023\\\/con-proyeccion-de-que-se-apliquen-mas-recursos-habitantes-de-villa-de-pozos-se-pronuncian-en-favor-de-su-municipalizacion\\\/\",\"url\":\"https:\\\/\\\/canal7slp.tv\\\/2023\\\/con-proyeccion-de-que-se-apliquen-mas-recursos-habitantes-de-villa-de-pozos-se-pronuncian-en-favor-de-su-municipalizacion\\\/\",\"name\":\"Con proyecci\u00f3n de que se apliquen m\u00e1s recursos, habitantes de Villa de Pozos se pronuncian en favor de su municipalizaci\u00f3n - Canal 7 SLP - 2023\",\"isPartOf\":{\"@id\":\"https:\\\/\\\/canal7slp.tv\\\/2023\\\/#website\"},\"primaryImageOfPage\":{\"@id\":\"https:\\\/\\\/canal7slp.tv\\\/2023\\\/con-proyeccion-de-que-se-apliquen-mas-recursos-habitantes-de-villa-de-pozos-se-pronuncian-en-favor-de-su-municipalizacion\\\/#primaryimage\"},\"image\":{\"@id\":\"https:\\\/\\\/canal7slp.tv\\\/2023\\\/con-proyeccion-de-que-se-apliquen-mas-recursos-habitantes-de-villa-de-pozos-se-pronuncian-en-favor-de-su-municipalizacion\\\/#primaryimage\"},\"thumbnailUrl\":\"https:\\\/\\\/canal7slp.tv\\\/2023\\\/wp-content\\\/uploads\\\/2023\\\/05\\\/Pau02Habitantes.jpg\",\"datePublished\":\"2023-05-30T16:23:19+00:00\",\"breadcrumb\":{\"@id\":\"https:\\\/\\\/canal7slp.tv\\\/2023\\\/con-proyeccion-de-que-se-apliquen-mas-recursos-habitantes-de-villa-de-pozos-se-pronuncian-en-favor-de-su-municipalizacion\\\/#breadcrumb\"},\"inLanguage\":\"es\",\"potentialAction\":[{\"@type\":\"ReadAction\",\"target\":[\"https:\\\/\\\/canal7slp.tv\\\/2023\\\/con-proyeccion-de-que-se-apliquen-mas-recursos-habitantes-de-villa-de-pozos-se-pronuncian-en-favor-de-su-municipalizacion\\\/\"]}]},{\"@type\":\"ImageObject\",\"inLanguage\":\"es\",\"@id\":\"https:\\\/\\\/canal7slp.tv\\\/2023\\\/con-proyeccion-de-que-se-apliquen-mas-recursos-habitantes-de-villa-de-pozos-se-pronuncian-en-favor-de-su-municipalizacion\\\/#primaryimage\",\"url\":\"https:\\\/\\\/canal7slp.tv\\\/2023\\\/wp-content\\\/uploads\\\/2023\\\/05\\\/Pau02Habitantes.jpg\",\"contentUrl\":\"https:\\\/\\\/canal7slp.tv\\\/2023\\\/wp-content\\\/uploads\\\/2023\\\/05\\\/Pau02Habitantes.jpg\",\"width\":1280,\"height\":720},{\"@type\":\"BreadcrumbList\",\"@id\":\"https:\\\/\\\/canal7slp.tv\\\/2023\\\/con-proyeccion-de-que-se-apliquen-mas-recursos-habitantes-de-villa-de-pozos-se-pronuncian-en-favor-de-su-municipalizacion\\\/#breadcrumb\",\"itemListElement\":[{\"@type\":\"ListItem\",\"position\":1,\"name\":\"Portada\",\"item\":\"https:\\\/\\\/canal7slp.tv\\\/2023\\\/\"},{\"@type\":\"ListItem\",\"position\":2,\"name\":\"Con proyecci\u00f3n de que se apliquen m\u00e1s recursos, habitantes de Villa de Pozos se pronuncian en favor de su municipalizaci\u00f3n\"}]},{\"@type\":\"WebSite\",\"@id\":\"https:\\\/\\\/canal7slp.tv\\\/2023\\\/#website\",\"url\":\"https:\\\/\\\/canal7slp.tv\\\/2023\\\/\",\"name\":\"N7 - Noticieros Canal 7\",\"description\":\"Somos Televisi\u00f3n\",\"publisher\":{\"@id\":\"https:\\\/\\\/canal7slp.tv\\\/2023\\\/#organization\"},\"potentialAction\":[{\"@type\":\"SearchAction\",\"target\":{\"@type\":\"EntryPoint\",\"urlTemplate\":\"https:\\\/\\\/canal7slp.tv\\\/2023\\\/?s={search_term_string}\"},\"query-input\":{\"@type\":\"PropertyValueSpecification\",\"valueRequired\":true,\"valueName\":\"search_term_string\"}}],\"inLanguage\":\"es\"},{\"@type\":\"Organization\",\"@id\":\"https:\\\/\\\/canal7slp.tv\\\/2023\\\/#organization\",\"name\":\"Noticieros Canal 7\",\"url\":\"https:\\\/\\\/canal7slp.tv\\\/2023\\\/\",\"logo\":{\"@type\":\"ImageObject\",\"inLanguage\":\"es\",\"@id\":\"https:\\\/\\\/canal7slp.tv\\\/2023\\\/#\\\/schema\\\/logo\\\/image\\\/\",\"url\":\"https:\\\/\\\/canal7slp.tv\\\/2023\\\/wp-content\\\/uploads\\\/2021\\\/01\\\/logo-noticieros@2x.png\",\"contentUrl\":\"https:\\\/\\\/canal7slp.tv\\\/2023\\\/wp-content\\\/uploads\\\/2021\\\/01\\\/logo-noticieros@2x.png\",\"width\":1017,\"height\":268,\"caption\":\"Noticieros Canal 7\"},\"image\":{\"@id\":\"https:\\\/\\\/canal7slp.tv\\\/2023\\\/#\\\/schema\\\/logo\\\/image\\\/\"},\"sameAs\":[\"https:\\\/\\\/www.facebook.com\\\/noticieroscanalsiete\",\"https:\\\/\\\/x.com\\\/NOTICIEROS7\",\"https:\\\/\\\/www.instagram.com\\\/canal7_slp\",\"https:\\\/\\\/www.youtube.com\\\/channel\\\/UCliiYs-gP3JfJeqdPrNdd5A\"]},{\"@type\":\"Person\",\"@id\":\"https:\\\/\\\/canal7slp.tv\\\/2023\\\/#\\\/schema\\\/person\\\/639c424e3584069003b11ae813915da6\",\"name\":\"Edici\u00f3n Web\",\"image\":{\"@type\":\"ImageObject\",\"inLanguage\":\"es\",\"@id\":\"https:\\\/\\\/secure.gravatar.com\\\/avatar\\\/eee448fc3f7164808013b816ba91ac7e43bbe82a70bebac296f8bc6f0addaa1a?s=96&d=mm&r=g\",\"url\":\"https:\\\/\\\/secure.gravatar.com\\\/avatar\\\/eee448fc3f7164808013b816ba91ac7e43bbe82a70bebac296f8bc6f0addaa1a?s=96&d=mm&r=g\",\"contentUrl\":\"https:\\\/\\\/secure.gravatar.com\\\/avatar\\\/eee448fc3f7164808013b816ba91ac7e43bbe82a70bebac296f8bc6f0addaa1a?s=96&d=mm&r=g\",\"caption\":\"Edici\u00f3n Web\"},\"url\":\"https:\\\/\\\/canal7slp.tv\\\/2023\\\/author\\\/edicionweb\\\/\"}]}<\/script>\n<!-- \/ Yoast SEO plugin. -->","yoast_head_json":{"title":"Con proyecci\u00f3n de que se apliquen m\u00e1s recursos, habitantes de Villa de Pozos se pronuncian en favor de su municipalizaci\u00f3n - Canal 7 SLP - 2023","robots":{"index":"index","follow":"follow","max-snippet":"max-snippet:-1","max-image-preview":"max-image-preview:large","max-video-preview":"max-video-preview:-1"},"canonical":"https:\/\/canal7slp.tv\/2023\/con-proyeccion-de-que-se-apliquen-mas-recursos-habitantes-de-villa-de-pozos-se-pronuncian-en-favor-de-su-municipalizacion\/","og_locale":"es_ES","og_type":"article","og_title":"Con proyecci\u00f3n de que se apliquen m\u00e1s recursos, habitantes de Villa de Pozos se pronuncian en favor de su municipalizaci\u00f3n - Canal 7 SLP - 2023","og_description":"SLP.-\u00a0Por la expectativa de mayor inversi\u00f3n, puesta en marcha de obras de alto impacto y fortalecimiento de rubros esenciales como seguridad, habitantes de la delegaci\u00f3n Villa de Pozos se pronunciaron a favor de que se complete el proceso para ser el municipio 59 del estado potosino. Uno de los motivos ser\u00eda la necesidad de rehabilitaci\u00f3n de calles. Como municipio -afirman- habr\u00eda m\u00e1s fondos para fortalecer la infraestructura. Dado que hubo quienes consideraron que no se ha brindado buen servicio en la Delegaci\u00f3n. Otros admitieron que s\u00ed se han realizado obras, pero se pronunciaron porque no quede de lado el proceso [&hellip;]","og_url":"https:\/\/canal7slp.tv\/2023\/con-proyeccion-de-que-se-apliquen-mas-recursos-habitantes-de-villa-de-pozos-se-pronuncian-en-favor-de-su-municipalizacion\/","og_site_name":"Canal 7 SLP - 2023","article_publisher":"https:\/\/www.facebook.com\/noticieroscanalsiete","article_published_time":"2023-05-30T16:23:19+00:00","og_image":[{"width":1280,"height":720,"url":"https:\/\/canal7slp.tv\/2023\/wp-content\/uploads\/2023\/05\/Pau02Habitantes.jpg","type":"image\/jpeg"}],"author":"Edici\u00f3n Web","twitter_card":"summary_large_image","twitter_creator":"@NOTICIEROS7","twitter_site":"@NOTICIEROS7","twitter_misc":{"Escrito por":"Edici\u00f3n Web","Tiempo de lectura":"1 minuto"},"schema":{"@context":"https:\/\/schema.org","@graph":[{"@type":"Article","@id":"https:\/\/canal7slp.tv\/2023\/con-proyeccion-de-que-se-apliquen-mas-recursos-habitantes-de-villa-de-pozos-se-pronuncian-en-favor-de-su-municipalizacion\/#article","isPartOf":{"@id":"https:\/\/canal7slp.tv\/2023\/con-proyeccion-de-que-se-apliquen-mas-recursos-habitantes-de-villa-de-pozos-se-pronuncian-en-favor-de-su-municipalizacion\/"},"author":{"name":"Edici\u00f3n Web","@id":"https:\/\/canal7slp.tv\/2023\/#\/schema\/person\/639c424e3584069003b11ae813915da6"},"headline":"Con proyecci\u00f3n de que se apliquen m\u00e1s recursos, habitantes de Villa de Pozos se pronuncian en favor de su municipalizaci\u00f3n","datePublished":"2023-05-30T16:23:19+00:00","mainEntityOfPage":{"@id":"https:\/\/canal7slp.tv\/2023\/con-proyeccion-de-que-se-apliquen-mas-recursos-habitantes-de-villa-de-pozos-se-pronuncian-en-favor-de-su-municipalizacion\/"},"wordCount":180,"publisher":{"@id":"https:\/\/canal7slp.tv\/2023\/#organization"},"image":{"@id":"https:\/\/canal7slp.tv\/2023\/con-proyeccion-de-que-se-apliquen-mas-recursos-habitantes-de-villa-de-pozos-se-pronuncian-en-favor-de-su-municipalizacion\/#primaryimage"},"thumbnailUrl":"https:\/\/canal7slp.tv\/2023\/wp-content\/uploads\/2023\/05\/Pau02Habitantes.jpg","articleSection":["DESTACADAS","LOCALES Y REGIONALES"],"inLanguage":"es"},{"@type":"WebPage","@id":"https:\/\/canal7slp.tv\/2023\/con-proyeccion-de-que-se-apliquen-mas-recursos-habitantes-de-villa-de-pozos-se-pronuncian-en-favor-de-su-municipalizacion\/","url":"https:\/\/canal7slp.tv\/2023\/con-proyeccion-de-que-se-apliquen-mas-recursos-habitantes-de-villa-de-pozos-se-pronuncian-en-favor-de-su-municipalizacion\/","name":"Con proyecci\u00f3n de que se apliquen m\u00e1s recursos, habitantes de Villa de Pozos se pronuncian en favor de su municipalizaci\u00f3n - Canal 7 SLP - 2023","isPartOf":{"@id":"https:\/\/canal7slp.tv\/2023\/#website"},"primaryImageOfPage":{"@id":"https:\/\/canal7slp.tv\/2023\/con-proyeccion-de-que-se-apliquen-mas-recursos-habitantes-de-villa-de-pozos-se-pronuncian-en-favor-de-su-municipalizacion\/#primaryimage"},"image":{"@id":"https:\/\/canal7slp.tv\/2023\/con-proyeccion-de-que-se-apliquen-mas-recursos-habitantes-de-villa-de-pozos-se-pronuncian-en-favor-de-su-municipalizacion\/#primaryimage"},"thumbnailUrl":"https:\/\/canal7slp.tv\/2023\/wp-content\/uploads\/2023\/05\/Pau02Habitantes.jpg","datePublished":"2023-05-30T16:23:19+00:00","breadcrumb":{"@id":"https:\/\/canal7slp.tv\/2023\/con-proyeccion-de-que-se-apliquen-mas-recursos-habitantes-de-villa-de-pozos-se-pronuncian-en-favor-de-su-municipalizacion\/#breadcrumb"},"inLanguage":"es","potentialAction":[{"@type":"ReadAction","target":["https:\/\/canal7slp.tv\/2023\/con-proyeccion-de-que-se-apliquen-mas-recursos-habitantes-de-villa-de-pozos-se-pronuncian-en-favor-de-su-municipalizacion\/"]}]},{"@type":"ImageObject","inLanguage":"es","@id":"https:\/\/canal7slp.tv\/2023\/con-proyeccion-de-que-se-apliquen-mas-recursos-habitantes-de-villa-de-pozos-se-pronuncian-en-favor-de-su-municipalizacion\/#primaryimage","url":"https:\/\/canal7slp.tv\/2023\/wp-content\/uploads\/2023\/05\/Pau02Habitantes.jpg","contentUrl":"https:\/\/canal7slp.tv\/2023\/wp-content\/uploads\/2023\/05\/Pau02Habitantes.jpg","width":1280,"height":720},{"@type":"BreadcrumbList","@id":"https:\/\/canal7slp.tv\/2023\/con-proyeccion-de-que-se-apliquen-mas-recursos-habitantes-de-villa-de-pozos-se-pronuncian-en-favor-de-su-municipalizacion\/#breadcrumb","itemListElement":[{"@type":"ListItem","position":1,"name":"Portada","item":"https:\/\/canal7slp.tv\/2023\/"},{"@type":"ListItem","position":2,"name":"Con proyecci\u00f3n de que se apliquen m\u00e1s recursos, habitantes de Villa de Pozos se pronuncian en favor de su municipalizaci\u00f3n"}]},{"@type":"WebSite","@id":"https:\/\/canal7slp.tv\/2023\/#website","url":"https:\/\/canal7slp.tv\/2023\/","name":"N7 - Noticieros Canal 7","description":"Somos Televisi\u00f3n","publisher":{"@id":"https:\/\/canal7slp.tv\/2023\/#organization"},"potentialAction":[{"@type":"SearchAction","target":{"@type":"EntryPoint","urlTemplate":"https:\/\/canal7slp.tv\/2023\/?s={search_term_string}"},"query-input":{"@type":"PropertyValueSpecification","valueRequired":true,"valueName":"search_term_string"}}],"inLanguage":"es"},{"@type":"Organization","@id":"https:\/\/canal7slp.tv\/2023\/#organization","name":"Noticieros Canal 7","url":"https:\/\/canal7slp.tv\/2023\/","logo":{"@type":"ImageObject","inLanguage":"es","@id":"https:\/\/canal7slp.tv\/2023\/#\/schema\/logo\/image\/","url":"https:\/\/canal7slp.tv\/2023\/wp-content\/uploads\/2021\/01\/logo-noticieros@2x.png","contentUrl":"https:\/\/canal7slp.tv\/2023\/wp-content\/uploads\/2021\/01\/logo-noticieros@2x.png","width":1017,"height":268,"caption":"Noticieros Canal 7"},"image":{"@id":"https:\/\/canal7slp.tv\/2023\/#\/schema\/logo\/image\/"},"sameAs":["https:\/\/www.facebook.com\/noticieroscanalsiete","https:\/\/x.com\/NOTICIEROS7","https:\/\/www.instagram.com\/canal7_slp","https:\/\/www.youtube.com\/channel\/UCliiYs-gP3JfJeqdPrNdd5A"]},{"@type":"Person","@id":"https:\/\/canal7slp.tv\/2023\/#\/schema\/person\/639c424e3584069003b11ae813915da6","name":"Edici\u00f3n Web","image":{"@type":"ImageObject","inLanguage":"es","@id":"https:\/\/secure.gravatar.com\/avatar\/eee448fc3f7164808013b816ba91ac7e43bbe82a70bebac296f8bc6f0addaa1a?s=96&d=mm&r=g","url":"https:\/\/secure.gravatar.com\/avatar\/eee448fc3f7164808013b816ba91ac7e43bbe82a70bebac296f8bc6f0addaa1a?s=96&d=mm&r=g","contentUrl":"https:\/\/secure.gravatar.com\/avatar\/eee448fc3f7164808013b816ba91ac7e43bbe82a70bebac296f8bc6f0addaa1a?s=96&d=mm&r=g","caption":"Edici\u00f3n Web"},"url":"https:\/\/canal7slp.tv\/2023\/author\/edicionweb\/"}]}},"_links":{"self":[{"href":"https:\/\/canal7slp.tv\/2023\/wp-json\/wp\/v2\/posts\/96916","targetHints":{"allow":["GET"]}}],"collection":[{"href":"https:\/\/canal7slp.tv\/2023\/wp-json\/wp\/v2\/posts"}],"about":[{"href":"https:\/\/canal7slp.tv\/2023\/wp-json\/wp\/v2\/types\/post"}],"author":[{"embeddable":true,"href":"https:\/\/canal7slp.tv\/2023\/wp-json\/wp\/v2\/users\/2"}],"replies":[{"embeddable":true,"href":"https:\/\/canal7slp.tv\/2023\/wp-json\/wp\/v2\/comments?post=96916"}],"version-history":[{"count":1,"href":"https:\/\/canal7slp.tv\/2023\/wp-json\/wp\/v2\/posts\/96916\/revisions"}],"predecessor-version":[{"id":96922,"href":"https:\/\/canal7slp.tv\/2023\/wp-json\/wp\/v2\/posts\/96916\/revisions\/96922"}],"wp:featuredmedia":[{"embeddable":true,"href":"https:\/\/canal7slp.tv\/2023\/wp-json\/wp\/v2\/media\/96923"}],"wp:attachment":[{"href":"https:\/\/canal7slp.tv\/2023\/wp-json\/wp\/v2\/media?parent=96916"}],"wp:term":[{"taxonomy":"category","embeddable":true,"href":"https:\/\/canal7slp.tv\/2023\/wp-json\/wp\/v2\/categories?post=96916"},{"taxonomy":"post_tag","embeddable":true,"href":"https:\/\/canal7slp.tv\/2023\/wp-json\/wp\/v2\/tags?post=96916"}],"curies":[{"name":"wp","href":"https:\/\/api.w.org\/{rel}","templated":true}]}}