{"id":96913,"date":"2023-05-30T09:44:36","date_gmt":"2023-05-30T15:44:36","guid":{"rendered":"https:\/\/canal7slp.tv\/2023\/?p=96913"},"modified":"2023-05-30T09:44:36","modified_gmt":"2023-05-30T15:44:36","slug":"mueren-dos-integrantes-de-la-sedena-por-enfrentamiento-en-tamuin","status":"publish","type":"post","link":"https:\/\/canal7slp.tv\/2023\/mueren-dos-integrantes-de-la-sedena-por-enfrentamiento-en-tamuin\/","title":{"rendered":"Mueren dos integrantes de la SEDENA por enfrentamiento en Tamu\u00edn"},"content":{"rendered":"<p style=\"text-align: justify;\">Tamu\u00edn.- La Fiscal\u00eda General del Estado de San Luis Potos\u00ed (FGESLP) colabora con la Fiscal\u00eda General de la Rep\u00fablica (FGR) por los hechos ocurridos esta madrugada en el kil\u00f3metro 117 de la carretera Valles-Tamu\u00edn.<\/p>\n<p style=\"text-align: justify;\">En el sitio, perdieron la vida dos miembros de las fuerzas armadas, luego de registrarse un percance que desemboc\u00f3 en una volcadura.<\/p>\n<p style=\"text-align: justify;\">Cuatro soldados m\u00e1s que se transportaban en la misma unidad resultaron heridos y fueron trasladados a recibir atenci\u00f3n m\u00e9dica.<\/p>\n<p style=\"text-align: justify;\">Personal de la Vicefiscal\u00eda Cient\u00edfica destacamentada en aquella zona se encarg\u00f3 del levantamiento de cuerpos y del procesamiento de indicios.<\/p>\n<p style=\"text-align: justify;\">Hasta el momento, se investigan hechos vinculados a la volcadura sufrida por los oficiales de la SEDENA, pues hay evidencia de que sufrieron un ataque por parte de la delincuencia organizada.<\/p>\n<p style=\"text-align: justify;\">Ser\u00e1n las pruebas periciales y el desarrollo de la investigaci\u00f3n lo que permita el esclarecimiento del caso y la captura de los presuntos responsables.<\/p>\n","protected":false},"excerpt":{"rendered":"<p>Tamu\u00edn.- La Fiscal\u00eda General del Estado de San Luis Potos\u00ed (FGESLP) colabora con la Fiscal\u00eda General de la Rep\u00fablica (FGR) por los hechos ocurridos esta madrugada en el kil\u00f3metro 117 de la carretera Valles-Tamu\u00edn. En el sitio, perdieron la vida dos miembros de las fuerzas armadas, luego de registrarse un percance que desemboc\u00f3 en una volcadura. Cuatro soldados m\u00e1s que se transportaban en la misma unidad resultaron heridos y fueron trasladados a recibir atenci\u00f3n m\u00e9dica. Personal de la Vicefiscal\u00eda Cient\u00edfica destacamentada en aquella zona se encarg\u00f3 del levantamiento de cuerpos y del procesamiento de indicios. Hasta el momento, se investigan [&hellip;]<\/p>\n","protected":false},"author":2,"featured_media":96914,"comment_status":"closed","ping_status":"closed","sticky":false,"template":"","format":"standard","meta":{"footnotes":""},"categories":[48],"tags":[],"class_list":["post-96913","post","type-post","status-publish","format-standard","has-post-thumbnail","hentry","category-reporte7","post--single"],"yoast_head":"<!-- This site is optimized with the Yoast SEO plugin v27.4 - https:\/\/yoast.com\/product\/yoast-seo-wordpress\/ -->\n<title>Mueren dos integrantes de la SEDENA por enfrentamiento en Tamu\u00edn - Canal 7 SLP - 2023<\/title>\n<meta name=\"robots\" content=\"index, follow, max-snippet:-1, max-image-preview:large, max-video-preview:-1\" \/>\n<link rel=\"canonical\" href=\"https:\/\/canal7slp.tv\/2023\/mueren-dos-integrantes-de-la-sedena-por-enfrentamiento-en-tamuin\/\" \/>\n<meta property=\"og:locale\" content=\"es_ES\" \/>\n<meta property=\"og:type\" content=\"article\" \/>\n<meta property=\"og:title\" content=\"Mueren dos integrantes de la SEDENA por enfrentamiento en Tamu\u00edn - Canal 7 SLP - 2023\" \/>\n<meta property=\"og:description\" content=\"Tamu\u00edn.- La Fiscal\u00eda General del Estado de San Luis Potos\u00ed (FGESLP) colabora con la Fiscal\u00eda General de la Rep\u00fablica (FGR) por los hechos ocurridos esta madrugada en el kil\u00f3metro 117 de la carretera Valles-Tamu\u00edn. En el sitio, perdieron la vida dos miembros de las fuerzas armadas, luego de registrarse un percance que desemboc\u00f3 en una volcadura. Cuatro soldados m\u00e1s que se transportaban en la misma unidad resultaron heridos y fueron trasladados a recibir atenci\u00f3n m\u00e9dica. Personal de la Vicefiscal\u00eda Cient\u00edfica destacamentada en aquella zona se encarg\u00f3 del levantamiento de cuerpos y del procesamiento de indicios. Hasta el momento, se investigan [&hellip;]\" \/>\n<meta property=\"og:url\" content=\"https:\/\/canal7slp.tv\/2023\/mueren-dos-integrantes-de-la-sedena-por-enfrentamiento-en-tamuin\/\" \/>\n<meta property=\"og:site_name\" content=\"Canal 7 SLP - 2023\" \/>\n<meta property=\"article:publisher\" content=\"https:\/\/www.facebook.com\/noticieroscanalsiete\" \/>\n<meta property=\"article:published_time\" content=\"2023-05-30T15:44:36+00:00\" \/>\n<meta property=\"og:image\" content=\"https:\/\/canal7slp.tv\/2023\/wp-content\/uploads\/2023\/05\/zz1b-3.png\" \/>\n\t<meta property=\"og:image:width\" content=\"652\" \/>\n\t<meta property=\"og:image:height\" content=\"337\" \/>\n\t<meta property=\"og:image:type\" content=\"image\/png\" \/>\n<meta name=\"author\" content=\"Edici\u00f3n Web\" \/>\n<meta name=\"twitter:card\" content=\"summary_large_image\" \/>\n<meta name=\"twitter:creator\" content=\"@NOTICIEROS7\" \/>\n<meta name=\"twitter:site\" content=\"@NOTICIEROS7\" \/>\n<meta name=\"twitter:label1\" content=\"Escrito por\" \/>\n\t<meta name=\"twitter:data1\" content=\"Edici\u00f3n Web\" \/>\n\t<meta name=\"twitter:label2\" content=\"Tiempo de lectura\" \/>\n\t<meta name=\"twitter:data2\" content=\"1 minuto\" \/>\n<script type=\"application\/ld+json\" class=\"yoast-schema-graph\">{\"@context\":\"https:\\\/\\\/schema.org\",\"@graph\":[{\"@type\":\"Article\",\"@id\":\"https:\\\/\\\/canal7slp.tv\\\/2023\\\/mueren-dos-integrantes-de-la-sedena-por-enfrentamiento-en-tamuin\\\/#article\",\"isPartOf\":{\"@id\":\"https:\\\/\\\/canal7slp.tv\\\/2023\\\/mueren-dos-integrantes-de-la-sedena-por-enfrentamiento-en-tamuin\\\/\"},\"author\":{\"name\":\"Edici\u00f3n Web\",\"@id\":\"https:\\\/\\\/canal7slp.tv\\\/2023\\\/#\\\/schema\\\/person\\\/639c424e3584069003b11ae813915da6\"},\"headline\":\"Mueren dos integrantes de la SEDENA por enfrentamiento en Tamu\u00edn\",\"datePublished\":\"2023-05-30T15:44:36+00:00\",\"mainEntityOfPage\":{\"@id\":\"https:\\\/\\\/canal7slp.tv\\\/2023\\\/mueren-dos-integrantes-de-la-sedena-por-enfrentamiento-en-tamuin\\\/\"},\"wordCount\":174,\"publisher\":{\"@id\":\"https:\\\/\\\/canal7slp.tv\\\/2023\\\/#organization\"},\"image\":{\"@id\":\"https:\\\/\\\/canal7slp.tv\\\/2023\\\/mueren-dos-integrantes-de-la-sedena-por-enfrentamiento-en-tamuin\\\/#primaryimage\"},\"thumbnailUrl\":\"https:\\\/\\\/canal7slp.tv\\\/2023\\\/wp-content\\\/uploads\\\/2023\\\/05\\\/zz1b-3.png\",\"articleSection\":[\"REPORTE 7\"],\"inLanguage\":\"es\"},{\"@type\":\"WebPage\",\"@id\":\"https:\\\/\\\/canal7slp.tv\\\/2023\\\/mueren-dos-integrantes-de-la-sedena-por-enfrentamiento-en-tamuin\\\/\",\"url\":\"https:\\\/\\\/canal7slp.tv\\\/2023\\\/mueren-dos-integrantes-de-la-sedena-por-enfrentamiento-en-tamuin\\\/\",\"name\":\"Mueren dos integrantes de la SEDENA por enfrentamiento en Tamu\u00edn - Canal 7 SLP - 2023\",\"isPartOf\":{\"@id\":\"https:\\\/\\\/canal7slp.tv\\\/2023\\\/#website\"},\"primaryImageOfPage\":{\"@id\":\"https:\\\/\\\/canal7slp.tv\\\/2023\\\/mueren-dos-integrantes-de-la-sedena-por-enfrentamiento-en-tamuin\\\/#primaryimage\"},\"image\":{\"@id\":\"https:\\\/\\\/canal7slp.tv\\\/2023\\\/mueren-dos-integrantes-de-la-sedena-por-enfrentamiento-en-tamuin\\\/#primaryimage\"},\"thumbnailUrl\":\"https:\\\/\\\/canal7slp.tv\\\/2023\\\/wp-content\\\/uploads\\\/2023\\\/05\\\/zz1b-3.png\",\"datePublished\":\"2023-05-30T15:44:36+00:00\",\"breadcrumb\":{\"@id\":\"https:\\\/\\\/canal7slp.tv\\\/2023\\\/mueren-dos-integrantes-de-la-sedena-por-enfrentamiento-en-tamuin\\\/#breadcrumb\"},\"inLanguage\":\"es\",\"potentialAction\":[{\"@type\":\"ReadAction\",\"target\":[\"https:\\\/\\\/canal7slp.tv\\\/2023\\\/mueren-dos-integrantes-de-la-sedena-por-enfrentamiento-en-tamuin\\\/\"]}]},{\"@type\":\"ImageObject\",\"inLanguage\":\"es\",\"@id\":\"https:\\\/\\\/canal7slp.tv\\\/2023\\\/mueren-dos-integrantes-de-la-sedena-por-enfrentamiento-en-tamuin\\\/#primaryimage\",\"url\":\"https:\\\/\\\/canal7slp.tv\\\/2023\\\/wp-content\\\/uploads\\\/2023\\\/05\\\/zz1b-3.png\",\"contentUrl\":\"https:\\\/\\\/canal7slp.tv\\\/2023\\\/wp-content\\\/uploads\\\/2023\\\/05\\\/zz1b-3.png\",\"width\":652,\"height\":337},{\"@type\":\"BreadcrumbList\",\"@id\":\"https:\\\/\\\/canal7slp.tv\\\/2023\\\/mueren-dos-integrantes-de-la-sedena-por-enfrentamiento-en-tamuin\\\/#breadcrumb\",\"itemListElement\":[{\"@type\":\"ListItem\",\"position\":1,\"name\":\"Portada\",\"item\":\"https:\\\/\\\/canal7slp.tv\\\/2023\\\/\"},{\"@type\":\"ListItem\",\"position\":2,\"name\":\"Mueren dos integrantes de la SEDENA por enfrentamiento en Tamu\u00edn\"}]},{\"@type\":\"WebSite\",\"@id\":\"https:\\\/\\\/canal7slp.tv\\\/2023\\\/#website\",\"url\":\"https:\\\/\\\/canal7slp.tv\\\/2023\\\/\",\"name\":\"N7 - Noticieros Canal 7\",\"description\":\"Somos Televisi\u00f3n\",\"publisher\":{\"@id\":\"https:\\\/\\\/canal7slp.tv\\\/2023\\\/#organization\"},\"potentialAction\":[{\"@type\":\"SearchAction\",\"target\":{\"@type\":\"EntryPoint\",\"urlTemplate\":\"https:\\\/\\\/canal7slp.tv\\\/2023\\\/?s={search_term_string}\"},\"query-input\":{\"@type\":\"PropertyValueSpecification\",\"valueRequired\":true,\"valueName\":\"search_term_string\"}}],\"inLanguage\":\"es\"},{\"@type\":\"Organization\",\"@id\":\"https:\\\/\\\/canal7slp.tv\\\/2023\\\/#organization\",\"name\":\"Noticieros Canal 7\",\"url\":\"https:\\\/\\\/canal7slp.tv\\\/2023\\\/\",\"logo\":{\"@type\":\"ImageObject\",\"inLanguage\":\"es\",\"@id\":\"https:\\\/\\\/canal7slp.tv\\\/2023\\\/#\\\/schema\\\/logo\\\/image\\\/\",\"url\":\"https:\\\/\\\/canal7slp.tv\\\/2023\\\/wp-content\\\/uploads\\\/2021\\\/01\\\/logo-noticieros@2x.png\",\"contentUrl\":\"https:\\\/\\\/canal7slp.tv\\\/2023\\\/wp-content\\\/uploads\\\/2021\\\/01\\\/logo-noticieros@2x.png\",\"width\":1017,\"height\":268,\"caption\":\"Noticieros Canal 7\"},\"image\":{\"@id\":\"https:\\\/\\\/canal7slp.tv\\\/2023\\\/#\\\/schema\\\/logo\\\/image\\\/\"},\"sameAs\":[\"https:\\\/\\\/www.facebook.com\\\/noticieroscanalsiete\",\"https:\\\/\\\/x.com\\\/NOTICIEROS7\",\"https:\\\/\\\/www.instagram.com\\\/canal7_slp\",\"https:\\\/\\\/www.youtube.com\\\/channel\\\/UCliiYs-gP3JfJeqdPrNdd5A\"]},{\"@type\":\"Person\",\"@id\":\"https:\\\/\\\/canal7slp.tv\\\/2023\\\/#\\\/schema\\\/person\\\/639c424e3584069003b11ae813915da6\",\"name\":\"Edici\u00f3n Web\",\"image\":{\"@type\":\"ImageObject\",\"inLanguage\":\"es\",\"@id\":\"https:\\\/\\\/secure.gravatar.com\\\/avatar\\\/eee448fc3f7164808013b816ba91ac7e43bbe82a70bebac296f8bc6f0addaa1a?s=96&d=mm&r=g\",\"url\":\"https:\\\/\\\/secure.gravatar.com\\\/avatar\\\/eee448fc3f7164808013b816ba91ac7e43bbe82a70bebac296f8bc6f0addaa1a?s=96&d=mm&r=g\",\"contentUrl\":\"https:\\\/\\\/secure.gravatar.com\\\/avatar\\\/eee448fc3f7164808013b816ba91ac7e43bbe82a70bebac296f8bc6f0addaa1a?s=96&d=mm&r=g\",\"caption\":\"Edici\u00f3n Web\"},\"url\":\"https:\\\/\\\/canal7slp.tv\\\/2023\\\/author\\\/edicionweb\\\/\"}]}<\/script>\n<!-- \/ Yoast SEO plugin. -->","yoast_head_json":{"title":"Mueren dos integrantes de la SEDENA por enfrentamiento en Tamu\u00edn - Canal 7 SLP - 2023","robots":{"index":"index","follow":"follow","max-snippet":"max-snippet:-1","max-image-preview":"max-image-preview:large","max-video-preview":"max-video-preview:-1"},"canonical":"https:\/\/canal7slp.tv\/2023\/mueren-dos-integrantes-de-la-sedena-por-enfrentamiento-en-tamuin\/","og_locale":"es_ES","og_type":"article","og_title":"Mueren dos integrantes de la SEDENA por enfrentamiento en Tamu\u00edn - Canal 7 SLP - 2023","og_description":"Tamu\u00edn.- La Fiscal\u00eda General del Estado de San Luis Potos\u00ed (FGESLP) colabora con la Fiscal\u00eda General de la Rep\u00fablica (FGR) por los hechos ocurridos esta madrugada en el kil\u00f3metro 117 de la carretera Valles-Tamu\u00edn. En el sitio, perdieron la vida dos miembros de las fuerzas armadas, luego de registrarse un percance que desemboc\u00f3 en una volcadura. Cuatro soldados m\u00e1s que se transportaban en la misma unidad resultaron heridos y fueron trasladados a recibir atenci\u00f3n m\u00e9dica. Personal de la Vicefiscal\u00eda Cient\u00edfica destacamentada en aquella zona se encarg\u00f3 del levantamiento de cuerpos y del procesamiento de indicios. Hasta el momento, se investigan [&hellip;]","og_url":"https:\/\/canal7slp.tv\/2023\/mueren-dos-integrantes-de-la-sedena-por-enfrentamiento-en-tamuin\/","og_site_name":"Canal 7 SLP - 2023","article_publisher":"https:\/\/www.facebook.com\/noticieroscanalsiete","article_published_time":"2023-05-30T15:44:36+00:00","og_image":[{"width":652,"height":337,"url":"https:\/\/canal7slp.tv\/2023\/wp-content\/uploads\/2023\/05\/zz1b-3.png","type":"image\/png"}],"author":"Edici\u00f3n Web","twitter_card":"summary_large_image","twitter_creator":"@NOTICIEROS7","twitter_site":"@NOTICIEROS7","twitter_misc":{"Escrito por":"Edici\u00f3n Web","Tiempo de lectura":"1 minuto"},"schema":{"@context":"https:\/\/schema.org","@graph":[{"@type":"Article","@id":"https:\/\/canal7slp.tv\/2023\/mueren-dos-integrantes-de-la-sedena-por-enfrentamiento-en-tamuin\/#article","isPartOf":{"@id":"https:\/\/canal7slp.tv\/2023\/mueren-dos-integrantes-de-la-sedena-por-enfrentamiento-en-tamuin\/"},"author":{"name":"Edici\u00f3n Web","@id":"https:\/\/canal7slp.tv\/2023\/#\/schema\/person\/639c424e3584069003b11ae813915da6"},"headline":"Mueren dos integrantes de la SEDENA por enfrentamiento en Tamu\u00edn","datePublished":"2023-05-30T15:44:36+00:00","mainEntityOfPage":{"@id":"https:\/\/canal7slp.tv\/2023\/mueren-dos-integrantes-de-la-sedena-por-enfrentamiento-en-tamuin\/"},"wordCount":174,"publisher":{"@id":"https:\/\/canal7slp.tv\/2023\/#organization"},"image":{"@id":"https:\/\/canal7slp.tv\/2023\/mueren-dos-integrantes-de-la-sedena-por-enfrentamiento-en-tamuin\/#primaryimage"},"thumbnailUrl":"https:\/\/canal7slp.tv\/2023\/wp-content\/uploads\/2023\/05\/zz1b-3.png","articleSection":["REPORTE 7"],"inLanguage":"es"},{"@type":"WebPage","@id":"https:\/\/canal7slp.tv\/2023\/mueren-dos-integrantes-de-la-sedena-por-enfrentamiento-en-tamuin\/","url":"https:\/\/canal7slp.tv\/2023\/mueren-dos-integrantes-de-la-sedena-por-enfrentamiento-en-tamuin\/","name":"Mueren dos integrantes de la SEDENA por enfrentamiento en Tamu\u00edn - Canal 7 SLP - 2023","isPartOf":{"@id":"https:\/\/canal7slp.tv\/2023\/#website"},"primaryImageOfPage":{"@id":"https:\/\/canal7slp.tv\/2023\/mueren-dos-integrantes-de-la-sedena-por-enfrentamiento-en-tamuin\/#primaryimage"},"image":{"@id":"https:\/\/canal7slp.tv\/2023\/mueren-dos-integrantes-de-la-sedena-por-enfrentamiento-en-tamuin\/#primaryimage"},"thumbnailUrl":"https:\/\/canal7slp.tv\/2023\/wp-content\/uploads\/2023\/05\/zz1b-3.png","datePublished":"2023-05-30T15:44:36+00:00","breadcrumb":{"@id":"https:\/\/canal7slp.tv\/2023\/mueren-dos-integrantes-de-la-sedena-por-enfrentamiento-en-tamuin\/#breadcrumb"},"inLanguage":"es","potentialAction":[{"@type":"ReadAction","target":["https:\/\/canal7slp.tv\/2023\/mueren-dos-integrantes-de-la-sedena-por-enfrentamiento-en-tamuin\/"]}]},{"@type":"ImageObject","inLanguage":"es","@id":"https:\/\/canal7slp.tv\/2023\/mueren-dos-integrantes-de-la-sedena-por-enfrentamiento-en-tamuin\/#primaryimage","url":"https:\/\/canal7slp.tv\/2023\/wp-content\/uploads\/2023\/05\/zz1b-3.png","contentUrl":"https:\/\/canal7slp.tv\/2023\/wp-content\/uploads\/2023\/05\/zz1b-3.png","width":652,"height":337},{"@type":"BreadcrumbList","@id":"https:\/\/canal7slp.tv\/2023\/mueren-dos-integrantes-de-la-sedena-por-enfrentamiento-en-tamuin\/#breadcrumb","itemListElement":[{"@type":"ListItem","position":1,"name":"Portada","item":"https:\/\/canal7slp.tv\/2023\/"},{"@type":"ListItem","position":2,"name":"Mueren dos integrantes de la SEDENA por enfrentamiento en Tamu\u00edn"}]},{"@type":"WebSite","@id":"https:\/\/canal7slp.tv\/2023\/#website","url":"https:\/\/canal7slp.tv\/2023\/","name":"N7 - Noticieros Canal 7","description":"Somos Televisi\u00f3n","publisher":{"@id":"https:\/\/canal7slp.tv\/2023\/#organization"},"potentialAction":[{"@type":"SearchAction","target":{"@type":"EntryPoint","urlTemplate":"https:\/\/canal7slp.tv\/2023\/?s={search_term_string}"},"query-input":{"@type":"PropertyValueSpecification","valueRequired":true,"valueName":"search_term_string"}}],"inLanguage":"es"},{"@type":"Organization","@id":"https:\/\/canal7slp.tv\/2023\/#organization","name":"Noticieros Canal 7","url":"https:\/\/canal7slp.tv\/2023\/","logo":{"@type":"ImageObject","inLanguage":"es","@id":"https:\/\/canal7slp.tv\/2023\/#\/schema\/logo\/image\/","url":"https:\/\/canal7slp.tv\/2023\/wp-content\/uploads\/2021\/01\/logo-noticieros@2x.png","contentUrl":"https:\/\/canal7slp.tv\/2023\/wp-content\/uploads\/2021\/01\/logo-noticieros@2x.png","width":1017,"height":268,"caption":"Noticieros Canal 7"},"image":{"@id":"https:\/\/canal7slp.tv\/2023\/#\/schema\/logo\/image\/"},"sameAs":["https:\/\/www.facebook.com\/noticieroscanalsiete","https:\/\/x.com\/NOTICIEROS7","https:\/\/www.instagram.com\/canal7_slp","https:\/\/www.youtube.com\/channel\/UCliiYs-gP3JfJeqdPrNdd5A"]},{"@type":"Person","@id":"https:\/\/canal7slp.tv\/2023\/#\/schema\/person\/639c424e3584069003b11ae813915da6","name":"Edici\u00f3n Web","image":{"@type":"ImageObject","inLanguage":"es","@id":"https:\/\/secure.gravatar.com\/avatar\/eee448fc3f7164808013b816ba91ac7e43bbe82a70bebac296f8bc6f0addaa1a?s=96&d=mm&r=g","url":"https:\/\/secure.gravatar.com\/avatar\/eee448fc3f7164808013b816ba91ac7e43bbe82a70bebac296f8bc6f0addaa1a?s=96&d=mm&r=g","contentUrl":"https:\/\/secure.gravatar.com\/avatar\/eee448fc3f7164808013b816ba91ac7e43bbe82a70bebac296f8bc6f0addaa1a?s=96&d=mm&r=g","caption":"Edici\u00f3n Web"},"url":"https:\/\/canal7slp.tv\/2023\/author\/edicionweb\/"}]}},"_links":{"self":[{"href":"https:\/\/canal7slp.tv\/2023\/wp-json\/wp\/v2\/posts\/96913","targetHints":{"allow":["GET"]}}],"collection":[{"href":"https:\/\/canal7slp.tv\/2023\/wp-json\/wp\/v2\/posts"}],"about":[{"href":"https:\/\/canal7slp.tv\/2023\/wp-json\/wp\/v2\/types\/post"}],"author":[{"embeddable":true,"href":"https:\/\/canal7slp.tv\/2023\/wp-json\/wp\/v2\/users\/2"}],"replies":[{"embeddable":true,"href":"https:\/\/canal7slp.tv\/2023\/wp-json\/wp\/v2\/comments?post=96913"}],"version-history":[{"count":1,"href":"https:\/\/canal7slp.tv\/2023\/wp-json\/wp\/v2\/posts\/96913\/revisions"}],"predecessor-version":[{"id":96915,"href":"https:\/\/canal7slp.tv\/2023\/wp-json\/wp\/v2\/posts\/96913\/revisions\/96915"}],"wp:featuredmedia":[{"embeddable":true,"href":"https:\/\/canal7slp.tv\/2023\/wp-json\/wp\/v2\/media\/96914"}],"wp:attachment":[{"href":"https:\/\/canal7slp.tv\/2023\/wp-json\/wp\/v2\/media?parent=96913"}],"wp:term":[{"taxonomy":"category","embeddable":true,"href":"https:\/\/canal7slp.tv\/2023\/wp-json\/wp\/v2\/categories?post=96913"},{"taxonomy":"post_tag","embeddable":true,"href":"https:\/\/canal7slp.tv\/2023\/wp-json\/wp\/v2\/tags?post=96913"}],"curies":[{"name":"wp","href":"https:\/\/api.w.org\/{rel}","templated":true}]}}