{"id":96890,"date":"2023-05-29T23:12:58","date_gmt":"2023-05-30T05:12:58","guid":{"rendered":"https:\/\/canal7slp.tv\/2023\/?p=96890"},"modified":"2023-05-29T23:12:58","modified_gmt":"2023-05-30T05:12:58","slug":"figura-de-revocacion-de-mandato-incumplio-expectativas-senalan-panelistas","status":"publish","type":"post","link":"https:\/\/canal7slp.tv\/2023\/figura-de-revocacion-de-mandato-incumplio-expectativas-senalan-panelistas\/","title":{"rendered":"Figura de revocaci\u00f3n de mandato, incumpli\u00f3 expectativas; se\u00f1alan panelistas"},"content":{"rendered":"<p style=\"text-align: justify;\">SLP.- Este lunes en el edificio de las Cajas Reales se llev\u00f3 a cabo un foro en donde se analiz\u00f3 el tema de la Revocaci\u00f3n de Mandato con la participaci\u00f3n de diversos panelistas.<\/p>\n<p style=\"text-align: justify;\">En este evento se destac\u00f3 la importancia de establecer acciones y mecanismos a seguir en materia de revocaci\u00f3n de mandato para gobernador del estado, con base a las modificaciones federales en la materia.<\/p>\n<p style=\"text-align: justify;\">Sin embargo, la ponente Claudia Aguilar Barroso, de la Barra Mexicana de Abogados, cuestion\u00f3 si realmente esta figura contemplada en la Constituci\u00f3n y llevada a cabo por primera vez en la actual administraci\u00f3n federal, realmente beneficia a los ciudadanos.<\/p>\n<p style=\"text-align: justify;\">Por su parte, el ponente Miguel \u00c1ngel Sulub, integrante tambi\u00e9n de la Barra Mexicana de Abogados Cap\u00edtulo Campeche, consider\u00f3 que la figura de revocaci\u00f3n de mandato ha sido pol\u00e9mica, al decir que en ella se busca incluir al ciudadano en la toma de decisiones por una autoridad por la que vot\u00f3, pero que finalmente podr\u00eda ser destituida.<\/p>\n<p style=\"text-align: justify;\">En este sentido, dijo que la revocaci\u00f3n de mandato es un mecanismo que el propio poder pueda usar para simular que el ciudadano est\u00e1 participando por lo que dijo, se deben de analizar los datos que arroja esta experiencia y sus costos.<\/p>\n<p style=\"text-align: justify;\">Por: Claudio Ibarra<\/p>\n","protected":false},"excerpt":{"rendered":"<p>SLP.- Este lunes en el edificio de las Cajas Reales se llev\u00f3 a cabo un foro en donde se analiz\u00f3 el tema de la Revocaci\u00f3n de Mandato con la participaci\u00f3n de diversos panelistas. En este evento se destac\u00f3 la importancia de establecer acciones y mecanismos a seguir en materia de revocaci\u00f3n de mandato para gobernador del estado, con base a las modificaciones federales en la materia. Sin embargo, la ponente Claudia Aguilar Barroso, de la Barra Mexicana de Abogados, cuestion\u00f3 si realmente esta figura contemplada en la Constituci\u00f3n y llevada a cabo por primera vez en la actual administraci\u00f3n federal, [&hellip;]<\/p>\n","protected":false},"author":2,"featured_media":96908,"comment_status":"closed","ping_status":"closed","sticky":false,"template":"","format":"video","meta":{"footnotes":""},"categories":[5,45],"tags":[],"class_list":["post-96890","post","type-post","status-publish","format-video","has-post-thumbnail","hentry","category-destacadas","category-localesyregionales","post_format-post-format-video","post--single"],"yoast_head":"<!-- This site is optimized with the Yoast SEO plugin v27.4 - https:\/\/yoast.com\/product\/yoast-seo-wordpress\/ -->\n<title>Figura de revocaci\u00f3n de mandato, incumpli\u00f3 expectativas; se\u00f1alan panelistas - Canal 7 SLP - 2023<\/title>\n<meta name=\"robots\" content=\"index, follow, max-snippet:-1, max-image-preview:large, max-video-preview:-1\" \/>\n<link rel=\"canonical\" href=\"https:\/\/canal7slp.tv\/2023\/figura-de-revocacion-de-mandato-incumplio-expectativas-senalan-panelistas\/\" \/>\n<meta property=\"og:locale\" content=\"es_ES\" \/>\n<meta property=\"og:type\" content=\"article\" \/>\n<meta property=\"og:title\" content=\"Figura de revocaci\u00f3n de mandato, incumpli\u00f3 expectativas; se\u00f1alan panelistas - Canal 7 SLP - 2023\" \/>\n<meta property=\"og:description\" content=\"SLP.- Este lunes en el edificio de las Cajas Reales se llev\u00f3 a cabo un foro en donde se analiz\u00f3 el tema de la Revocaci\u00f3n de Mandato con la participaci\u00f3n de diversos panelistas. En este evento se destac\u00f3 la importancia de establecer acciones y mecanismos a seguir en materia de revocaci\u00f3n de mandato para gobernador del estado, con base a las modificaciones federales en la materia. Sin embargo, la ponente Claudia Aguilar Barroso, de la Barra Mexicana de Abogados, cuestion\u00f3 si realmente esta figura contemplada en la Constituci\u00f3n y llevada a cabo por primera vez en la actual administraci\u00f3n federal, [&hellip;]\" \/>\n<meta property=\"og:url\" content=\"https:\/\/canal7slp.tv\/2023\/figura-de-revocacion-de-mandato-incumplio-expectativas-senalan-panelistas\/\" \/>\n<meta property=\"og:site_name\" content=\"Canal 7 SLP - 2023\" \/>\n<meta property=\"article:publisher\" content=\"https:\/\/www.facebook.com\/noticieroscanalsiete\" \/>\n<meta property=\"article:published_time\" content=\"2023-05-30T05:12:58+00:00\" \/>\n<meta property=\"og:image\" content=\"https:\/\/canal7slp.tv\/2023\/wp-content\/uploads\/2023\/05\/Claudio04Mandato.jpg\" \/>\n\t<meta property=\"og:image:width\" content=\"1280\" \/>\n\t<meta property=\"og:image:height\" content=\"720\" \/>\n\t<meta property=\"og:image:type\" content=\"image\/jpeg\" \/>\n<meta name=\"author\" content=\"Edici\u00f3n Web\" \/>\n<meta name=\"twitter:card\" content=\"summary_large_image\" \/>\n<meta name=\"twitter:creator\" content=\"@NOTICIEROS7\" \/>\n<meta name=\"twitter:site\" content=\"@NOTICIEROS7\" \/>\n<meta name=\"twitter:label1\" content=\"Escrito por\" \/>\n\t<meta name=\"twitter:data1\" content=\"Edici\u00f3n Web\" \/>\n\t<meta name=\"twitter:label2\" content=\"Tiempo de lectura\" \/>\n\t<meta name=\"twitter:data2\" content=\"1 minuto\" \/>\n<script type=\"application\/ld+json\" class=\"yoast-schema-graph\">{\"@context\":\"https:\\\/\\\/schema.org\",\"@graph\":[{\"@type\":\"Article\",\"@id\":\"https:\\\/\\\/canal7slp.tv\\\/2023\\\/figura-de-revocacion-de-mandato-incumplio-expectativas-senalan-panelistas\\\/#article\",\"isPartOf\":{\"@id\":\"https:\\\/\\\/canal7slp.tv\\\/2023\\\/figura-de-revocacion-de-mandato-incumplio-expectativas-senalan-panelistas\\\/\"},\"author\":{\"name\":\"Edici\u00f3n Web\",\"@id\":\"https:\\\/\\\/canal7slp.tv\\\/2023\\\/#\\\/schema\\\/person\\\/639c424e3584069003b11ae813915da6\"},\"headline\":\"Figura de revocaci\u00f3n de mandato, incumpli\u00f3 expectativas; se\u00f1alan panelistas\",\"datePublished\":\"2023-05-30T05:12:58+00:00\",\"mainEntityOfPage\":{\"@id\":\"https:\\\/\\\/canal7slp.tv\\\/2023\\\/figura-de-revocacion-de-mandato-incumplio-expectativas-senalan-panelistas\\\/\"},\"wordCount\":230,\"publisher\":{\"@id\":\"https:\\\/\\\/canal7slp.tv\\\/2023\\\/#organization\"},\"image\":{\"@id\":\"https:\\\/\\\/canal7slp.tv\\\/2023\\\/figura-de-revocacion-de-mandato-incumplio-expectativas-senalan-panelistas\\\/#primaryimage\"},\"thumbnailUrl\":\"https:\\\/\\\/canal7slp.tv\\\/2023\\\/wp-content\\\/uploads\\\/2023\\\/05\\\/Claudio04Mandato.jpg\",\"articleSection\":[\"DESTACADAS\",\"LOCALES Y REGIONALES\"],\"inLanguage\":\"es\"},{\"@type\":\"WebPage\",\"@id\":\"https:\\\/\\\/canal7slp.tv\\\/2023\\\/figura-de-revocacion-de-mandato-incumplio-expectativas-senalan-panelistas\\\/\",\"url\":\"https:\\\/\\\/canal7slp.tv\\\/2023\\\/figura-de-revocacion-de-mandato-incumplio-expectativas-senalan-panelistas\\\/\",\"name\":\"Figura de revocaci\u00f3n de mandato, incumpli\u00f3 expectativas; se\u00f1alan panelistas - Canal 7 SLP - 2023\",\"isPartOf\":{\"@id\":\"https:\\\/\\\/canal7slp.tv\\\/2023\\\/#website\"},\"primaryImageOfPage\":{\"@id\":\"https:\\\/\\\/canal7slp.tv\\\/2023\\\/figura-de-revocacion-de-mandato-incumplio-expectativas-senalan-panelistas\\\/#primaryimage\"},\"image\":{\"@id\":\"https:\\\/\\\/canal7slp.tv\\\/2023\\\/figura-de-revocacion-de-mandato-incumplio-expectativas-senalan-panelistas\\\/#primaryimage\"},\"thumbnailUrl\":\"https:\\\/\\\/canal7slp.tv\\\/2023\\\/wp-content\\\/uploads\\\/2023\\\/05\\\/Claudio04Mandato.jpg\",\"datePublished\":\"2023-05-30T05:12:58+00:00\",\"breadcrumb\":{\"@id\":\"https:\\\/\\\/canal7slp.tv\\\/2023\\\/figura-de-revocacion-de-mandato-incumplio-expectativas-senalan-panelistas\\\/#breadcrumb\"},\"inLanguage\":\"es\",\"potentialAction\":[{\"@type\":\"ReadAction\",\"target\":[\"https:\\\/\\\/canal7slp.tv\\\/2023\\\/figura-de-revocacion-de-mandato-incumplio-expectativas-senalan-panelistas\\\/\"]}]},{\"@type\":\"ImageObject\",\"inLanguage\":\"es\",\"@id\":\"https:\\\/\\\/canal7slp.tv\\\/2023\\\/figura-de-revocacion-de-mandato-incumplio-expectativas-senalan-panelistas\\\/#primaryimage\",\"url\":\"https:\\\/\\\/canal7slp.tv\\\/2023\\\/wp-content\\\/uploads\\\/2023\\\/05\\\/Claudio04Mandato.jpg\",\"contentUrl\":\"https:\\\/\\\/canal7slp.tv\\\/2023\\\/wp-content\\\/uploads\\\/2023\\\/05\\\/Claudio04Mandato.jpg\",\"width\":1280,\"height\":720},{\"@type\":\"BreadcrumbList\",\"@id\":\"https:\\\/\\\/canal7slp.tv\\\/2023\\\/figura-de-revocacion-de-mandato-incumplio-expectativas-senalan-panelistas\\\/#breadcrumb\",\"itemListElement\":[{\"@type\":\"ListItem\",\"position\":1,\"name\":\"Portada\",\"item\":\"https:\\\/\\\/canal7slp.tv\\\/2023\\\/\"},{\"@type\":\"ListItem\",\"position\":2,\"name\":\"Figura de revocaci\u00f3n de mandato, incumpli\u00f3 expectativas; se\u00f1alan panelistas\"}]},{\"@type\":\"WebSite\",\"@id\":\"https:\\\/\\\/canal7slp.tv\\\/2023\\\/#website\",\"url\":\"https:\\\/\\\/canal7slp.tv\\\/2023\\\/\",\"name\":\"N7 - Noticieros Canal 7\",\"description\":\"Somos Televisi\u00f3n\",\"publisher\":{\"@id\":\"https:\\\/\\\/canal7slp.tv\\\/2023\\\/#organization\"},\"potentialAction\":[{\"@type\":\"SearchAction\",\"target\":{\"@type\":\"EntryPoint\",\"urlTemplate\":\"https:\\\/\\\/canal7slp.tv\\\/2023\\\/?s={search_term_string}\"},\"query-input\":{\"@type\":\"PropertyValueSpecification\",\"valueRequired\":true,\"valueName\":\"search_term_string\"}}],\"inLanguage\":\"es\"},{\"@type\":\"Organization\",\"@id\":\"https:\\\/\\\/canal7slp.tv\\\/2023\\\/#organization\",\"name\":\"Noticieros Canal 7\",\"url\":\"https:\\\/\\\/canal7slp.tv\\\/2023\\\/\",\"logo\":{\"@type\":\"ImageObject\",\"inLanguage\":\"es\",\"@id\":\"https:\\\/\\\/canal7slp.tv\\\/2023\\\/#\\\/schema\\\/logo\\\/image\\\/\",\"url\":\"https:\\\/\\\/canal7slp.tv\\\/2023\\\/wp-content\\\/uploads\\\/2021\\\/01\\\/logo-noticieros@2x.png\",\"contentUrl\":\"https:\\\/\\\/canal7slp.tv\\\/2023\\\/wp-content\\\/uploads\\\/2021\\\/01\\\/logo-noticieros@2x.png\",\"width\":1017,\"height\":268,\"caption\":\"Noticieros Canal 7\"},\"image\":{\"@id\":\"https:\\\/\\\/canal7slp.tv\\\/2023\\\/#\\\/schema\\\/logo\\\/image\\\/\"},\"sameAs\":[\"https:\\\/\\\/www.facebook.com\\\/noticieroscanalsiete\",\"https:\\\/\\\/x.com\\\/NOTICIEROS7\",\"https:\\\/\\\/www.instagram.com\\\/canal7_slp\",\"https:\\\/\\\/www.youtube.com\\\/channel\\\/UCliiYs-gP3JfJeqdPrNdd5A\"]},{\"@type\":\"Person\",\"@id\":\"https:\\\/\\\/canal7slp.tv\\\/2023\\\/#\\\/schema\\\/person\\\/639c424e3584069003b11ae813915da6\",\"name\":\"Edici\u00f3n Web\",\"image\":{\"@type\":\"ImageObject\",\"inLanguage\":\"es\",\"@id\":\"https:\\\/\\\/secure.gravatar.com\\\/avatar\\\/eee448fc3f7164808013b816ba91ac7e43bbe82a70bebac296f8bc6f0addaa1a?s=96&d=mm&r=g\",\"url\":\"https:\\\/\\\/secure.gravatar.com\\\/avatar\\\/eee448fc3f7164808013b816ba91ac7e43bbe82a70bebac296f8bc6f0addaa1a?s=96&d=mm&r=g\",\"contentUrl\":\"https:\\\/\\\/secure.gravatar.com\\\/avatar\\\/eee448fc3f7164808013b816ba91ac7e43bbe82a70bebac296f8bc6f0addaa1a?s=96&d=mm&r=g\",\"caption\":\"Edici\u00f3n Web\"},\"url\":\"https:\\\/\\\/canal7slp.tv\\\/2023\\\/author\\\/edicionweb\\\/\"}]}<\/script>\n<!-- \/ Yoast SEO plugin. -->","yoast_head_json":{"title":"Figura de revocaci\u00f3n de mandato, incumpli\u00f3 expectativas; se\u00f1alan panelistas - Canal 7 SLP - 2023","robots":{"index":"index","follow":"follow","max-snippet":"max-snippet:-1","max-image-preview":"max-image-preview:large","max-video-preview":"max-video-preview:-1"},"canonical":"https:\/\/canal7slp.tv\/2023\/figura-de-revocacion-de-mandato-incumplio-expectativas-senalan-panelistas\/","og_locale":"es_ES","og_type":"article","og_title":"Figura de revocaci\u00f3n de mandato, incumpli\u00f3 expectativas; se\u00f1alan panelistas - Canal 7 SLP - 2023","og_description":"SLP.- Este lunes en el edificio de las Cajas Reales se llev\u00f3 a cabo un foro en donde se analiz\u00f3 el tema de la Revocaci\u00f3n de Mandato con la participaci\u00f3n de diversos panelistas. En este evento se destac\u00f3 la importancia de establecer acciones y mecanismos a seguir en materia de revocaci\u00f3n de mandato para gobernador del estado, con base a las modificaciones federales en la materia. Sin embargo, la ponente Claudia Aguilar Barroso, de la Barra Mexicana de Abogados, cuestion\u00f3 si realmente esta figura contemplada en la Constituci\u00f3n y llevada a cabo por primera vez en la actual administraci\u00f3n federal, [&hellip;]","og_url":"https:\/\/canal7slp.tv\/2023\/figura-de-revocacion-de-mandato-incumplio-expectativas-senalan-panelistas\/","og_site_name":"Canal 7 SLP - 2023","article_publisher":"https:\/\/www.facebook.com\/noticieroscanalsiete","article_published_time":"2023-05-30T05:12:58+00:00","og_image":[{"width":1280,"height":720,"url":"https:\/\/canal7slp.tv\/2023\/wp-content\/uploads\/2023\/05\/Claudio04Mandato.jpg","type":"image\/jpeg"}],"author":"Edici\u00f3n Web","twitter_card":"summary_large_image","twitter_creator":"@NOTICIEROS7","twitter_site":"@NOTICIEROS7","twitter_misc":{"Escrito por":"Edici\u00f3n Web","Tiempo de lectura":"1 minuto"},"schema":{"@context":"https:\/\/schema.org","@graph":[{"@type":"Article","@id":"https:\/\/canal7slp.tv\/2023\/figura-de-revocacion-de-mandato-incumplio-expectativas-senalan-panelistas\/#article","isPartOf":{"@id":"https:\/\/canal7slp.tv\/2023\/figura-de-revocacion-de-mandato-incumplio-expectativas-senalan-panelistas\/"},"author":{"name":"Edici\u00f3n Web","@id":"https:\/\/canal7slp.tv\/2023\/#\/schema\/person\/639c424e3584069003b11ae813915da6"},"headline":"Figura de revocaci\u00f3n de mandato, incumpli\u00f3 expectativas; se\u00f1alan panelistas","datePublished":"2023-05-30T05:12:58+00:00","mainEntityOfPage":{"@id":"https:\/\/canal7slp.tv\/2023\/figura-de-revocacion-de-mandato-incumplio-expectativas-senalan-panelistas\/"},"wordCount":230,"publisher":{"@id":"https:\/\/canal7slp.tv\/2023\/#organization"},"image":{"@id":"https:\/\/canal7slp.tv\/2023\/figura-de-revocacion-de-mandato-incumplio-expectativas-senalan-panelistas\/#primaryimage"},"thumbnailUrl":"https:\/\/canal7slp.tv\/2023\/wp-content\/uploads\/2023\/05\/Claudio04Mandato.jpg","articleSection":["DESTACADAS","LOCALES Y REGIONALES"],"inLanguage":"es"},{"@type":"WebPage","@id":"https:\/\/canal7slp.tv\/2023\/figura-de-revocacion-de-mandato-incumplio-expectativas-senalan-panelistas\/","url":"https:\/\/canal7slp.tv\/2023\/figura-de-revocacion-de-mandato-incumplio-expectativas-senalan-panelistas\/","name":"Figura de revocaci\u00f3n de mandato, incumpli\u00f3 expectativas; se\u00f1alan panelistas - Canal 7 SLP - 2023","isPartOf":{"@id":"https:\/\/canal7slp.tv\/2023\/#website"},"primaryImageOfPage":{"@id":"https:\/\/canal7slp.tv\/2023\/figura-de-revocacion-de-mandato-incumplio-expectativas-senalan-panelistas\/#primaryimage"},"image":{"@id":"https:\/\/canal7slp.tv\/2023\/figura-de-revocacion-de-mandato-incumplio-expectativas-senalan-panelistas\/#primaryimage"},"thumbnailUrl":"https:\/\/canal7slp.tv\/2023\/wp-content\/uploads\/2023\/05\/Claudio04Mandato.jpg","datePublished":"2023-05-30T05:12:58+00:00","breadcrumb":{"@id":"https:\/\/canal7slp.tv\/2023\/figura-de-revocacion-de-mandato-incumplio-expectativas-senalan-panelistas\/#breadcrumb"},"inLanguage":"es","potentialAction":[{"@type":"ReadAction","target":["https:\/\/canal7slp.tv\/2023\/figura-de-revocacion-de-mandato-incumplio-expectativas-senalan-panelistas\/"]}]},{"@type":"ImageObject","inLanguage":"es","@id":"https:\/\/canal7slp.tv\/2023\/figura-de-revocacion-de-mandato-incumplio-expectativas-senalan-panelistas\/#primaryimage","url":"https:\/\/canal7slp.tv\/2023\/wp-content\/uploads\/2023\/05\/Claudio04Mandato.jpg","contentUrl":"https:\/\/canal7slp.tv\/2023\/wp-content\/uploads\/2023\/05\/Claudio04Mandato.jpg","width":1280,"height":720},{"@type":"BreadcrumbList","@id":"https:\/\/canal7slp.tv\/2023\/figura-de-revocacion-de-mandato-incumplio-expectativas-senalan-panelistas\/#breadcrumb","itemListElement":[{"@type":"ListItem","position":1,"name":"Portada","item":"https:\/\/canal7slp.tv\/2023\/"},{"@type":"ListItem","position":2,"name":"Figura de revocaci\u00f3n de mandato, incumpli\u00f3 expectativas; se\u00f1alan panelistas"}]},{"@type":"WebSite","@id":"https:\/\/canal7slp.tv\/2023\/#website","url":"https:\/\/canal7slp.tv\/2023\/","name":"N7 - Noticieros Canal 7","description":"Somos Televisi\u00f3n","publisher":{"@id":"https:\/\/canal7slp.tv\/2023\/#organization"},"potentialAction":[{"@type":"SearchAction","target":{"@type":"EntryPoint","urlTemplate":"https:\/\/canal7slp.tv\/2023\/?s={search_term_string}"},"query-input":{"@type":"PropertyValueSpecification","valueRequired":true,"valueName":"search_term_string"}}],"inLanguage":"es"},{"@type":"Organization","@id":"https:\/\/canal7slp.tv\/2023\/#organization","name":"Noticieros Canal 7","url":"https:\/\/canal7slp.tv\/2023\/","logo":{"@type":"ImageObject","inLanguage":"es","@id":"https:\/\/canal7slp.tv\/2023\/#\/schema\/logo\/image\/","url":"https:\/\/canal7slp.tv\/2023\/wp-content\/uploads\/2021\/01\/logo-noticieros@2x.png","contentUrl":"https:\/\/canal7slp.tv\/2023\/wp-content\/uploads\/2021\/01\/logo-noticieros@2x.png","width":1017,"height":268,"caption":"Noticieros Canal 7"},"image":{"@id":"https:\/\/canal7slp.tv\/2023\/#\/schema\/logo\/image\/"},"sameAs":["https:\/\/www.facebook.com\/noticieroscanalsiete","https:\/\/x.com\/NOTICIEROS7","https:\/\/www.instagram.com\/canal7_slp","https:\/\/www.youtube.com\/channel\/UCliiYs-gP3JfJeqdPrNdd5A"]},{"@type":"Person","@id":"https:\/\/canal7slp.tv\/2023\/#\/schema\/person\/639c424e3584069003b11ae813915da6","name":"Edici\u00f3n Web","image":{"@type":"ImageObject","inLanguage":"es","@id":"https:\/\/secure.gravatar.com\/avatar\/eee448fc3f7164808013b816ba91ac7e43bbe82a70bebac296f8bc6f0addaa1a?s=96&d=mm&r=g","url":"https:\/\/secure.gravatar.com\/avatar\/eee448fc3f7164808013b816ba91ac7e43bbe82a70bebac296f8bc6f0addaa1a?s=96&d=mm&r=g","contentUrl":"https:\/\/secure.gravatar.com\/avatar\/eee448fc3f7164808013b816ba91ac7e43bbe82a70bebac296f8bc6f0addaa1a?s=96&d=mm&r=g","caption":"Edici\u00f3n Web"},"url":"https:\/\/canal7slp.tv\/2023\/author\/edicionweb\/"}]}},"_links":{"self":[{"href":"https:\/\/canal7slp.tv\/2023\/wp-json\/wp\/v2\/posts\/96890","targetHints":{"allow":["GET"]}}],"collection":[{"href":"https:\/\/canal7slp.tv\/2023\/wp-json\/wp\/v2\/posts"}],"about":[{"href":"https:\/\/canal7slp.tv\/2023\/wp-json\/wp\/v2\/types\/post"}],"author":[{"embeddable":true,"href":"https:\/\/canal7slp.tv\/2023\/wp-json\/wp\/v2\/users\/2"}],"replies":[{"embeddable":true,"href":"https:\/\/canal7slp.tv\/2023\/wp-json\/wp\/v2\/comments?post=96890"}],"version-history":[{"count":2,"href":"https:\/\/canal7slp.tv\/2023\/wp-json\/wp\/v2\/posts\/96890\/revisions"}],"predecessor-version":[{"id":96909,"href":"https:\/\/canal7slp.tv\/2023\/wp-json\/wp\/v2\/posts\/96890\/revisions\/96909"}],"wp:featuredmedia":[{"embeddable":true,"href":"https:\/\/canal7slp.tv\/2023\/wp-json\/wp\/v2\/media\/96908"}],"wp:attachment":[{"href":"https:\/\/canal7slp.tv\/2023\/wp-json\/wp\/v2\/media?parent=96890"}],"wp:term":[{"taxonomy":"category","embeddable":true,"href":"https:\/\/canal7slp.tv\/2023\/wp-json\/wp\/v2\/categories?post=96890"},{"taxonomy":"post_tag","embeddable":true,"href":"https:\/\/canal7slp.tv\/2023\/wp-json\/wp\/v2\/tags?post=96890"}],"curies":[{"name":"wp","href":"https:\/\/api.w.org\/{rel}","templated":true}]}}