{"id":96888,"date":"2023-05-29T23:07:15","date_gmt":"2023-05-30T05:07:15","guid":{"rendered":"https:\/\/canal7slp.tv\/2023\/?p=96888"},"modified":"2023-05-29T23:08:08","modified_gmt":"2023-05-30T05:08:08","slug":"al-menos-dos-reportes-semanales-de-agresiones-de-perros-callejeros-reciben-autoridades-soledenses","status":"publish","type":"post","link":"https:\/\/canal7slp.tv\/2023\/al-menos-dos-reportes-semanales-de-agresiones-de-perros-callejeros-reciben-autoridades-soledenses\/","title":{"rendered":"Al menos dos reportes semanales de agresiones de perros callejeros reciben autoridades soledenses"},"content":{"rendered":"<p style=\"text-align: justify;\">SGS.- En relaci\u00f3n al lamentable caso de un menor encontrado muerto en unos terrenos bald\u00edos ubicados en la colonia Primero de Mayo, presuntamente atacado por una jaur\u00eda de perros ferales, la directora de Ecolog\u00eda del municipio de Soledad de Graciano S\u00e1nchez Dolores Herrera, aclar\u00f3 que es la Fiscal\u00eda General del Estado la que lleva a cabo las l\u00edneas de investigaci\u00f3n.<\/p>\n<p style=\"text-align: justify;\">La funcionaria municipal dijo que la direcci\u00f3n a su cargo en su momento y en el caso de que se lo soliciten solo ser\u00e1 parte coadyuvante en este caso.<\/p>\n<p style=\"text-align: justify;\">Las directora de Ecolog\u00eda del municipio soledense se\u00f1al\u00f3 que no solo en la colonia Primero de Mayo sino en la mayor\u00eda de las colonias ubicadas en este municipio, el tema de los perros callejeros es una situaci\u00f3n cr\u00edtica.<\/p>\n<p style=\"text-align: justify;\">Afirm\u00f3 que la dependencia a su cargo realiza constantemente campa\u00f1as de esterilizaci\u00f3n y vacunaci\u00f3n canina al decir que por lo menos, reciben dos reportes a la semana de casos de agresi\u00f3n de perros callejeros.<\/p>\n<p>Por: Claudio Ibarra<\/p>\n","protected":false},"excerpt":{"rendered":"<p>SGS.- En relaci\u00f3n al lamentable caso de un menor encontrado muerto en unos terrenos bald\u00edos ubicados en la colonia Primero de Mayo, presuntamente atacado por una jaur\u00eda de perros ferales, la directora de Ecolog\u00eda del municipio de Soledad de Graciano S\u00e1nchez Dolores Herrera, aclar\u00f3 que es la Fiscal\u00eda General del Estado la que lleva a cabo las l\u00edneas de investigaci\u00f3n. La funcionaria municipal dijo que la direcci\u00f3n a su cargo en su momento y en el caso de que se lo soliciten solo ser\u00e1 parte coadyuvante en este caso. Las directora de Ecolog\u00eda del municipio soledense se\u00f1al\u00f3 que no solo [&hellip;]<\/p>\n","protected":false},"author":2,"featured_media":96905,"comment_status":"closed","ping_status":"closed","sticky":false,"template":"","format":"video","meta":{"footnotes":""},"categories":[5,45],"tags":[],"class_list":["post-96888","post","type-post","status-publish","format-video","has-post-thumbnail","hentry","category-destacadas","category-localesyregionales","post_format-post-format-video","post--single"],"yoast_head":"<!-- This site is optimized with the Yoast SEO plugin v27.4 - https:\/\/yoast.com\/product\/yoast-seo-wordpress\/ -->\n<title>Al menos dos reportes semanales de agresiones de perros callejeros reciben autoridades soledenses - Canal 7 SLP - 2023<\/title>\n<meta name=\"robots\" content=\"index, follow, max-snippet:-1, max-image-preview:large, max-video-preview:-1\" \/>\n<link rel=\"canonical\" href=\"https:\/\/canal7slp.tv\/2023\/al-menos-dos-reportes-semanales-de-agresiones-de-perros-callejeros-reciben-autoridades-soledenses\/\" \/>\n<meta property=\"og:locale\" content=\"es_ES\" \/>\n<meta property=\"og:type\" content=\"article\" \/>\n<meta property=\"og:title\" content=\"Al menos dos reportes semanales de agresiones de perros callejeros reciben autoridades soledenses - Canal 7 SLP - 2023\" \/>\n<meta property=\"og:description\" content=\"SGS.- En relaci\u00f3n al lamentable caso de un menor encontrado muerto en unos terrenos bald\u00edos ubicados en la colonia Primero de Mayo, presuntamente atacado por una jaur\u00eda de perros ferales, la directora de Ecolog\u00eda del municipio de Soledad de Graciano S\u00e1nchez Dolores Herrera, aclar\u00f3 que es la Fiscal\u00eda General del Estado la que lleva a cabo las l\u00edneas de investigaci\u00f3n. La funcionaria municipal dijo que la direcci\u00f3n a su cargo en su momento y en el caso de que se lo soliciten solo ser\u00e1 parte coadyuvante en este caso. Las directora de Ecolog\u00eda del municipio soledense se\u00f1al\u00f3 que no solo [&hellip;]\" \/>\n<meta property=\"og:url\" content=\"https:\/\/canal7slp.tv\/2023\/al-menos-dos-reportes-semanales-de-agresiones-de-perros-callejeros-reciben-autoridades-soledenses\/\" \/>\n<meta property=\"og:site_name\" content=\"Canal 7 SLP - 2023\" \/>\n<meta property=\"article:publisher\" content=\"https:\/\/www.facebook.com\/noticieroscanalsiete\" \/>\n<meta property=\"article:published_time\" content=\"2023-05-30T05:07:15+00:00\" \/>\n<meta property=\"article:modified_time\" content=\"2023-05-30T05:08:08+00:00\" \/>\n<meta property=\"og:image\" content=\"https:\/\/canal7slp.tv\/2023\/wp-content\/uploads\/2023\/05\/Claudio03Coordinacion.jpg\" \/>\n\t<meta property=\"og:image:width\" content=\"1280\" \/>\n\t<meta property=\"og:image:height\" content=\"720\" \/>\n\t<meta property=\"og:image:type\" content=\"image\/jpeg\" \/>\n<meta name=\"author\" content=\"Edici\u00f3n Web\" \/>\n<meta name=\"twitter:card\" content=\"summary_large_image\" \/>\n<meta name=\"twitter:creator\" content=\"@NOTICIEROS7\" \/>\n<meta name=\"twitter:site\" content=\"@NOTICIEROS7\" \/>\n<meta name=\"twitter:label1\" content=\"Escrito por\" \/>\n\t<meta name=\"twitter:data1\" content=\"Edici\u00f3n Web\" \/>\n\t<meta name=\"twitter:label2\" content=\"Tiempo de lectura\" \/>\n\t<meta name=\"twitter:data2\" content=\"1 minuto\" \/>\n<script type=\"application\/ld+json\" class=\"yoast-schema-graph\">{\"@context\":\"https:\\\/\\\/schema.org\",\"@graph\":[{\"@type\":\"Article\",\"@id\":\"https:\\\/\\\/canal7slp.tv\\\/2023\\\/al-menos-dos-reportes-semanales-de-agresiones-de-perros-callejeros-reciben-autoridades-soledenses\\\/#article\",\"isPartOf\":{\"@id\":\"https:\\\/\\\/canal7slp.tv\\\/2023\\\/al-menos-dos-reportes-semanales-de-agresiones-de-perros-callejeros-reciben-autoridades-soledenses\\\/\"},\"author\":{\"name\":\"Edici\u00f3n Web\",\"@id\":\"https:\\\/\\\/canal7slp.tv\\\/2023\\\/#\\\/schema\\\/person\\\/639c424e3584069003b11ae813915da6\"},\"headline\":\"Al menos dos reportes semanales de agresiones de perros callejeros reciben autoridades soledenses\",\"datePublished\":\"2023-05-30T05:07:15+00:00\",\"dateModified\":\"2023-05-30T05:08:08+00:00\",\"mainEntityOfPage\":{\"@id\":\"https:\\\/\\\/canal7slp.tv\\\/2023\\\/al-menos-dos-reportes-semanales-de-agresiones-de-perros-callejeros-reciben-autoridades-soledenses\\\/\"},\"wordCount\":196,\"publisher\":{\"@id\":\"https:\\\/\\\/canal7slp.tv\\\/2023\\\/#organization\"},\"image\":{\"@id\":\"https:\\\/\\\/canal7slp.tv\\\/2023\\\/al-menos-dos-reportes-semanales-de-agresiones-de-perros-callejeros-reciben-autoridades-soledenses\\\/#primaryimage\"},\"thumbnailUrl\":\"https:\\\/\\\/canal7slp.tv\\\/2023\\\/wp-content\\\/uploads\\\/2023\\\/05\\\/Claudio03Coordinacion.jpg\",\"articleSection\":[\"DESTACADAS\",\"LOCALES Y REGIONALES\"],\"inLanguage\":\"es\"},{\"@type\":\"WebPage\",\"@id\":\"https:\\\/\\\/canal7slp.tv\\\/2023\\\/al-menos-dos-reportes-semanales-de-agresiones-de-perros-callejeros-reciben-autoridades-soledenses\\\/\",\"url\":\"https:\\\/\\\/canal7slp.tv\\\/2023\\\/al-menos-dos-reportes-semanales-de-agresiones-de-perros-callejeros-reciben-autoridades-soledenses\\\/\",\"name\":\"Al menos dos reportes semanales de agresiones de perros callejeros reciben autoridades soledenses - Canal 7 SLP - 2023\",\"isPartOf\":{\"@id\":\"https:\\\/\\\/canal7slp.tv\\\/2023\\\/#website\"},\"primaryImageOfPage\":{\"@id\":\"https:\\\/\\\/canal7slp.tv\\\/2023\\\/al-menos-dos-reportes-semanales-de-agresiones-de-perros-callejeros-reciben-autoridades-soledenses\\\/#primaryimage\"},\"image\":{\"@id\":\"https:\\\/\\\/canal7slp.tv\\\/2023\\\/al-menos-dos-reportes-semanales-de-agresiones-de-perros-callejeros-reciben-autoridades-soledenses\\\/#primaryimage\"},\"thumbnailUrl\":\"https:\\\/\\\/canal7slp.tv\\\/2023\\\/wp-content\\\/uploads\\\/2023\\\/05\\\/Claudio03Coordinacion.jpg\",\"datePublished\":\"2023-05-30T05:07:15+00:00\",\"dateModified\":\"2023-05-30T05:08:08+00:00\",\"breadcrumb\":{\"@id\":\"https:\\\/\\\/canal7slp.tv\\\/2023\\\/al-menos-dos-reportes-semanales-de-agresiones-de-perros-callejeros-reciben-autoridades-soledenses\\\/#breadcrumb\"},\"inLanguage\":\"es\",\"potentialAction\":[{\"@type\":\"ReadAction\",\"target\":[\"https:\\\/\\\/canal7slp.tv\\\/2023\\\/al-menos-dos-reportes-semanales-de-agresiones-de-perros-callejeros-reciben-autoridades-soledenses\\\/\"]}]},{\"@type\":\"ImageObject\",\"inLanguage\":\"es\",\"@id\":\"https:\\\/\\\/canal7slp.tv\\\/2023\\\/al-menos-dos-reportes-semanales-de-agresiones-de-perros-callejeros-reciben-autoridades-soledenses\\\/#primaryimage\",\"url\":\"https:\\\/\\\/canal7slp.tv\\\/2023\\\/wp-content\\\/uploads\\\/2023\\\/05\\\/Claudio03Coordinacion.jpg\",\"contentUrl\":\"https:\\\/\\\/canal7slp.tv\\\/2023\\\/wp-content\\\/uploads\\\/2023\\\/05\\\/Claudio03Coordinacion.jpg\",\"width\":1280,\"height\":720},{\"@type\":\"BreadcrumbList\",\"@id\":\"https:\\\/\\\/canal7slp.tv\\\/2023\\\/al-menos-dos-reportes-semanales-de-agresiones-de-perros-callejeros-reciben-autoridades-soledenses\\\/#breadcrumb\",\"itemListElement\":[{\"@type\":\"ListItem\",\"position\":1,\"name\":\"Portada\",\"item\":\"https:\\\/\\\/canal7slp.tv\\\/2023\\\/\"},{\"@type\":\"ListItem\",\"position\":2,\"name\":\"Al menos dos reportes semanales de agresiones de perros callejeros reciben autoridades soledenses\"}]},{\"@type\":\"WebSite\",\"@id\":\"https:\\\/\\\/canal7slp.tv\\\/2023\\\/#website\",\"url\":\"https:\\\/\\\/canal7slp.tv\\\/2023\\\/\",\"name\":\"N7 - Noticieros Canal 7\",\"description\":\"Somos Televisi\u00f3n\",\"publisher\":{\"@id\":\"https:\\\/\\\/canal7slp.tv\\\/2023\\\/#organization\"},\"potentialAction\":[{\"@type\":\"SearchAction\",\"target\":{\"@type\":\"EntryPoint\",\"urlTemplate\":\"https:\\\/\\\/canal7slp.tv\\\/2023\\\/?s={search_term_string}\"},\"query-input\":{\"@type\":\"PropertyValueSpecification\",\"valueRequired\":true,\"valueName\":\"search_term_string\"}}],\"inLanguage\":\"es\"},{\"@type\":\"Organization\",\"@id\":\"https:\\\/\\\/canal7slp.tv\\\/2023\\\/#organization\",\"name\":\"Noticieros Canal 7\",\"url\":\"https:\\\/\\\/canal7slp.tv\\\/2023\\\/\",\"logo\":{\"@type\":\"ImageObject\",\"inLanguage\":\"es\",\"@id\":\"https:\\\/\\\/canal7slp.tv\\\/2023\\\/#\\\/schema\\\/logo\\\/image\\\/\",\"url\":\"https:\\\/\\\/canal7slp.tv\\\/2023\\\/wp-content\\\/uploads\\\/2021\\\/01\\\/logo-noticieros@2x.png\",\"contentUrl\":\"https:\\\/\\\/canal7slp.tv\\\/2023\\\/wp-content\\\/uploads\\\/2021\\\/01\\\/logo-noticieros@2x.png\",\"width\":1017,\"height\":268,\"caption\":\"Noticieros Canal 7\"},\"image\":{\"@id\":\"https:\\\/\\\/canal7slp.tv\\\/2023\\\/#\\\/schema\\\/logo\\\/image\\\/\"},\"sameAs\":[\"https:\\\/\\\/www.facebook.com\\\/noticieroscanalsiete\",\"https:\\\/\\\/x.com\\\/NOTICIEROS7\",\"https:\\\/\\\/www.instagram.com\\\/canal7_slp\",\"https:\\\/\\\/www.youtube.com\\\/channel\\\/UCliiYs-gP3JfJeqdPrNdd5A\"]},{\"@type\":\"Person\",\"@id\":\"https:\\\/\\\/canal7slp.tv\\\/2023\\\/#\\\/schema\\\/person\\\/639c424e3584069003b11ae813915da6\",\"name\":\"Edici\u00f3n Web\",\"image\":{\"@type\":\"ImageObject\",\"inLanguage\":\"es\",\"@id\":\"https:\\\/\\\/secure.gravatar.com\\\/avatar\\\/eee448fc3f7164808013b816ba91ac7e43bbe82a70bebac296f8bc6f0addaa1a?s=96&d=mm&r=g\",\"url\":\"https:\\\/\\\/secure.gravatar.com\\\/avatar\\\/eee448fc3f7164808013b816ba91ac7e43bbe82a70bebac296f8bc6f0addaa1a?s=96&d=mm&r=g\",\"contentUrl\":\"https:\\\/\\\/secure.gravatar.com\\\/avatar\\\/eee448fc3f7164808013b816ba91ac7e43bbe82a70bebac296f8bc6f0addaa1a?s=96&d=mm&r=g\",\"caption\":\"Edici\u00f3n Web\"},\"url\":\"https:\\\/\\\/canal7slp.tv\\\/2023\\\/author\\\/edicionweb\\\/\"}]}<\/script>\n<!-- \/ Yoast SEO plugin. -->","yoast_head_json":{"title":"Al menos dos reportes semanales de agresiones de perros callejeros reciben autoridades soledenses - Canal 7 SLP - 2023","robots":{"index":"index","follow":"follow","max-snippet":"max-snippet:-1","max-image-preview":"max-image-preview:large","max-video-preview":"max-video-preview:-1"},"canonical":"https:\/\/canal7slp.tv\/2023\/al-menos-dos-reportes-semanales-de-agresiones-de-perros-callejeros-reciben-autoridades-soledenses\/","og_locale":"es_ES","og_type":"article","og_title":"Al menos dos reportes semanales de agresiones de perros callejeros reciben autoridades soledenses - Canal 7 SLP - 2023","og_description":"SGS.- En relaci\u00f3n al lamentable caso de un menor encontrado muerto en unos terrenos bald\u00edos ubicados en la colonia Primero de Mayo, presuntamente atacado por una jaur\u00eda de perros ferales, la directora de Ecolog\u00eda del municipio de Soledad de Graciano S\u00e1nchez Dolores Herrera, aclar\u00f3 que es la Fiscal\u00eda General del Estado la que lleva a cabo las l\u00edneas de investigaci\u00f3n. La funcionaria municipal dijo que la direcci\u00f3n a su cargo en su momento y en el caso de que se lo soliciten solo ser\u00e1 parte coadyuvante en este caso. Las directora de Ecolog\u00eda del municipio soledense se\u00f1al\u00f3 que no solo [&hellip;]","og_url":"https:\/\/canal7slp.tv\/2023\/al-menos-dos-reportes-semanales-de-agresiones-de-perros-callejeros-reciben-autoridades-soledenses\/","og_site_name":"Canal 7 SLP - 2023","article_publisher":"https:\/\/www.facebook.com\/noticieroscanalsiete","article_published_time":"2023-05-30T05:07:15+00:00","article_modified_time":"2023-05-30T05:08:08+00:00","og_image":[{"width":1280,"height":720,"url":"https:\/\/canal7slp.tv\/2023\/wp-content\/uploads\/2023\/05\/Claudio03Coordinacion.jpg","type":"image\/jpeg"}],"author":"Edici\u00f3n Web","twitter_card":"summary_large_image","twitter_creator":"@NOTICIEROS7","twitter_site":"@NOTICIEROS7","twitter_misc":{"Escrito por":"Edici\u00f3n Web","Tiempo de lectura":"1 minuto"},"schema":{"@context":"https:\/\/schema.org","@graph":[{"@type":"Article","@id":"https:\/\/canal7slp.tv\/2023\/al-menos-dos-reportes-semanales-de-agresiones-de-perros-callejeros-reciben-autoridades-soledenses\/#article","isPartOf":{"@id":"https:\/\/canal7slp.tv\/2023\/al-menos-dos-reportes-semanales-de-agresiones-de-perros-callejeros-reciben-autoridades-soledenses\/"},"author":{"name":"Edici\u00f3n Web","@id":"https:\/\/canal7slp.tv\/2023\/#\/schema\/person\/639c424e3584069003b11ae813915da6"},"headline":"Al menos dos reportes semanales de agresiones de perros callejeros reciben autoridades soledenses","datePublished":"2023-05-30T05:07:15+00:00","dateModified":"2023-05-30T05:08:08+00:00","mainEntityOfPage":{"@id":"https:\/\/canal7slp.tv\/2023\/al-menos-dos-reportes-semanales-de-agresiones-de-perros-callejeros-reciben-autoridades-soledenses\/"},"wordCount":196,"publisher":{"@id":"https:\/\/canal7slp.tv\/2023\/#organization"},"image":{"@id":"https:\/\/canal7slp.tv\/2023\/al-menos-dos-reportes-semanales-de-agresiones-de-perros-callejeros-reciben-autoridades-soledenses\/#primaryimage"},"thumbnailUrl":"https:\/\/canal7slp.tv\/2023\/wp-content\/uploads\/2023\/05\/Claudio03Coordinacion.jpg","articleSection":["DESTACADAS","LOCALES Y REGIONALES"],"inLanguage":"es"},{"@type":"WebPage","@id":"https:\/\/canal7slp.tv\/2023\/al-menos-dos-reportes-semanales-de-agresiones-de-perros-callejeros-reciben-autoridades-soledenses\/","url":"https:\/\/canal7slp.tv\/2023\/al-menos-dos-reportes-semanales-de-agresiones-de-perros-callejeros-reciben-autoridades-soledenses\/","name":"Al menos dos reportes semanales de agresiones de perros callejeros reciben autoridades soledenses - Canal 7 SLP - 2023","isPartOf":{"@id":"https:\/\/canal7slp.tv\/2023\/#website"},"primaryImageOfPage":{"@id":"https:\/\/canal7slp.tv\/2023\/al-menos-dos-reportes-semanales-de-agresiones-de-perros-callejeros-reciben-autoridades-soledenses\/#primaryimage"},"image":{"@id":"https:\/\/canal7slp.tv\/2023\/al-menos-dos-reportes-semanales-de-agresiones-de-perros-callejeros-reciben-autoridades-soledenses\/#primaryimage"},"thumbnailUrl":"https:\/\/canal7slp.tv\/2023\/wp-content\/uploads\/2023\/05\/Claudio03Coordinacion.jpg","datePublished":"2023-05-30T05:07:15+00:00","dateModified":"2023-05-30T05:08:08+00:00","breadcrumb":{"@id":"https:\/\/canal7slp.tv\/2023\/al-menos-dos-reportes-semanales-de-agresiones-de-perros-callejeros-reciben-autoridades-soledenses\/#breadcrumb"},"inLanguage":"es","potentialAction":[{"@type":"ReadAction","target":["https:\/\/canal7slp.tv\/2023\/al-menos-dos-reportes-semanales-de-agresiones-de-perros-callejeros-reciben-autoridades-soledenses\/"]}]},{"@type":"ImageObject","inLanguage":"es","@id":"https:\/\/canal7slp.tv\/2023\/al-menos-dos-reportes-semanales-de-agresiones-de-perros-callejeros-reciben-autoridades-soledenses\/#primaryimage","url":"https:\/\/canal7slp.tv\/2023\/wp-content\/uploads\/2023\/05\/Claudio03Coordinacion.jpg","contentUrl":"https:\/\/canal7slp.tv\/2023\/wp-content\/uploads\/2023\/05\/Claudio03Coordinacion.jpg","width":1280,"height":720},{"@type":"BreadcrumbList","@id":"https:\/\/canal7slp.tv\/2023\/al-menos-dos-reportes-semanales-de-agresiones-de-perros-callejeros-reciben-autoridades-soledenses\/#breadcrumb","itemListElement":[{"@type":"ListItem","position":1,"name":"Portada","item":"https:\/\/canal7slp.tv\/2023\/"},{"@type":"ListItem","position":2,"name":"Al menos dos reportes semanales de agresiones de perros callejeros reciben autoridades soledenses"}]},{"@type":"WebSite","@id":"https:\/\/canal7slp.tv\/2023\/#website","url":"https:\/\/canal7slp.tv\/2023\/","name":"N7 - Noticieros Canal 7","description":"Somos Televisi\u00f3n","publisher":{"@id":"https:\/\/canal7slp.tv\/2023\/#organization"},"potentialAction":[{"@type":"SearchAction","target":{"@type":"EntryPoint","urlTemplate":"https:\/\/canal7slp.tv\/2023\/?s={search_term_string}"},"query-input":{"@type":"PropertyValueSpecification","valueRequired":true,"valueName":"search_term_string"}}],"inLanguage":"es"},{"@type":"Organization","@id":"https:\/\/canal7slp.tv\/2023\/#organization","name":"Noticieros Canal 7","url":"https:\/\/canal7slp.tv\/2023\/","logo":{"@type":"ImageObject","inLanguage":"es","@id":"https:\/\/canal7slp.tv\/2023\/#\/schema\/logo\/image\/","url":"https:\/\/canal7slp.tv\/2023\/wp-content\/uploads\/2021\/01\/logo-noticieros@2x.png","contentUrl":"https:\/\/canal7slp.tv\/2023\/wp-content\/uploads\/2021\/01\/logo-noticieros@2x.png","width":1017,"height":268,"caption":"Noticieros Canal 7"},"image":{"@id":"https:\/\/canal7slp.tv\/2023\/#\/schema\/logo\/image\/"},"sameAs":["https:\/\/www.facebook.com\/noticieroscanalsiete","https:\/\/x.com\/NOTICIEROS7","https:\/\/www.instagram.com\/canal7_slp","https:\/\/www.youtube.com\/channel\/UCliiYs-gP3JfJeqdPrNdd5A"]},{"@type":"Person","@id":"https:\/\/canal7slp.tv\/2023\/#\/schema\/person\/639c424e3584069003b11ae813915da6","name":"Edici\u00f3n Web","image":{"@type":"ImageObject","inLanguage":"es","@id":"https:\/\/secure.gravatar.com\/avatar\/eee448fc3f7164808013b816ba91ac7e43bbe82a70bebac296f8bc6f0addaa1a?s=96&d=mm&r=g","url":"https:\/\/secure.gravatar.com\/avatar\/eee448fc3f7164808013b816ba91ac7e43bbe82a70bebac296f8bc6f0addaa1a?s=96&d=mm&r=g","contentUrl":"https:\/\/secure.gravatar.com\/avatar\/eee448fc3f7164808013b816ba91ac7e43bbe82a70bebac296f8bc6f0addaa1a?s=96&d=mm&r=g","caption":"Edici\u00f3n Web"},"url":"https:\/\/canal7slp.tv\/2023\/author\/edicionweb\/"}]}},"_links":{"self":[{"href":"https:\/\/canal7slp.tv\/2023\/wp-json\/wp\/v2\/posts\/96888","targetHints":{"allow":["GET"]}}],"collection":[{"href":"https:\/\/canal7slp.tv\/2023\/wp-json\/wp\/v2\/posts"}],"about":[{"href":"https:\/\/canal7slp.tv\/2023\/wp-json\/wp\/v2\/types\/post"}],"author":[{"embeddable":true,"href":"https:\/\/canal7slp.tv\/2023\/wp-json\/wp\/v2\/users\/2"}],"replies":[{"embeddable":true,"href":"https:\/\/canal7slp.tv\/2023\/wp-json\/wp\/v2\/comments?post=96888"}],"version-history":[{"count":3,"href":"https:\/\/canal7slp.tv\/2023\/wp-json\/wp\/v2\/posts\/96888\/revisions"}],"predecessor-version":[{"id":96907,"href":"https:\/\/canal7slp.tv\/2023\/wp-json\/wp\/v2\/posts\/96888\/revisions\/96907"}],"wp:featuredmedia":[{"embeddable":true,"href":"https:\/\/canal7slp.tv\/2023\/wp-json\/wp\/v2\/media\/96905"}],"wp:attachment":[{"href":"https:\/\/canal7slp.tv\/2023\/wp-json\/wp\/v2\/media?parent=96888"}],"wp:term":[{"taxonomy":"category","embeddable":true,"href":"https:\/\/canal7slp.tv\/2023\/wp-json\/wp\/v2\/categories?post=96888"},{"taxonomy":"post_tag","embeddable":true,"href":"https:\/\/canal7slp.tv\/2023\/wp-json\/wp\/v2\/tags?post=96888"}],"curies":[{"name":"wp","href":"https:\/\/api.w.org\/{rel}","templated":true}]}}