{"id":96677,"date":"2023-05-27T10:13:51","date_gmt":"2023-05-27T16:13:51","guid":{"rendered":"https:\/\/canal7slp.tv\/2023\/?p=96677"},"modified":"2023-05-27T10:13:51","modified_gmt":"2023-05-27T16:13:51","slug":"policias-jubilados-se-manifiestan-en-delegacion-de-finanzas-de-matehuala-por-retraso-en-quincena","status":"publish","type":"post","link":"https:\/\/canal7slp.tv\/2023\/policias-jubilados-se-manifiestan-en-delegacion-de-finanzas-de-matehuala-por-retraso-en-quincena\/","title":{"rendered":"Polic\u00edas jubilados se manifiestan en delegaci\u00f3n de Finanzas de Matehuala por retraso en quincena"},"content":{"rendered":"<p style=\"text-align: justify;\">Matehuala.- Un grupo de elementos jubilados de la extinta Polic\u00eda Estatal, se manifestaron a las afueras de la Secretar\u00eda de Finanzas Delegaci\u00f3n Matehuala, luego de que el pago de su quincena fue retrasado por un d\u00eda.<\/p>\n<p style=\"text-align: justify;\">Javier Flores, jubilado del Gobierno del Estado, coment\u00f3 al respecto, \u00abhay unos compa\u00f1eros que manifestaron que no les lleg\u00f3 el pago completo, desconozco cu\u00e1les son las causas y ahorita lo que vemos es que si ya nos pagaron a todos pero esa es la inconformidad de nosotros, que no queremos y no vamos a permitir que nos sigan retrasando los pagos de nuestras quincenas, no es una limosna que le estamos pidiendo al Gobierno del Estado, es nuestro derecho, es nuestro dinero que nosotros aportamos durante m\u00e1s de 30 a\u00f1os que estuvimos trabajando para el Gobierno del Estado\u00bb.<\/p>\n<p style=\"text-align: justify;\">El manifestantes mencion\u00f3 que fue a trav\u00e9s de un audio de WhatsApp donde se les avis\u00f3 que su pago se iba a retrasar, \u00abpero no vamos a permitir eso porque tenemos familia, tenemos gastos que cubrir, para que nos hagan esto, un retraso de nuestros pagos, pues como que no est\u00e1 bien\u00bb.<\/p>\n<p style=\"text-align: justify;\">Flores afirm\u00f3 que intentaron dialogar con la titular de la dependencia en Matehuala, Lucinda Diaz, sin embargo, no obtuvieron respuesta, \u00abquisimos hablar con las encargadas de aqu\u00ed de Finanzas pero nos dijeron que no estaban, para hacerle saber nada m\u00e1s, nos dijeron que no estaban, entonces nos instalamos aqu\u00ed y aqu\u00ed estamos\u00bb.<\/p>\n<p>Por: Jes\u00fas Valencia<\/p>\n","protected":false},"excerpt":{"rendered":"<p>Matehuala.- Un grupo de elementos jubilados de la extinta Polic\u00eda Estatal, se manifestaron a las afueras de la Secretar\u00eda de Finanzas Delegaci\u00f3n Matehuala, luego de que el pago de su quincena fue retrasado por un d\u00eda. Javier Flores, jubilado del Gobierno del Estado, coment\u00f3 al respecto, \u00abhay unos compa\u00f1eros que manifestaron que no les lleg\u00f3 el pago completo, desconozco cu\u00e1les son las causas y ahorita lo que vemos es que si ya nos pagaron a todos pero esa es la inconformidad de nosotros, que no queremos y no vamos a permitir que nos sigan retrasando los pagos de nuestras quincenas, [&hellip;]<\/p>\n","protected":false},"author":2,"featured_media":96686,"comment_status":"closed","ping_status":"closed","sticky":false,"template":"","format":"video","meta":{"footnotes":""},"categories":[5,43],"tags":[],"class_list":["post-96677","post","type-post","status-publish","format-video","has-post-thumbnail","hentry","category-destacadas","category-interior","post_format-post-format-video","post--single"],"yoast_head":"<!-- This site is optimized with the Yoast SEO plugin v27.4 - https:\/\/yoast.com\/product\/yoast-seo-wordpress\/ -->\n<title>Polic\u00edas jubilados se manifiestan en delegaci\u00f3n de Finanzas de Matehuala por retraso en quincena - Canal 7 SLP - 2023<\/title>\n<meta name=\"robots\" content=\"index, follow, max-snippet:-1, max-image-preview:large, max-video-preview:-1\" \/>\n<link rel=\"canonical\" href=\"https:\/\/canal7slp.tv\/2023\/policias-jubilados-se-manifiestan-en-delegacion-de-finanzas-de-matehuala-por-retraso-en-quincena\/\" \/>\n<meta property=\"og:locale\" content=\"es_ES\" \/>\n<meta property=\"og:type\" content=\"article\" \/>\n<meta property=\"og:title\" content=\"Polic\u00edas jubilados se manifiestan en delegaci\u00f3n de Finanzas de Matehuala por retraso en quincena - Canal 7 SLP - 2023\" \/>\n<meta property=\"og:description\" content=\"Matehuala.- Un grupo de elementos jubilados de la extinta Polic\u00eda Estatal, se manifestaron a las afueras de la Secretar\u00eda de Finanzas Delegaci\u00f3n Matehuala, luego de que el pago de su quincena fue retrasado por un d\u00eda. Javier Flores, jubilado del Gobierno del Estado, coment\u00f3 al respecto, \u00abhay unos compa\u00f1eros que manifestaron que no les lleg\u00f3 el pago completo, desconozco cu\u00e1les son las causas y ahorita lo que vemos es que si ya nos pagaron a todos pero esa es la inconformidad de nosotros, que no queremos y no vamos a permitir que nos sigan retrasando los pagos de nuestras quincenas, [&hellip;]\" \/>\n<meta property=\"og:url\" content=\"https:\/\/canal7slp.tv\/2023\/policias-jubilados-se-manifiestan-en-delegacion-de-finanzas-de-matehuala-por-retraso-en-quincena\/\" \/>\n<meta property=\"og:site_name\" content=\"Canal 7 SLP - 2023\" \/>\n<meta property=\"article:publisher\" content=\"https:\/\/www.facebook.com\/noticieroscanalsiete\" \/>\n<meta property=\"article:published_time\" content=\"2023-05-27T16:13:51+00:00\" \/>\n<meta property=\"og:image\" content=\"https:\/\/canal7slp.tv\/2023\/wp-content\/uploads\/2023\/05\/Valencia04Jubilados.jpg\" \/>\n\t<meta property=\"og:image:width\" content=\"909\" \/>\n\t<meta property=\"og:image:height\" content=\"500\" \/>\n\t<meta property=\"og:image:type\" content=\"image\/jpeg\" \/>\n<meta name=\"author\" content=\"Edici\u00f3n Web\" \/>\n<meta name=\"twitter:card\" content=\"summary_large_image\" \/>\n<meta name=\"twitter:creator\" content=\"@NOTICIEROS7\" \/>\n<meta name=\"twitter:site\" content=\"@NOTICIEROS7\" \/>\n<meta name=\"twitter:label1\" content=\"Escrito por\" \/>\n\t<meta name=\"twitter:data1\" content=\"Edici\u00f3n Web\" \/>\n\t<meta name=\"twitter:label2\" content=\"Tiempo de lectura\" \/>\n\t<meta name=\"twitter:data2\" content=\"2 minutos\" \/>\n<script type=\"application\/ld+json\" class=\"yoast-schema-graph\">{\"@context\":\"https:\\\/\\\/schema.org\",\"@graph\":[{\"@type\":\"Article\",\"@id\":\"https:\\\/\\\/canal7slp.tv\\\/2023\\\/policias-jubilados-se-manifiestan-en-delegacion-de-finanzas-de-matehuala-por-retraso-en-quincena\\\/#article\",\"isPartOf\":{\"@id\":\"https:\\\/\\\/canal7slp.tv\\\/2023\\\/policias-jubilados-se-manifiestan-en-delegacion-de-finanzas-de-matehuala-por-retraso-en-quincena\\\/\"},\"author\":{\"name\":\"Edici\u00f3n Web\",\"@id\":\"https:\\\/\\\/canal7slp.tv\\\/2023\\\/#\\\/schema\\\/person\\\/639c424e3584069003b11ae813915da6\"},\"headline\":\"Polic\u00edas jubilados se manifiestan en delegaci\u00f3n de Finanzas de Matehuala por retraso en quincena\",\"datePublished\":\"2023-05-27T16:13:51+00:00\",\"mainEntityOfPage\":{\"@id\":\"https:\\\/\\\/canal7slp.tv\\\/2023\\\/policias-jubilados-se-manifiestan-en-delegacion-de-finanzas-de-matehuala-por-retraso-en-quincena\\\/\"},\"wordCount\":268,\"publisher\":{\"@id\":\"https:\\\/\\\/canal7slp.tv\\\/2023\\\/#organization\"},\"image\":{\"@id\":\"https:\\\/\\\/canal7slp.tv\\\/2023\\\/policias-jubilados-se-manifiestan-en-delegacion-de-finanzas-de-matehuala-por-retraso-en-quincena\\\/#primaryimage\"},\"thumbnailUrl\":\"https:\\\/\\\/canal7slp.tv\\\/2023\\\/wp-content\\\/uploads\\\/2023\\\/05\\\/Valencia04Jubilados.jpg\",\"articleSection\":[\"DESTACADAS\",\"INTERIOR DEL ESTADO\"],\"inLanguage\":\"es\"},{\"@type\":\"WebPage\",\"@id\":\"https:\\\/\\\/canal7slp.tv\\\/2023\\\/policias-jubilados-se-manifiestan-en-delegacion-de-finanzas-de-matehuala-por-retraso-en-quincena\\\/\",\"url\":\"https:\\\/\\\/canal7slp.tv\\\/2023\\\/policias-jubilados-se-manifiestan-en-delegacion-de-finanzas-de-matehuala-por-retraso-en-quincena\\\/\",\"name\":\"Polic\u00edas jubilados se manifiestan en delegaci\u00f3n de Finanzas de Matehuala por retraso en quincena - Canal 7 SLP - 2023\",\"isPartOf\":{\"@id\":\"https:\\\/\\\/canal7slp.tv\\\/2023\\\/#website\"},\"primaryImageOfPage\":{\"@id\":\"https:\\\/\\\/canal7slp.tv\\\/2023\\\/policias-jubilados-se-manifiestan-en-delegacion-de-finanzas-de-matehuala-por-retraso-en-quincena\\\/#primaryimage\"},\"image\":{\"@id\":\"https:\\\/\\\/canal7slp.tv\\\/2023\\\/policias-jubilados-se-manifiestan-en-delegacion-de-finanzas-de-matehuala-por-retraso-en-quincena\\\/#primaryimage\"},\"thumbnailUrl\":\"https:\\\/\\\/canal7slp.tv\\\/2023\\\/wp-content\\\/uploads\\\/2023\\\/05\\\/Valencia04Jubilados.jpg\",\"datePublished\":\"2023-05-27T16:13:51+00:00\",\"breadcrumb\":{\"@id\":\"https:\\\/\\\/canal7slp.tv\\\/2023\\\/policias-jubilados-se-manifiestan-en-delegacion-de-finanzas-de-matehuala-por-retraso-en-quincena\\\/#breadcrumb\"},\"inLanguage\":\"es\",\"potentialAction\":[{\"@type\":\"ReadAction\",\"target\":[\"https:\\\/\\\/canal7slp.tv\\\/2023\\\/policias-jubilados-se-manifiestan-en-delegacion-de-finanzas-de-matehuala-por-retraso-en-quincena\\\/\"]}]},{\"@type\":\"ImageObject\",\"inLanguage\":\"es\",\"@id\":\"https:\\\/\\\/canal7slp.tv\\\/2023\\\/policias-jubilados-se-manifiestan-en-delegacion-de-finanzas-de-matehuala-por-retraso-en-quincena\\\/#primaryimage\",\"url\":\"https:\\\/\\\/canal7slp.tv\\\/2023\\\/wp-content\\\/uploads\\\/2023\\\/05\\\/Valencia04Jubilados.jpg\",\"contentUrl\":\"https:\\\/\\\/canal7slp.tv\\\/2023\\\/wp-content\\\/uploads\\\/2023\\\/05\\\/Valencia04Jubilados.jpg\",\"width\":909,\"height\":500},{\"@type\":\"BreadcrumbList\",\"@id\":\"https:\\\/\\\/canal7slp.tv\\\/2023\\\/policias-jubilados-se-manifiestan-en-delegacion-de-finanzas-de-matehuala-por-retraso-en-quincena\\\/#breadcrumb\",\"itemListElement\":[{\"@type\":\"ListItem\",\"position\":1,\"name\":\"Portada\",\"item\":\"https:\\\/\\\/canal7slp.tv\\\/2023\\\/\"},{\"@type\":\"ListItem\",\"position\":2,\"name\":\"Polic\u00edas jubilados se manifiestan en delegaci\u00f3n de Finanzas de Matehuala por retraso en quincena\"}]},{\"@type\":\"WebSite\",\"@id\":\"https:\\\/\\\/canal7slp.tv\\\/2023\\\/#website\",\"url\":\"https:\\\/\\\/canal7slp.tv\\\/2023\\\/\",\"name\":\"N7 - Noticieros Canal 7\",\"description\":\"Somos Televisi\u00f3n\",\"publisher\":{\"@id\":\"https:\\\/\\\/canal7slp.tv\\\/2023\\\/#organization\"},\"potentialAction\":[{\"@type\":\"SearchAction\",\"target\":{\"@type\":\"EntryPoint\",\"urlTemplate\":\"https:\\\/\\\/canal7slp.tv\\\/2023\\\/?s={search_term_string}\"},\"query-input\":{\"@type\":\"PropertyValueSpecification\",\"valueRequired\":true,\"valueName\":\"search_term_string\"}}],\"inLanguage\":\"es\"},{\"@type\":\"Organization\",\"@id\":\"https:\\\/\\\/canal7slp.tv\\\/2023\\\/#organization\",\"name\":\"Noticieros Canal 7\",\"url\":\"https:\\\/\\\/canal7slp.tv\\\/2023\\\/\",\"logo\":{\"@type\":\"ImageObject\",\"inLanguage\":\"es\",\"@id\":\"https:\\\/\\\/canal7slp.tv\\\/2023\\\/#\\\/schema\\\/logo\\\/image\\\/\",\"url\":\"https:\\\/\\\/canal7slp.tv\\\/2023\\\/wp-content\\\/uploads\\\/2021\\\/01\\\/logo-noticieros@2x.png\",\"contentUrl\":\"https:\\\/\\\/canal7slp.tv\\\/2023\\\/wp-content\\\/uploads\\\/2021\\\/01\\\/logo-noticieros@2x.png\",\"width\":1017,\"height\":268,\"caption\":\"Noticieros Canal 7\"},\"image\":{\"@id\":\"https:\\\/\\\/canal7slp.tv\\\/2023\\\/#\\\/schema\\\/logo\\\/image\\\/\"},\"sameAs\":[\"https:\\\/\\\/www.facebook.com\\\/noticieroscanalsiete\",\"https:\\\/\\\/x.com\\\/NOTICIEROS7\",\"https:\\\/\\\/www.instagram.com\\\/canal7_slp\",\"https:\\\/\\\/www.youtube.com\\\/channel\\\/UCliiYs-gP3JfJeqdPrNdd5A\"]},{\"@type\":\"Person\",\"@id\":\"https:\\\/\\\/canal7slp.tv\\\/2023\\\/#\\\/schema\\\/person\\\/639c424e3584069003b11ae813915da6\",\"name\":\"Edici\u00f3n Web\",\"image\":{\"@type\":\"ImageObject\",\"inLanguage\":\"es\",\"@id\":\"https:\\\/\\\/secure.gravatar.com\\\/avatar\\\/eee448fc3f7164808013b816ba91ac7e43bbe82a70bebac296f8bc6f0addaa1a?s=96&d=mm&r=g\",\"url\":\"https:\\\/\\\/secure.gravatar.com\\\/avatar\\\/eee448fc3f7164808013b816ba91ac7e43bbe82a70bebac296f8bc6f0addaa1a?s=96&d=mm&r=g\",\"contentUrl\":\"https:\\\/\\\/secure.gravatar.com\\\/avatar\\\/eee448fc3f7164808013b816ba91ac7e43bbe82a70bebac296f8bc6f0addaa1a?s=96&d=mm&r=g\",\"caption\":\"Edici\u00f3n Web\"},\"url\":\"https:\\\/\\\/canal7slp.tv\\\/2023\\\/author\\\/edicionweb\\\/\"}]}<\/script>\n<!-- \/ Yoast SEO plugin. -->","yoast_head_json":{"title":"Polic\u00edas jubilados se manifiestan en delegaci\u00f3n de Finanzas de Matehuala por retraso en quincena - Canal 7 SLP - 2023","robots":{"index":"index","follow":"follow","max-snippet":"max-snippet:-1","max-image-preview":"max-image-preview:large","max-video-preview":"max-video-preview:-1"},"canonical":"https:\/\/canal7slp.tv\/2023\/policias-jubilados-se-manifiestan-en-delegacion-de-finanzas-de-matehuala-por-retraso-en-quincena\/","og_locale":"es_ES","og_type":"article","og_title":"Polic\u00edas jubilados se manifiestan en delegaci\u00f3n de Finanzas de Matehuala por retraso en quincena - Canal 7 SLP - 2023","og_description":"Matehuala.- Un grupo de elementos jubilados de la extinta Polic\u00eda Estatal, se manifestaron a las afueras de la Secretar\u00eda de Finanzas Delegaci\u00f3n Matehuala, luego de que el pago de su quincena fue retrasado por un d\u00eda. Javier Flores, jubilado del Gobierno del Estado, coment\u00f3 al respecto, \u00abhay unos compa\u00f1eros que manifestaron que no les lleg\u00f3 el pago completo, desconozco cu\u00e1les son las causas y ahorita lo que vemos es que si ya nos pagaron a todos pero esa es la inconformidad de nosotros, que no queremos y no vamos a permitir que nos sigan retrasando los pagos de nuestras quincenas, [&hellip;]","og_url":"https:\/\/canal7slp.tv\/2023\/policias-jubilados-se-manifiestan-en-delegacion-de-finanzas-de-matehuala-por-retraso-en-quincena\/","og_site_name":"Canal 7 SLP - 2023","article_publisher":"https:\/\/www.facebook.com\/noticieroscanalsiete","article_published_time":"2023-05-27T16:13:51+00:00","og_image":[{"width":909,"height":500,"url":"https:\/\/canal7slp.tv\/2023\/wp-content\/uploads\/2023\/05\/Valencia04Jubilados.jpg","type":"image\/jpeg"}],"author":"Edici\u00f3n Web","twitter_card":"summary_large_image","twitter_creator":"@NOTICIEROS7","twitter_site":"@NOTICIEROS7","twitter_misc":{"Escrito por":"Edici\u00f3n Web","Tiempo de lectura":"2 minutos"},"schema":{"@context":"https:\/\/schema.org","@graph":[{"@type":"Article","@id":"https:\/\/canal7slp.tv\/2023\/policias-jubilados-se-manifiestan-en-delegacion-de-finanzas-de-matehuala-por-retraso-en-quincena\/#article","isPartOf":{"@id":"https:\/\/canal7slp.tv\/2023\/policias-jubilados-se-manifiestan-en-delegacion-de-finanzas-de-matehuala-por-retraso-en-quincena\/"},"author":{"name":"Edici\u00f3n Web","@id":"https:\/\/canal7slp.tv\/2023\/#\/schema\/person\/639c424e3584069003b11ae813915da6"},"headline":"Polic\u00edas jubilados se manifiestan en delegaci\u00f3n de Finanzas de Matehuala por retraso en quincena","datePublished":"2023-05-27T16:13:51+00:00","mainEntityOfPage":{"@id":"https:\/\/canal7slp.tv\/2023\/policias-jubilados-se-manifiestan-en-delegacion-de-finanzas-de-matehuala-por-retraso-en-quincena\/"},"wordCount":268,"publisher":{"@id":"https:\/\/canal7slp.tv\/2023\/#organization"},"image":{"@id":"https:\/\/canal7slp.tv\/2023\/policias-jubilados-se-manifiestan-en-delegacion-de-finanzas-de-matehuala-por-retraso-en-quincena\/#primaryimage"},"thumbnailUrl":"https:\/\/canal7slp.tv\/2023\/wp-content\/uploads\/2023\/05\/Valencia04Jubilados.jpg","articleSection":["DESTACADAS","INTERIOR DEL ESTADO"],"inLanguage":"es"},{"@type":"WebPage","@id":"https:\/\/canal7slp.tv\/2023\/policias-jubilados-se-manifiestan-en-delegacion-de-finanzas-de-matehuala-por-retraso-en-quincena\/","url":"https:\/\/canal7slp.tv\/2023\/policias-jubilados-se-manifiestan-en-delegacion-de-finanzas-de-matehuala-por-retraso-en-quincena\/","name":"Polic\u00edas jubilados se manifiestan en delegaci\u00f3n de Finanzas de Matehuala por retraso en quincena - Canal 7 SLP - 2023","isPartOf":{"@id":"https:\/\/canal7slp.tv\/2023\/#website"},"primaryImageOfPage":{"@id":"https:\/\/canal7slp.tv\/2023\/policias-jubilados-se-manifiestan-en-delegacion-de-finanzas-de-matehuala-por-retraso-en-quincena\/#primaryimage"},"image":{"@id":"https:\/\/canal7slp.tv\/2023\/policias-jubilados-se-manifiestan-en-delegacion-de-finanzas-de-matehuala-por-retraso-en-quincena\/#primaryimage"},"thumbnailUrl":"https:\/\/canal7slp.tv\/2023\/wp-content\/uploads\/2023\/05\/Valencia04Jubilados.jpg","datePublished":"2023-05-27T16:13:51+00:00","breadcrumb":{"@id":"https:\/\/canal7slp.tv\/2023\/policias-jubilados-se-manifiestan-en-delegacion-de-finanzas-de-matehuala-por-retraso-en-quincena\/#breadcrumb"},"inLanguage":"es","potentialAction":[{"@type":"ReadAction","target":["https:\/\/canal7slp.tv\/2023\/policias-jubilados-se-manifiestan-en-delegacion-de-finanzas-de-matehuala-por-retraso-en-quincena\/"]}]},{"@type":"ImageObject","inLanguage":"es","@id":"https:\/\/canal7slp.tv\/2023\/policias-jubilados-se-manifiestan-en-delegacion-de-finanzas-de-matehuala-por-retraso-en-quincena\/#primaryimage","url":"https:\/\/canal7slp.tv\/2023\/wp-content\/uploads\/2023\/05\/Valencia04Jubilados.jpg","contentUrl":"https:\/\/canal7slp.tv\/2023\/wp-content\/uploads\/2023\/05\/Valencia04Jubilados.jpg","width":909,"height":500},{"@type":"BreadcrumbList","@id":"https:\/\/canal7slp.tv\/2023\/policias-jubilados-se-manifiestan-en-delegacion-de-finanzas-de-matehuala-por-retraso-en-quincena\/#breadcrumb","itemListElement":[{"@type":"ListItem","position":1,"name":"Portada","item":"https:\/\/canal7slp.tv\/2023\/"},{"@type":"ListItem","position":2,"name":"Polic\u00edas jubilados se manifiestan en delegaci\u00f3n de Finanzas de Matehuala por retraso en quincena"}]},{"@type":"WebSite","@id":"https:\/\/canal7slp.tv\/2023\/#website","url":"https:\/\/canal7slp.tv\/2023\/","name":"N7 - Noticieros Canal 7","description":"Somos Televisi\u00f3n","publisher":{"@id":"https:\/\/canal7slp.tv\/2023\/#organization"},"potentialAction":[{"@type":"SearchAction","target":{"@type":"EntryPoint","urlTemplate":"https:\/\/canal7slp.tv\/2023\/?s={search_term_string}"},"query-input":{"@type":"PropertyValueSpecification","valueRequired":true,"valueName":"search_term_string"}}],"inLanguage":"es"},{"@type":"Organization","@id":"https:\/\/canal7slp.tv\/2023\/#organization","name":"Noticieros Canal 7","url":"https:\/\/canal7slp.tv\/2023\/","logo":{"@type":"ImageObject","inLanguage":"es","@id":"https:\/\/canal7slp.tv\/2023\/#\/schema\/logo\/image\/","url":"https:\/\/canal7slp.tv\/2023\/wp-content\/uploads\/2021\/01\/logo-noticieros@2x.png","contentUrl":"https:\/\/canal7slp.tv\/2023\/wp-content\/uploads\/2021\/01\/logo-noticieros@2x.png","width":1017,"height":268,"caption":"Noticieros Canal 7"},"image":{"@id":"https:\/\/canal7slp.tv\/2023\/#\/schema\/logo\/image\/"},"sameAs":["https:\/\/www.facebook.com\/noticieroscanalsiete","https:\/\/x.com\/NOTICIEROS7","https:\/\/www.instagram.com\/canal7_slp","https:\/\/www.youtube.com\/channel\/UCliiYs-gP3JfJeqdPrNdd5A"]},{"@type":"Person","@id":"https:\/\/canal7slp.tv\/2023\/#\/schema\/person\/639c424e3584069003b11ae813915da6","name":"Edici\u00f3n Web","image":{"@type":"ImageObject","inLanguage":"es","@id":"https:\/\/secure.gravatar.com\/avatar\/eee448fc3f7164808013b816ba91ac7e43bbe82a70bebac296f8bc6f0addaa1a?s=96&d=mm&r=g","url":"https:\/\/secure.gravatar.com\/avatar\/eee448fc3f7164808013b816ba91ac7e43bbe82a70bebac296f8bc6f0addaa1a?s=96&d=mm&r=g","contentUrl":"https:\/\/secure.gravatar.com\/avatar\/eee448fc3f7164808013b816ba91ac7e43bbe82a70bebac296f8bc6f0addaa1a?s=96&d=mm&r=g","caption":"Edici\u00f3n Web"},"url":"https:\/\/canal7slp.tv\/2023\/author\/edicionweb\/"}]}},"_links":{"self":[{"href":"https:\/\/canal7slp.tv\/2023\/wp-json\/wp\/v2\/posts\/96677","targetHints":{"allow":["GET"]}}],"collection":[{"href":"https:\/\/canal7slp.tv\/2023\/wp-json\/wp\/v2\/posts"}],"about":[{"href":"https:\/\/canal7slp.tv\/2023\/wp-json\/wp\/v2\/types\/post"}],"author":[{"embeddable":true,"href":"https:\/\/canal7slp.tv\/2023\/wp-json\/wp\/v2\/users\/2"}],"replies":[{"embeddable":true,"href":"https:\/\/canal7slp.tv\/2023\/wp-json\/wp\/v2\/comments?post=96677"}],"version-history":[{"count":2,"href":"https:\/\/canal7slp.tv\/2023\/wp-json\/wp\/v2\/posts\/96677\/revisions"}],"predecessor-version":[{"id":96687,"href":"https:\/\/canal7slp.tv\/2023\/wp-json\/wp\/v2\/posts\/96677\/revisions\/96687"}],"wp:featuredmedia":[{"embeddable":true,"href":"https:\/\/canal7slp.tv\/2023\/wp-json\/wp\/v2\/media\/96686"}],"wp:attachment":[{"href":"https:\/\/canal7slp.tv\/2023\/wp-json\/wp\/v2\/media?parent=96677"}],"wp:term":[{"taxonomy":"category","embeddable":true,"href":"https:\/\/canal7slp.tv\/2023\/wp-json\/wp\/v2\/categories?post=96677"},{"taxonomy":"post_tag","embeddable":true,"href":"https:\/\/canal7slp.tv\/2023\/wp-json\/wp\/v2\/tags?post=96677"}],"curies":[{"name":"wp","href":"https:\/\/api.w.org\/{rel}","templated":true}]}}