{"id":96675,"date":"2023-05-27T10:10:18","date_gmt":"2023-05-27T16:10:18","guid":{"rendered":"https:\/\/canal7slp.tv\/2023\/?p=96675"},"modified":"2023-05-27T10:10:18","modified_gmt":"2023-05-27T16:10:18","slug":"en-matehuala-se-llevo-a-cabo-la-cumbre-nacional-de-tecnologia","status":"publish","type":"post","link":"https:\/\/canal7slp.tv\/2023\/en-matehuala-se-llevo-a-cabo-la-cumbre-nacional-de-tecnologia\/","title":{"rendered":"En Matehuala, se llev\u00f3 a cabo la Cumbre Nacional de Tecnolog\u00eda"},"content":{"rendered":"<p style=\"text-align: justify;\">Matehuala.- Con el objetivo de que los estudiantes tengan la posibilidad de presentar proyectos que se conviertan en alternativas de soluci\u00f3n en el entorno innovador, se llev\u00f3 a cabo la etapa local de la Cumbre Nacional de Tecnolog\u00eda, en el Instituto Tecnol\u00f3gico de Matehuala.<\/p>\n<p style=\"text-align: justify;\">Juan Carlos D\u00edaz de Le\u00f3n, sub director acad\u00e9mico de la instituci\u00f3n, coment\u00f3 al respecto, \u00abel Tecnol\u00f3gico participa participa permanentemente en varios foros, tuvimos la participaci\u00f3n en el evento de expociencias donde hemos tenido buenos resultados a nivel nacional, tambi\u00e9n hemos tenido participaci\u00f3n en la Sociedad Latinoamericana de Ciencia y Tecnolog\u00eda y en estos momentos estamos a punto de participar en un evento internacional, precisamente acabamos de llegar de Guadalajara, Jalisco, donde conseguimos la medalla de oro y nos da la oportunidad de participar en T\u00fanez, el pr\u00f3ximo marzo del 2024\u00bb.<\/p>\n<p style=\"text-align: justify;\">D\u00edaz de Le\u00f3n afirm\u00f3 que el reto m\u00e1s importante por el que atraviesa la instituci\u00f3n, es la b\u00fasqueda de apoyos para poder solventar los gastos que representan la asistencia a cada competencia, \u00abbueno ellos van y vienen con gastos de la instituci\u00f3n, \u00fanicamente se les pide el m\u00ednimo gasto para ellos, pero aqu\u00ed en la escuela hemos tenido esa preocupaci\u00f3n permanente de que cuando tengan una representatividad sobre todo en el Tecnol\u00f3gico Campus Matehuala, pues tengan las posibilidades, se les apoya aqu\u00ed en la instituci\u00f3n\u00bb.<\/p>\n<p style=\"text-align: justify;\">Al final, destac\u00f3 la importancia de que se contin\u00faen fomentando estos proyectos para los j\u00f3venes, \u00abyo creo que ellos son el insumo importante de estos eventos, la creatividad, la soluci\u00f3n que ellos presentan, su iniciativa, sus ganas de salir adelante, es lo que nos inspira a que si hay alg\u00fan tr\u00e1mite administrativo, hacer lo necesario para que ellos puedan estar en los diferentes escenarios\u00bb.<\/p>\n<p>Por: Jes\u00fas Valencia<\/p>\n","protected":false},"excerpt":{"rendered":"<p>Matehuala.- Con el objetivo de que los estudiantes tengan la posibilidad de presentar proyectos que se conviertan en alternativas de soluci\u00f3n en el entorno innovador, se llev\u00f3 a cabo la etapa local de la Cumbre Nacional de Tecnolog\u00eda, en el Instituto Tecnol\u00f3gico de Matehuala. Juan Carlos D\u00edaz de Le\u00f3n, sub director acad\u00e9mico de la instituci\u00f3n, coment\u00f3 al respecto, \u00abel Tecnol\u00f3gico participa participa permanentemente en varios foros, tuvimos la participaci\u00f3n en el evento de expociencias donde hemos tenido buenos resultados a nivel nacional, tambi\u00e9n hemos tenido participaci\u00f3n en la Sociedad Latinoamericana de Ciencia y Tecnolog\u00eda y en estos momentos estamos a [&hellip;]<\/p>\n","protected":false},"author":2,"featured_media":96684,"comment_status":"closed","ping_status":"closed","sticky":false,"template":"","format":"video","meta":{"footnotes":""},"categories":[5,43],"tags":[],"class_list":["post-96675","post","type-post","status-publish","format-video","has-post-thumbnail","hentry","category-destacadas","category-interior","post_format-post-format-video","post--single"],"yoast_head":"<!-- This site is optimized with the Yoast SEO plugin v27.4 - https:\/\/yoast.com\/product\/yoast-seo-wordpress\/ -->\n<title>En Matehuala, se llev\u00f3 a cabo la Cumbre Nacional de Tecnolog\u00eda - Canal 7 SLP - 2023<\/title>\n<meta name=\"robots\" content=\"index, follow, max-snippet:-1, max-image-preview:large, max-video-preview:-1\" \/>\n<link rel=\"canonical\" href=\"https:\/\/canal7slp.tv\/2023\/en-matehuala-se-llevo-a-cabo-la-cumbre-nacional-de-tecnologia\/\" \/>\n<meta property=\"og:locale\" content=\"es_ES\" \/>\n<meta property=\"og:type\" content=\"article\" \/>\n<meta property=\"og:title\" content=\"En Matehuala, se llev\u00f3 a cabo la Cumbre Nacional de Tecnolog\u00eda - Canal 7 SLP - 2023\" \/>\n<meta property=\"og:description\" content=\"Matehuala.- Con el objetivo de que los estudiantes tengan la posibilidad de presentar proyectos que se conviertan en alternativas de soluci\u00f3n en el entorno innovador, se llev\u00f3 a cabo la etapa local de la Cumbre Nacional de Tecnolog\u00eda, en el Instituto Tecnol\u00f3gico de Matehuala. Juan Carlos D\u00edaz de Le\u00f3n, sub director acad\u00e9mico de la instituci\u00f3n, coment\u00f3 al respecto, \u00abel Tecnol\u00f3gico participa participa permanentemente en varios foros, tuvimos la participaci\u00f3n en el evento de expociencias donde hemos tenido buenos resultados a nivel nacional, tambi\u00e9n hemos tenido participaci\u00f3n en la Sociedad Latinoamericana de Ciencia y Tecnolog\u00eda y en estos momentos estamos a [&hellip;]\" \/>\n<meta property=\"og:url\" content=\"https:\/\/canal7slp.tv\/2023\/en-matehuala-se-llevo-a-cabo-la-cumbre-nacional-de-tecnologia\/\" \/>\n<meta property=\"og:site_name\" content=\"Canal 7 SLP - 2023\" \/>\n<meta property=\"article:publisher\" content=\"https:\/\/www.facebook.com\/noticieroscanalsiete\" \/>\n<meta property=\"article:published_time\" content=\"2023-05-27T16:10:18+00:00\" \/>\n<meta property=\"og:image\" content=\"https:\/\/canal7slp.tv\/2023\/wp-content\/uploads\/2023\/05\/Valencia02InnovateMatehuala.jpg\" \/>\n\t<meta property=\"og:image:width\" content=\"909\" \/>\n\t<meta property=\"og:image:height\" content=\"500\" \/>\n\t<meta property=\"og:image:type\" content=\"image\/jpeg\" \/>\n<meta name=\"author\" content=\"Edici\u00f3n Web\" \/>\n<meta name=\"twitter:card\" content=\"summary_large_image\" \/>\n<meta name=\"twitter:creator\" content=\"@NOTICIEROS7\" \/>\n<meta name=\"twitter:site\" content=\"@NOTICIEROS7\" \/>\n<meta name=\"twitter:label1\" content=\"Escrito por\" \/>\n\t<meta name=\"twitter:data1\" content=\"Edici\u00f3n Web\" \/>\n\t<meta name=\"twitter:label2\" content=\"Tiempo de lectura\" \/>\n\t<meta name=\"twitter:data2\" content=\"2 minutos\" \/>\n<script type=\"application\/ld+json\" class=\"yoast-schema-graph\">{\"@context\":\"https:\\\/\\\/schema.org\",\"@graph\":[{\"@type\":\"Article\",\"@id\":\"https:\\\/\\\/canal7slp.tv\\\/2023\\\/en-matehuala-se-llevo-a-cabo-la-cumbre-nacional-de-tecnologia\\\/#article\",\"isPartOf\":{\"@id\":\"https:\\\/\\\/canal7slp.tv\\\/2023\\\/en-matehuala-se-llevo-a-cabo-la-cumbre-nacional-de-tecnologia\\\/\"},\"author\":{\"name\":\"Edici\u00f3n Web\",\"@id\":\"https:\\\/\\\/canal7slp.tv\\\/2023\\\/#\\\/schema\\\/person\\\/639c424e3584069003b11ae813915da6\"},\"headline\":\"En Matehuala, se llev\u00f3 a cabo la Cumbre Nacional de Tecnolog\u00eda\",\"datePublished\":\"2023-05-27T16:10:18+00:00\",\"mainEntityOfPage\":{\"@id\":\"https:\\\/\\\/canal7slp.tv\\\/2023\\\/en-matehuala-se-llevo-a-cabo-la-cumbre-nacional-de-tecnologia\\\/\"},\"wordCount\":328,\"publisher\":{\"@id\":\"https:\\\/\\\/canal7slp.tv\\\/2023\\\/#organization\"},\"image\":{\"@id\":\"https:\\\/\\\/canal7slp.tv\\\/2023\\\/en-matehuala-se-llevo-a-cabo-la-cumbre-nacional-de-tecnologia\\\/#primaryimage\"},\"thumbnailUrl\":\"https:\\\/\\\/canal7slp.tv\\\/2023\\\/wp-content\\\/uploads\\\/2023\\\/05\\\/Valencia02InnovateMatehuala.jpg\",\"articleSection\":[\"DESTACADAS\",\"INTERIOR DEL ESTADO\"],\"inLanguage\":\"es\"},{\"@type\":\"WebPage\",\"@id\":\"https:\\\/\\\/canal7slp.tv\\\/2023\\\/en-matehuala-se-llevo-a-cabo-la-cumbre-nacional-de-tecnologia\\\/\",\"url\":\"https:\\\/\\\/canal7slp.tv\\\/2023\\\/en-matehuala-se-llevo-a-cabo-la-cumbre-nacional-de-tecnologia\\\/\",\"name\":\"En Matehuala, se llev\u00f3 a cabo la Cumbre Nacional de Tecnolog\u00eda - Canal 7 SLP - 2023\",\"isPartOf\":{\"@id\":\"https:\\\/\\\/canal7slp.tv\\\/2023\\\/#website\"},\"primaryImageOfPage\":{\"@id\":\"https:\\\/\\\/canal7slp.tv\\\/2023\\\/en-matehuala-se-llevo-a-cabo-la-cumbre-nacional-de-tecnologia\\\/#primaryimage\"},\"image\":{\"@id\":\"https:\\\/\\\/canal7slp.tv\\\/2023\\\/en-matehuala-se-llevo-a-cabo-la-cumbre-nacional-de-tecnologia\\\/#primaryimage\"},\"thumbnailUrl\":\"https:\\\/\\\/canal7slp.tv\\\/2023\\\/wp-content\\\/uploads\\\/2023\\\/05\\\/Valencia02InnovateMatehuala.jpg\",\"datePublished\":\"2023-05-27T16:10:18+00:00\",\"breadcrumb\":{\"@id\":\"https:\\\/\\\/canal7slp.tv\\\/2023\\\/en-matehuala-se-llevo-a-cabo-la-cumbre-nacional-de-tecnologia\\\/#breadcrumb\"},\"inLanguage\":\"es\",\"potentialAction\":[{\"@type\":\"ReadAction\",\"target\":[\"https:\\\/\\\/canal7slp.tv\\\/2023\\\/en-matehuala-se-llevo-a-cabo-la-cumbre-nacional-de-tecnologia\\\/\"]}]},{\"@type\":\"ImageObject\",\"inLanguage\":\"es\",\"@id\":\"https:\\\/\\\/canal7slp.tv\\\/2023\\\/en-matehuala-se-llevo-a-cabo-la-cumbre-nacional-de-tecnologia\\\/#primaryimage\",\"url\":\"https:\\\/\\\/canal7slp.tv\\\/2023\\\/wp-content\\\/uploads\\\/2023\\\/05\\\/Valencia02InnovateMatehuala.jpg\",\"contentUrl\":\"https:\\\/\\\/canal7slp.tv\\\/2023\\\/wp-content\\\/uploads\\\/2023\\\/05\\\/Valencia02InnovateMatehuala.jpg\",\"width\":909,\"height\":500},{\"@type\":\"BreadcrumbList\",\"@id\":\"https:\\\/\\\/canal7slp.tv\\\/2023\\\/en-matehuala-se-llevo-a-cabo-la-cumbre-nacional-de-tecnologia\\\/#breadcrumb\",\"itemListElement\":[{\"@type\":\"ListItem\",\"position\":1,\"name\":\"Portada\",\"item\":\"https:\\\/\\\/canal7slp.tv\\\/2023\\\/\"},{\"@type\":\"ListItem\",\"position\":2,\"name\":\"En Matehuala, se llev\u00f3 a cabo la Cumbre Nacional de Tecnolog\u00eda\"}]},{\"@type\":\"WebSite\",\"@id\":\"https:\\\/\\\/canal7slp.tv\\\/2023\\\/#website\",\"url\":\"https:\\\/\\\/canal7slp.tv\\\/2023\\\/\",\"name\":\"N7 - Noticieros Canal 7\",\"description\":\"Somos Televisi\u00f3n\",\"publisher\":{\"@id\":\"https:\\\/\\\/canal7slp.tv\\\/2023\\\/#organization\"},\"potentialAction\":[{\"@type\":\"SearchAction\",\"target\":{\"@type\":\"EntryPoint\",\"urlTemplate\":\"https:\\\/\\\/canal7slp.tv\\\/2023\\\/?s={search_term_string}\"},\"query-input\":{\"@type\":\"PropertyValueSpecification\",\"valueRequired\":true,\"valueName\":\"search_term_string\"}}],\"inLanguage\":\"es\"},{\"@type\":\"Organization\",\"@id\":\"https:\\\/\\\/canal7slp.tv\\\/2023\\\/#organization\",\"name\":\"Noticieros Canal 7\",\"url\":\"https:\\\/\\\/canal7slp.tv\\\/2023\\\/\",\"logo\":{\"@type\":\"ImageObject\",\"inLanguage\":\"es\",\"@id\":\"https:\\\/\\\/canal7slp.tv\\\/2023\\\/#\\\/schema\\\/logo\\\/image\\\/\",\"url\":\"https:\\\/\\\/canal7slp.tv\\\/2023\\\/wp-content\\\/uploads\\\/2021\\\/01\\\/logo-noticieros@2x.png\",\"contentUrl\":\"https:\\\/\\\/canal7slp.tv\\\/2023\\\/wp-content\\\/uploads\\\/2021\\\/01\\\/logo-noticieros@2x.png\",\"width\":1017,\"height\":268,\"caption\":\"Noticieros Canal 7\"},\"image\":{\"@id\":\"https:\\\/\\\/canal7slp.tv\\\/2023\\\/#\\\/schema\\\/logo\\\/image\\\/\"},\"sameAs\":[\"https:\\\/\\\/www.facebook.com\\\/noticieroscanalsiete\",\"https:\\\/\\\/x.com\\\/NOTICIEROS7\",\"https:\\\/\\\/www.instagram.com\\\/canal7_slp\",\"https:\\\/\\\/www.youtube.com\\\/channel\\\/UCliiYs-gP3JfJeqdPrNdd5A\"]},{\"@type\":\"Person\",\"@id\":\"https:\\\/\\\/canal7slp.tv\\\/2023\\\/#\\\/schema\\\/person\\\/639c424e3584069003b11ae813915da6\",\"name\":\"Edici\u00f3n Web\",\"image\":{\"@type\":\"ImageObject\",\"inLanguage\":\"es\",\"@id\":\"https:\\\/\\\/secure.gravatar.com\\\/avatar\\\/eee448fc3f7164808013b816ba91ac7e43bbe82a70bebac296f8bc6f0addaa1a?s=96&d=mm&r=g\",\"url\":\"https:\\\/\\\/secure.gravatar.com\\\/avatar\\\/eee448fc3f7164808013b816ba91ac7e43bbe82a70bebac296f8bc6f0addaa1a?s=96&d=mm&r=g\",\"contentUrl\":\"https:\\\/\\\/secure.gravatar.com\\\/avatar\\\/eee448fc3f7164808013b816ba91ac7e43bbe82a70bebac296f8bc6f0addaa1a?s=96&d=mm&r=g\",\"caption\":\"Edici\u00f3n Web\"},\"url\":\"https:\\\/\\\/canal7slp.tv\\\/2023\\\/author\\\/edicionweb\\\/\"}]}<\/script>\n<!-- \/ Yoast SEO plugin. -->","yoast_head_json":{"title":"En Matehuala, se llev\u00f3 a cabo la Cumbre Nacional de Tecnolog\u00eda - Canal 7 SLP - 2023","robots":{"index":"index","follow":"follow","max-snippet":"max-snippet:-1","max-image-preview":"max-image-preview:large","max-video-preview":"max-video-preview:-1"},"canonical":"https:\/\/canal7slp.tv\/2023\/en-matehuala-se-llevo-a-cabo-la-cumbre-nacional-de-tecnologia\/","og_locale":"es_ES","og_type":"article","og_title":"En Matehuala, se llev\u00f3 a cabo la Cumbre Nacional de Tecnolog\u00eda - Canal 7 SLP - 2023","og_description":"Matehuala.- Con el objetivo de que los estudiantes tengan la posibilidad de presentar proyectos que se conviertan en alternativas de soluci\u00f3n en el entorno innovador, se llev\u00f3 a cabo la etapa local de la Cumbre Nacional de Tecnolog\u00eda, en el Instituto Tecnol\u00f3gico de Matehuala. Juan Carlos D\u00edaz de Le\u00f3n, sub director acad\u00e9mico de la instituci\u00f3n, coment\u00f3 al respecto, \u00abel Tecnol\u00f3gico participa participa permanentemente en varios foros, tuvimos la participaci\u00f3n en el evento de expociencias donde hemos tenido buenos resultados a nivel nacional, tambi\u00e9n hemos tenido participaci\u00f3n en la Sociedad Latinoamericana de Ciencia y Tecnolog\u00eda y en estos momentos estamos a [&hellip;]","og_url":"https:\/\/canal7slp.tv\/2023\/en-matehuala-se-llevo-a-cabo-la-cumbre-nacional-de-tecnologia\/","og_site_name":"Canal 7 SLP - 2023","article_publisher":"https:\/\/www.facebook.com\/noticieroscanalsiete","article_published_time":"2023-05-27T16:10:18+00:00","og_image":[{"width":909,"height":500,"url":"https:\/\/canal7slp.tv\/2023\/wp-content\/uploads\/2023\/05\/Valencia02InnovateMatehuala.jpg","type":"image\/jpeg"}],"author":"Edici\u00f3n Web","twitter_card":"summary_large_image","twitter_creator":"@NOTICIEROS7","twitter_site":"@NOTICIEROS7","twitter_misc":{"Escrito por":"Edici\u00f3n Web","Tiempo de lectura":"2 minutos"},"schema":{"@context":"https:\/\/schema.org","@graph":[{"@type":"Article","@id":"https:\/\/canal7slp.tv\/2023\/en-matehuala-se-llevo-a-cabo-la-cumbre-nacional-de-tecnologia\/#article","isPartOf":{"@id":"https:\/\/canal7slp.tv\/2023\/en-matehuala-se-llevo-a-cabo-la-cumbre-nacional-de-tecnologia\/"},"author":{"name":"Edici\u00f3n Web","@id":"https:\/\/canal7slp.tv\/2023\/#\/schema\/person\/639c424e3584069003b11ae813915da6"},"headline":"En Matehuala, se llev\u00f3 a cabo la Cumbre Nacional de Tecnolog\u00eda","datePublished":"2023-05-27T16:10:18+00:00","mainEntityOfPage":{"@id":"https:\/\/canal7slp.tv\/2023\/en-matehuala-se-llevo-a-cabo-la-cumbre-nacional-de-tecnologia\/"},"wordCount":328,"publisher":{"@id":"https:\/\/canal7slp.tv\/2023\/#organization"},"image":{"@id":"https:\/\/canal7slp.tv\/2023\/en-matehuala-se-llevo-a-cabo-la-cumbre-nacional-de-tecnologia\/#primaryimage"},"thumbnailUrl":"https:\/\/canal7slp.tv\/2023\/wp-content\/uploads\/2023\/05\/Valencia02InnovateMatehuala.jpg","articleSection":["DESTACADAS","INTERIOR DEL ESTADO"],"inLanguage":"es"},{"@type":"WebPage","@id":"https:\/\/canal7slp.tv\/2023\/en-matehuala-se-llevo-a-cabo-la-cumbre-nacional-de-tecnologia\/","url":"https:\/\/canal7slp.tv\/2023\/en-matehuala-se-llevo-a-cabo-la-cumbre-nacional-de-tecnologia\/","name":"En Matehuala, se llev\u00f3 a cabo la Cumbre Nacional de Tecnolog\u00eda - Canal 7 SLP - 2023","isPartOf":{"@id":"https:\/\/canal7slp.tv\/2023\/#website"},"primaryImageOfPage":{"@id":"https:\/\/canal7slp.tv\/2023\/en-matehuala-se-llevo-a-cabo-la-cumbre-nacional-de-tecnologia\/#primaryimage"},"image":{"@id":"https:\/\/canal7slp.tv\/2023\/en-matehuala-se-llevo-a-cabo-la-cumbre-nacional-de-tecnologia\/#primaryimage"},"thumbnailUrl":"https:\/\/canal7slp.tv\/2023\/wp-content\/uploads\/2023\/05\/Valencia02InnovateMatehuala.jpg","datePublished":"2023-05-27T16:10:18+00:00","breadcrumb":{"@id":"https:\/\/canal7slp.tv\/2023\/en-matehuala-se-llevo-a-cabo-la-cumbre-nacional-de-tecnologia\/#breadcrumb"},"inLanguage":"es","potentialAction":[{"@type":"ReadAction","target":["https:\/\/canal7slp.tv\/2023\/en-matehuala-se-llevo-a-cabo-la-cumbre-nacional-de-tecnologia\/"]}]},{"@type":"ImageObject","inLanguage":"es","@id":"https:\/\/canal7slp.tv\/2023\/en-matehuala-se-llevo-a-cabo-la-cumbre-nacional-de-tecnologia\/#primaryimage","url":"https:\/\/canal7slp.tv\/2023\/wp-content\/uploads\/2023\/05\/Valencia02InnovateMatehuala.jpg","contentUrl":"https:\/\/canal7slp.tv\/2023\/wp-content\/uploads\/2023\/05\/Valencia02InnovateMatehuala.jpg","width":909,"height":500},{"@type":"BreadcrumbList","@id":"https:\/\/canal7slp.tv\/2023\/en-matehuala-se-llevo-a-cabo-la-cumbre-nacional-de-tecnologia\/#breadcrumb","itemListElement":[{"@type":"ListItem","position":1,"name":"Portada","item":"https:\/\/canal7slp.tv\/2023\/"},{"@type":"ListItem","position":2,"name":"En Matehuala, se llev\u00f3 a cabo la Cumbre Nacional de Tecnolog\u00eda"}]},{"@type":"WebSite","@id":"https:\/\/canal7slp.tv\/2023\/#website","url":"https:\/\/canal7slp.tv\/2023\/","name":"N7 - Noticieros Canal 7","description":"Somos Televisi\u00f3n","publisher":{"@id":"https:\/\/canal7slp.tv\/2023\/#organization"},"potentialAction":[{"@type":"SearchAction","target":{"@type":"EntryPoint","urlTemplate":"https:\/\/canal7slp.tv\/2023\/?s={search_term_string}"},"query-input":{"@type":"PropertyValueSpecification","valueRequired":true,"valueName":"search_term_string"}}],"inLanguage":"es"},{"@type":"Organization","@id":"https:\/\/canal7slp.tv\/2023\/#organization","name":"Noticieros Canal 7","url":"https:\/\/canal7slp.tv\/2023\/","logo":{"@type":"ImageObject","inLanguage":"es","@id":"https:\/\/canal7slp.tv\/2023\/#\/schema\/logo\/image\/","url":"https:\/\/canal7slp.tv\/2023\/wp-content\/uploads\/2021\/01\/logo-noticieros@2x.png","contentUrl":"https:\/\/canal7slp.tv\/2023\/wp-content\/uploads\/2021\/01\/logo-noticieros@2x.png","width":1017,"height":268,"caption":"Noticieros Canal 7"},"image":{"@id":"https:\/\/canal7slp.tv\/2023\/#\/schema\/logo\/image\/"},"sameAs":["https:\/\/www.facebook.com\/noticieroscanalsiete","https:\/\/x.com\/NOTICIEROS7","https:\/\/www.instagram.com\/canal7_slp","https:\/\/www.youtube.com\/channel\/UCliiYs-gP3JfJeqdPrNdd5A"]},{"@type":"Person","@id":"https:\/\/canal7slp.tv\/2023\/#\/schema\/person\/639c424e3584069003b11ae813915da6","name":"Edici\u00f3n Web","image":{"@type":"ImageObject","inLanguage":"es","@id":"https:\/\/secure.gravatar.com\/avatar\/eee448fc3f7164808013b816ba91ac7e43bbe82a70bebac296f8bc6f0addaa1a?s=96&d=mm&r=g","url":"https:\/\/secure.gravatar.com\/avatar\/eee448fc3f7164808013b816ba91ac7e43bbe82a70bebac296f8bc6f0addaa1a?s=96&d=mm&r=g","contentUrl":"https:\/\/secure.gravatar.com\/avatar\/eee448fc3f7164808013b816ba91ac7e43bbe82a70bebac296f8bc6f0addaa1a?s=96&d=mm&r=g","caption":"Edici\u00f3n Web"},"url":"https:\/\/canal7slp.tv\/2023\/author\/edicionweb\/"}]}},"_links":{"self":[{"href":"https:\/\/canal7slp.tv\/2023\/wp-json\/wp\/v2\/posts\/96675","targetHints":{"allow":["GET"]}}],"collection":[{"href":"https:\/\/canal7slp.tv\/2023\/wp-json\/wp\/v2\/posts"}],"about":[{"href":"https:\/\/canal7slp.tv\/2023\/wp-json\/wp\/v2\/types\/post"}],"author":[{"embeddable":true,"href":"https:\/\/canal7slp.tv\/2023\/wp-json\/wp\/v2\/users\/2"}],"replies":[{"embeddable":true,"href":"https:\/\/canal7slp.tv\/2023\/wp-json\/wp\/v2\/comments?post=96675"}],"version-history":[{"count":2,"href":"https:\/\/canal7slp.tv\/2023\/wp-json\/wp\/v2\/posts\/96675\/revisions"}],"predecessor-version":[{"id":96685,"href":"https:\/\/canal7slp.tv\/2023\/wp-json\/wp\/v2\/posts\/96675\/revisions\/96685"}],"wp:featuredmedia":[{"embeddable":true,"href":"https:\/\/canal7slp.tv\/2023\/wp-json\/wp\/v2\/media\/96684"}],"wp:attachment":[{"href":"https:\/\/canal7slp.tv\/2023\/wp-json\/wp\/v2\/media?parent=96675"}],"wp:term":[{"taxonomy":"category","embeddable":true,"href":"https:\/\/canal7slp.tv\/2023\/wp-json\/wp\/v2\/categories?post=96675"},{"taxonomy":"post_tag","embeddable":true,"href":"https:\/\/canal7slp.tv\/2023\/wp-json\/wp\/v2\/tags?post=96675"}],"curies":[{"name":"wp","href":"https:\/\/api.w.org\/{rel}","templated":true}]}}