{"id":96606,"date":"2023-05-27T19:25:26","date_gmt":"2023-05-28T01:25:26","guid":{"rendered":"https:\/\/canal7slp.tv\/2023\/?p=96606"},"modified":"2023-05-27T19:25:26","modified_gmt":"2023-05-28T01:25:26","slug":"material-recogido-en-la-busqueda-de-madeleine-mccann-sera-analizado-en-alemania","status":"publish","type":"post","link":"https:\/\/canal7slp.tv\/2023\/material-recogido-en-la-busqueda-de-madeleine-mccann-sera-analizado-en-alemania\/","title":{"rendered":"Material recogido en la b\u00fasqueda de Madeleine McCann ser\u00e1 analizado en Alemania"},"content":{"rendered":"<p style=\"text-align: justify;\">Lisboa.- La Polic\u00eda portuguesa entregar\u00e1 a las autoridades alemanas el material recogido durante un operativo de tres d\u00edas en Algarve, ubicado al sur de Portugal, por la desaparici\u00f3n de Madeleine McCann.<\/p>\n<p style=\"text-align: justify;\">La b\u00fasqueda se llev\u00f3 a cabo en el embalse de Arade, a unos 50 kil\u00f3metros de donde desapareci\u00f3 la ni\u00f1a brit\u00e1nica hace 16 a\u00f1os y un paraje frecuentado por el principal sospechoso, el alem\u00e1n Christian Brueckner.<\/p>\n<p style=\"text-align: justify;\">Las b\u00fasquedas fueron solicitadas por las autoridades alemanas y participaron investigadores, peritos de criminal\u00edstica y personal de seguridad, as\u00ed como efectivos de la Guardia Nacional Republicana (GNR) lusa y de Protecci\u00f3n Civil a nivel log\u00edstico.<\/p>\n<p style=\"text-align: justify;\">Las autoridades no han dado m\u00e1s informaci\u00f3n sobre los resultados de las operaciones.<\/p>\n","protected":false},"excerpt":{"rendered":"<p>Lisboa.- La Polic\u00eda portuguesa entregar\u00e1 a las autoridades alemanas el material recogido durante un operativo de tres d\u00edas en Algarve, ubicado al sur de Portugal, por la desaparici\u00f3n de Madeleine McCann. La b\u00fasqueda se llev\u00f3 a cabo en el embalse de Arade, a unos 50 kil\u00f3metros de donde desapareci\u00f3 la ni\u00f1a brit\u00e1nica hace 16 a\u00f1os y un paraje frecuentado por el principal sospechoso, el alem\u00e1n Christian Brueckner. Las b\u00fasquedas fueron solicitadas por las autoridades alemanas y participaron investigadores, peritos de criminal\u00edstica y personal de seguridad, as\u00ed como efectivos de la Guardia Nacional Republicana (GNR) lusa y de Protecci\u00f3n Civil a [&hellip;]<\/p>\n","protected":false},"author":2,"featured_media":96621,"comment_status":"closed","ping_status":"closed","sticky":false,"template":"","format":"standard","meta":{"footnotes":""},"categories":[44],"tags":[],"class_list":["post-96606","post","type-post","status-publish","format-standard","has-post-thumbnail","hentry","category-internacional","post--single"],"yoast_head":"<!-- This site is optimized with the Yoast SEO plugin v27.4 - https:\/\/yoast.com\/product\/yoast-seo-wordpress\/ -->\n<title>Material recogido en la b\u00fasqueda de Madeleine McCann ser\u00e1 analizado en Alemania - Canal 7 SLP - 2023<\/title>\n<meta name=\"robots\" content=\"index, follow, max-snippet:-1, max-image-preview:large, max-video-preview:-1\" \/>\n<link rel=\"canonical\" href=\"https:\/\/canal7slp.tv\/2023\/material-recogido-en-la-busqueda-de-madeleine-mccann-sera-analizado-en-alemania\/\" \/>\n<meta property=\"og:locale\" content=\"es_ES\" \/>\n<meta property=\"og:type\" content=\"article\" \/>\n<meta property=\"og:title\" content=\"Material recogido en la b\u00fasqueda de Madeleine McCann ser\u00e1 analizado en Alemania - Canal 7 SLP - 2023\" \/>\n<meta property=\"og:description\" content=\"Lisboa.- La Polic\u00eda portuguesa entregar\u00e1 a las autoridades alemanas el material recogido durante un operativo de tres d\u00edas en Algarve, ubicado al sur de Portugal, por la desaparici\u00f3n de Madeleine McCann. La b\u00fasqueda se llev\u00f3 a cabo en el embalse de Arade, a unos 50 kil\u00f3metros de donde desapareci\u00f3 la ni\u00f1a brit\u00e1nica hace 16 a\u00f1os y un paraje frecuentado por el principal sospechoso, el alem\u00e1n Christian Brueckner. Las b\u00fasquedas fueron solicitadas por las autoridades alemanas y participaron investigadores, peritos de criminal\u00edstica y personal de seguridad, as\u00ed como efectivos de la Guardia Nacional Republicana (GNR) lusa y de Protecci\u00f3n Civil a [&hellip;]\" \/>\n<meta property=\"og:url\" content=\"https:\/\/canal7slp.tv\/2023\/material-recogido-en-la-busqueda-de-madeleine-mccann-sera-analizado-en-alemania\/\" \/>\n<meta property=\"og:site_name\" content=\"Canal 7 SLP - 2023\" \/>\n<meta property=\"article:publisher\" content=\"https:\/\/www.facebook.com\/noticieroscanalsiete\" \/>\n<meta property=\"article:published_time\" content=\"2023-05-28T01:25:26+00:00\" \/>\n<meta property=\"og:image\" content=\"https:\/\/canal7slp.tv\/2023\/wp-content\/uploads\/2023\/05\/01-22.jpg\" \/>\n\t<meta property=\"og:image:width\" content=\"1600\" \/>\n\t<meta property=\"og:image:height\" content=\"1066\" \/>\n\t<meta property=\"og:image:type\" content=\"image\/jpeg\" \/>\n<meta name=\"author\" content=\"Edici\u00f3n Web\" \/>\n<meta name=\"twitter:card\" content=\"summary_large_image\" \/>\n<meta name=\"twitter:creator\" content=\"@NOTICIEROS7\" \/>\n<meta name=\"twitter:site\" content=\"@NOTICIEROS7\" \/>\n<meta name=\"twitter:label1\" content=\"Escrito por\" \/>\n\t<meta name=\"twitter:data1\" content=\"Edici\u00f3n Web\" \/>\n\t<meta name=\"twitter:label2\" content=\"Tiempo de lectura\" \/>\n\t<meta name=\"twitter:data2\" content=\"1 minuto\" \/>\n<script type=\"application\/ld+json\" class=\"yoast-schema-graph\">{\"@context\":\"https:\\\/\\\/schema.org\",\"@graph\":[{\"@type\":\"Article\",\"@id\":\"https:\\\/\\\/canal7slp.tv\\\/2023\\\/material-recogido-en-la-busqueda-de-madeleine-mccann-sera-analizado-en-alemania\\\/#article\",\"isPartOf\":{\"@id\":\"https:\\\/\\\/canal7slp.tv\\\/2023\\\/material-recogido-en-la-busqueda-de-madeleine-mccann-sera-analizado-en-alemania\\\/\"},\"author\":{\"name\":\"Edici\u00f3n Web\",\"@id\":\"https:\\\/\\\/canal7slp.tv\\\/2023\\\/#\\\/schema\\\/person\\\/639c424e3584069003b11ae813915da6\"},\"headline\":\"Material recogido en la b\u00fasqueda de Madeleine McCann ser\u00e1 analizado en Alemania\",\"datePublished\":\"2023-05-28T01:25:26+00:00\",\"mainEntityOfPage\":{\"@id\":\"https:\\\/\\\/canal7slp.tv\\\/2023\\\/material-recogido-en-la-busqueda-de-madeleine-mccann-sera-analizado-en-alemania\\\/\"},\"wordCount\":142,\"publisher\":{\"@id\":\"https:\\\/\\\/canal7slp.tv\\\/2023\\\/#organization\"},\"image\":{\"@id\":\"https:\\\/\\\/canal7slp.tv\\\/2023\\\/material-recogido-en-la-busqueda-de-madeleine-mccann-sera-analizado-en-alemania\\\/#primaryimage\"},\"thumbnailUrl\":\"https:\\\/\\\/canal7slp.tv\\\/2023\\\/wp-content\\\/uploads\\\/2023\\\/05\\\/01-22.jpg\",\"articleSection\":[\"INTERNACIONALES\"],\"inLanguage\":\"es\"},{\"@type\":\"WebPage\",\"@id\":\"https:\\\/\\\/canal7slp.tv\\\/2023\\\/material-recogido-en-la-busqueda-de-madeleine-mccann-sera-analizado-en-alemania\\\/\",\"url\":\"https:\\\/\\\/canal7slp.tv\\\/2023\\\/material-recogido-en-la-busqueda-de-madeleine-mccann-sera-analizado-en-alemania\\\/\",\"name\":\"Material recogido en la b\u00fasqueda de Madeleine McCann ser\u00e1 analizado en Alemania - Canal 7 SLP - 2023\",\"isPartOf\":{\"@id\":\"https:\\\/\\\/canal7slp.tv\\\/2023\\\/#website\"},\"primaryImageOfPage\":{\"@id\":\"https:\\\/\\\/canal7slp.tv\\\/2023\\\/material-recogido-en-la-busqueda-de-madeleine-mccann-sera-analizado-en-alemania\\\/#primaryimage\"},\"image\":{\"@id\":\"https:\\\/\\\/canal7slp.tv\\\/2023\\\/material-recogido-en-la-busqueda-de-madeleine-mccann-sera-analizado-en-alemania\\\/#primaryimage\"},\"thumbnailUrl\":\"https:\\\/\\\/canal7slp.tv\\\/2023\\\/wp-content\\\/uploads\\\/2023\\\/05\\\/01-22.jpg\",\"datePublished\":\"2023-05-28T01:25:26+00:00\",\"breadcrumb\":{\"@id\":\"https:\\\/\\\/canal7slp.tv\\\/2023\\\/material-recogido-en-la-busqueda-de-madeleine-mccann-sera-analizado-en-alemania\\\/#breadcrumb\"},\"inLanguage\":\"es\",\"potentialAction\":[{\"@type\":\"ReadAction\",\"target\":[\"https:\\\/\\\/canal7slp.tv\\\/2023\\\/material-recogido-en-la-busqueda-de-madeleine-mccann-sera-analizado-en-alemania\\\/\"]}]},{\"@type\":\"ImageObject\",\"inLanguage\":\"es\",\"@id\":\"https:\\\/\\\/canal7slp.tv\\\/2023\\\/material-recogido-en-la-busqueda-de-madeleine-mccann-sera-analizado-en-alemania\\\/#primaryimage\",\"url\":\"https:\\\/\\\/canal7slp.tv\\\/2023\\\/wp-content\\\/uploads\\\/2023\\\/05\\\/01-22.jpg\",\"contentUrl\":\"https:\\\/\\\/canal7slp.tv\\\/2023\\\/wp-content\\\/uploads\\\/2023\\\/05\\\/01-22.jpg\",\"width\":1600,\"height\":1066},{\"@type\":\"BreadcrumbList\",\"@id\":\"https:\\\/\\\/canal7slp.tv\\\/2023\\\/material-recogido-en-la-busqueda-de-madeleine-mccann-sera-analizado-en-alemania\\\/#breadcrumb\",\"itemListElement\":[{\"@type\":\"ListItem\",\"position\":1,\"name\":\"Portada\",\"item\":\"https:\\\/\\\/canal7slp.tv\\\/2023\\\/\"},{\"@type\":\"ListItem\",\"position\":2,\"name\":\"Material recogido en la b\u00fasqueda de Madeleine McCann ser\u00e1 analizado en Alemania\"}]},{\"@type\":\"WebSite\",\"@id\":\"https:\\\/\\\/canal7slp.tv\\\/2023\\\/#website\",\"url\":\"https:\\\/\\\/canal7slp.tv\\\/2023\\\/\",\"name\":\"N7 - Noticieros Canal 7\",\"description\":\"Somos Televisi\u00f3n\",\"publisher\":{\"@id\":\"https:\\\/\\\/canal7slp.tv\\\/2023\\\/#organization\"},\"potentialAction\":[{\"@type\":\"SearchAction\",\"target\":{\"@type\":\"EntryPoint\",\"urlTemplate\":\"https:\\\/\\\/canal7slp.tv\\\/2023\\\/?s={search_term_string}\"},\"query-input\":{\"@type\":\"PropertyValueSpecification\",\"valueRequired\":true,\"valueName\":\"search_term_string\"}}],\"inLanguage\":\"es\"},{\"@type\":\"Organization\",\"@id\":\"https:\\\/\\\/canal7slp.tv\\\/2023\\\/#organization\",\"name\":\"Noticieros Canal 7\",\"url\":\"https:\\\/\\\/canal7slp.tv\\\/2023\\\/\",\"logo\":{\"@type\":\"ImageObject\",\"inLanguage\":\"es\",\"@id\":\"https:\\\/\\\/canal7slp.tv\\\/2023\\\/#\\\/schema\\\/logo\\\/image\\\/\",\"url\":\"https:\\\/\\\/canal7slp.tv\\\/2023\\\/wp-content\\\/uploads\\\/2021\\\/01\\\/logo-noticieros@2x.png\",\"contentUrl\":\"https:\\\/\\\/canal7slp.tv\\\/2023\\\/wp-content\\\/uploads\\\/2021\\\/01\\\/logo-noticieros@2x.png\",\"width\":1017,\"height\":268,\"caption\":\"Noticieros Canal 7\"},\"image\":{\"@id\":\"https:\\\/\\\/canal7slp.tv\\\/2023\\\/#\\\/schema\\\/logo\\\/image\\\/\"},\"sameAs\":[\"https:\\\/\\\/www.facebook.com\\\/noticieroscanalsiete\",\"https:\\\/\\\/x.com\\\/NOTICIEROS7\",\"https:\\\/\\\/www.instagram.com\\\/canal7_slp\",\"https:\\\/\\\/www.youtube.com\\\/channel\\\/UCliiYs-gP3JfJeqdPrNdd5A\"]},{\"@type\":\"Person\",\"@id\":\"https:\\\/\\\/canal7slp.tv\\\/2023\\\/#\\\/schema\\\/person\\\/639c424e3584069003b11ae813915da6\",\"name\":\"Edici\u00f3n Web\",\"image\":{\"@type\":\"ImageObject\",\"inLanguage\":\"es\",\"@id\":\"https:\\\/\\\/secure.gravatar.com\\\/avatar\\\/eee448fc3f7164808013b816ba91ac7e43bbe82a70bebac296f8bc6f0addaa1a?s=96&d=mm&r=g\",\"url\":\"https:\\\/\\\/secure.gravatar.com\\\/avatar\\\/eee448fc3f7164808013b816ba91ac7e43bbe82a70bebac296f8bc6f0addaa1a?s=96&d=mm&r=g\",\"contentUrl\":\"https:\\\/\\\/secure.gravatar.com\\\/avatar\\\/eee448fc3f7164808013b816ba91ac7e43bbe82a70bebac296f8bc6f0addaa1a?s=96&d=mm&r=g\",\"caption\":\"Edici\u00f3n Web\"},\"url\":\"https:\\\/\\\/canal7slp.tv\\\/2023\\\/author\\\/edicionweb\\\/\"}]}<\/script>\n<!-- \/ Yoast SEO plugin. -->","yoast_head_json":{"title":"Material recogido en la b\u00fasqueda de Madeleine McCann ser\u00e1 analizado en Alemania - Canal 7 SLP - 2023","robots":{"index":"index","follow":"follow","max-snippet":"max-snippet:-1","max-image-preview":"max-image-preview:large","max-video-preview":"max-video-preview:-1"},"canonical":"https:\/\/canal7slp.tv\/2023\/material-recogido-en-la-busqueda-de-madeleine-mccann-sera-analizado-en-alemania\/","og_locale":"es_ES","og_type":"article","og_title":"Material recogido en la b\u00fasqueda de Madeleine McCann ser\u00e1 analizado en Alemania - Canal 7 SLP - 2023","og_description":"Lisboa.- La Polic\u00eda portuguesa entregar\u00e1 a las autoridades alemanas el material recogido durante un operativo de tres d\u00edas en Algarve, ubicado al sur de Portugal, por la desaparici\u00f3n de Madeleine McCann. La b\u00fasqueda se llev\u00f3 a cabo en el embalse de Arade, a unos 50 kil\u00f3metros de donde desapareci\u00f3 la ni\u00f1a brit\u00e1nica hace 16 a\u00f1os y un paraje frecuentado por el principal sospechoso, el alem\u00e1n Christian Brueckner. Las b\u00fasquedas fueron solicitadas por las autoridades alemanas y participaron investigadores, peritos de criminal\u00edstica y personal de seguridad, as\u00ed como efectivos de la Guardia Nacional Republicana (GNR) lusa y de Protecci\u00f3n Civil a [&hellip;]","og_url":"https:\/\/canal7slp.tv\/2023\/material-recogido-en-la-busqueda-de-madeleine-mccann-sera-analizado-en-alemania\/","og_site_name":"Canal 7 SLP - 2023","article_publisher":"https:\/\/www.facebook.com\/noticieroscanalsiete","article_published_time":"2023-05-28T01:25:26+00:00","og_image":[{"width":1600,"height":1066,"url":"https:\/\/canal7slp.tv\/2023\/wp-content\/uploads\/2023\/05\/01-22.jpg","type":"image\/jpeg"}],"author":"Edici\u00f3n Web","twitter_card":"summary_large_image","twitter_creator":"@NOTICIEROS7","twitter_site":"@NOTICIEROS7","twitter_misc":{"Escrito por":"Edici\u00f3n Web","Tiempo de lectura":"1 minuto"},"schema":{"@context":"https:\/\/schema.org","@graph":[{"@type":"Article","@id":"https:\/\/canal7slp.tv\/2023\/material-recogido-en-la-busqueda-de-madeleine-mccann-sera-analizado-en-alemania\/#article","isPartOf":{"@id":"https:\/\/canal7slp.tv\/2023\/material-recogido-en-la-busqueda-de-madeleine-mccann-sera-analizado-en-alemania\/"},"author":{"name":"Edici\u00f3n Web","@id":"https:\/\/canal7slp.tv\/2023\/#\/schema\/person\/639c424e3584069003b11ae813915da6"},"headline":"Material recogido en la b\u00fasqueda de Madeleine McCann ser\u00e1 analizado en Alemania","datePublished":"2023-05-28T01:25:26+00:00","mainEntityOfPage":{"@id":"https:\/\/canal7slp.tv\/2023\/material-recogido-en-la-busqueda-de-madeleine-mccann-sera-analizado-en-alemania\/"},"wordCount":142,"publisher":{"@id":"https:\/\/canal7slp.tv\/2023\/#organization"},"image":{"@id":"https:\/\/canal7slp.tv\/2023\/material-recogido-en-la-busqueda-de-madeleine-mccann-sera-analizado-en-alemania\/#primaryimage"},"thumbnailUrl":"https:\/\/canal7slp.tv\/2023\/wp-content\/uploads\/2023\/05\/01-22.jpg","articleSection":["INTERNACIONALES"],"inLanguage":"es"},{"@type":"WebPage","@id":"https:\/\/canal7slp.tv\/2023\/material-recogido-en-la-busqueda-de-madeleine-mccann-sera-analizado-en-alemania\/","url":"https:\/\/canal7slp.tv\/2023\/material-recogido-en-la-busqueda-de-madeleine-mccann-sera-analizado-en-alemania\/","name":"Material recogido en la b\u00fasqueda de Madeleine McCann ser\u00e1 analizado en Alemania - Canal 7 SLP - 2023","isPartOf":{"@id":"https:\/\/canal7slp.tv\/2023\/#website"},"primaryImageOfPage":{"@id":"https:\/\/canal7slp.tv\/2023\/material-recogido-en-la-busqueda-de-madeleine-mccann-sera-analizado-en-alemania\/#primaryimage"},"image":{"@id":"https:\/\/canal7slp.tv\/2023\/material-recogido-en-la-busqueda-de-madeleine-mccann-sera-analizado-en-alemania\/#primaryimage"},"thumbnailUrl":"https:\/\/canal7slp.tv\/2023\/wp-content\/uploads\/2023\/05\/01-22.jpg","datePublished":"2023-05-28T01:25:26+00:00","breadcrumb":{"@id":"https:\/\/canal7slp.tv\/2023\/material-recogido-en-la-busqueda-de-madeleine-mccann-sera-analizado-en-alemania\/#breadcrumb"},"inLanguage":"es","potentialAction":[{"@type":"ReadAction","target":["https:\/\/canal7slp.tv\/2023\/material-recogido-en-la-busqueda-de-madeleine-mccann-sera-analizado-en-alemania\/"]}]},{"@type":"ImageObject","inLanguage":"es","@id":"https:\/\/canal7slp.tv\/2023\/material-recogido-en-la-busqueda-de-madeleine-mccann-sera-analizado-en-alemania\/#primaryimage","url":"https:\/\/canal7slp.tv\/2023\/wp-content\/uploads\/2023\/05\/01-22.jpg","contentUrl":"https:\/\/canal7slp.tv\/2023\/wp-content\/uploads\/2023\/05\/01-22.jpg","width":1600,"height":1066},{"@type":"BreadcrumbList","@id":"https:\/\/canal7slp.tv\/2023\/material-recogido-en-la-busqueda-de-madeleine-mccann-sera-analizado-en-alemania\/#breadcrumb","itemListElement":[{"@type":"ListItem","position":1,"name":"Portada","item":"https:\/\/canal7slp.tv\/2023\/"},{"@type":"ListItem","position":2,"name":"Material recogido en la b\u00fasqueda de Madeleine McCann ser\u00e1 analizado en Alemania"}]},{"@type":"WebSite","@id":"https:\/\/canal7slp.tv\/2023\/#website","url":"https:\/\/canal7slp.tv\/2023\/","name":"N7 - Noticieros Canal 7","description":"Somos Televisi\u00f3n","publisher":{"@id":"https:\/\/canal7slp.tv\/2023\/#organization"},"potentialAction":[{"@type":"SearchAction","target":{"@type":"EntryPoint","urlTemplate":"https:\/\/canal7slp.tv\/2023\/?s={search_term_string}"},"query-input":{"@type":"PropertyValueSpecification","valueRequired":true,"valueName":"search_term_string"}}],"inLanguage":"es"},{"@type":"Organization","@id":"https:\/\/canal7slp.tv\/2023\/#organization","name":"Noticieros Canal 7","url":"https:\/\/canal7slp.tv\/2023\/","logo":{"@type":"ImageObject","inLanguage":"es","@id":"https:\/\/canal7slp.tv\/2023\/#\/schema\/logo\/image\/","url":"https:\/\/canal7slp.tv\/2023\/wp-content\/uploads\/2021\/01\/logo-noticieros@2x.png","contentUrl":"https:\/\/canal7slp.tv\/2023\/wp-content\/uploads\/2021\/01\/logo-noticieros@2x.png","width":1017,"height":268,"caption":"Noticieros Canal 7"},"image":{"@id":"https:\/\/canal7slp.tv\/2023\/#\/schema\/logo\/image\/"},"sameAs":["https:\/\/www.facebook.com\/noticieroscanalsiete","https:\/\/x.com\/NOTICIEROS7","https:\/\/www.instagram.com\/canal7_slp","https:\/\/www.youtube.com\/channel\/UCliiYs-gP3JfJeqdPrNdd5A"]},{"@type":"Person","@id":"https:\/\/canal7slp.tv\/2023\/#\/schema\/person\/639c424e3584069003b11ae813915da6","name":"Edici\u00f3n Web","image":{"@type":"ImageObject","inLanguage":"es","@id":"https:\/\/secure.gravatar.com\/avatar\/eee448fc3f7164808013b816ba91ac7e43bbe82a70bebac296f8bc6f0addaa1a?s=96&d=mm&r=g","url":"https:\/\/secure.gravatar.com\/avatar\/eee448fc3f7164808013b816ba91ac7e43bbe82a70bebac296f8bc6f0addaa1a?s=96&d=mm&r=g","contentUrl":"https:\/\/secure.gravatar.com\/avatar\/eee448fc3f7164808013b816ba91ac7e43bbe82a70bebac296f8bc6f0addaa1a?s=96&d=mm&r=g","caption":"Edici\u00f3n Web"},"url":"https:\/\/canal7slp.tv\/2023\/author\/edicionweb\/"}]}},"_links":{"self":[{"href":"https:\/\/canal7slp.tv\/2023\/wp-json\/wp\/v2\/posts\/96606","targetHints":{"allow":["GET"]}}],"collection":[{"href":"https:\/\/canal7slp.tv\/2023\/wp-json\/wp\/v2\/posts"}],"about":[{"href":"https:\/\/canal7slp.tv\/2023\/wp-json\/wp\/v2\/types\/post"}],"author":[{"embeddable":true,"href":"https:\/\/canal7slp.tv\/2023\/wp-json\/wp\/v2\/users\/2"}],"replies":[{"embeddable":true,"href":"https:\/\/canal7slp.tv\/2023\/wp-json\/wp\/v2\/comments?post=96606"}],"version-history":[{"count":3,"href":"https:\/\/canal7slp.tv\/2023\/wp-json\/wp\/v2\/posts\/96606\/revisions"}],"predecessor-version":[{"id":96702,"href":"https:\/\/canal7slp.tv\/2023\/wp-json\/wp\/v2\/posts\/96606\/revisions\/96702"}],"wp:featuredmedia":[{"embeddable":true,"href":"https:\/\/canal7slp.tv\/2023\/wp-json\/wp\/v2\/media\/96621"}],"wp:attachment":[{"href":"https:\/\/canal7slp.tv\/2023\/wp-json\/wp\/v2\/media?parent=96606"}],"wp:term":[{"taxonomy":"category","embeddable":true,"href":"https:\/\/canal7slp.tv\/2023\/wp-json\/wp\/v2\/categories?post=96606"},{"taxonomy":"post_tag","embeddable":true,"href":"https:\/\/canal7slp.tv\/2023\/wp-json\/wp\/v2\/tags?post=96606"}],"curies":[{"name":"wp","href":"https:\/\/api.w.org\/{rel}","templated":true}]}}