{"id":96517,"date":"2023-05-25T14:36:18","date_gmt":"2023-05-25T20:36:18","guid":{"rendered":"https:\/\/canal7slp.tv\/2023\/?p=96517"},"modified":"2023-05-25T14:36:18","modified_gmt":"2023-05-25T20:36:18","slug":"podium-para-el-potosino-raul-guzman-en-pergusa","status":"publish","type":"post","link":"https:\/\/canal7slp.tv\/2023\/podium-para-el-potosino-raul-guzman-en-pergusa\/","title":{"rendered":"P\u00f3dium para el potosino Ra\u00fal Guzm\u00e1n en Pergusa"},"content":{"rendered":"<p style=\"text-align: justify;\">SLP.- En la fecha inaugural del Campeonato Italiano de Gran Turismo, el piloto potosino Ra\u00fal Guzm\u00e1n y su equipo se adjudicaron el segundo escal\u00f3n del p\u00f3dium.<\/p>\n<p style=\"text-align: justify;\">La condiciones de la pista de Pergusa en el primer d\u00eda de actividades limitaron la sesi\u00f3n de pr\u00e1cticas y calificaci\u00f3n, el d\u00eda posterior las condiciones fueron similares, sin embargo el imperiale racing logro adjudicarse la pole, ya en la competencia se levantaron con el segundo puesto, Guzm\u00e1n ya prepara la segunda fecha a efectuarse en Monza.<\/p>\n<p style=\"text-align: justify;\">\u201cArrancamos desde la pole la primer carrera del a\u00f1o, una competencia larga y con condiciones complicadas. El Bop no estaba a nuestro favor pero logramos maximizar y terminar en la posici\u00f3n dos. Buen inicio y buenos puntos! Gracias a mis compa\u00f1eros Keving Gilardoni y Stuart Middleton por el esfuerzo y al equipo por el trabajo\u201d apunt\u00f3 Ra\u00fal.<\/p>\n<p style=\"text-align: justify;\">La temporada del campeonato italiano de gran turismo le restan tres fechas: Mugello 7-9 julio, Monza 15-17 septiembre y Vallelunga 13-15 octubre<\/p>\n","protected":false},"excerpt":{"rendered":"<p>SLP.- En la fecha inaugural del Campeonato Italiano de Gran Turismo, el piloto potosino Ra\u00fal Guzm\u00e1n y su equipo se adjudicaron el segundo escal\u00f3n del p\u00f3dium. La condiciones de la pista de Pergusa en el primer d\u00eda de actividades limitaron la sesi\u00f3n de pr\u00e1cticas y calificaci\u00f3n, el d\u00eda posterior las condiciones fueron similares, sin embargo el imperiale racing logro adjudicarse la pole, ya en la competencia se levantaron con el segundo puesto, Guzm\u00e1n ya prepara la segunda fecha a efectuarse en Monza. \u201cArrancamos desde la pole la primer carrera del a\u00f1o, una competencia larga y con condiciones complicadas. El Bop [&hellip;]<\/p>\n","protected":false},"author":2,"featured_media":96526,"comment_status":"closed","ping_status":"closed","sticky":false,"template":"","format":"video","meta":{"footnotes":""},"categories":[7,5],"tags":[],"class_list":["post-96517","post","type-post","status-publish","format-video","has-post-thumbnail","hentry","category-deportes","category-destacadas","post_format-post-format-video","post--single"],"yoast_head":"<!-- This site is optimized with the Yoast SEO plugin v27.4 - https:\/\/yoast.com\/product\/yoast-seo-wordpress\/ -->\n<title>P\u00f3dium para el potosino Ra\u00fal Guzm\u00e1n en Pergusa - Canal 7 SLP - 2023<\/title>\n<meta name=\"robots\" content=\"index, follow, max-snippet:-1, max-image-preview:large, max-video-preview:-1\" \/>\n<link rel=\"canonical\" href=\"https:\/\/canal7slp.tv\/2023\/podium-para-el-potosino-raul-guzman-en-pergusa\/\" \/>\n<meta property=\"og:locale\" content=\"es_ES\" \/>\n<meta property=\"og:type\" content=\"article\" \/>\n<meta property=\"og:title\" content=\"P\u00f3dium para el potosino Ra\u00fal Guzm\u00e1n en Pergusa - Canal 7 SLP - 2023\" \/>\n<meta property=\"og:description\" content=\"SLP.- En la fecha inaugural del Campeonato Italiano de Gran Turismo, el piloto potosino Ra\u00fal Guzm\u00e1n y su equipo se adjudicaron el segundo escal\u00f3n del p\u00f3dium. La condiciones de la pista de Pergusa en el primer d\u00eda de actividades limitaron la sesi\u00f3n de pr\u00e1cticas y calificaci\u00f3n, el d\u00eda posterior las condiciones fueron similares, sin embargo el imperiale racing logro adjudicarse la pole, ya en la competencia se levantaron con el segundo puesto, Guzm\u00e1n ya prepara la segunda fecha a efectuarse en Monza. \u201cArrancamos desde la pole la primer carrera del a\u00f1o, una competencia larga y con condiciones complicadas. El Bop [&hellip;]\" \/>\n<meta property=\"og:url\" content=\"https:\/\/canal7slp.tv\/2023\/podium-para-el-potosino-raul-guzman-en-pergusa\/\" \/>\n<meta property=\"og:site_name\" content=\"Canal 7 SLP - 2023\" \/>\n<meta property=\"article:publisher\" content=\"https:\/\/www.facebook.com\/noticieroscanalsiete\" \/>\n<meta property=\"article:published_time\" content=\"2023-05-25T20:36:18+00:00\" \/>\n<meta property=\"og:image\" content=\"https:\/\/canal7slp.tv\/2023\/wp-content\/uploads\/2023\/05\/Froi03Guzman.jpg\" \/>\n\t<meta property=\"og:image:width\" content=\"888\" \/>\n\t<meta property=\"og:image:height\" content=\"500\" \/>\n\t<meta property=\"og:image:type\" content=\"image\/jpeg\" \/>\n<meta name=\"author\" content=\"Edici\u00f3n Web\" \/>\n<meta name=\"twitter:card\" content=\"summary_large_image\" \/>\n<meta name=\"twitter:creator\" content=\"@NOTICIEROS7\" \/>\n<meta name=\"twitter:site\" content=\"@NOTICIEROS7\" \/>\n<meta name=\"twitter:label1\" content=\"Escrito por\" \/>\n\t<meta name=\"twitter:data1\" content=\"Edici\u00f3n Web\" \/>\n\t<meta name=\"twitter:label2\" content=\"Tiempo de lectura\" \/>\n\t<meta name=\"twitter:data2\" content=\"1 minuto\" \/>\n<script type=\"application\/ld+json\" class=\"yoast-schema-graph\">{\"@context\":\"https:\\\/\\\/schema.org\",\"@graph\":[{\"@type\":\"Article\",\"@id\":\"https:\\\/\\\/canal7slp.tv\\\/2023\\\/podium-para-el-potosino-raul-guzman-en-pergusa\\\/#article\",\"isPartOf\":{\"@id\":\"https:\\\/\\\/canal7slp.tv\\\/2023\\\/podium-para-el-potosino-raul-guzman-en-pergusa\\\/\"},\"author\":{\"name\":\"Edici\u00f3n Web\",\"@id\":\"https:\\\/\\\/canal7slp.tv\\\/2023\\\/#\\\/schema\\\/person\\\/639c424e3584069003b11ae813915da6\"},\"headline\":\"P\u00f3dium para el potosino Ra\u00fal Guzm\u00e1n en Pergusa\",\"datePublished\":\"2023-05-25T20:36:18+00:00\",\"mainEntityOfPage\":{\"@id\":\"https:\\\/\\\/canal7slp.tv\\\/2023\\\/podium-para-el-potosino-raul-guzman-en-pergusa\\\/\"},\"wordCount\":187,\"publisher\":{\"@id\":\"https:\\\/\\\/canal7slp.tv\\\/2023\\\/#organization\"},\"image\":{\"@id\":\"https:\\\/\\\/canal7slp.tv\\\/2023\\\/podium-para-el-potosino-raul-guzman-en-pergusa\\\/#primaryimage\"},\"thumbnailUrl\":\"https:\\\/\\\/canal7slp.tv\\\/2023\\\/wp-content\\\/uploads\\\/2023\\\/05\\\/Froi03Guzman.jpg\",\"articleSection\":[\"DEPORTES\",\"DESTACADAS\"],\"inLanguage\":\"es\"},{\"@type\":\"WebPage\",\"@id\":\"https:\\\/\\\/canal7slp.tv\\\/2023\\\/podium-para-el-potosino-raul-guzman-en-pergusa\\\/\",\"url\":\"https:\\\/\\\/canal7slp.tv\\\/2023\\\/podium-para-el-potosino-raul-guzman-en-pergusa\\\/\",\"name\":\"P\u00f3dium para el potosino Ra\u00fal Guzm\u00e1n en Pergusa - Canal 7 SLP - 2023\",\"isPartOf\":{\"@id\":\"https:\\\/\\\/canal7slp.tv\\\/2023\\\/#website\"},\"primaryImageOfPage\":{\"@id\":\"https:\\\/\\\/canal7slp.tv\\\/2023\\\/podium-para-el-potosino-raul-guzman-en-pergusa\\\/#primaryimage\"},\"image\":{\"@id\":\"https:\\\/\\\/canal7slp.tv\\\/2023\\\/podium-para-el-potosino-raul-guzman-en-pergusa\\\/#primaryimage\"},\"thumbnailUrl\":\"https:\\\/\\\/canal7slp.tv\\\/2023\\\/wp-content\\\/uploads\\\/2023\\\/05\\\/Froi03Guzman.jpg\",\"datePublished\":\"2023-05-25T20:36:18+00:00\",\"breadcrumb\":{\"@id\":\"https:\\\/\\\/canal7slp.tv\\\/2023\\\/podium-para-el-potosino-raul-guzman-en-pergusa\\\/#breadcrumb\"},\"inLanguage\":\"es\",\"potentialAction\":[{\"@type\":\"ReadAction\",\"target\":[\"https:\\\/\\\/canal7slp.tv\\\/2023\\\/podium-para-el-potosino-raul-guzman-en-pergusa\\\/\"]}]},{\"@type\":\"ImageObject\",\"inLanguage\":\"es\",\"@id\":\"https:\\\/\\\/canal7slp.tv\\\/2023\\\/podium-para-el-potosino-raul-guzman-en-pergusa\\\/#primaryimage\",\"url\":\"https:\\\/\\\/canal7slp.tv\\\/2023\\\/wp-content\\\/uploads\\\/2023\\\/05\\\/Froi03Guzman.jpg\",\"contentUrl\":\"https:\\\/\\\/canal7slp.tv\\\/2023\\\/wp-content\\\/uploads\\\/2023\\\/05\\\/Froi03Guzman.jpg\",\"width\":888,\"height\":500},{\"@type\":\"BreadcrumbList\",\"@id\":\"https:\\\/\\\/canal7slp.tv\\\/2023\\\/podium-para-el-potosino-raul-guzman-en-pergusa\\\/#breadcrumb\",\"itemListElement\":[{\"@type\":\"ListItem\",\"position\":1,\"name\":\"Portada\",\"item\":\"https:\\\/\\\/canal7slp.tv\\\/2023\\\/\"},{\"@type\":\"ListItem\",\"position\":2,\"name\":\"P\u00f3dium para el potosino Ra\u00fal Guzm\u00e1n en Pergusa\"}]},{\"@type\":\"WebSite\",\"@id\":\"https:\\\/\\\/canal7slp.tv\\\/2023\\\/#website\",\"url\":\"https:\\\/\\\/canal7slp.tv\\\/2023\\\/\",\"name\":\"N7 - Noticieros Canal 7\",\"description\":\"Somos Televisi\u00f3n\",\"publisher\":{\"@id\":\"https:\\\/\\\/canal7slp.tv\\\/2023\\\/#organization\"},\"potentialAction\":[{\"@type\":\"SearchAction\",\"target\":{\"@type\":\"EntryPoint\",\"urlTemplate\":\"https:\\\/\\\/canal7slp.tv\\\/2023\\\/?s={search_term_string}\"},\"query-input\":{\"@type\":\"PropertyValueSpecification\",\"valueRequired\":true,\"valueName\":\"search_term_string\"}}],\"inLanguage\":\"es\"},{\"@type\":\"Organization\",\"@id\":\"https:\\\/\\\/canal7slp.tv\\\/2023\\\/#organization\",\"name\":\"Noticieros Canal 7\",\"url\":\"https:\\\/\\\/canal7slp.tv\\\/2023\\\/\",\"logo\":{\"@type\":\"ImageObject\",\"inLanguage\":\"es\",\"@id\":\"https:\\\/\\\/canal7slp.tv\\\/2023\\\/#\\\/schema\\\/logo\\\/image\\\/\",\"url\":\"https:\\\/\\\/canal7slp.tv\\\/2023\\\/wp-content\\\/uploads\\\/2021\\\/01\\\/logo-noticieros@2x.png\",\"contentUrl\":\"https:\\\/\\\/canal7slp.tv\\\/2023\\\/wp-content\\\/uploads\\\/2021\\\/01\\\/logo-noticieros@2x.png\",\"width\":1017,\"height\":268,\"caption\":\"Noticieros Canal 7\"},\"image\":{\"@id\":\"https:\\\/\\\/canal7slp.tv\\\/2023\\\/#\\\/schema\\\/logo\\\/image\\\/\"},\"sameAs\":[\"https:\\\/\\\/www.facebook.com\\\/noticieroscanalsiete\",\"https:\\\/\\\/x.com\\\/NOTICIEROS7\",\"https:\\\/\\\/www.instagram.com\\\/canal7_slp\",\"https:\\\/\\\/www.youtube.com\\\/channel\\\/UCliiYs-gP3JfJeqdPrNdd5A\"]},{\"@type\":\"Person\",\"@id\":\"https:\\\/\\\/canal7slp.tv\\\/2023\\\/#\\\/schema\\\/person\\\/639c424e3584069003b11ae813915da6\",\"name\":\"Edici\u00f3n Web\",\"image\":{\"@type\":\"ImageObject\",\"inLanguage\":\"es\",\"@id\":\"https:\\\/\\\/secure.gravatar.com\\\/avatar\\\/eee448fc3f7164808013b816ba91ac7e43bbe82a70bebac296f8bc6f0addaa1a?s=96&d=mm&r=g\",\"url\":\"https:\\\/\\\/secure.gravatar.com\\\/avatar\\\/eee448fc3f7164808013b816ba91ac7e43bbe82a70bebac296f8bc6f0addaa1a?s=96&d=mm&r=g\",\"contentUrl\":\"https:\\\/\\\/secure.gravatar.com\\\/avatar\\\/eee448fc3f7164808013b816ba91ac7e43bbe82a70bebac296f8bc6f0addaa1a?s=96&d=mm&r=g\",\"caption\":\"Edici\u00f3n Web\"},\"url\":\"https:\\\/\\\/canal7slp.tv\\\/2023\\\/author\\\/edicionweb\\\/\"}]}<\/script>\n<!-- \/ Yoast SEO plugin. -->","yoast_head_json":{"title":"P\u00f3dium para el potosino Ra\u00fal Guzm\u00e1n en Pergusa - Canal 7 SLP - 2023","robots":{"index":"index","follow":"follow","max-snippet":"max-snippet:-1","max-image-preview":"max-image-preview:large","max-video-preview":"max-video-preview:-1"},"canonical":"https:\/\/canal7slp.tv\/2023\/podium-para-el-potosino-raul-guzman-en-pergusa\/","og_locale":"es_ES","og_type":"article","og_title":"P\u00f3dium para el potosino Ra\u00fal Guzm\u00e1n en Pergusa - Canal 7 SLP - 2023","og_description":"SLP.- En la fecha inaugural del Campeonato Italiano de Gran Turismo, el piloto potosino Ra\u00fal Guzm\u00e1n y su equipo se adjudicaron el segundo escal\u00f3n del p\u00f3dium. La condiciones de la pista de Pergusa en el primer d\u00eda de actividades limitaron la sesi\u00f3n de pr\u00e1cticas y calificaci\u00f3n, el d\u00eda posterior las condiciones fueron similares, sin embargo el imperiale racing logro adjudicarse la pole, ya en la competencia se levantaron con el segundo puesto, Guzm\u00e1n ya prepara la segunda fecha a efectuarse en Monza. \u201cArrancamos desde la pole la primer carrera del a\u00f1o, una competencia larga y con condiciones complicadas. El Bop [&hellip;]","og_url":"https:\/\/canal7slp.tv\/2023\/podium-para-el-potosino-raul-guzman-en-pergusa\/","og_site_name":"Canal 7 SLP - 2023","article_publisher":"https:\/\/www.facebook.com\/noticieroscanalsiete","article_published_time":"2023-05-25T20:36:18+00:00","og_image":[{"width":888,"height":500,"url":"https:\/\/canal7slp.tv\/2023\/wp-content\/uploads\/2023\/05\/Froi03Guzman.jpg","type":"image\/jpeg"}],"author":"Edici\u00f3n Web","twitter_card":"summary_large_image","twitter_creator":"@NOTICIEROS7","twitter_site":"@NOTICIEROS7","twitter_misc":{"Escrito por":"Edici\u00f3n Web","Tiempo de lectura":"1 minuto"},"schema":{"@context":"https:\/\/schema.org","@graph":[{"@type":"Article","@id":"https:\/\/canal7slp.tv\/2023\/podium-para-el-potosino-raul-guzman-en-pergusa\/#article","isPartOf":{"@id":"https:\/\/canal7slp.tv\/2023\/podium-para-el-potosino-raul-guzman-en-pergusa\/"},"author":{"name":"Edici\u00f3n Web","@id":"https:\/\/canal7slp.tv\/2023\/#\/schema\/person\/639c424e3584069003b11ae813915da6"},"headline":"P\u00f3dium para el potosino Ra\u00fal Guzm\u00e1n en Pergusa","datePublished":"2023-05-25T20:36:18+00:00","mainEntityOfPage":{"@id":"https:\/\/canal7slp.tv\/2023\/podium-para-el-potosino-raul-guzman-en-pergusa\/"},"wordCount":187,"publisher":{"@id":"https:\/\/canal7slp.tv\/2023\/#organization"},"image":{"@id":"https:\/\/canal7slp.tv\/2023\/podium-para-el-potosino-raul-guzman-en-pergusa\/#primaryimage"},"thumbnailUrl":"https:\/\/canal7slp.tv\/2023\/wp-content\/uploads\/2023\/05\/Froi03Guzman.jpg","articleSection":["DEPORTES","DESTACADAS"],"inLanguage":"es"},{"@type":"WebPage","@id":"https:\/\/canal7slp.tv\/2023\/podium-para-el-potosino-raul-guzman-en-pergusa\/","url":"https:\/\/canal7slp.tv\/2023\/podium-para-el-potosino-raul-guzman-en-pergusa\/","name":"P\u00f3dium para el potosino Ra\u00fal Guzm\u00e1n en Pergusa - Canal 7 SLP - 2023","isPartOf":{"@id":"https:\/\/canal7slp.tv\/2023\/#website"},"primaryImageOfPage":{"@id":"https:\/\/canal7slp.tv\/2023\/podium-para-el-potosino-raul-guzman-en-pergusa\/#primaryimage"},"image":{"@id":"https:\/\/canal7slp.tv\/2023\/podium-para-el-potosino-raul-guzman-en-pergusa\/#primaryimage"},"thumbnailUrl":"https:\/\/canal7slp.tv\/2023\/wp-content\/uploads\/2023\/05\/Froi03Guzman.jpg","datePublished":"2023-05-25T20:36:18+00:00","breadcrumb":{"@id":"https:\/\/canal7slp.tv\/2023\/podium-para-el-potosino-raul-guzman-en-pergusa\/#breadcrumb"},"inLanguage":"es","potentialAction":[{"@type":"ReadAction","target":["https:\/\/canal7slp.tv\/2023\/podium-para-el-potosino-raul-guzman-en-pergusa\/"]}]},{"@type":"ImageObject","inLanguage":"es","@id":"https:\/\/canal7slp.tv\/2023\/podium-para-el-potosino-raul-guzman-en-pergusa\/#primaryimage","url":"https:\/\/canal7slp.tv\/2023\/wp-content\/uploads\/2023\/05\/Froi03Guzman.jpg","contentUrl":"https:\/\/canal7slp.tv\/2023\/wp-content\/uploads\/2023\/05\/Froi03Guzman.jpg","width":888,"height":500},{"@type":"BreadcrumbList","@id":"https:\/\/canal7slp.tv\/2023\/podium-para-el-potosino-raul-guzman-en-pergusa\/#breadcrumb","itemListElement":[{"@type":"ListItem","position":1,"name":"Portada","item":"https:\/\/canal7slp.tv\/2023\/"},{"@type":"ListItem","position":2,"name":"P\u00f3dium para el potosino Ra\u00fal Guzm\u00e1n en Pergusa"}]},{"@type":"WebSite","@id":"https:\/\/canal7slp.tv\/2023\/#website","url":"https:\/\/canal7slp.tv\/2023\/","name":"N7 - Noticieros Canal 7","description":"Somos Televisi\u00f3n","publisher":{"@id":"https:\/\/canal7slp.tv\/2023\/#organization"},"potentialAction":[{"@type":"SearchAction","target":{"@type":"EntryPoint","urlTemplate":"https:\/\/canal7slp.tv\/2023\/?s={search_term_string}"},"query-input":{"@type":"PropertyValueSpecification","valueRequired":true,"valueName":"search_term_string"}}],"inLanguage":"es"},{"@type":"Organization","@id":"https:\/\/canal7slp.tv\/2023\/#organization","name":"Noticieros Canal 7","url":"https:\/\/canal7slp.tv\/2023\/","logo":{"@type":"ImageObject","inLanguage":"es","@id":"https:\/\/canal7slp.tv\/2023\/#\/schema\/logo\/image\/","url":"https:\/\/canal7slp.tv\/2023\/wp-content\/uploads\/2021\/01\/logo-noticieros@2x.png","contentUrl":"https:\/\/canal7slp.tv\/2023\/wp-content\/uploads\/2021\/01\/logo-noticieros@2x.png","width":1017,"height":268,"caption":"Noticieros Canal 7"},"image":{"@id":"https:\/\/canal7slp.tv\/2023\/#\/schema\/logo\/image\/"},"sameAs":["https:\/\/www.facebook.com\/noticieroscanalsiete","https:\/\/x.com\/NOTICIEROS7","https:\/\/www.instagram.com\/canal7_slp","https:\/\/www.youtube.com\/channel\/UCliiYs-gP3JfJeqdPrNdd5A"]},{"@type":"Person","@id":"https:\/\/canal7slp.tv\/2023\/#\/schema\/person\/639c424e3584069003b11ae813915da6","name":"Edici\u00f3n Web","image":{"@type":"ImageObject","inLanguage":"es","@id":"https:\/\/secure.gravatar.com\/avatar\/eee448fc3f7164808013b816ba91ac7e43bbe82a70bebac296f8bc6f0addaa1a?s=96&d=mm&r=g","url":"https:\/\/secure.gravatar.com\/avatar\/eee448fc3f7164808013b816ba91ac7e43bbe82a70bebac296f8bc6f0addaa1a?s=96&d=mm&r=g","contentUrl":"https:\/\/secure.gravatar.com\/avatar\/eee448fc3f7164808013b816ba91ac7e43bbe82a70bebac296f8bc6f0addaa1a?s=96&d=mm&r=g","caption":"Edici\u00f3n Web"},"url":"https:\/\/canal7slp.tv\/2023\/author\/edicionweb\/"}]}},"_links":{"self":[{"href":"https:\/\/canal7slp.tv\/2023\/wp-json\/wp\/v2\/posts\/96517","targetHints":{"allow":["GET"]}}],"collection":[{"href":"https:\/\/canal7slp.tv\/2023\/wp-json\/wp\/v2\/posts"}],"about":[{"href":"https:\/\/canal7slp.tv\/2023\/wp-json\/wp\/v2\/types\/post"}],"author":[{"embeddable":true,"href":"https:\/\/canal7slp.tv\/2023\/wp-json\/wp\/v2\/users\/2"}],"replies":[{"embeddable":true,"href":"https:\/\/canal7slp.tv\/2023\/wp-json\/wp\/v2\/comments?post=96517"}],"version-history":[{"count":2,"href":"https:\/\/canal7slp.tv\/2023\/wp-json\/wp\/v2\/posts\/96517\/revisions"}],"predecessor-version":[{"id":96527,"href":"https:\/\/canal7slp.tv\/2023\/wp-json\/wp\/v2\/posts\/96517\/revisions\/96527"}],"wp:featuredmedia":[{"embeddable":true,"href":"https:\/\/canal7slp.tv\/2023\/wp-json\/wp\/v2\/media\/96526"}],"wp:attachment":[{"href":"https:\/\/canal7slp.tv\/2023\/wp-json\/wp\/v2\/media?parent=96517"}],"wp:term":[{"taxonomy":"category","embeddable":true,"href":"https:\/\/canal7slp.tv\/2023\/wp-json\/wp\/v2\/categories?post=96517"},{"taxonomy":"post_tag","embeddable":true,"href":"https:\/\/canal7slp.tv\/2023\/wp-json\/wp\/v2\/tags?post=96517"}],"curies":[{"name":"wp","href":"https:\/\/api.w.org\/{rel}","templated":true}]}}