{"id":96322,"date":"2023-05-25T17:32:31","date_gmt":"2023-05-25T23:32:31","guid":{"rendered":"https:\/\/canal7slp.tv\/2023\/?p=96322"},"modified":"2023-05-25T17:32:31","modified_gmt":"2023-05-25T23:32:31","slug":"crimen-organizado-podria-estar-vinculado-con-asesinato-de-parroco-en-michoacan-advierte-fiscalia","status":"publish","type":"post","link":"https:\/\/canal7slp.tv\/2023\/crimen-organizado-podria-estar-vinculado-con-asesinato-de-parroco-en-michoacan-advierte-fiscalia\/","title":{"rendered":"Crimen organizado podr\u00eda estar vinculado con asesinato de p\u00e1rroco en Michoac\u00e1n, advierte Fiscal\u00eda"},"content":{"rendered":"<p style=\"text-align: justify;\">Capacho.- Javier Garc\u00eda Villafa\u00f1a, p\u00e1rroco de Capacho en Michoac\u00e1n, fue asesinado cuando circulaba sobre la carretera Cuitzeo-Huandacareo.<\/p>\n<p style=\"text-align: justify;\">La Fiscal\u00eda General del Estado (FGE) de Michoac\u00e1n, detall\u00f3 que alrededor de las 19:00 horas del 22 de mayo, personal del organismo fue notificado sobre el homicidio de una persona a la altura de la localidad de Capacho.<\/p>\n<p style=\"text-align: justify;\">Asimismo, se\u00f1al\u00f3 que en el siti\u00f3 fue localizado un veh\u00edculo que presentaba impactos de proyectil de armas de fuego.<\/p>\n<p style=\"text-align: justify;\">Al interior del mismo estaba el cuerpo de un hombre sin vida, el cual en su momento se desconoc\u00eda la identidad.<\/p>\n<p style=\"text-align: justify;\">Por su parte, la Parroquia de San Francisco Curungueo dio a conocer que la v\u00edctima en cuesti\u00f3n es el sacerdote, quien fue interceptado y asesinado.<\/p>\n<p style=\"text-align: justify;\">\u00abInformamos que hoy a las 6 PM fue interceptado en la carretera el P. Fray Javier Garc\u00eda Villafa\u00f1a y falleci\u00f3 asesinado. Que en paz descanse el p\u00e1rroco de Capacho. Nuestro m\u00e1s sentido p\u00e9same a nuestros Agustinos. Sacerdote Amigo, descansa en la paz de Cristo\u201d.<\/p>\n","protected":false},"excerpt":{"rendered":"<p>Capacho.- Javier Garc\u00eda Villafa\u00f1a, p\u00e1rroco de Capacho en Michoac\u00e1n, fue asesinado cuando circulaba sobre la carretera Cuitzeo-Huandacareo. La Fiscal\u00eda General del Estado (FGE) de Michoac\u00e1n, detall\u00f3 que alrededor de las 19:00 horas del 22 de mayo, personal del organismo fue notificado sobre el homicidio de una persona a la altura de la localidad de Capacho. Asimismo, se\u00f1al\u00f3 que en el siti\u00f3 fue localizado un veh\u00edculo que presentaba impactos de proyectil de armas de fuego. Al interior del mismo estaba el cuerpo de un hombre sin vida, el cual en su momento se desconoc\u00eda la identidad. Por su parte, la Parroquia [&hellip;]<\/p>\n","protected":false},"author":2,"featured_media":96334,"comment_status":"closed","ping_status":"closed","sticky":false,"template":"","format":"standard","meta":{"footnotes":""},"categories":[46],"tags":[],"class_list":["post-96322","post","type-post","status-publish","format-standard","has-post-thumbnail","hentry","category-nacional","post--single"],"yoast_head":"<!-- This site is optimized with the Yoast SEO plugin v27.4 - https:\/\/yoast.com\/product\/yoast-seo-wordpress\/ -->\n<title>Crimen organizado podr\u00eda estar vinculado con asesinato de p\u00e1rroco en Michoac\u00e1n, advierte Fiscal\u00eda - Canal 7 SLP - 2023<\/title>\n<meta name=\"robots\" content=\"index, follow, max-snippet:-1, max-image-preview:large, max-video-preview:-1\" \/>\n<link rel=\"canonical\" href=\"https:\/\/canal7slp.tv\/2023\/crimen-organizado-podria-estar-vinculado-con-asesinato-de-parroco-en-michoacan-advierte-fiscalia\/\" \/>\n<meta property=\"og:locale\" content=\"es_ES\" \/>\n<meta property=\"og:type\" content=\"article\" \/>\n<meta property=\"og:title\" content=\"Crimen organizado podr\u00eda estar vinculado con asesinato de p\u00e1rroco en Michoac\u00e1n, advierte Fiscal\u00eda - Canal 7 SLP - 2023\" \/>\n<meta property=\"og:description\" content=\"Capacho.- Javier Garc\u00eda Villafa\u00f1a, p\u00e1rroco de Capacho en Michoac\u00e1n, fue asesinado cuando circulaba sobre la carretera Cuitzeo-Huandacareo. La Fiscal\u00eda General del Estado (FGE) de Michoac\u00e1n, detall\u00f3 que alrededor de las 19:00 horas del 22 de mayo, personal del organismo fue notificado sobre el homicidio de una persona a la altura de la localidad de Capacho. Asimismo, se\u00f1al\u00f3 que en el siti\u00f3 fue localizado un veh\u00edculo que presentaba impactos de proyectil de armas de fuego. Al interior del mismo estaba el cuerpo de un hombre sin vida, el cual en su momento se desconoc\u00eda la identidad. Por su parte, la Parroquia [&hellip;]\" \/>\n<meta property=\"og:url\" content=\"https:\/\/canal7slp.tv\/2023\/crimen-organizado-podria-estar-vinculado-con-asesinato-de-parroco-en-michoacan-advierte-fiscalia\/\" \/>\n<meta property=\"og:site_name\" content=\"Canal 7 SLP - 2023\" \/>\n<meta property=\"article:publisher\" content=\"https:\/\/www.facebook.com\/noticieroscanalsiete\" \/>\n<meta property=\"article:published_time\" content=\"2023-05-25T23:32:31+00:00\" \/>\n<meta property=\"og:image\" content=\"https:\/\/canal7slp.tv\/2023\/wp-content\/uploads\/2023\/05\/01-20.jpg\" \/>\n\t<meta property=\"og:image:width\" content=\"1280\" \/>\n\t<meta property=\"og:image:height\" content=\"792\" \/>\n\t<meta property=\"og:image:type\" content=\"image\/jpeg\" \/>\n<meta name=\"author\" content=\"Edici\u00f3n Web\" \/>\n<meta name=\"twitter:card\" content=\"summary_large_image\" \/>\n<meta name=\"twitter:creator\" content=\"@NOTICIEROS7\" \/>\n<meta name=\"twitter:site\" content=\"@NOTICIEROS7\" \/>\n<meta name=\"twitter:label1\" content=\"Escrito por\" \/>\n\t<meta name=\"twitter:data1\" content=\"Edici\u00f3n Web\" \/>\n\t<meta name=\"twitter:label2\" content=\"Tiempo de lectura\" \/>\n\t<meta name=\"twitter:data2\" content=\"1 minuto\" \/>\n<script type=\"application\/ld+json\" class=\"yoast-schema-graph\">{\"@context\":\"https:\\\/\\\/schema.org\",\"@graph\":[{\"@type\":\"Article\",\"@id\":\"https:\\\/\\\/canal7slp.tv\\\/2023\\\/crimen-organizado-podria-estar-vinculado-con-asesinato-de-parroco-en-michoacan-advierte-fiscalia\\\/#article\",\"isPartOf\":{\"@id\":\"https:\\\/\\\/canal7slp.tv\\\/2023\\\/crimen-organizado-podria-estar-vinculado-con-asesinato-de-parroco-en-michoacan-advierte-fiscalia\\\/\"},\"author\":{\"name\":\"Edici\u00f3n Web\",\"@id\":\"https:\\\/\\\/canal7slp.tv\\\/2023\\\/#\\\/schema\\\/person\\\/639c424e3584069003b11ae813915da6\"},\"headline\":\"Crimen organizado podr\u00eda estar vinculado con asesinato de p\u00e1rroco en Michoac\u00e1n, advierte Fiscal\u00eda\",\"datePublished\":\"2023-05-25T23:32:31+00:00\",\"mainEntityOfPage\":{\"@id\":\"https:\\\/\\\/canal7slp.tv\\\/2023\\\/crimen-organizado-podria-estar-vinculado-con-asesinato-de-parroco-en-michoacan-advierte-fiscalia\\\/\"},\"wordCount\":195,\"publisher\":{\"@id\":\"https:\\\/\\\/canal7slp.tv\\\/2023\\\/#organization\"},\"image\":{\"@id\":\"https:\\\/\\\/canal7slp.tv\\\/2023\\\/crimen-organizado-podria-estar-vinculado-con-asesinato-de-parroco-en-michoacan-advierte-fiscalia\\\/#primaryimage\"},\"thumbnailUrl\":\"https:\\\/\\\/canal7slp.tv\\\/2023\\\/wp-content\\\/uploads\\\/2023\\\/05\\\/01-20.jpg\",\"articleSection\":[\"NACIONALES\"],\"inLanguage\":\"es\"},{\"@type\":\"WebPage\",\"@id\":\"https:\\\/\\\/canal7slp.tv\\\/2023\\\/crimen-organizado-podria-estar-vinculado-con-asesinato-de-parroco-en-michoacan-advierte-fiscalia\\\/\",\"url\":\"https:\\\/\\\/canal7slp.tv\\\/2023\\\/crimen-organizado-podria-estar-vinculado-con-asesinato-de-parroco-en-michoacan-advierte-fiscalia\\\/\",\"name\":\"Crimen organizado podr\u00eda estar vinculado con asesinato de p\u00e1rroco en Michoac\u00e1n, advierte Fiscal\u00eda - Canal 7 SLP - 2023\",\"isPartOf\":{\"@id\":\"https:\\\/\\\/canal7slp.tv\\\/2023\\\/#website\"},\"primaryImageOfPage\":{\"@id\":\"https:\\\/\\\/canal7slp.tv\\\/2023\\\/crimen-organizado-podria-estar-vinculado-con-asesinato-de-parroco-en-michoacan-advierte-fiscalia\\\/#primaryimage\"},\"image\":{\"@id\":\"https:\\\/\\\/canal7slp.tv\\\/2023\\\/crimen-organizado-podria-estar-vinculado-con-asesinato-de-parroco-en-michoacan-advierte-fiscalia\\\/#primaryimage\"},\"thumbnailUrl\":\"https:\\\/\\\/canal7slp.tv\\\/2023\\\/wp-content\\\/uploads\\\/2023\\\/05\\\/01-20.jpg\",\"datePublished\":\"2023-05-25T23:32:31+00:00\",\"breadcrumb\":{\"@id\":\"https:\\\/\\\/canal7slp.tv\\\/2023\\\/crimen-organizado-podria-estar-vinculado-con-asesinato-de-parroco-en-michoacan-advierte-fiscalia\\\/#breadcrumb\"},\"inLanguage\":\"es\",\"potentialAction\":[{\"@type\":\"ReadAction\",\"target\":[\"https:\\\/\\\/canal7slp.tv\\\/2023\\\/crimen-organizado-podria-estar-vinculado-con-asesinato-de-parroco-en-michoacan-advierte-fiscalia\\\/\"]}]},{\"@type\":\"ImageObject\",\"inLanguage\":\"es\",\"@id\":\"https:\\\/\\\/canal7slp.tv\\\/2023\\\/crimen-organizado-podria-estar-vinculado-con-asesinato-de-parroco-en-michoacan-advierte-fiscalia\\\/#primaryimage\",\"url\":\"https:\\\/\\\/canal7slp.tv\\\/2023\\\/wp-content\\\/uploads\\\/2023\\\/05\\\/01-20.jpg\",\"contentUrl\":\"https:\\\/\\\/canal7slp.tv\\\/2023\\\/wp-content\\\/uploads\\\/2023\\\/05\\\/01-20.jpg\",\"width\":1280,\"height\":792},{\"@type\":\"BreadcrumbList\",\"@id\":\"https:\\\/\\\/canal7slp.tv\\\/2023\\\/crimen-organizado-podria-estar-vinculado-con-asesinato-de-parroco-en-michoacan-advierte-fiscalia\\\/#breadcrumb\",\"itemListElement\":[{\"@type\":\"ListItem\",\"position\":1,\"name\":\"Portada\",\"item\":\"https:\\\/\\\/canal7slp.tv\\\/2023\\\/\"},{\"@type\":\"ListItem\",\"position\":2,\"name\":\"Crimen organizado podr\u00eda estar vinculado con asesinato de p\u00e1rroco en Michoac\u00e1n, advierte Fiscal\u00eda\"}]},{\"@type\":\"WebSite\",\"@id\":\"https:\\\/\\\/canal7slp.tv\\\/2023\\\/#website\",\"url\":\"https:\\\/\\\/canal7slp.tv\\\/2023\\\/\",\"name\":\"N7 - Noticieros Canal 7\",\"description\":\"Somos Televisi\u00f3n\",\"publisher\":{\"@id\":\"https:\\\/\\\/canal7slp.tv\\\/2023\\\/#organization\"},\"potentialAction\":[{\"@type\":\"SearchAction\",\"target\":{\"@type\":\"EntryPoint\",\"urlTemplate\":\"https:\\\/\\\/canal7slp.tv\\\/2023\\\/?s={search_term_string}\"},\"query-input\":{\"@type\":\"PropertyValueSpecification\",\"valueRequired\":true,\"valueName\":\"search_term_string\"}}],\"inLanguage\":\"es\"},{\"@type\":\"Organization\",\"@id\":\"https:\\\/\\\/canal7slp.tv\\\/2023\\\/#organization\",\"name\":\"Noticieros Canal 7\",\"url\":\"https:\\\/\\\/canal7slp.tv\\\/2023\\\/\",\"logo\":{\"@type\":\"ImageObject\",\"inLanguage\":\"es\",\"@id\":\"https:\\\/\\\/canal7slp.tv\\\/2023\\\/#\\\/schema\\\/logo\\\/image\\\/\",\"url\":\"https:\\\/\\\/canal7slp.tv\\\/2023\\\/wp-content\\\/uploads\\\/2021\\\/01\\\/logo-noticieros@2x.png\",\"contentUrl\":\"https:\\\/\\\/canal7slp.tv\\\/2023\\\/wp-content\\\/uploads\\\/2021\\\/01\\\/logo-noticieros@2x.png\",\"width\":1017,\"height\":268,\"caption\":\"Noticieros Canal 7\"},\"image\":{\"@id\":\"https:\\\/\\\/canal7slp.tv\\\/2023\\\/#\\\/schema\\\/logo\\\/image\\\/\"},\"sameAs\":[\"https:\\\/\\\/www.facebook.com\\\/noticieroscanalsiete\",\"https:\\\/\\\/x.com\\\/NOTICIEROS7\",\"https:\\\/\\\/www.instagram.com\\\/canal7_slp\",\"https:\\\/\\\/www.youtube.com\\\/channel\\\/UCliiYs-gP3JfJeqdPrNdd5A\"]},{\"@type\":\"Person\",\"@id\":\"https:\\\/\\\/canal7slp.tv\\\/2023\\\/#\\\/schema\\\/person\\\/639c424e3584069003b11ae813915da6\",\"name\":\"Edici\u00f3n Web\",\"image\":{\"@type\":\"ImageObject\",\"inLanguage\":\"es\",\"@id\":\"https:\\\/\\\/secure.gravatar.com\\\/avatar\\\/eee448fc3f7164808013b816ba91ac7e43bbe82a70bebac296f8bc6f0addaa1a?s=96&d=mm&r=g\",\"url\":\"https:\\\/\\\/secure.gravatar.com\\\/avatar\\\/eee448fc3f7164808013b816ba91ac7e43bbe82a70bebac296f8bc6f0addaa1a?s=96&d=mm&r=g\",\"contentUrl\":\"https:\\\/\\\/secure.gravatar.com\\\/avatar\\\/eee448fc3f7164808013b816ba91ac7e43bbe82a70bebac296f8bc6f0addaa1a?s=96&d=mm&r=g\",\"caption\":\"Edici\u00f3n Web\"},\"url\":\"https:\\\/\\\/canal7slp.tv\\\/2023\\\/author\\\/edicionweb\\\/\"}]}<\/script>\n<!-- \/ Yoast SEO plugin. -->","yoast_head_json":{"title":"Crimen organizado podr\u00eda estar vinculado con asesinato de p\u00e1rroco en Michoac\u00e1n, advierte Fiscal\u00eda - Canal 7 SLP - 2023","robots":{"index":"index","follow":"follow","max-snippet":"max-snippet:-1","max-image-preview":"max-image-preview:large","max-video-preview":"max-video-preview:-1"},"canonical":"https:\/\/canal7slp.tv\/2023\/crimen-organizado-podria-estar-vinculado-con-asesinato-de-parroco-en-michoacan-advierte-fiscalia\/","og_locale":"es_ES","og_type":"article","og_title":"Crimen organizado podr\u00eda estar vinculado con asesinato de p\u00e1rroco en Michoac\u00e1n, advierte Fiscal\u00eda - Canal 7 SLP - 2023","og_description":"Capacho.- Javier Garc\u00eda Villafa\u00f1a, p\u00e1rroco de Capacho en Michoac\u00e1n, fue asesinado cuando circulaba sobre la carretera Cuitzeo-Huandacareo. La Fiscal\u00eda General del Estado (FGE) de Michoac\u00e1n, detall\u00f3 que alrededor de las 19:00 horas del 22 de mayo, personal del organismo fue notificado sobre el homicidio de una persona a la altura de la localidad de Capacho. Asimismo, se\u00f1al\u00f3 que en el siti\u00f3 fue localizado un veh\u00edculo que presentaba impactos de proyectil de armas de fuego. Al interior del mismo estaba el cuerpo de un hombre sin vida, el cual en su momento se desconoc\u00eda la identidad. Por su parte, la Parroquia [&hellip;]","og_url":"https:\/\/canal7slp.tv\/2023\/crimen-organizado-podria-estar-vinculado-con-asesinato-de-parroco-en-michoacan-advierte-fiscalia\/","og_site_name":"Canal 7 SLP - 2023","article_publisher":"https:\/\/www.facebook.com\/noticieroscanalsiete","article_published_time":"2023-05-25T23:32:31+00:00","og_image":[{"width":1280,"height":792,"url":"https:\/\/canal7slp.tv\/2023\/wp-content\/uploads\/2023\/05\/01-20.jpg","type":"image\/jpeg"}],"author":"Edici\u00f3n Web","twitter_card":"summary_large_image","twitter_creator":"@NOTICIEROS7","twitter_site":"@NOTICIEROS7","twitter_misc":{"Escrito por":"Edici\u00f3n Web","Tiempo de lectura":"1 minuto"},"schema":{"@context":"https:\/\/schema.org","@graph":[{"@type":"Article","@id":"https:\/\/canal7slp.tv\/2023\/crimen-organizado-podria-estar-vinculado-con-asesinato-de-parroco-en-michoacan-advierte-fiscalia\/#article","isPartOf":{"@id":"https:\/\/canal7slp.tv\/2023\/crimen-organizado-podria-estar-vinculado-con-asesinato-de-parroco-en-michoacan-advierte-fiscalia\/"},"author":{"name":"Edici\u00f3n Web","@id":"https:\/\/canal7slp.tv\/2023\/#\/schema\/person\/639c424e3584069003b11ae813915da6"},"headline":"Crimen organizado podr\u00eda estar vinculado con asesinato de p\u00e1rroco en Michoac\u00e1n, advierte Fiscal\u00eda","datePublished":"2023-05-25T23:32:31+00:00","mainEntityOfPage":{"@id":"https:\/\/canal7slp.tv\/2023\/crimen-organizado-podria-estar-vinculado-con-asesinato-de-parroco-en-michoacan-advierte-fiscalia\/"},"wordCount":195,"publisher":{"@id":"https:\/\/canal7slp.tv\/2023\/#organization"},"image":{"@id":"https:\/\/canal7slp.tv\/2023\/crimen-organizado-podria-estar-vinculado-con-asesinato-de-parroco-en-michoacan-advierte-fiscalia\/#primaryimage"},"thumbnailUrl":"https:\/\/canal7slp.tv\/2023\/wp-content\/uploads\/2023\/05\/01-20.jpg","articleSection":["NACIONALES"],"inLanguage":"es"},{"@type":"WebPage","@id":"https:\/\/canal7slp.tv\/2023\/crimen-organizado-podria-estar-vinculado-con-asesinato-de-parroco-en-michoacan-advierte-fiscalia\/","url":"https:\/\/canal7slp.tv\/2023\/crimen-organizado-podria-estar-vinculado-con-asesinato-de-parroco-en-michoacan-advierte-fiscalia\/","name":"Crimen organizado podr\u00eda estar vinculado con asesinato de p\u00e1rroco en Michoac\u00e1n, advierte Fiscal\u00eda - Canal 7 SLP - 2023","isPartOf":{"@id":"https:\/\/canal7slp.tv\/2023\/#website"},"primaryImageOfPage":{"@id":"https:\/\/canal7slp.tv\/2023\/crimen-organizado-podria-estar-vinculado-con-asesinato-de-parroco-en-michoacan-advierte-fiscalia\/#primaryimage"},"image":{"@id":"https:\/\/canal7slp.tv\/2023\/crimen-organizado-podria-estar-vinculado-con-asesinato-de-parroco-en-michoacan-advierte-fiscalia\/#primaryimage"},"thumbnailUrl":"https:\/\/canal7slp.tv\/2023\/wp-content\/uploads\/2023\/05\/01-20.jpg","datePublished":"2023-05-25T23:32:31+00:00","breadcrumb":{"@id":"https:\/\/canal7slp.tv\/2023\/crimen-organizado-podria-estar-vinculado-con-asesinato-de-parroco-en-michoacan-advierte-fiscalia\/#breadcrumb"},"inLanguage":"es","potentialAction":[{"@type":"ReadAction","target":["https:\/\/canal7slp.tv\/2023\/crimen-organizado-podria-estar-vinculado-con-asesinato-de-parroco-en-michoacan-advierte-fiscalia\/"]}]},{"@type":"ImageObject","inLanguage":"es","@id":"https:\/\/canal7slp.tv\/2023\/crimen-organizado-podria-estar-vinculado-con-asesinato-de-parroco-en-michoacan-advierte-fiscalia\/#primaryimage","url":"https:\/\/canal7slp.tv\/2023\/wp-content\/uploads\/2023\/05\/01-20.jpg","contentUrl":"https:\/\/canal7slp.tv\/2023\/wp-content\/uploads\/2023\/05\/01-20.jpg","width":1280,"height":792},{"@type":"BreadcrumbList","@id":"https:\/\/canal7slp.tv\/2023\/crimen-organizado-podria-estar-vinculado-con-asesinato-de-parroco-en-michoacan-advierte-fiscalia\/#breadcrumb","itemListElement":[{"@type":"ListItem","position":1,"name":"Portada","item":"https:\/\/canal7slp.tv\/2023\/"},{"@type":"ListItem","position":2,"name":"Crimen organizado podr\u00eda estar vinculado con asesinato de p\u00e1rroco en Michoac\u00e1n, advierte Fiscal\u00eda"}]},{"@type":"WebSite","@id":"https:\/\/canal7slp.tv\/2023\/#website","url":"https:\/\/canal7slp.tv\/2023\/","name":"N7 - Noticieros Canal 7","description":"Somos Televisi\u00f3n","publisher":{"@id":"https:\/\/canal7slp.tv\/2023\/#organization"},"potentialAction":[{"@type":"SearchAction","target":{"@type":"EntryPoint","urlTemplate":"https:\/\/canal7slp.tv\/2023\/?s={search_term_string}"},"query-input":{"@type":"PropertyValueSpecification","valueRequired":true,"valueName":"search_term_string"}}],"inLanguage":"es"},{"@type":"Organization","@id":"https:\/\/canal7slp.tv\/2023\/#organization","name":"Noticieros Canal 7","url":"https:\/\/canal7slp.tv\/2023\/","logo":{"@type":"ImageObject","inLanguage":"es","@id":"https:\/\/canal7slp.tv\/2023\/#\/schema\/logo\/image\/","url":"https:\/\/canal7slp.tv\/2023\/wp-content\/uploads\/2021\/01\/logo-noticieros@2x.png","contentUrl":"https:\/\/canal7slp.tv\/2023\/wp-content\/uploads\/2021\/01\/logo-noticieros@2x.png","width":1017,"height":268,"caption":"Noticieros Canal 7"},"image":{"@id":"https:\/\/canal7slp.tv\/2023\/#\/schema\/logo\/image\/"},"sameAs":["https:\/\/www.facebook.com\/noticieroscanalsiete","https:\/\/x.com\/NOTICIEROS7","https:\/\/www.instagram.com\/canal7_slp","https:\/\/www.youtube.com\/channel\/UCliiYs-gP3JfJeqdPrNdd5A"]},{"@type":"Person","@id":"https:\/\/canal7slp.tv\/2023\/#\/schema\/person\/639c424e3584069003b11ae813915da6","name":"Edici\u00f3n Web","image":{"@type":"ImageObject","inLanguage":"es","@id":"https:\/\/secure.gravatar.com\/avatar\/eee448fc3f7164808013b816ba91ac7e43bbe82a70bebac296f8bc6f0addaa1a?s=96&d=mm&r=g","url":"https:\/\/secure.gravatar.com\/avatar\/eee448fc3f7164808013b816ba91ac7e43bbe82a70bebac296f8bc6f0addaa1a?s=96&d=mm&r=g","contentUrl":"https:\/\/secure.gravatar.com\/avatar\/eee448fc3f7164808013b816ba91ac7e43bbe82a70bebac296f8bc6f0addaa1a?s=96&d=mm&r=g","caption":"Edici\u00f3n Web"},"url":"https:\/\/canal7slp.tv\/2023\/author\/edicionweb\/"}]}},"_links":{"self":[{"href":"https:\/\/canal7slp.tv\/2023\/wp-json\/wp\/v2\/posts\/96322","targetHints":{"allow":["GET"]}}],"collection":[{"href":"https:\/\/canal7slp.tv\/2023\/wp-json\/wp\/v2\/posts"}],"about":[{"href":"https:\/\/canal7slp.tv\/2023\/wp-json\/wp\/v2\/types\/post"}],"author":[{"embeddable":true,"href":"https:\/\/canal7slp.tv\/2023\/wp-json\/wp\/v2\/users\/2"}],"replies":[{"embeddable":true,"href":"https:\/\/canal7slp.tv\/2023\/wp-json\/wp\/v2\/comments?post=96322"}],"version-history":[{"count":3,"href":"https:\/\/canal7slp.tv\/2023\/wp-json\/wp\/v2\/posts\/96322\/revisions"}],"predecessor-version":[{"id":96566,"href":"https:\/\/canal7slp.tv\/2023\/wp-json\/wp\/v2\/posts\/96322\/revisions\/96566"}],"wp:featuredmedia":[{"embeddable":true,"href":"https:\/\/canal7slp.tv\/2023\/wp-json\/wp\/v2\/media\/96334"}],"wp:attachment":[{"href":"https:\/\/canal7slp.tv\/2023\/wp-json\/wp\/v2\/media?parent=96322"}],"wp:term":[{"taxonomy":"category","embeddable":true,"href":"https:\/\/canal7slp.tv\/2023\/wp-json\/wp\/v2\/categories?post=96322"},{"taxonomy":"post_tag","embeddable":true,"href":"https:\/\/canal7slp.tv\/2023\/wp-json\/wp\/v2\/tags?post=96322"}],"curies":[{"name":"wp","href":"https:\/\/api.w.org\/{rel}","templated":true}]}}