{"id":96137,"date":"2023-05-22T17:27:45","date_gmt":"2023-05-22T23:27:45","guid":{"rendered":"https:\/\/canal7slp.tv\/2023\/?p=96137"},"modified":"2023-05-22T17:27:45","modified_gmt":"2023-05-22T23:27:45","slug":"al-menos-10-muertos-deja-ataque-armado-en-ensenada","status":"publish","type":"post","link":"https:\/\/canal7slp.tv\/2023\/al-menos-10-muertos-deja-ataque-armado-en-ensenada\/","title":{"rendered":"Al menos 10 muertos deja ataque armado en Ensenada"},"content":{"rendered":"<p>Adicionalmente se reportaron nueve personas heridas.<\/p>\n<p style=\"text-align: justify;\">Ensenada.- Un enfrentamiento a balazos se registr\u00f3 a las 14:40 horas de este 20 de mayo en la delegaci\u00f3n de San Vicente, del municipio de Ensenada en Baja California.<\/p>\n<p style=\"text-align: justify;\">Autoridades municipales detallaron que el atentado dejo un saldo de al menos 10 muertos y 9 heridos.<\/p>\n<p style=\"text-align: justify;\">El ataque se produjo mientras se realizaba la quinta edici\u00f3n del \u00abCachanillazo\u00bb, un evento de carreras todoterreno con veh\u00edculos tipo razer.<\/p>\n<p style=\"text-align: justify;\">De acuerdo con el parte oficial, el Gobierno municipal mantiene estrecha coordinaci\u00f3n con la Fiscal\u00eda General del Estado de Baja California, \u00aba fin de coadyuvar en las indagatorias que lleven al esclarecimiento de los hechos\u00bb.<\/p>\n","protected":false},"excerpt":{"rendered":"<p>Adicionalmente se reportaron nueve personas heridas. Ensenada.- Un enfrentamiento a balazos se registr\u00f3 a las 14:40 horas de este 20 de mayo en la delegaci\u00f3n de San Vicente, del municipio de Ensenada en Baja California. Autoridades municipales detallaron que el atentado dejo un saldo de al menos 10 muertos y 9 heridos. El ataque se produjo mientras se realizaba la quinta edici\u00f3n del \u00abCachanillazo\u00bb, un evento de carreras todoterreno con veh\u00edculos tipo razer. De acuerdo con el parte oficial, el Gobierno municipal mantiene estrecha coordinaci\u00f3n con la Fiscal\u00eda General del Estado de Baja California, \u00aba fin de coadyuvar en las [&hellip;]<\/p>\n","protected":false},"author":2,"featured_media":96147,"comment_status":"closed","ping_status":"closed","sticky":false,"template":"","format":"standard","meta":{"footnotes":""},"categories":[46],"tags":[],"class_list":["post-96137","post","type-post","status-publish","format-standard","has-post-thumbnail","hentry","category-nacional","post--single"],"yoast_head":"<!-- This site is optimized with the Yoast SEO plugin v27.4 - https:\/\/yoast.com\/product\/yoast-seo-wordpress\/ -->\n<title>Al menos 10 muertos deja ataque armado en Ensenada - Canal 7 SLP - 2023<\/title>\n<meta name=\"robots\" content=\"index, follow, max-snippet:-1, max-image-preview:large, max-video-preview:-1\" \/>\n<link rel=\"canonical\" href=\"https:\/\/canal7slp.tv\/2023\/al-menos-10-muertos-deja-ataque-armado-en-ensenada\/\" \/>\n<meta property=\"og:locale\" content=\"es_ES\" \/>\n<meta property=\"og:type\" content=\"article\" \/>\n<meta property=\"og:title\" content=\"Al menos 10 muertos deja ataque armado en Ensenada - Canal 7 SLP - 2023\" \/>\n<meta property=\"og:description\" content=\"Adicionalmente se reportaron nueve personas heridas. Ensenada.- Un enfrentamiento a balazos se registr\u00f3 a las 14:40 horas de este 20 de mayo en la delegaci\u00f3n de San Vicente, del municipio de Ensenada en Baja California. Autoridades municipales detallaron que el atentado dejo un saldo de al menos 10 muertos y 9 heridos. El ataque se produjo mientras se realizaba la quinta edici\u00f3n del \u00abCachanillazo\u00bb, un evento de carreras todoterreno con veh\u00edculos tipo razer. De acuerdo con el parte oficial, el Gobierno municipal mantiene estrecha coordinaci\u00f3n con la Fiscal\u00eda General del Estado de Baja California, \u00aba fin de coadyuvar en las [&hellip;]\" \/>\n<meta property=\"og:url\" content=\"https:\/\/canal7slp.tv\/2023\/al-menos-10-muertos-deja-ataque-armado-en-ensenada\/\" \/>\n<meta property=\"og:site_name\" content=\"Canal 7 SLP - 2023\" \/>\n<meta property=\"article:publisher\" content=\"https:\/\/www.facebook.com\/noticieroscanalsiete\" \/>\n<meta property=\"article:published_time\" content=\"2023-05-22T23:27:45+00:00\" \/>\n<meta property=\"og:image\" content=\"https:\/\/canal7slp.tv\/2023\/wp-content\/uploads\/2023\/05\/03-2.png\" \/>\n\t<meta property=\"og:image:width\" content=\"567\" \/>\n\t<meta property=\"og:image:height\" content=\"450\" \/>\n\t<meta property=\"og:image:type\" content=\"image\/png\" \/>\n<meta name=\"author\" content=\"Edici\u00f3n Web\" \/>\n<meta name=\"twitter:card\" content=\"summary_large_image\" \/>\n<meta name=\"twitter:creator\" content=\"@NOTICIEROS7\" \/>\n<meta name=\"twitter:site\" content=\"@NOTICIEROS7\" \/>\n<meta name=\"twitter:label1\" content=\"Escrito por\" \/>\n\t<meta name=\"twitter:data1\" content=\"Edici\u00f3n Web\" \/>\n\t<meta name=\"twitter:label2\" content=\"Tiempo de lectura\" \/>\n\t<meta name=\"twitter:data2\" content=\"1 minuto\" \/>\n<script type=\"application\/ld+json\" class=\"yoast-schema-graph\">{\"@context\":\"https:\\\/\\\/schema.org\",\"@graph\":[{\"@type\":\"Article\",\"@id\":\"https:\\\/\\\/canal7slp.tv\\\/2023\\\/al-menos-10-muertos-deja-ataque-armado-en-ensenada\\\/#article\",\"isPartOf\":{\"@id\":\"https:\\\/\\\/canal7slp.tv\\\/2023\\\/al-menos-10-muertos-deja-ataque-armado-en-ensenada\\\/\"},\"author\":{\"name\":\"Edici\u00f3n Web\",\"@id\":\"https:\\\/\\\/canal7slp.tv\\\/2023\\\/#\\\/schema\\\/person\\\/639c424e3584069003b11ae813915da6\"},\"headline\":\"Al menos 10 muertos deja ataque armado en Ensenada\",\"datePublished\":\"2023-05-22T23:27:45+00:00\",\"mainEntityOfPage\":{\"@id\":\"https:\\\/\\\/canal7slp.tv\\\/2023\\\/al-menos-10-muertos-deja-ataque-armado-en-ensenada\\\/\"},\"wordCount\":118,\"publisher\":{\"@id\":\"https:\\\/\\\/canal7slp.tv\\\/2023\\\/#organization\"},\"image\":{\"@id\":\"https:\\\/\\\/canal7slp.tv\\\/2023\\\/al-menos-10-muertos-deja-ataque-armado-en-ensenada\\\/#primaryimage\"},\"thumbnailUrl\":\"https:\\\/\\\/canal7slp.tv\\\/2023\\\/wp-content\\\/uploads\\\/2023\\\/05\\\/03-2.png\",\"articleSection\":[\"NACIONALES\"],\"inLanguage\":\"es\"},{\"@type\":\"WebPage\",\"@id\":\"https:\\\/\\\/canal7slp.tv\\\/2023\\\/al-menos-10-muertos-deja-ataque-armado-en-ensenada\\\/\",\"url\":\"https:\\\/\\\/canal7slp.tv\\\/2023\\\/al-menos-10-muertos-deja-ataque-armado-en-ensenada\\\/\",\"name\":\"Al menos 10 muertos deja ataque armado en Ensenada - Canal 7 SLP - 2023\",\"isPartOf\":{\"@id\":\"https:\\\/\\\/canal7slp.tv\\\/2023\\\/#website\"},\"primaryImageOfPage\":{\"@id\":\"https:\\\/\\\/canal7slp.tv\\\/2023\\\/al-menos-10-muertos-deja-ataque-armado-en-ensenada\\\/#primaryimage\"},\"image\":{\"@id\":\"https:\\\/\\\/canal7slp.tv\\\/2023\\\/al-menos-10-muertos-deja-ataque-armado-en-ensenada\\\/#primaryimage\"},\"thumbnailUrl\":\"https:\\\/\\\/canal7slp.tv\\\/2023\\\/wp-content\\\/uploads\\\/2023\\\/05\\\/03-2.png\",\"datePublished\":\"2023-05-22T23:27:45+00:00\",\"breadcrumb\":{\"@id\":\"https:\\\/\\\/canal7slp.tv\\\/2023\\\/al-menos-10-muertos-deja-ataque-armado-en-ensenada\\\/#breadcrumb\"},\"inLanguage\":\"es\",\"potentialAction\":[{\"@type\":\"ReadAction\",\"target\":[\"https:\\\/\\\/canal7slp.tv\\\/2023\\\/al-menos-10-muertos-deja-ataque-armado-en-ensenada\\\/\"]}]},{\"@type\":\"ImageObject\",\"inLanguage\":\"es\",\"@id\":\"https:\\\/\\\/canal7slp.tv\\\/2023\\\/al-menos-10-muertos-deja-ataque-armado-en-ensenada\\\/#primaryimage\",\"url\":\"https:\\\/\\\/canal7slp.tv\\\/2023\\\/wp-content\\\/uploads\\\/2023\\\/05\\\/03-2.png\",\"contentUrl\":\"https:\\\/\\\/canal7slp.tv\\\/2023\\\/wp-content\\\/uploads\\\/2023\\\/05\\\/03-2.png\",\"width\":567,\"height\":450},{\"@type\":\"BreadcrumbList\",\"@id\":\"https:\\\/\\\/canal7slp.tv\\\/2023\\\/al-menos-10-muertos-deja-ataque-armado-en-ensenada\\\/#breadcrumb\",\"itemListElement\":[{\"@type\":\"ListItem\",\"position\":1,\"name\":\"Portada\",\"item\":\"https:\\\/\\\/canal7slp.tv\\\/2023\\\/\"},{\"@type\":\"ListItem\",\"position\":2,\"name\":\"Al menos 10 muertos deja ataque armado en Ensenada\"}]},{\"@type\":\"WebSite\",\"@id\":\"https:\\\/\\\/canal7slp.tv\\\/2023\\\/#website\",\"url\":\"https:\\\/\\\/canal7slp.tv\\\/2023\\\/\",\"name\":\"N7 - Noticieros Canal 7\",\"description\":\"Somos Televisi\u00f3n\",\"publisher\":{\"@id\":\"https:\\\/\\\/canal7slp.tv\\\/2023\\\/#organization\"},\"potentialAction\":[{\"@type\":\"SearchAction\",\"target\":{\"@type\":\"EntryPoint\",\"urlTemplate\":\"https:\\\/\\\/canal7slp.tv\\\/2023\\\/?s={search_term_string}\"},\"query-input\":{\"@type\":\"PropertyValueSpecification\",\"valueRequired\":true,\"valueName\":\"search_term_string\"}}],\"inLanguage\":\"es\"},{\"@type\":\"Organization\",\"@id\":\"https:\\\/\\\/canal7slp.tv\\\/2023\\\/#organization\",\"name\":\"Noticieros Canal 7\",\"url\":\"https:\\\/\\\/canal7slp.tv\\\/2023\\\/\",\"logo\":{\"@type\":\"ImageObject\",\"inLanguage\":\"es\",\"@id\":\"https:\\\/\\\/canal7slp.tv\\\/2023\\\/#\\\/schema\\\/logo\\\/image\\\/\",\"url\":\"https:\\\/\\\/canal7slp.tv\\\/2023\\\/wp-content\\\/uploads\\\/2021\\\/01\\\/logo-noticieros@2x.png\",\"contentUrl\":\"https:\\\/\\\/canal7slp.tv\\\/2023\\\/wp-content\\\/uploads\\\/2021\\\/01\\\/logo-noticieros@2x.png\",\"width\":1017,\"height\":268,\"caption\":\"Noticieros Canal 7\"},\"image\":{\"@id\":\"https:\\\/\\\/canal7slp.tv\\\/2023\\\/#\\\/schema\\\/logo\\\/image\\\/\"},\"sameAs\":[\"https:\\\/\\\/www.facebook.com\\\/noticieroscanalsiete\",\"https:\\\/\\\/x.com\\\/NOTICIEROS7\",\"https:\\\/\\\/www.instagram.com\\\/canal7_slp\",\"https:\\\/\\\/www.youtube.com\\\/channel\\\/UCliiYs-gP3JfJeqdPrNdd5A\"]},{\"@type\":\"Person\",\"@id\":\"https:\\\/\\\/canal7slp.tv\\\/2023\\\/#\\\/schema\\\/person\\\/639c424e3584069003b11ae813915da6\",\"name\":\"Edici\u00f3n Web\",\"image\":{\"@type\":\"ImageObject\",\"inLanguage\":\"es\",\"@id\":\"https:\\\/\\\/secure.gravatar.com\\\/avatar\\\/eee448fc3f7164808013b816ba91ac7e43bbe82a70bebac296f8bc6f0addaa1a?s=96&d=mm&r=g\",\"url\":\"https:\\\/\\\/secure.gravatar.com\\\/avatar\\\/eee448fc3f7164808013b816ba91ac7e43bbe82a70bebac296f8bc6f0addaa1a?s=96&d=mm&r=g\",\"contentUrl\":\"https:\\\/\\\/secure.gravatar.com\\\/avatar\\\/eee448fc3f7164808013b816ba91ac7e43bbe82a70bebac296f8bc6f0addaa1a?s=96&d=mm&r=g\",\"caption\":\"Edici\u00f3n Web\"},\"url\":\"https:\\\/\\\/canal7slp.tv\\\/2023\\\/author\\\/edicionweb\\\/\"}]}<\/script>\n<!-- \/ Yoast SEO plugin. -->","yoast_head_json":{"title":"Al menos 10 muertos deja ataque armado en Ensenada - Canal 7 SLP - 2023","robots":{"index":"index","follow":"follow","max-snippet":"max-snippet:-1","max-image-preview":"max-image-preview:large","max-video-preview":"max-video-preview:-1"},"canonical":"https:\/\/canal7slp.tv\/2023\/al-menos-10-muertos-deja-ataque-armado-en-ensenada\/","og_locale":"es_ES","og_type":"article","og_title":"Al menos 10 muertos deja ataque armado en Ensenada - Canal 7 SLP - 2023","og_description":"Adicionalmente se reportaron nueve personas heridas. Ensenada.- Un enfrentamiento a balazos se registr\u00f3 a las 14:40 horas de este 20 de mayo en la delegaci\u00f3n de San Vicente, del municipio de Ensenada en Baja California. Autoridades municipales detallaron que el atentado dejo un saldo de al menos 10 muertos y 9 heridos. El ataque se produjo mientras se realizaba la quinta edici\u00f3n del \u00abCachanillazo\u00bb, un evento de carreras todoterreno con veh\u00edculos tipo razer. De acuerdo con el parte oficial, el Gobierno municipal mantiene estrecha coordinaci\u00f3n con la Fiscal\u00eda General del Estado de Baja California, \u00aba fin de coadyuvar en las [&hellip;]","og_url":"https:\/\/canal7slp.tv\/2023\/al-menos-10-muertos-deja-ataque-armado-en-ensenada\/","og_site_name":"Canal 7 SLP - 2023","article_publisher":"https:\/\/www.facebook.com\/noticieroscanalsiete","article_published_time":"2023-05-22T23:27:45+00:00","og_image":[{"width":567,"height":450,"url":"https:\/\/canal7slp.tv\/2023\/wp-content\/uploads\/2023\/05\/03-2.png","type":"image\/png"}],"author":"Edici\u00f3n Web","twitter_card":"summary_large_image","twitter_creator":"@NOTICIEROS7","twitter_site":"@NOTICIEROS7","twitter_misc":{"Escrito por":"Edici\u00f3n Web","Tiempo de lectura":"1 minuto"},"schema":{"@context":"https:\/\/schema.org","@graph":[{"@type":"Article","@id":"https:\/\/canal7slp.tv\/2023\/al-menos-10-muertos-deja-ataque-armado-en-ensenada\/#article","isPartOf":{"@id":"https:\/\/canal7slp.tv\/2023\/al-menos-10-muertos-deja-ataque-armado-en-ensenada\/"},"author":{"name":"Edici\u00f3n Web","@id":"https:\/\/canal7slp.tv\/2023\/#\/schema\/person\/639c424e3584069003b11ae813915da6"},"headline":"Al menos 10 muertos deja ataque armado en Ensenada","datePublished":"2023-05-22T23:27:45+00:00","mainEntityOfPage":{"@id":"https:\/\/canal7slp.tv\/2023\/al-menos-10-muertos-deja-ataque-armado-en-ensenada\/"},"wordCount":118,"publisher":{"@id":"https:\/\/canal7slp.tv\/2023\/#organization"},"image":{"@id":"https:\/\/canal7slp.tv\/2023\/al-menos-10-muertos-deja-ataque-armado-en-ensenada\/#primaryimage"},"thumbnailUrl":"https:\/\/canal7slp.tv\/2023\/wp-content\/uploads\/2023\/05\/03-2.png","articleSection":["NACIONALES"],"inLanguage":"es"},{"@type":"WebPage","@id":"https:\/\/canal7slp.tv\/2023\/al-menos-10-muertos-deja-ataque-armado-en-ensenada\/","url":"https:\/\/canal7slp.tv\/2023\/al-menos-10-muertos-deja-ataque-armado-en-ensenada\/","name":"Al menos 10 muertos deja ataque armado en Ensenada - Canal 7 SLP - 2023","isPartOf":{"@id":"https:\/\/canal7slp.tv\/2023\/#website"},"primaryImageOfPage":{"@id":"https:\/\/canal7slp.tv\/2023\/al-menos-10-muertos-deja-ataque-armado-en-ensenada\/#primaryimage"},"image":{"@id":"https:\/\/canal7slp.tv\/2023\/al-menos-10-muertos-deja-ataque-armado-en-ensenada\/#primaryimage"},"thumbnailUrl":"https:\/\/canal7slp.tv\/2023\/wp-content\/uploads\/2023\/05\/03-2.png","datePublished":"2023-05-22T23:27:45+00:00","breadcrumb":{"@id":"https:\/\/canal7slp.tv\/2023\/al-menos-10-muertos-deja-ataque-armado-en-ensenada\/#breadcrumb"},"inLanguage":"es","potentialAction":[{"@type":"ReadAction","target":["https:\/\/canal7slp.tv\/2023\/al-menos-10-muertos-deja-ataque-armado-en-ensenada\/"]}]},{"@type":"ImageObject","inLanguage":"es","@id":"https:\/\/canal7slp.tv\/2023\/al-menos-10-muertos-deja-ataque-armado-en-ensenada\/#primaryimage","url":"https:\/\/canal7slp.tv\/2023\/wp-content\/uploads\/2023\/05\/03-2.png","contentUrl":"https:\/\/canal7slp.tv\/2023\/wp-content\/uploads\/2023\/05\/03-2.png","width":567,"height":450},{"@type":"BreadcrumbList","@id":"https:\/\/canal7slp.tv\/2023\/al-menos-10-muertos-deja-ataque-armado-en-ensenada\/#breadcrumb","itemListElement":[{"@type":"ListItem","position":1,"name":"Portada","item":"https:\/\/canal7slp.tv\/2023\/"},{"@type":"ListItem","position":2,"name":"Al menos 10 muertos deja ataque armado en Ensenada"}]},{"@type":"WebSite","@id":"https:\/\/canal7slp.tv\/2023\/#website","url":"https:\/\/canal7slp.tv\/2023\/","name":"N7 - Noticieros Canal 7","description":"Somos Televisi\u00f3n","publisher":{"@id":"https:\/\/canal7slp.tv\/2023\/#organization"},"potentialAction":[{"@type":"SearchAction","target":{"@type":"EntryPoint","urlTemplate":"https:\/\/canal7slp.tv\/2023\/?s={search_term_string}"},"query-input":{"@type":"PropertyValueSpecification","valueRequired":true,"valueName":"search_term_string"}}],"inLanguage":"es"},{"@type":"Organization","@id":"https:\/\/canal7slp.tv\/2023\/#organization","name":"Noticieros Canal 7","url":"https:\/\/canal7slp.tv\/2023\/","logo":{"@type":"ImageObject","inLanguage":"es","@id":"https:\/\/canal7slp.tv\/2023\/#\/schema\/logo\/image\/","url":"https:\/\/canal7slp.tv\/2023\/wp-content\/uploads\/2021\/01\/logo-noticieros@2x.png","contentUrl":"https:\/\/canal7slp.tv\/2023\/wp-content\/uploads\/2021\/01\/logo-noticieros@2x.png","width":1017,"height":268,"caption":"Noticieros Canal 7"},"image":{"@id":"https:\/\/canal7slp.tv\/2023\/#\/schema\/logo\/image\/"},"sameAs":["https:\/\/www.facebook.com\/noticieroscanalsiete","https:\/\/x.com\/NOTICIEROS7","https:\/\/www.instagram.com\/canal7_slp","https:\/\/www.youtube.com\/channel\/UCliiYs-gP3JfJeqdPrNdd5A"]},{"@type":"Person","@id":"https:\/\/canal7slp.tv\/2023\/#\/schema\/person\/639c424e3584069003b11ae813915da6","name":"Edici\u00f3n Web","image":{"@type":"ImageObject","inLanguage":"es","@id":"https:\/\/secure.gravatar.com\/avatar\/eee448fc3f7164808013b816ba91ac7e43bbe82a70bebac296f8bc6f0addaa1a?s=96&d=mm&r=g","url":"https:\/\/secure.gravatar.com\/avatar\/eee448fc3f7164808013b816ba91ac7e43bbe82a70bebac296f8bc6f0addaa1a?s=96&d=mm&r=g","contentUrl":"https:\/\/secure.gravatar.com\/avatar\/eee448fc3f7164808013b816ba91ac7e43bbe82a70bebac296f8bc6f0addaa1a?s=96&d=mm&r=g","caption":"Edici\u00f3n Web"},"url":"https:\/\/canal7slp.tv\/2023\/author\/edicionweb\/"}]}},"_links":{"self":[{"href":"https:\/\/canal7slp.tv\/2023\/wp-json\/wp\/v2\/posts\/96137","targetHints":{"allow":["GET"]}}],"collection":[{"href":"https:\/\/canal7slp.tv\/2023\/wp-json\/wp\/v2\/posts"}],"about":[{"href":"https:\/\/canal7slp.tv\/2023\/wp-json\/wp\/v2\/types\/post"}],"author":[{"embeddable":true,"href":"https:\/\/canal7slp.tv\/2023\/wp-json\/wp\/v2\/users\/2"}],"replies":[{"embeddable":true,"href":"https:\/\/canal7slp.tv\/2023\/wp-json\/wp\/v2\/comments?post=96137"}],"version-history":[{"count":3,"href":"https:\/\/canal7slp.tv\/2023\/wp-json\/wp\/v2\/posts\/96137\/revisions"}],"predecessor-version":[{"id":96250,"href":"https:\/\/canal7slp.tv\/2023\/wp-json\/wp\/v2\/posts\/96137\/revisions\/96250"}],"wp:featuredmedia":[{"embeddable":true,"href":"https:\/\/canal7slp.tv\/2023\/wp-json\/wp\/v2\/media\/96147"}],"wp:attachment":[{"href":"https:\/\/canal7slp.tv\/2023\/wp-json\/wp\/v2\/media?parent=96137"}],"wp:term":[{"taxonomy":"category","embeddable":true,"href":"https:\/\/canal7slp.tv\/2023\/wp-json\/wp\/v2\/categories?post=96137"},{"taxonomy":"post_tag","embeddable":true,"href":"https:\/\/canal7slp.tv\/2023\/wp-json\/wp\/v2\/tags?post=96137"}],"curies":[{"name":"wp","href":"https:\/\/api.w.org\/{rel}","templated":true}]}}