{"id":95525,"date":"2023-05-16T15:25:00","date_gmt":"2023-05-16T21:25:00","guid":{"rendered":"https:\/\/canal7slp.tv\/2023\/?p=95525"},"modified":"2023-05-16T15:25:00","modified_gmt":"2023-05-16T21:25:00","slug":"avion-presidencial-que-vendio-mexico-ya-llego-a-tayikistan","status":"publish","type":"post","link":"https:\/\/canal7slp.tv\/2023\/avion-presidencial-que-vendio-mexico-ya-llego-a-tayikistan\/","title":{"rendered":"Avi\u00f3n presidencial que vendi\u00f3 M\u00e9xico, ya lleg\u00f3 a Tayikist\u00e1n"},"content":{"rendered":"<p style=\"text-align: justify;\">California.- El Boeing 787-8 que fuera el avi\u00f3n presidencial de M\u00e9xico, dej\u00f3 durante la madrugada de este 15 de mayo suelo estadounidense con rumo al Aeropuerto Internacional de Dusamb\u00e9, Tayikist\u00e1n.<\/p>\n<p style=\"text-align: justify;\">Cabe se\u00f1alar que tras se vendido, el avi\u00f3n parti\u00f3 de M\u00e9xico con rumbo a San Bernardino, California -en Estados Unidos-, a fin de recibir mantenimiento se le cambiaran los r\u00f3tulos.<\/p>\n<p style=\"text-align: justify;\">De acuerdo con la plataforma FlightAware, se prev\u00e9 que la aeronave con las nuevas placas OMD195 aterrice en Tayikist\u00e1n este lunes a las 07:31 horas.<\/p>\n<p style=\"text-align: justify;\">La empresa Nomadic OMD, encargada del traslado, public\u00f3 en sus redes sociales fotos del cambio en la pintura del fuselaje.<\/p>\n<p style=\"text-align: justify;\">Ahora luce los colores distintivos de Tayikist\u00e1n, as\u00ed como el nombre de la que fuera una de las rep\u00fablicas sovi\u00e9ticas.<\/p>\n","protected":false},"excerpt":{"rendered":"<p>California.- El Boeing 787-8 que fuera el avi\u00f3n presidencial de M\u00e9xico, dej\u00f3 durante la madrugada de este 15 de mayo suelo estadounidense con rumo al Aeropuerto Internacional de Dusamb\u00e9, Tayikist\u00e1n. Cabe se\u00f1alar que tras se vendido, el avi\u00f3n parti\u00f3 de M\u00e9xico con rumbo a San Bernardino, California -en Estados Unidos-, a fin de recibir mantenimiento se le cambiaran los r\u00f3tulos. De acuerdo con la plataforma FlightAware, se prev\u00e9 que la aeronave con las nuevas placas OMD195 aterrice en Tayikist\u00e1n este lunes a las 07:31 horas. La empresa Nomadic OMD, encargada del traslado, public\u00f3 en sus redes sociales fotos del cambio [&hellip;]<\/p>\n","protected":false},"author":2,"featured_media":95537,"comment_status":"closed","ping_status":"closed","sticky":false,"template":"","format":"standard","meta":{"footnotes":""},"categories":[46],"tags":[],"class_list":["post-95525","post","type-post","status-publish","format-standard","has-post-thumbnail","hentry","category-nacional","post--single"],"yoast_head":"<!-- This site is optimized with the Yoast SEO plugin v27.4 - https:\/\/yoast.com\/product\/yoast-seo-wordpress\/ -->\n<title>Avi\u00f3n presidencial que vendi\u00f3 M\u00e9xico, ya lleg\u00f3 a Tayikist\u00e1n - Canal 7 SLP - 2023<\/title>\n<meta name=\"robots\" content=\"index, follow, max-snippet:-1, max-image-preview:large, max-video-preview:-1\" \/>\n<link rel=\"canonical\" href=\"https:\/\/canal7slp.tv\/2023\/avion-presidencial-que-vendio-mexico-ya-llego-a-tayikistan\/\" \/>\n<meta property=\"og:locale\" content=\"es_ES\" \/>\n<meta property=\"og:type\" content=\"article\" \/>\n<meta property=\"og:title\" content=\"Avi\u00f3n presidencial que vendi\u00f3 M\u00e9xico, ya lleg\u00f3 a Tayikist\u00e1n - Canal 7 SLP - 2023\" \/>\n<meta property=\"og:description\" content=\"California.- El Boeing 787-8 que fuera el avi\u00f3n presidencial de M\u00e9xico, dej\u00f3 durante la madrugada de este 15 de mayo suelo estadounidense con rumo al Aeropuerto Internacional de Dusamb\u00e9, Tayikist\u00e1n. Cabe se\u00f1alar que tras se vendido, el avi\u00f3n parti\u00f3 de M\u00e9xico con rumbo a San Bernardino, California -en Estados Unidos-, a fin de recibir mantenimiento se le cambiaran los r\u00f3tulos. De acuerdo con la plataforma FlightAware, se prev\u00e9 que la aeronave con las nuevas placas OMD195 aterrice en Tayikist\u00e1n este lunes a las 07:31 horas. La empresa Nomadic OMD, encargada del traslado, public\u00f3 en sus redes sociales fotos del cambio [&hellip;]\" \/>\n<meta property=\"og:url\" content=\"https:\/\/canal7slp.tv\/2023\/avion-presidencial-que-vendio-mexico-ya-llego-a-tayikistan\/\" \/>\n<meta property=\"og:site_name\" content=\"Canal 7 SLP - 2023\" \/>\n<meta property=\"article:publisher\" content=\"https:\/\/www.facebook.com\/noticieroscanalsiete\" \/>\n<meta property=\"article:published_time\" content=\"2023-05-16T21:25:00+00:00\" \/>\n<meta property=\"og:image\" content=\"https:\/\/canal7slp.tv\/2023\/wp-content\/uploads\/2023\/05\/03-2.jpeg\" \/>\n\t<meta property=\"og:image:width\" content=\"1600\" \/>\n\t<meta property=\"og:image:height\" content=\"1200\" \/>\n\t<meta property=\"og:image:type\" content=\"image\/jpeg\" \/>\n<meta name=\"author\" content=\"Edici\u00f3n Web\" \/>\n<meta name=\"twitter:card\" content=\"summary_large_image\" \/>\n<meta name=\"twitter:creator\" content=\"@NOTICIEROS7\" \/>\n<meta name=\"twitter:site\" content=\"@NOTICIEROS7\" \/>\n<meta name=\"twitter:label1\" content=\"Escrito por\" \/>\n\t<meta name=\"twitter:data1\" content=\"Edici\u00f3n Web\" \/>\n\t<meta name=\"twitter:label2\" content=\"Tiempo de lectura\" \/>\n\t<meta name=\"twitter:data2\" content=\"1 minuto\" \/>\n<script type=\"application\/ld+json\" class=\"yoast-schema-graph\">{\"@context\":\"https:\\\/\\\/schema.org\",\"@graph\":[{\"@type\":\"Article\",\"@id\":\"https:\\\/\\\/canal7slp.tv\\\/2023\\\/avion-presidencial-que-vendio-mexico-ya-llego-a-tayikistan\\\/#article\",\"isPartOf\":{\"@id\":\"https:\\\/\\\/canal7slp.tv\\\/2023\\\/avion-presidencial-que-vendio-mexico-ya-llego-a-tayikistan\\\/\"},\"author\":{\"name\":\"Edici\u00f3n Web\",\"@id\":\"https:\\\/\\\/canal7slp.tv\\\/2023\\\/#\\\/schema\\\/person\\\/639c424e3584069003b11ae813915da6\"},\"headline\":\"Avi\u00f3n presidencial que vendi\u00f3 M\u00e9xico, ya lleg\u00f3 a Tayikist\u00e1n\",\"datePublished\":\"2023-05-16T21:25:00+00:00\",\"mainEntityOfPage\":{\"@id\":\"https:\\\/\\\/canal7slp.tv\\\/2023\\\/avion-presidencial-que-vendio-mexico-ya-llego-a-tayikistan\\\/\"},\"wordCount\":147,\"publisher\":{\"@id\":\"https:\\\/\\\/canal7slp.tv\\\/2023\\\/#organization\"},\"image\":{\"@id\":\"https:\\\/\\\/canal7slp.tv\\\/2023\\\/avion-presidencial-que-vendio-mexico-ya-llego-a-tayikistan\\\/#primaryimage\"},\"thumbnailUrl\":\"https:\\\/\\\/canal7slp.tv\\\/2023\\\/wp-content\\\/uploads\\\/2023\\\/05\\\/03-2.jpeg\",\"articleSection\":[\"NACIONALES\"],\"inLanguage\":\"es\"},{\"@type\":\"WebPage\",\"@id\":\"https:\\\/\\\/canal7slp.tv\\\/2023\\\/avion-presidencial-que-vendio-mexico-ya-llego-a-tayikistan\\\/\",\"url\":\"https:\\\/\\\/canal7slp.tv\\\/2023\\\/avion-presidencial-que-vendio-mexico-ya-llego-a-tayikistan\\\/\",\"name\":\"Avi\u00f3n presidencial que vendi\u00f3 M\u00e9xico, ya lleg\u00f3 a Tayikist\u00e1n - Canal 7 SLP - 2023\",\"isPartOf\":{\"@id\":\"https:\\\/\\\/canal7slp.tv\\\/2023\\\/#website\"},\"primaryImageOfPage\":{\"@id\":\"https:\\\/\\\/canal7slp.tv\\\/2023\\\/avion-presidencial-que-vendio-mexico-ya-llego-a-tayikistan\\\/#primaryimage\"},\"image\":{\"@id\":\"https:\\\/\\\/canal7slp.tv\\\/2023\\\/avion-presidencial-que-vendio-mexico-ya-llego-a-tayikistan\\\/#primaryimage\"},\"thumbnailUrl\":\"https:\\\/\\\/canal7slp.tv\\\/2023\\\/wp-content\\\/uploads\\\/2023\\\/05\\\/03-2.jpeg\",\"datePublished\":\"2023-05-16T21:25:00+00:00\",\"breadcrumb\":{\"@id\":\"https:\\\/\\\/canal7slp.tv\\\/2023\\\/avion-presidencial-que-vendio-mexico-ya-llego-a-tayikistan\\\/#breadcrumb\"},\"inLanguage\":\"es\",\"potentialAction\":[{\"@type\":\"ReadAction\",\"target\":[\"https:\\\/\\\/canal7slp.tv\\\/2023\\\/avion-presidencial-que-vendio-mexico-ya-llego-a-tayikistan\\\/\"]}]},{\"@type\":\"ImageObject\",\"inLanguage\":\"es\",\"@id\":\"https:\\\/\\\/canal7slp.tv\\\/2023\\\/avion-presidencial-que-vendio-mexico-ya-llego-a-tayikistan\\\/#primaryimage\",\"url\":\"https:\\\/\\\/canal7slp.tv\\\/2023\\\/wp-content\\\/uploads\\\/2023\\\/05\\\/03-2.jpeg\",\"contentUrl\":\"https:\\\/\\\/canal7slp.tv\\\/2023\\\/wp-content\\\/uploads\\\/2023\\\/05\\\/03-2.jpeg\",\"width\":1600,\"height\":1200},{\"@type\":\"BreadcrumbList\",\"@id\":\"https:\\\/\\\/canal7slp.tv\\\/2023\\\/avion-presidencial-que-vendio-mexico-ya-llego-a-tayikistan\\\/#breadcrumb\",\"itemListElement\":[{\"@type\":\"ListItem\",\"position\":1,\"name\":\"Portada\",\"item\":\"https:\\\/\\\/canal7slp.tv\\\/2023\\\/\"},{\"@type\":\"ListItem\",\"position\":2,\"name\":\"Avi\u00f3n presidencial que vendi\u00f3 M\u00e9xico, ya lleg\u00f3 a Tayikist\u00e1n\"}]},{\"@type\":\"WebSite\",\"@id\":\"https:\\\/\\\/canal7slp.tv\\\/2023\\\/#website\",\"url\":\"https:\\\/\\\/canal7slp.tv\\\/2023\\\/\",\"name\":\"N7 - Noticieros Canal 7\",\"description\":\"Somos Televisi\u00f3n\",\"publisher\":{\"@id\":\"https:\\\/\\\/canal7slp.tv\\\/2023\\\/#organization\"},\"potentialAction\":[{\"@type\":\"SearchAction\",\"target\":{\"@type\":\"EntryPoint\",\"urlTemplate\":\"https:\\\/\\\/canal7slp.tv\\\/2023\\\/?s={search_term_string}\"},\"query-input\":{\"@type\":\"PropertyValueSpecification\",\"valueRequired\":true,\"valueName\":\"search_term_string\"}}],\"inLanguage\":\"es\"},{\"@type\":\"Organization\",\"@id\":\"https:\\\/\\\/canal7slp.tv\\\/2023\\\/#organization\",\"name\":\"Noticieros Canal 7\",\"url\":\"https:\\\/\\\/canal7slp.tv\\\/2023\\\/\",\"logo\":{\"@type\":\"ImageObject\",\"inLanguage\":\"es\",\"@id\":\"https:\\\/\\\/canal7slp.tv\\\/2023\\\/#\\\/schema\\\/logo\\\/image\\\/\",\"url\":\"https:\\\/\\\/canal7slp.tv\\\/2023\\\/wp-content\\\/uploads\\\/2021\\\/01\\\/logo-noticieros@2x.png\",\"contentUrl\":\"https:\\\/\\\/canal7slp.tv\\\/2023\\\/wp-content\\\/uploads\\\/2021\\\/01\\\/logo-noticieros@2x.png\",\"width\":1017,\"height\":268,\"caption\":\"Noticieros Canal 7\"},\"image\":{\"@id\":\"https:\\\/\\\/canal7slp.tv\\\/2023\\\/#\\\/schema\\\/logo\\\/image\\\/\"},\"sameAs\":[\"https:\\\/\\\/www.facebook.com\\\/noticieroscanalsiete\",\"https:\\\/\\\/x.com\\\/NOTICIEROS7\",\"https:\\\/\\\/www.instagram.com\\\/canal7_slp\",\"https:\\\/\\\/www.youtube.com\\\/channel\\\/UCliiYs-gP3JfJeqdPrNdd5A\"]},{\"@type\":\"Person\",\"@id\":\"https:\\\/\\\/canal7slp.tv\\\/2023\\\/#\\\/schema\\\/person\\\/639c424e3584069003b11ae813915da6\",\"name\":\"Edici\u00f3n Web\",\"image\":{\"@type\":\"ImageObject\",\"inLanguage\":\"es\",\"@id\":\"https:\\\/\\\/secure.gravatar.com\\\/avatar\\\/eee448fc3f7164808013b816ba91ac7e43bbe82a70bebac296f8bc6f0addaa1a?s=96&d=mm&r=g\",\"url\":\"https:\\\/\\\/secure.gravatar.com\\\/avatar\\\/eee448fc3f7164808013b816ba91ac7e43bbe82a70bebac296f8bc6f0addaa1a?s=96&d=mm&r=g\",\"contentUrl\":\"https:\\\/\\\/secure.gravatar.com\\\/avatar\\\/eee448fc3f7164808013b816ba91ac7e43bbe82a70bebac296f8bc6f0addaa1a?s=96&d=mm&r=g\",\"caption\":\"Edici\u00f3n Web\"},\"url\":\"https:\\\/\\\/canal7slp.tv\\\/2023\\\/author\\\/edicionweb\\\/\"}]}<\/script>\n<!-- \/ Yoast SEO plugin. -->","yoast_head_json":{"title":"Avi\u00f3n presidencial que vendi\u00f3 M\u00e9xico, ya lleg\u00f3 a Tayikist\u00e1n - Canal 7 SLP - 2023","robots":{"index":"index","follow":"follow","max-snippet":"max-snippet:-1","max-image-preview":"max-image-preview:large","max-video-preview":"max-video-preview:-1"},"canonical":"https:\/\/canal7slp.tv\/2023\/avion-presidencial-que-vendio-mexico-ya-llego-a-tayikistan\/","og_locale":"es_ES","og_type":"article","og_title":"Avi\u00f3n presidencial que vendi\u00f3 M\u00e9xico, ya lleg\u00f3 a Tayikist\u00e1n - Canal 7 SLP - 2023","og_description":"California.- El Boeing 787-8 que fuera el avi\u00f3n presidencial de M\u00e9xico, dej\u00f3 durante la madrugada de este 15 de mayo suelo estadounidense con rumo al Aeropuerto Internacional de Dusamb\u00e9, Tayikist\u00e1n. Cabe se\u00f1alar que tras se vendido, el avi\u00f3n parti\u00f3 de M\u00e9xico con rumbo a San Bernardino, California -en Estados Unidos-, a fin de recibir mantenimiento se le cambiaran los r\u00f3tulos. De acuerdo con la plataforma FlightAware, se prev\u00e9 que la aeronave con las nuevas placas OMD195 aterrice en Tayikist\u00e1n este lunes a las 07:31 horas. La empresa Nomadic OMD, encargada del traslado, public\u00f3 en sus redes sociales fotos del cambio [&hellip;]","og_url":"https:\/\/canal7slp.tv\/2023\/avion-presidencial-que-vendio-mexico-ya-llego-a-tayikistan\/","og_site_name":"Canal 7 SLP - 2023","article_publisher":"https:\/\/www.facebook.com\/noticieroscanalsiete","article_published_time":"2023-05-16T21:25:00+00:00","og_image":[{"width":1600,"height":1200,"url":"https:\/\/canal7slp.tv\/2023\/wp-content\/uploads\/2023\/05\/03-2.jpeg","type":"image\/jpeg"}],"author":"Edici\u00f3n Web","twitter_card":"summary_large_image","twitter_creator":"@NOTICIEROS7","twitter_site":"@NOTICIEROS7","twitter_misc":{"Escrito por":"Edici\u00f3n Web","Tiempo de lectura":"1 minuto"},"schema":{"@context":"https:\/\/schema.org","@graph":[{"@type":"Article","@id":"https:\/\/canal7slp.tv\/2023\/avion-presidencial-que-vendio-mexico-ya-llego-a-tayikistan\/#article","isPartOf":{"@id":"https:\/\/canal7slp.tv\/2023\/avion-presidencial-que-vendio-mexico-ya-llego-a-tayikistan\/"},"author":{"name":"Edici\u00f3n Web","@id":"https:\/\/canal7slp.tv\/2023\/#\/schema\/person\/639c424e3584069003b11ae813915da6"},"headline":"Avi\u00f3n presidencial que vendi\u00f3 M\u00e9xico, ya lleg\u00f3 a Tayikist\u00e1n","datePublished":"2023-05-16T21:25:00+00:00","mainEntityOfPage":{"@id":"https:\/\/canal7slp.tv\/2023\/avion-presidencial-que-vendio-mexico-ya-llego-a-tayikistan\/"},"wordCount":147,"publisher":{"@id":"https:\/\/canal7slp.tv\/2023\/#organization"},"image":{"@id":"https:\/\/canal7slp.tv\/2023\/avion-presidencial-que-vendio-mexico-ya-llego-a-tayikistan\/#primaryimage"},"thumbnailUrl":"https:\/\/canal7slp.tv\/2023\/wp-content\/uploads\/2023\/05\/03-2.jpeg","articleSection":["NACIONALES"],"inLanguage":"es"},{"@type":"WebPage","@id":"https:\/\/canal7slp.tv\/2023\/avion-presidencial-que-vendio-mexico-ya-llego-a-tayikistan\/","url":"https:\/\/canal7slp.tv\/2023\/avion-presidencial-que-vendio-mexico-ya-llego-a-tayikistan\/","name":"Avi\u00f3n presidencial que vendi\u00f3 M\u00e9xico, ya lleg\u00f3 a Tayikist\u00e1n - Canal 7 SLP - 2023","isPartOf":{"@id":"https:\/\/canal7slp.tv\/2023\/#website"},"primaryImageOfPage":{"@id":"https:\/\/canal7slp.tv\/2023\/avion-presidencial-que-vendio-mexico-ya-llego-a-tayikistan\/#primaryimage"},"image":{"@id":"https:\/\/canal7slp.tv\/2023\/avion-presidencial-que-vendio-mexico-ya-llego-a-tayikistan\/#primaryimage"},"thumbnailUrl":"https:\/\/canal7slp.tv\/2023\/wp-content\/uploads\/2023\/05\/03-2.jpeg","datePublished":"2023-05-16T21:25:00+00:00","breadcrumb":{"@id":"https:\/\/canal7slp.tv\/2023\/avion-presidencial-que-vendio-mexico-ya-llego-a-tayikistan\/#breadcrumb"},"inLanguage":"es","potentialAction":[{"@type":"ReadAction","target":["https:\/\/canal7slp.tv\/2023\/avion-presidencial-que-vendio-mexico-ya-llego-a-tayikistan\/"]}]},{"@type":"ImageObject","inLanguage":"es","@id":"https:\/\/canal7slp.tv\/2023\/avion-presidencial-que-vendio-mexico-ya-llego-a-tayikistan\/#primaryimage","url":"https:\/\/canal7slp.tv\/2023\/wp-content\/uploads\/2023\/05\/03-2.jpeg","contentUrl":"https:\/\/canal7slp.tv\/2023\/wp-content\/uploads\/2023\/05\/03-2.jpeg","width":1600,"height":1200},{"@type":"BreadcrumbList","@id":"https:\/\/canal7slp.tv\/2023\/avion-presidencial-que-vendio-mexico-ya-llego-a-tayikistan\/#breadcrumb","itemListElement":[{"@type":"ListItem","position":1,"name":"Portada","item":"https:\/\/canal7slp.tv\/2023\/"},{"@type":"ListItem","position":2,"name":"Avi\u00f3n presidencial que vendi\u00f3 M\u00e9xico, ya lleg\u00f3 a Tayikist\u00e1n"}]},{"@type":"WebSite","@id":"https:\/\/canal7slp.tv\/2023\/#website","url":"https:\/\/canal7slp.tv\/2023\/","name":"N7 - Noticieros Canal 7","description":"Somos Televisi\u00f3n","publisher":{"@id":"https:\/\/canal7slp.tv\/2023\/#organization"},"potentialAction":[{"@type":"SearchAction","target":{"@type":"EntryPoint","urlTemplate":"https:\/\/canal7slp.tv\/2023\/?s={search_term_string}"},"query-input":{"@type":"PropertyValueSpecification","valueRequired":true,"valueName":"search_term_string"}}],"inLanguage":"es"},{"@type":"Organization","@id":"https:\/\/canal7slp.tv\/2023\/#organization","name":"Noticieros Canal 7","url":"https:\/\/canal7slp.tv\/2023\/","logo":{"@type":"ImageObject","inLanguage":"es","@id":"https:\/\/canal7slp.tv\/2023\/#\/schema\/logo\/image\/","url":"https:\/\/canal7slp.tv\/2023\/wp-content\/uploads\/2021\/01\/logo-noticieros@2x.png","contentUrl":"https:\/\/canal7slp.tv\/2023\/wp-content\/uploads\/2021\/01\/logo-noticieros@2x.png","width":1017,"height":268,"caption":"Noticieros Canal 7"},"image":{"@id":"https:\/\/canal7slp.tv\/2023\/#\/schema\/logo\/image\/"},"sameAs":["https:\/\/www.facebook.com\/noticieroscanalsiete","https:\/\/x.com\/NOTICIEROS7","https:\/\/www.instagram.com\/canal7_slp","https:\/\/www.youtube.com\/channel\/UCliiYs-gP3JfJeqdPrNdd5A"]},{"@type":"Person","@id":"https:\/\/canal7slp.tv\/2023\/#\/schema\/person\/639c424e3584069003b11ae813915da6","name":"Edici\u00f3n Web","image":{"@type":"ImageObject","inLanguage":"es","@id":"https:\/\/secure.gravatar.com\/avatar\/eee448fc3f7164808013b816ba91ac7e43bbe82a70bebac296f8bc6f0addaa1a?s=96&d=mm&r=g","url":"https:\/\/secure.gravatar.com\/avatar\/eee448fc3f7164808013b816ba91ac7e43bbe82a70bebac296f8bc6f0addaa1a?s=96&d=mm&r=g","contentUrl":"https:\/\/secure.gravatar.com\/avatar\/eee448fc3f7164808013b816ba91ac7e43bbe82a70bebac296f8bc6f0addaa1a?s=96&d=mm&r=g","caption":"Edici\u00f3n Web"},"url":"https:\/\/canal7slp.tv\/2023\/author\/edicionweb\/"}]}},"_links":{"self":[{"href":"https:\/\/canal7slp.tv\/2023\/wp-json\/wp\/v2\/posts\/95525","targetHints":{"allow":["GET"]}}],"collection":[{"href":"https:\/\/canal7slp.tv\/2023\/wp-json\/wp\/v2\/posts"}],"about":[{"href":"https:\/\/canal7slp.tv\/2023\/wp-json\/wp\/v2\/types\/post"}],"author":[{"embeddable":true,"href":"https:\/\/canal7slp.tv\/2023\/wp-json\/wp\/v2\/users\/2"}],"replies":[{"embeddable":true,"href":"https:\/\/canal7slp.tv\/2023\/wp-json\/wp\/v2\/comments?post=95525"}],"version-history":[{"count":3,"href":"https:\/\/canal7slp.tv\/2023\/wp-json\/wp\/v2\/posts\/95525\/revisions"}],"predecessor-version":[{"id":95721,"href":"https:\/\/canal7slp.tv\/2023\/wp-json\/wp\/v2\/posts\/95525\/revisions\/95721"}],"wp:featuredmedia":[{"embeddable":true,"href":"https:\/\/canal7slp.tv\/2023\/wp-json\/wp\/v2\/media\/95537"}],"wp:attachment":[{"href":"https:\/\/canal7slp.tv\/2023\/wp-json\/wp\/v2\/media?parent=95525"}],"wp:term":[{"taxonomy":"category","embeddable":true,"href":"https:\/\/canal7slp.tv\/2023\/wp-json\/wp\/v2\/categories?post=95525"},{"taxonomy":"post_tag","embeddable":true,"href":"https:\/\/canal7slp.tv\/2023\/wp-json\/wp\/v2\/tags?post=95525"}],"curies":[{"name":"wp","href":"https:\/\/api.w.org\/{rel}","templated":true}]}}