{"id":93560,"date":"2023-04-24T09:29:03","date_gmt":"2023-04-24T15:29:03","guid":{"rendered":"https:\/\/canal7slp.tv\/2023\/?p=93560"},"modified":"2023-04-24T09:29:03","modified_gmt":"2023-04-24T15:29:03","slug":"joven-de-22-anos-se-quito-la-vida-en-matehuala","status":"publish","type":"post","link":"https:\/\/canal7slp.tv\/2023\/joven-de-22-anos-se-quito-la-vida-en-matehuala\/","title":{"rendered":"Joven de 22 a\u00f1os se quit\u00f3 la vida en Matehuala"},"content":{"rendered":"<p style=\"text-align: justify;\">Matehuala.-\u00a0Un joven de tan solo 22 a\u00f1os se quit\u00f3 la vida al interior de un domicilio en la ciudad de Matehuala, siendo sus familiares quienes lo encontraron ya sin signos vitales.<\/p>\n<p style=\"text-align: justify;\">Los hechos se registraron en la calle de San Andr\u00e9s de la Colonia Bustamante II, d\u00f3nde se report\u00f3 una persona sin vida por lo que de inmediato, param\u00e9dicos de la Cruz Roja de Matehuala, acudieron al lugar para verificar la informaci\u00f3n.<\/p>\n<p style=\"text-align: justify;\">Ya en el sitio, intentaron auxiliar a Iv\u00e1n Guadalupe de 22 a\u00f1os, sin embargo, ya no presentaba signos vitales, por lo que fue necesario pedir el apoyo de los servicios periciales para llevar a cabo el levantamiento del cuerpo y su posterior traslado al servicio m\u00e9dico forense y realizar la necropsia de ley.<\/p>\n<p style=\"text-align: justify;\">De acuerdo a informaci\u00f3n extra oficial, el ahora occiso utiliz\u00f3 una cuerda para colgarse en el segundo piso de su hogar.<\/p>\n<p style=\"text-align: justify;\">Autoridades de la Polic\u00eda de Investigaci\u00f3n acudieron al lugar de los hechos para llevar a cabo las investigaciones e intentar conocer las posibles razones que orillaron al joven a tomar la decisi\u00f3n de acabar con su vida.<\/p>\n<p>Por: Jes\u00fas Valencia<\/p>\n","protected":false},"excerpt":{"rendered":"<p>Matehuala.-\u00a0Un joven de tan solo 22 a\u00f1os se quit\u00f3 la vida al interior de un domicilio en la ciudad de Matehuala, siendo sus familiares quienes lo encontraron ya sin signos vitales. Los hechos se registraron en la calle de San Andr\u00e9s de la Colonia Bustamante II, d\u00f3nde se report\u00f3 una persona sin vida por lo que de inmediato, param\u00e9dicos de la Cruz Roja de Matehuala, acudieron al lugar para verificar la informaci\u00f3n. Ya en el sitio, intentaron auxiliar a Iv\u00e1n Guadalupe de 22 a\u00f1os, sin embargo, ya no presentaba signos vitales, por lo que fue necesario pedir el apoyo de [&hellip;]<\/p>\n","protected":false},"author":2,"featured_media":93567,"comment_status":"closed","ping_status":"closed","sticky":false,"template":"","format":"video","meta":{"footnotes":""},"categories":[5,43],"tags":[],"class_list":["post-93560","post","type-post","status-publish","format-video","has-post-thumbnail","hentry","category-destacadas","category-interior","post_format-post-format-video","post--single"],"yoast_head":"<!-- This site is optimized with the Yoast SEO plugin v27.4 - https:\/\/yoast.com\/product\/yoast-seo-wordpress\/ -->\n<title>Joven de 22 a\u00f1os se quit\u00f3 la vida en Matehuala - Canal 7 SLP - 2023<\/title>\n<meta name=\"robots\" content=\"index, follow, max-snippet:-1, max-image-preview:large, max-video-preview:-1\" \/>\n<link rel=\"canonical\" href=\"https:\/\/canal7slp.tv\/2023\/joven-de-22-anos-se-quito-la-vida-en-matehuala\/\" \/>\n<meta property=\"og:locale\" content=\"es_ES\" \/>\n<meta property=\"og:type\" content=\"article\" \/>\n<meta property=\"og:title\" content=\"Joven de 22 a\u00f1os se quit\u00f3 la vida en Matehuala - Canal 7 SLP - 2023\" \/>\n<meta property=\"og:description\" content=\"Matehuala.-\u00a0Un joven de tan solo 22 a\u00f1os se quit\u00f3 la vida al interior de un domicilio en la ciudad de Matehuala, siendo sus familiares quienes lo encontraron ya sin signos vitales. Los hechos se registraron en la calle de San Andr\u00e9s de la Colonia Bustamante II, d\u00f3nde se report\u00f3 una persona sin vida por lo que de inmediato, param\u00e9dicos de la Cruz Roja de Matehuala, acudieron al lugar para verificar la informaci\u00f3n. Ya en el sitio, intentaron auxiliar a Iv\u00e1n Guadalupe de 22 a\u00f1os, sin embargo, ya no presentaba signos vitales, por lo que fue necesario pedir el apoyo de [&hellip;]\" \/>\n<meta property=\"og:url\" content=\"https:\/\/canal7slp.tv\/2023\/joven-de-22-anos-se-quito-la-vida-en-matehuala\/\" \/>\n<meta property=\"og:site_name\" content=\"Canal 7 SLP - 2023\" \/>\n<meta property=\"article:publisher\" content=\"https:\/\/www.facebook.com\/noticieroscanalsiete\" \/>\n<meta property=\"article:published_time\" content=\"2023-04-24T15:29:03+00:00\" \/>\n<meta property=\"og:image\" content=\"https:\/\/canal7slp.tv\/2023\/wp-content\/uploads\/2023\/04\/Valencia02Joven.jpg\" \/>\n\t<meta property=\"og:image:width\" content=\"909\" \/>\n\t<meta property=\"og:image:height\" content=\"500\" \/>\n\t<meta property=\"og:image:type\" content=\"image\/jpeg\" \/>\n<meta name=\"author\" content=\"Edici\u00f3n Web\" \/>\n<meta name=\"twitter:card\" content=\"summary_large_image\" \/>\n<meta name=\"twitter:creator\" content=\"@NOTICIEROS7\" \/>\n<meta name=\"twitter:site\" content=\"@NOTICIEROS7\" \/>\n<meta name=\"twitter:label1\" content=\"Escrito por\" \/>\n\t<meta name=\"twitter:data1\" content=\"Edici\u00f3n Web\" \/>\n\t<meta name=\"twitter:label2\" content=\"Tiempo de lectura\" \/>\n\t<meta name=\"twitter:data2\" content=\"1 minuto\" \/>\n<script type=\"application\/ld+json\" class=\"yoast-schema-graph\">{\"@context\":\"https:\\\/\\\/schema.org\",\"@graph\":[{\"@type\":\"Article\",\"@id\":\"https:\\\/\\\/canal7slp.tv\\\/2023\\\/joven-de-22-anos-se-quito-la-vida-en-matehuala\\\/#article\",\"isPartOf\":{\"@id\":\"https:\\\/\\\/canal7slp.tv\\\/2023\\\/joven-de-22-anos-se-quito-la-vida-en-matehuala\\\/\"},\"author\":{\"name\":\"Edici\u00f3n Web\",\"@id\":\"https:\\\/\\\/canal7slp.tv\\\/2023\\\/#\\\/schema\\\/person\\\/639c424e3584069003b11ae813915da6\"},\"headline\":\"Joven de 22 a\u00f1os se quit\u00f3 la vida en Matehuala\",\"datePublished\":\"2023-04-24T15:29:03+00:00\",\"mainEntityOfPage\":{\"@id\":\"https:\\\/\\\/canal7slp.tv\\\/2023\\\/joven-de-22-anos-se-quito-la-vida-en-matehuala\\\/\"},\"wordCount\":209,\"publisher\":{\"@id\":\"https:\\\/\\\/canal7slp.tv\\\/2023\\\/#organization\"},\"image\":{\"@id\":\"https:\\\/\\\/canal7slp.tv\\\/2023\\\/joven-de-22-anos-se-quito-la-vida-en-matehuala\\\/#primaryimage\"},\"thumbnailUrl\":\"https:\\\/\\\/canal7slp.tv\\\/2023\\\/wp-content\\\/uploads\\\/2023\\\/04\\\/Valencia02Joven.jpg\",\"articleSection\":[\"DESTACADAS\",\"INTERIOR DEL ESTADO\"],\"inLanguage\":\"es\"},{\"@type\":\"WebPage\",\"@id\":\"https:\\\/\\\/canal7slp.tv\\\/2023\\\/joven-de-22-anos-se-quito-la-vida-en-matehuala\\\/\",\"url\":\"https:\\\/\\\/canal7slp.tv\\\/2023\\\/joven-de-22-anos-se-quito-la-vida-en-matehuala\\\/\",\"name\":\"Joven de 22 a\u00f1os se quit\u00f3 la vida en Matehuala - Canal 7 SLP - 2023\",\"isPartOf\":{\"@id\":\"https:\\\/\\\/canal7slp.tv\\\/2023\\\/#website\"},\"primaryImageOfPage\":{\"@id\":\"https:\\\/\\\/canal7slp.tv\\\/2023\\\/joven-de-22-anos-se-quito-la-vida-en-matehuala\\\/#primaryimage\"},\"image\":{\"@id\":\"https:\\\/\\\/canal7slp.tv\\\/2023\\\/joven-de-22-anos-se-quito-la-vida-en-matehuala\\\/#primaryimage\"},\"thumbnailUrl\":\"https:\\\/\\\/canal7slp.tv\\\/2023\\\/wp-content\\\/uploads\\\/2023\\\/04\\\/Valencia02Joven.jpg\",\"datePublished\":\"2023-04-24T15:29:03+00:00\",\"breadcrumb\":{\"@id\":\"https:\\\/\\\/canal7slp.tv\\\/2023\\\/joven-de-22-anos-se-quito-la-vida-en-matehuala\\\/#breadcrumb\"},\"inLanguage\":\"es\",\"potentialAction\":[{\"@type\":\"ReadAction\",\"target\":[\"https:\\\/\\\/canal7slp.tv\\\/2023\\\/joven-de-22-anos-se-quito-la-vida-en-matehuala\\\/\"]}]},{\"@type\":\"ImageObject\",\"inLanguage\":\"es\",\"@id\":\"https:\\\/\\\/canal7slp.tv\\\/2023\\\/joven-de-22-anos-se-quito-la-vida-en-matehuala\\\/#primaryimage\",\"url\":\"https:\\\/\\\/canal7slp.tv\\\/2023\\\/wp-content\\\/uploads\\\/2023\\\/04\\\/Valencia02Joven.jpg\",\"contentUrl\":\"https:\\\/\\\/canal7slp.tv\\\/2023\\\/wp-content\\\/uploads\\\/2023\\\/04\\\/Valencia02Joven.jpg\",\"width\":909,\"height\":500},{\"@type\":\"BreadcrumbList\",\"@id\":\"https:\\\/\\\/canal7slp.tv\\\/2023\\\/joven-de-22-anos-se-quito-la-vida-en-matehuala\\\/#breadcrumb\",\"itemListElement\":[{\"@type\":\"ListItem\",\"position\":1,\"name\":\"Portada\",\"item\":\"https:\\\/\\\/canal7slp.tv\\\/2023\\\/\"},{\"@type\":\"ListItem\",\"position\":2,\"name\":\"Joven de 22 a\u00f1os se quit\u00f3 la vida en Matehuala\"}]},{\"@type\":\"WebSite\",\"@id\":\"https:\\\/\\\/canal7slp.tv\\\/2023\\\/#website\",\"url\":\"https:\\\/\\\/canal7slp.tv\\\/2023\\\/\",\"name\":\"N7 - Noticieros Canal 7\",\"description\":\"Somos Televisi\u00f3n\",\"publisher\":{\"@id\":\"https:\\\/\\\/canal7slp.tv\\\/2023\\\/#organization\"},\"potentialAction\":[{\"@type\":\"SearchAction\",\"target\":{\"@type\":\"EntryPoint\",\"urlTemplate\":\"https:\\\/\\\/canal7slp.tv\\\/2023\\\/?s={search_term_string}\"},\"query-input\":{\"@type\":\"PropertyValueSpecification\",\"valueRequired\":true,\"valueName\":\"search_term_string\"}}],\"inLanguage\":\"es\"},{\"@type\":\"Organization\",\"@id\":\"https:\\\/\\\/canal7slp.tv\\\/2023\\\/#organization\",\"name\":\"Noticieros Canal 7\",\"url\":\"https:\\\/\\\/canal7slp.tv\\\/2023\\\/\",\"logo\":{\"@type\":\"ImageObject\",\"inLanguage\":\"es\",\"@id\":\"https:\\\/\\\/canal7slp.tv\\\/2023\\\/#\\\/schema\\\/logo\\\/image\\\/\",\"url\":\"https:\\\/\\\/canal7slp.tv\\\/2023\\\/wp-content\\\/uploads\\\/2021\\\/01\\\/logo-noticieros@2x.png\",\"contentUrl\":\"https:\\\/\\\/canal7slp.tv\\\/2023\\\/wp-content\\\/uploads\\\/2021\\\/01\\\/logo-noticieros@2x.png\",\"width\":1017,\"height\":268,\"caption\":\"Noticieros Canal 7\"},\"image\":{\"@id\":\"https:\\\/\\\/canal7slp.tv\\\/2023\\\/#\\\/schema\\\/logo\\\/image\\\/\"},\"sameAs\":[\"https:\\\/\\\/www.facebook.com\\\/noticieroscanalsiete\",\"https:\\\/\\\/x.com\\\/NOTICIEROS7\",\"https:\\\/\\\/www.instagram.com\\\/canal7_slp\",\"https:\\\/\\\/www.youtube.com\\\/channel\\\/UCliiYs-gP3JfJeqdPrNdd5A\"]},{\"@type\":\"Person\",\"@id\":\"https:\\\/\\\/canal7slp.tv\\\/2023\\\/#\\\/schema\\\/person\\\/639c424e3584069003b11ae813915da6\",\"name\":\"Edici\u00f3n Web\",\"image\":{\"@type\":\"ImageObject\",\"inLanguage\":\"es\",\"@id\":\"https:\\\/\\\/secure.gravatar.com\\\/avatar\\\/eee448fc3f7164808013b816ba91ac7e43bbe82a70bebac296f8bc6f0addaa1a?s=96&d=mm&r=g\",\"url\":\"https:\\\/\\\/secure.gravatar.com\\\/avatar\\\/eee448fc3f7164808013b816ba91ac7e43bbe82a70bebac296f8bc6f0addaa1a?s=96&d=mm&r=g\",\"contentUrl\":\"https:\\\/\\\/secure.gravatar.com\\\/avatar\\\/eee448fc3f7164808013b816ba91ac7e43bbe82a70bebac296f8bc6f0addaa1a?s=96&d=mm&r=g\",\"caption\":\"Edici\u00f3n Web\"},\"url\":\"https:\\\/\\\/canal7slp.tv\\\/2023\\\/author\\\/edicionweb\\\/\"}]}<\/script>\n<!-- \/ Yoast SEO plugin. -->","yoast_head_json":{"title":"Joven de 22 a\u00f1os se quit\u00f3 la vida en Matehuala - Canal 7 SLP - 2023","robots":{"index":"index","follow":"follow","max-snippet":"max-snippet:-1","max-image-preview":"max-image-preview:large","max-video-preview":"max-video-preview:-1"},"canonical":"https:\/\/canal7slp.tv\/2023\/joven-de-22-anos-se-quito-la-vida-en-matehuala\/","og_locale":"es_ES","og_type":"article","og_title":"Joven de 22 a\u00f1os se quit\u00f3 la vida en Matehuala - Canal 7 SLP - 2023","og_description":"Matehuala.-\u00a0Un joven de tan solo 22 a\u00f1os se quit\u00f3 la vida al interior de un domicilio en la ciudad de Matehuala, siendo sus familiares quienes lo encontraron ya sin signos vitales. Los hechos se registraron en la calle de San Andr\u00e9s de la Colonia Bustamante II, d\u00f3nde se report\u00f3 una persona sin vida por lo que de inmediato, param\u00e9dicos de la Cruz Roja de Matehuala, acudieron al lugar para verificar la informaci\u00f3n. Ya en el sitio, intentaron auxiliar a Iv\u00e1n Guadalupe de 22 a\u00f1os, sin embargo, ya no presentaba signos vitales, por lo que fue necesario pedir el apoyo de [&hellip;]","og_url":"https:\/\/canal7slp.tv\/2023\/joven-de-22-anos-se-quito-la-vida-en-matehuala\/","og_site_name":"Canal 7 SLP - 2023","article_publisher":"https:\/\/www.facebook.com\/noticieroscanalsiete","article_published_time":"2023-04-24T15:29:03+00:00","og_image":[{"width":909,"height":500,"url":"https:\/\/canal7slp.tv\/2023\/wp-content\/uploads\/2023\/04\/Valencia02Joven.jpg","type":"image\/jpeg"}],"author":"Edici\u00f3n Web","twitter_card":"summary_large_image","twitter_creator":"@NOTICIEROS7","twitter_site":"@NOTICIEROS7","twitter_misc":{"Escrito por":"Edici\u00f3n Web","Tiempo de lectura":"1 minuto"},"schema":{"@context":"https:\/\/schema.org","@graph":[{"@type":"Article","@id":"https:\/\/canal7slp.tv\/2023\/joven-de-22-anos-se-quito-la-vida-en-matehuala\/#article","isPartOf":{"@id":"https:\/\/canal7slp.tv\/2023\/joven-de-22-anos-se-quito-la-vida-en-matehuala\/"},"author":{"name":"Edici\u00f3n Web","@id":"https:\/\/canal7slp.tv\/2023\/#\/schema\/person\/639c424e3584069003b11ae813915da6"},"headline":"Joven de 22 a\u00f1os se quit\u00f3 la vida en Matehuala","datePublished":"2023-04-24T15:29:03+00:00","mainEntityOfPage":{"@id":"https:\/\/canal7slp.tv\/2023\/joven-de-22-anos-se-quito-la-vida-en-matehuala\/"},"wordCount":209,"publisher":{"@id":"https:\/\/canal7slp.tv\/2023\/#organization"},"image":{"@id":"https:\/\/canal7slp.tv\/2023\/joven-de-22-anos-se-quito-la-vida-en-matehuala\/#primaryimage"},"thumbnailUrl":"https:\/\/canal7slp.tv\/2023\/wp-content\/uploads\/2023\/04\/Valencia02Joven.jpg","articleSection":["DESTACADAS","INTERIOR DEL ESTADO"],"inLanguage":"es"},{"@type":"WebPage","@id":"https:\/\/canal7slp.tv\/2023\/joven-de-22-anos-se-quito-la-vida-en-matehuala\/","url":"https:\/\/canal7slp.tv\/2023\/joven-de-22-anos-se-quito-la-vida-en-matehuala\/","name":"Joven de 22 a\u00f1os se quit\u00f3 la vida en Matehuala - Canal 7 SLP - 2023","isPartOf":{"@id":"https:\/\/canal7slp.tv\/2023\/#website"},"primaryImageOfPage":{"@id":"https:\/\/canal7slp.tv\/2023\/joven-de-22-anos-se-quito-la-vida-en-matehuala\/#primaryimage"},"image":{"@id":"https:\/\/canal7slp.tv\/2023\/joven-de-22-anos-se-quito-la-vida-en-matehuala\/#primaryimage"},"thumbnailUrl":"https:\/\/canal7slp.tv\/2023\/wp-content\/uploads\/2023\/04\/Valencia02Joven.jpg","datePublished":"2023-04-24T15:29:03+00:00","breadcrumb":{"@id":"https:\/\/canal7slp.tv\/2023\/joven-de-22-anos-se-quito-la-vida-en-matehuala\/#breadcrumb"},"inLanguage":"es","potentialAction":[{"@type":"ReadAction","target":["https:\/\/canal7slp.tv\/2023\/joven-de-22-anos-se-quito-la-vida-en-matehuala\/"]}]},{"@type":"ImageObject","inLanguage":"es","@id":"https:\/\/canal7slp.tv\/2023\/joven-de-22-anos-se-quito-la-vida-en-matehuala\/#primaryimage","url":"https:\/\/canal7slp.tv\/2023\/wp-content\/uploads\/2023\/04\/Valencia02Joven.jpg","contentUrl":"https:\/\/canal7slp.tv\/2023\/wp-content\/uploads\/2023\/04\/Valencia02Joven.jpg","width":909,"height":500},{"@type":"BreadcrumbList","@id":"https:\/\/canal7slp.tv\/2023\/joven-de-22-anos-se-quito-la-vida-en-matehuala\/#breadcrumb","itemListElement":[{"@type":"ListItem","position":1,"name":"Portada","item":"https:\/\/canal7slp.tv\/2023\/"},{"@type":"ListItem","position":2,"name":"Joven de 22 a\u00f1os se quit\u00f3 la vida en Matehuala"}]},{"@type":"WebSite","@id":"https:\/\/canal7slp.tv\/2023\/#website","url":"https:\/\/canal7slp.tv\/2023\/","name":"N7 - Noticieros Canal 7","description":"Somos Televisi\u00f3n","publisher":{"@id":"https:\/\/canal7slp.tv\/2023\/#organization"},"potentialAction":[{"@type":"SearchAction","target":{"@type":"EntryPoint","urlTemplate":"https:\/\/canal7slp.tv\/2023\/?s={search_term_string}"},"query-input":{"@type":"PropertyValueSpecification","valueRequired":true,"valueName":"search_term_string"}}],"inLanguage":"es"},{"@type":"Organization","@id":"https:\/\/canal7slp.tv\/2023\/#organization","name":"Noticieros Canal 7","url":"https:\/\/canal7slp.tv\/2023\/","logo":{"@type":"ImageObject","inLanguage":"es","@id":"https:\/\/canal7slp.tv\/2023\/#\/schema\/logo\/image\/","url":"https:\/\/canal7slp.tv\/2023\/wp-content\/uploads\/2021\/01\/logo-noticieros@2x.png","contentUrl":"https:\/\/canal7slp.tv\/2023\/wp-content\/uploads\/2021\/01\/logo-noticieros@2x.png","width":1017,"height":268,"caption":"Noticieros Canal 7"},"image":{"@id":"https:\/\/canal7slp.tv\/2023\/#\/schema\/logo\/image\/"},"sameAs":["https:\/\/www.facebook.com\/noticieroscanalsiete","https:\/\/x.com\/NOTICIEROS7","https:\/\/www.instagram.com\/canal7_slp","https:\/\/www.youtube.com\/channel\/UCliiYs-gP3JfJeqdPrNdd5A"]},{"@type":"Person","@id":"https:\/\/canal7slp.tv\/2023\/#\/schema\/person\/639c424e3584069003b11ae813915da6","name":"Edici\u00f3n Web","image":{"@type":"ImageObject","inLanguage":"es","@id":"https:\/\/secure.gravatar.com\/avatar\/eee448fc3f7164808013b816ba91ac7e43bbe82a70bebac296f8bc6f0addaa1a?s=96&d=mm&r=g","url":"https:\/\/secure.gravatar.com\/avatar\/eee448fc3f7164808013b816ba91ac7e43bbe82a70bebac296f8bc6f0addaa1a?s=96&d=mm&r=g","contentUrl":"https:\/\/secure.gravatar.com\/avatar\/eee448fc3f7164808013b816ba91ac7e43bbe82a70bebac296f8bc6f0addaa1a?s=96&d=mm&r=g","caption":"Edici\u00f3n Web"},"url":"https:\/\/canal7slp.tv\/2023\/author\/edicionweb\/"}]}},"_links":{"self":[{"href":"https:\/\/canal7slp.tv\/2023\/wp-json\/wp\/v2\/posts\/93560","targetHints":{"allow":["GET"]}}],"collection":[{"href":"https:\/\/canal7slp.tv\/2023\/wp-json\/wp\/v2\/posts"}],"about":[{"href":"https:\/\/canal7slp.tv\/2023\/wp-json\/wp\/v2\/types\/post"}],"author":[{"embeddable":true,"href":"https:\/\/canal7slp.tv\/2023\/wp-json\/wp\/v2\/users\/2"}],"replies":[{"embeddable":true,"href":"https:\/\/canal7slp.tv\/2023\/wp-json\/wp\/v2\/comments?post=93560"}],"version-history":[{"count":1,"href":"https:\/\/canal7slp.tv\/2023\/wp-json\/wp\/v2\/posts\/93560\/revisions"}],"predecessor-version":[{"id":93563,"href":"https:\/\/canal7slp.tv\/2023\/wp-json\/wp\/v2\/posts\/93560\/revisions\/93563"}],"wp:featuredmedia":[{"embeddable":true,"href":"https:\/\/canal7slp.tv\/2023\/wp-json\/wp\/v2\/media\/93567"}],"wp:attachment":[{"href":"https:\/\/canal7slp.tv\/2023\/wp-json\/wp\/v2\/media?parent=93560"}],"wp:term":[{"taxonomy":"category","embeddable":true,"href":"https:\/\/canal7slp.tv\/2023\/wp-json\/wp\/v2\/categories?post=93560"},{"taxonomy":"post_tag","embeddable":true,"href":"https:\/\/canal7slp.tv\/2023\/wp-json\/wp\/v2\/tags?post=93560"}],"curies":[{"name":"wp","href":"https:\/\/api.w.org\/{rel}","templated":true}]}}