{"id":93559,"date":"2023-04-24T09:21:48","date_gmt":"2023-04-24T15:21:48","guid":{"rendered":"https:\/\/canal7slp.tv\/2023\/?p=93559"},"modified":"2023-04-24T09:21:48","modified_gmt":"2023-04-24T15:21:48","slug":"protestan-docentes-de-secundaria-por-falta-de-pago-durante-dos-anos","status":"publish","type":"post","link":"https:\/\/canal7slp.tv\/2023\/protestan-docentes-de-secundaria-por-falta-de-pago-durante-dos-anos\/","title":{"rendered":"Protestan docentes de secundaria por falta de pago durante dos a\u00f1os"},"content":{"rendered":"<p style=\"text-align: justify;\">Matehuala.- Maestros de la escuela secundaria Trist\u00e1n Vera en el municipio de Matehuala, tomaron las instalaciones para protestar por la falta de pagos que mantienen desde hace dos a\u00f1os.<\/p>\n<p style=\"text-align: justify;\">Maria Guadalupe Gaona Garc\u00eda, profesora y Secretaria General de la Delegacion 224, coment\u00f3 al respecto, \u00aben el 2021 hubo un cambio de gobierno, en el cual, el gobierno actual no ha querido hacerse responsable de lo que se gener\u00f3 en los \u00faltimos dos meses de la administraci\u00f3n saliente, pero al final de cuentas es algo que, si yo me compromet\u00ed y tomo protesta de alguna responsabilidad que me ejerzan, yo tambi\u00e9n voy a atender las situaciones que quedaron atr\u00e1s, pues es algo que tiene que suceder\u00bb, dijo.<\/p>\n<p style=\"text-align: justify;\">Adem\u00e1s, mencion\u00f3 que el Gobierno del Estado, no ha realizado los pagos correspondientes al tiempo que llevan ya dentro de la administraci\u00f3n estatal, \u00abc\u00f3mo trabajas dos a\u00f1os sin salario, afortunadamente muchos de nuestros compa\u00f1eros tienen otro ingreso, afortunadamente, pero es un trabajo que ya se realiz\u00f3, hay muchos que \u00fanicamente trabajan en esta instituci\u00f3n entonces c\u00f3mo le hacen, pues esa es la pregunta, c\u00f3mo se le hace, aqu\u00ed estamos en esta situaci\u00f3n, solicitamos el pago que corresponde, m\u00ednimo el pago de los trabajos que se han realizado durante esta administraci\u00f3n del gobierno\u00bb.<\/p>\n<p style=\"text-align: justify;\">Al final, la dirigente mencion\u00f3 que los alumnos regresar\u00e1n a clases el pr\u00f3ximo lunes, sin embargo, podr\u00edan extender la protesta si se mantiene el problema al finalizar el mes, \u00abpor parte sindical todo el apoyo para los compa\u00f1eros, pero qui\u00e9n debe resolver esto es la parte oficial, porque la parte sindical ya hizo lo que le corresponde, hacer la propuesta, llevar la papeler\u00eda que corresponde, hacer el tr\u00e1mite, solamente lo que hace falta es el pago\u00bb.<\/p>\n<p>Por: Jes\u00fas Valencia<\/p>\n","protected":false},"excerpt":{"rendered":"<p>Matehuala.- Maestros de la escuela secundaria Trist\u00e1n Vera en el municipio de Matehuala, tomaron las instalaciones para protestar por la falta de pagos que mantienen desde hace dos a\u00f1os. Maria Guadalupe Gaona Garc\u00eda, profesora y Secretaria General de la Delegacion 224, coment\u00f3 al respecto, \u00aben el 2021 hubo un cambio de gobierno, en el cual, el gobierno actual no ha querido hacerse responsable de lo que se gener\u00f3 en los \u00faltimos dos meses de la administraci\u00f3n saliente, pero al final de cuentas es algo que, si yo me compromet\u00ed y tomo protesta de alguna responsabilidad que me ejerzan, yo tambi\u00e9n [&hellip;]<\/p>\n","protected":false},"author":2,"featured_media":93566,"comment_status":"closed","ping_status":"closed","sticky":false,"template":"","format":"video","meta":{"footnotes":""},"categories":[5,43],"tags":[],"class_list":["post-93559","post","type-post","status-publish","format-video","has-post-thumbnail","hentry","category-destacadas","category-interior","post_format-post-format-video","post--single"],"yoast_head":"<!-- This site is optimized with the Yoast SEO plugin v27.5 - https:\/\/yoast.com\/product\/yoast-seo-wordpress\/ -->\n<title>Protestan docentes de secundaria por falta de pago durante dos a\u00f1os - Canal 7 SLP - 2023<\/title>\n<meta name=\"robots\" content=\"index, follow, max-snippet:-1, max-image-preview:large, max-video-preview:-1\" \/>\n<link rel=\"canonical\" href=\"https:\/\/canal7slp.tv\/2023\/protestan-docentes-de-secundaria-por-falta-de-pago-durante-dos-anos\/\" \/>\n<meta property=\"og:locale\" content=\"es_ES\" \/>\n<meta property=\"og:type\" content=\"article\" \/>\n<meta property=\"og:title\" content=\"Protestan docentes de secundaria por falta de pago durante dos a\u00f1os - Canal 7 SLP - 2023\" \/>\n<meta property=\"og:description\" content=\"Matehuala.- Maestros de la escuela secundaria Trist\u00e1n Vera en el municipio de Matehuala, tomaron las instalaciones para protestar por la falta de pagos que mantienen desde hace dos a\u00f1os. Maria Guadalupe Gaona Garc\u00eda, profesora y Secretaria General de la Delegacion 224, coment\u00f3 al respecto, \u00aben el 2021 hubo un cambio de gobierno, en el cual, el gobierno actual no ha querido hacerse responsable de lo que se gener\u00f3 en los \u00faltimos dos meses de la administraci\u00f3n saliente, pero al final de cuentas es algo que, si yo me compromet\u00ed y tomo protesta de alguna responsabilidad que me ejerzan, yo tambi\u00e9n [&hellip;]\" \/>\n<meta property=\"og:url\" content=\"https:\/\/canal7slp.tv\/2023\/protestan-docentes-de-secundaria-por-falta-de-pago-durante-dos-anos\/\" \/>\n<meta property=\"og:site_name\" content=\"Canal 7 SLP - 2023\" \/>\n<meta property=\"article:publisher\" content=\"https:\/\/www.facebook.com\/noticieroscanalsiete\" \/>\n<meta property=\"article:published_time\" content=\"2023-04-24T15:21:48+00:00\" \/>\n<meta property=\"og:image\" content=\"https:\/\/canal7slp.tv\/2023\/wp-content\/uploads\/2023\/04\/Valencia01Maestros.jpg\" \/>\n\t<meta property=\"og:image:width\" content=\"640\" \/>\n\t<meta property=\"og:image:height\" content=\"352\" \/>\n\t<meta property=\"og:image:type\" content=\"image\/jpeg\" \/>\n<meta name=\"author\" content=\"Edici\u00f3n Web\" \/>\n<meta name=\"twitter:card\" content=\"summary_large_image\" \/>\n<meta name=\"twitter:creator\" content=\"@NOTICIEROS7\" \/>\n<meta name=\"twitter:site\" content=\"@NOTICIEROS7\" \/>\n<meta name=\"twitter:label1\" content=\"Escrito por\" \/>\n\t<meta name=\"twitter:data1\" content=\"Edici\u00f3n Web\" \/>\n\t<meta name=\"twitter:label2\" content=\"Tiempo de lectura\" \/>\n\t<meta name=\"twitter:data2\" content=\"2 minutos\" \/>\n<script type=\"application\/ld+json\" class=\"yoast-schema-graph\">{\"@context\":\"https:\\\/\\\/schema.org\",\"@graph\":[{\"@type\":\"Article\",\"@id\":\"https:\\\/\\\/canal7slp.tv\\\/2023\\\/protestan-docentes-de-secundaria-por-falta-de-pago-durante-dos-anos\\\/#article\",\"isPartOf\":{\"@id\":\"https:\\\/\\\/canal7slp.tv\\\/2023\\\/protestan-docentes-de-secundaria-por-falta-de-pago-durante-dos-anos\\\/\"},\"author\":{\"name\":\"Edici\u00f3n Web\",\"@id\":\"https:\\\/\\\/canal7slp.tv\\\/2023\\\/#\\\/schema\\\/person\\\/639c424e3584069003b11ae813915da6\"},\"headline\":\"Protestan docentes de secundaria por falta de pago durante dos a\u00f1os\",\"datePublished\":\"2023-04-24T15:21:48+00:00\",\"mainEntityOfPage\":{\"@id\":\"https:\\\/\\\/canal7slp.tv\\\/2023\\\/protestan-docentes-de-secundaria-por-falta-de-pago-durante-dos-anos\\\/\"},\"wordCount\":323,\"publisher\":{\"@id\":\"https:\\\/\\\/canal7slp.tv\\\/2023\\\/#organization\"},\"image\":{\"@id\":\"https:\\\/\\\/canal7slp.tv\\\/2023\\\/protestan-docentes-de-secundaria-por-falta-de-pago-durante-dos-anos\\\/#primaryimage\"},\"thumbnailUrl\":\"https:\\\/\\\/canal7slp.tv\\\/2023\\\/wp-content\\\/uploads\\\/2023\\\/04\\\/Valencia01Maestros.jpg\",\"articleSection\":[\"DESTACADAS\",\"INTERIOR DEL ESTADO\"],\"inLanguage\":\"es\"},{\"@type\":\"WebPage\",\"@id\":\"https:\\\/\\\/canal7slp.tv\\\/2023\\\/protestan-docentes-de-secundaria-por-falta-de-pago-durante-dos-anos\\\/\",\"url\":\"https:\\\/\\\/canal7slp.tv\\\/2023\\\/protestan-docentes-de-secundaria-por-falta-de-pago-durante-dos-anos\\\/\",\"name\":\"Protestan docentes de secundaria por falta de pago durante dos a\u00f1os - Canal 7 SLP - 2023\",\"isPartOf\":{\"@id\":\"https:\\\/\\\/canal7slp.tv\\\/2023\\\/#website\"},\"primaryImageOfPage\":{\"@id\":\"https:\\\/\\\/canal7slp.tv\\\/2023\\\/protestan-docentes-de-secundaria-por-falta-de-pago-durante-dos-anos\\\/#primaryimage\"},\"image\":{\"@id\":\"https:\\\/\\\/canal7slp.tv\\\/2023\\\/protestan-docentes-de-secundaria-por-falta-de-pago-durante-dos-anos\\\/#primaryimage\"},\"thumbnailUrl\":\"https:\\\/\\\/canal7slp.tv\\\/2023\\\/wp-content\\\/uploads\\\/2023\\\/04\\\/Valencia01Maestros.jpg\",\"datePublished\":\"2023-04-24T15:21:48+00:00\",\"breadcrumb\":{\"@id\":\"https:\\\/\\\/canal7slp.tv\\\/2023\\\/protestan-docentes-de-secundaria-por-falta-de-pago-durante-dos-anos\\\/#breadcrumb\"},\"inLanguage\":\"es\",\"potentialAction\":[{\"@type\":\"ReadAction\",\"target\":[\"https:\\\/\\\/canal7slp.tv\\\/2023\\\/protestan-docentes-de-secundaria-por-falta-de-pago-durante-dos-anos\\\/\"]}]},{\"@type\":\"ImageObject\",\"inLanguage\":\"es\",\"@id\":\"https:\\\/\\\/canal7slp.tv\\\/2023\\\/protestan-docentes-de-secundaria-por-falta-de-pago-durante-dos-anos\\\/#primaryimage\",\"url\":\"https:\\\/\\\/canal7slp.tv\\\/2023\\\/wp-content\\\/uploads\\\/2023\\\/04\\\/Valencia01Maestros.jpg\",\"contentUrl\":\"https:\\\/\\\/canal7slp.tv\\\/2023\\\/wp-content\\\/uploads\\\/2023\\\/04\\\/Valencia01Maestros.jpg\",\"width\":640,\"height\":352},{\"@type\":\"BreadcrumbList\",\"@id\":\"https:\\\/\\\/canal7slp.tv\\\/2023\\\/protestan-docentes-de-secundaria-por-falta-de-pago-durante-dos-anos\\\/#breadcrumb\",\"itemListElement\":[{\"@type\":\"ListItem\",\"position\":1,\"name\":\"Portada\",\"item\":\"https:\\\/\\\/canal7slp.tv\\\/2023\\\/\"},{\"@type\":\"ListItem\",\"position\":2,\"name\":\"Protestan docentes de secundaria por falta de pago durante dos a\u00f1os\"}]},{\"@type\":\"WebSite\",\"@id\":\"https:\\\/\\\/canal7slp.tv\\\/2023\\\/#website\",\"url\":\"https:\\\/\\\/canal7slp.tv\\\/2023\\\/\",\"name\":\"N7 - Noticieros Canal 7\",\"description\":\"Somos Televisi\u00f3n\",\"publisher\":{\"@id\":\"https:\\\/\\\/canal7slp.tv\\\/2023\\\/#organization\"},\"potentialAction\":[{\"@type\":\"SearchAction\",\"target\":{\"@type\":\"EntryPoint\",\"urlTemplate\":\"https:\\\/\\\/canal7slp.tv\\\/2023\\\/?s={search_term_string}\"},\"query-input\":{\"@type\":\"PropertyValueSpecification\",\"valueRequired\":true,\"valueName\":\"search_term_string\"}}],\"inLanguage\":\"es\"},{\"@type\":\"Organization\",\"@id\":\"https:\\\/\\\/canal7slp.tv\\\/2023\\\/#organization\",\"name\":\"Noticieros Canal 7\",\"url\":\"https:\\\/\\\/canal7slp.tv\\\/2023\\\/\",\"logo\":{\"@type\":\"ImageObject\",\"inLanguage\":\"es\",\"@id\":\"https:\\\/\\\/canal7slp.tv\\\/2023\\\/#\\\/schema\\\/logo\\\/image\\\/\",\"url\":\"https:\\\/\\\/canal7slp.tv\\\/2023\\\/wp-content\\\/uploads\\\/2021\\\/01\\\/logo-noticieros@2x.png\",\"contentUrl\":\"https:\\\/\\\/canal7slp.tv\\\/2023\\\/wp-content\\\/uploads\\\/2021\\\/01\\\/logo-noticieros@2x.png\",\"width\":1017,\"height\":268,\"caption\":\"Noticieros Canal 7\"},\"image\":{\"@id\":\"https:\\\/\\\/canal7slp.tv\\\/2023\\\/#\\\/schema\\\/logo\\\/image\\\/\"},\"sameAs\":[\"https:\\\/\\\/www.facebook.com\\\/noticieroscanalsiete\",\"https:\\\/\\\/x.com\\\/NOTICIEROS7\",\"https:\\\/\\\/www.instagram.com\\\/canal7_slp\",\"https:\\\/\\\/www.youtube.com\\\/channel\\\/UCliiYs-gP3JfJeqdPrNdd5A\"]},{\"@type\":\"Person\",\"@id\":\"https:\\\/\\\/canal7slp.tv\\\/2023\\\/#\\\/schema\\\/person\\\/639c424e3584069003b11ae813915da6\",\"name\":\"Edici\u00f3n Web\",\"image\":{\"@type\":\"ImageObject\",\"inLanguage\":\"es\",\"@id\":\"https:\\\/\\\/secure.gravatar.com\\\/avatar\\\/eee448fc3f7164808013b816ba91ac7e43bbe82a70bebac296f8bc6f0addaa1a?s=96&d=mm&r=g\",\"url\":\"https:\\\/\\\/secure.gravatar.com\\\/avatar\\\/eee448fc3f7164808013b816ba91ac7e43bbe82a70bebac296f8bc6f0addaa1a?s=96&d=mm&r=g\",\"contentUrl\":\"https:\\\/\\\/secure.gravatar.com\\\/avatar\\\/eee448fc3f7164808013b816ba91ac7e43bbe82a70bebac296f8bc6f0addaa1a?s=96&d=mm&r=g\",\"caption\":\"Edici\u00f3n Web\"},\"url\":\"https:\\\/\\\/canal7slp.tv\\\/2023\\\/author\\\/edicionweb\\\/\"}]}<\/script>\n<!-- \/ Yoast SEO plugin. -->","yoast_head_json":{"title":"Protestan docentes de secundaria por falta de pago durante dos a\u00f1os - Canal 7 SLP - 2023","robots":{"index":"index","follow":"follow","max-snippet":"max-snippet:-1","max-image-preview":"max-image-preview:large","max-video-preview":"max-video-preview:-1"},"canonical":"https:\/\/canal7slp.tv\/2023\/protestan-docentes-de-secundaria-por-falta-de-pago-durante-dos-anos\/","og_locale":"es_ES","og_type":"article","og_title":"Protestan docentes de secundaria por falta de pago durante dos a\u00f1os - Canal 7 SLP - 2023","og_description":"Matehuala.- Maestros de la escuela secundaria Trist\u00e1n Vera en el municipio de Matehuala, tomaron las instalaciones para protestar por la falta de pagos que mantienen desde hace dos a\u00f1os. Maria Guadalupe Gaona Garc\u00eda, profesora y Secretaria General de la Delegacion 224, coment\u00f3 al respecto, \u00aben el 2021 hubo un cambio de gobierno, en el cual, el gobierno actual no ha querido hacerse responsable de lo que se gener\u00f3 en los \u00faltimos dos meses de la administraci\u00f3n saliente, pero al final de cuentas es algo que, si yo me compromet\u00ed y tomo protesta de alguna responsabilidad que me ejerzan, yo tambi\u00e9n [&hellip;]","og_url":"https:\/\/canal7slp.tv\/2023\/protestan-docentes-de-secundaria-por-falta-de-pago-durante-dos-anos\/","og_site_name":"Canal 7 SLP - 2023","article_publisher":"https:\/\/www.facebook.com\/noticieroscanalsiete","article_published_time":"2023-04-24T15:21:48+00:00","og_image":[{"width":640,"height":352,"url":"https:\/\/canal7slp.tv\/2023\/wp-content\/uploads\/2023\/04\/Valencia01Maestros.jpg","type":"image\/jpeg"}],"author":"Edici\u00f3n Web","twitter_card":"summary_large_image","twitter_creator":"@NOTICIEROS7","twitter_site":"@NOTICIEROS7","twitter_misc":{"Escrito por":"Edici\u00f3n Web","Tiempo de lectura":"2 minutos"},"schema":{"@context":"https:\/\/schema.org","@graph":[{"@type":"Article","@id":"https:\/\/canal7slp.tv\/2023\/protestan-docentes-de-secundaria-por-falta-de-pago-durante-dos-anos\/#article","isPartOf":{"@id":"https:\/\/canal7slp.tv\/2023\/protestan-docentes-de-secundaria-por-falta-de-pago-durante-dos-anos\/"},"author":{"name":"Edici\u00f3n Web","@id":"https:\/\/canal7slp.tv\/2023\/#\/schema\/person\/639c424e3584069003b11ae813915da6"},"headline":"Protestan docentes de secundaria por falta de pago durante dos a\u00f1os","datePublished":"2023-04-24T15:21:48+00:00","mainEntityOfPage":{"@id":"https:\/\/canal7slp.tv\/2023\/protestan-docentes-de-secundaria-por-falta-de-pago-durante-dos-anos\/"},"wordCount":323,"publisher":{"@id":"https:\/\/canal7slp.tv\/2023\/#organization"},"image":{"@id":"https:\/\/canal7slp.tv\/2023\/protestan-docentes-de-secundaria-por-falta-de-pago-durante-dos-anos\/#primaryimage"},"thumbnailUrl":"https:\/\/canal7slp.tv\/2023\/wp-content\/uploads\/2023\/04\/Valencia01Maestros.jpg","articleSection":["DESTACADAS","INTERIOR DEL ESTADO"],"inLanguage":"es"},{"@type":"WebPage","@id":"https:\/\/canal7slp.tv\/2023\/protestan-docentes-de-secundaria-por-falta-de-pago-durante-dos-anos\/","url":"https:\/\/canal7slp.tv\/2023\/protestan-docentes-de-secundaria-por-falta-de-pago-durante-dos-anos\/","name":"Protestan docentes de secundaria por falta de pago durante dos a\u00f1os - Canal 7 SLP - 2023","isPartOf":{"@id":"https:\/\/canal7slp.tv\/2023\/#website"},"primaryImageOfPage":{"@id":"https:\/\/canal7slp.tv\/2023\/protestan-docentes-de-secundaria-por-falta-de-pago-durante-dos-anos\/#primaryimage"},"image":{"@id":"https:\/\/canal7slp.tv\/2023\/protestan-docentes-de-secundaria-por-falta-de-pago-durante-dos-anos\/#primaryimage"},"thumbnailUrl":"https:\/\/canal7slp.tv\/2023\/wp-content\/uploads\/2023\/04\/Valencia01Maestros.jpg","datePublished":"2023-04-24T15:21:48+00:00","breadcrumb":{"@id":"https:\/\/canal7slp.tv\/2023\/protestan-docentes-de-secundaria-por-falta-de-pago-durante-dos-anos\/#breadcrumb"},"inLanguage":"es","potentialAction":[{"@type":"ReadAction","target":["https:\/\/canal7slp.tv\/2023\/protestan-docentes-de-secundaria-por-falta-de-pago-durante-dos-anos\/"]}]},{"@type":"ImageObject","inLanguage":"es","@id":"https:\/\/canal7slp.tv\/2023\/protestan-docentes-de-secundaria-por-falta-de-pago-durante-dos-anos\/#primaryimage","url":"https:\/\/canal7slp.tv\/2023\/wp-content\/uploads\/2023\/04\/Valencia01Maestros.jpg","contentUrl":"https:\/\/canal7slp.tv\/2023\/wp-content\/uploads\/2023\/04\/Valencia01Maestros.jpg","width":640,"height":352},{"@type":"BreadcrumbList","@id":"https:\/\/canal7slp.tv\/2023\/protestan-docentes-de-secundaria-por-falta-de-pago-durante-dos-anos\/#breadcrumb","itemListElement":[{"@type":"ListItem","position":1,"name":"Portada","item":"https:\/\/canal7slp.tv\/2023\/"},{"@type":"ListItem","position":2,"name":"Protestan docentes de secundaria por falta de pago durante dos a\u00f1os"}]},{"@type":"WebSite","@id":"https:\/\/canal7slp.tv\/2023\/#website","url":"https:\/\/canal7slp.tv\/2023\/","name":"N7 - Noticieros Canal 7","description":"Somos Televisi\u00f3n","publisher":{"@id":"https:\/\/canal7slp.tv\/2023\/#organization"},"potentialAction":[{"@type":"SearchAction","target":{"@type":"EntryPoint","urlTemplate":"https:\/\/canal7slp.tv\/2023\/?s={search_term_string}"},"query-input":{"@type":"PropertyValueSpecification","valueRequired":true,"valueName":"search_term_string"}}],"inLanguage":"es"},{"@type":"Organization","@id":"https:\/\/canal7slp.tv\/2023\/#organization","name":"Noticieros Canal 7","url":"https:\/\/canal7slp.tv\/2023\/","logo":{"@type":"ImageObject","inLanguage":"es","@id":"https:\/\/canal7slp.tv\/2023\/#\/schema\/logo\/image\/","url":"https:\/\/canal7slp.tv\/2023\/wp-content\/uploads\/2021\/01\/logo-noticieros@2x.png","contentUrl":"https:\/\/canal7slp.tv\/2023\/wp-content\/uploads\/2021\/01\/logo-noticieros@2x.png","width":1017,"height":268,"caption":"Noticieros Canal 7"},"image":{"@id":"https:\/\/canal7slp.tv\/2023\/#\/schema\/logo\/image\/"},"sameAs":["https:\/\/www.facebook.com\/noticieroscanalsiete","https:\/\/x.com\/NOTICIEROS7","https:\/\/www.instagram.com\/canal7_slp","https:\/\/www.youtube.com\/channel\/UCliiYs-gP3JfJeqdPrNdd5A"]},{"@type":"Person","@id":"https:\/\/canal7slp.tv\/2023\/#\/schema\/person\/639c424e3584069003b11ae813915da6","name":"Edici\u00f3n Web","image":{"@type":"ImageObject","inLanguage":"es","@id":"https:\/\/secure.gravatar.com\/avatar\/eee448fc3f7164808013b816ba91ac7e43bbe82a70bebac296f8bc6f0addaa1a?s=96&d=mm&r=g","url":"https:\/\/secure.gravatar.com\/avatar\/eee448fc3f7164808013b816ba91ac7e43bbe82a70bebac296f8bc6f0addaa1a?s=96&d=mm&r=g","contentUrl":"https:\/\/secure.gravatar.com\/avatar\/eee448fc3f7164808013b816ba91ac7e43bbe82a70bebac296f8bc6f0addaa1a?s=96&d=mm&r=g","caption":"Edici\u00f3n Web"},"url":"https:\/\/canal7slp.tv\/2023\/author\/edicionweb\/"}]}},"_links":{"self":[{"href":"https:\/\/canal7slp.tv\/2023\/wp-json\/wp\/v2\/posts\/93559","targetHints":{"allow":["GET"]}}],"collection":[{"href":"https:\/\/canal7slp.tv\/2023\/wp-json\/wp\/v2\/posts"}],"about":[{"href":"https:\/\/canal7slp.tv\/2023\/wp-json\/wp\/v2\/types\/post"}],"author":[{"embeddable":true,"href":"https:\/\/canal7slp.tv\/2023\/wp-json\/wp\/v2\/users\/2"}],"replies":[{"embeddable":true,"href":"https:\/\/canal7slp.tv\/2023\/wp-json\/wp\/v2\/comments?post=93559"}],"version-history":[{"count":1,"href":"https:\/\/canal7slp.tv\/2023\/wp-json\/wp\/v2\/posts\/93559\/revisions"}],"predecessor-version":[{"id":93561,"href":"https:\/\/canal7slp.tv\/2023\/wp-json\/wp\/v2\/posts\/93559\/revisions\/93561"}],"wp:featuredmedia":[{"embeddable":true,"href":"https:\/\/canal7slp.tv\/2023\/wp-json\/wp\/v2\/media\/93566"}],"wp:attachment":[{"href":"https:\/\/canal7slp.tv\/2023\/wp-json\/wp\/v2\/media?parent=93559"}],"wp:term":[{"taxonomy":"category","embeddable":true,"href":"https:\/\/canal7slp.tv\/2023\/wp-json\/wp\/v2\/categories?post=93559"},{"taxonomy":"post_tag","embeddable":true,"href":"https:\/\/canal7slp.tv\/2023\/wp-json\/wp\/v2\/tags?post=93559"}],"curies":[{"name":"wp","href":"https:\/\/api.w.org\/{rel}","templated":true}]}}