{"id":93532,"date":"2023-04-23T23:40:59","date_gmt":"2023-04-24T05:40:59","guid":{"rendered":"https:\/\/canal7slp.tv\/2023\/?p=93532"},"modified":"2023-04-23T23:40:59","modified_gmt":"2023-04-24T05:40:59","slug":"sismo-de-magnitud-7-3-sacude-islas-de-nueva-zelanda","status":"publish","type":"post","link":"https:\/\/canal7slp.tv\/2023\/sismo-de-magnitud-7-3-sacude-islas-de-nueva-zelanda\/","title":{"rendered":"Sismo de magnitud 7.3 sacude islas de Nueva Zelanda"},"content":{"rendered":"<p>Wellington.- Seg\u00fan los reportes dados a conocer por autoridades de Nueva Zelanda, se trat\u00f3 de un terremoto de magnitud 7.3 que sacudi\u00f3 las islas de Kermadec, un archipi\u00e9lago neozeland\u00e9s en el oc\u00e9ano Pac\u00edfico.<\/p>\n<p>El Servicio de Alertas de Tsunami del Pac\u00edfico emiti\u00f3 una alerta de tsunami y advirti\u00f3 sobre la posibilidad de olas peligrosas.<\/p>\n<p>El Gobierno de Nueva Zelanda a\u00fan no lanza alerta de tsunami, pero se estima que podr\u00eda ocurrir.<\/p>\n","protected":false},"excerpt":{"rendered":"<p>Wellington.- Seg\u00fan los reportes dados a conocer por autoridades de Nueva Zelanda, se trat\u00f3 de un terremoto de magnitud 7.3 que sacudi\u00f3 las islas de Kermadec, un archipi\u00e9lago neozeland\u00e9s en el oc\u00e9ano Pac\u00edfico. El Servicio de Alertas de Tsunami del Pac\u00edfico emiti\u00f3 una alerta de tsunami y advirti\u00f3 sobre la posibilidad de olas peligrosas. El Gobierno de Nueva Zelanda a\u00fan no lanza alerta de tsunami, pero se estima que podr\u00eda ocurrir.<\/p>\n","protected":false},"author":2,"featured_media":93537,"comment_status":"closed","ping_status":"closed","sticky":false,"template":"","format":"standard","meta":{"footnotes":""},"categories":[44],"tags":[],"class_list":["post-93532","post","type-post","status-publish","format-standard","has-post-thumbnail","hentry","category-internacional","post--single"],"yoast_head":"<!-- This site is optimized with the Yoast SEO plugin v27.4 - https:\/\/yoast.com\/product\/yoast-seo-wordpress\/ -->\n<title>Sismo de magnitud 7.3 sacude islas de Nueva Zelanda - Canal 7 SLP - 2023<\/title>\n<meta name=\"robots\" content=\"index, follow, max-snippet:-1, max-image-preview:large, max-video-preview:-1\" \/>\n<link rel=\"canonical\" href=\"https:\/\/canal7slp.tv\/2023\/sismo-de-magnitud-7-3-sacude-islas-de-nueva-zelanda\/\" \/>\n<meta property=\"og:locale\" content=\"es_ES\" \/>\n<meta property=\"og:type\" content=\"article\" \/>\n<meta property=\"og:title\" content=\"Sismo de magnitud 7.3 sacude islas de Nueva Zelanda - Canal 7 SLP - 2023\" \/>\n<meta property=\"og:description\" content=\"Wellington.- Seg\u00fan los reportes dados a conocer por autoridades de Nueva Zelanda, se trat\u00f3 de un terremoto de magnitud 7.3 que sacudi\u00f3 las islas de Kermadec, un archipi\u00e9lago neozeland\u00e9s en el oc\u00e9ano Pac\u00edfico. El Servicio de Alertas de Tsunami del Pac\u00edfico emiti\u00f3 una alerta de tsunami y advirti\u00f3 sobre la posibilidad de olas peligrosas. El Gobierno de Nueva Zelanda a\u00fan no lanza alerta de tsunami, pero se estima que podr\u00eda ocurrir.\" \/>\n<meta property=\"og:url\" content=\"https:\/\/canal7slp.tv\/2023\/sismo-de-magnitud-7-3-sacude-islas-de-nueva-zelanda\/\" \/>\n<meta property=\"og:site_name\" content=\"Canal 7 SLP - 2023\" \/>\n<meta property=\"article:publisher\" content=\"https:\/\/www.facebook.com\/noticieroscanalsiete\" \/>\n<meta property=\"article:published_time\" content=\"2023-04-24T05:40:59+00:00\" \/>\n<meta property=\"og:image\" content=\"https:\/\/canal7slp.tv\/2023\/wp-content\/uploads\/2023\/04\/07-5.jpg\" \/>\n\t<meta property=\"og:image:width\" content=\"1200\" \/>\n\t<meta property=\"og:image:height\" content=\"675\" \/>\n\t<meta property=\"og:image:type\" content=\"image\/jpeg\" \/>\n<meta name=\"author\" content=\"Edici\u00f3n Web\" \/>\n<meta name=\"twitter:card\" content=\"summary_large_image\" \/>\n<meta name=\"twitter:creator\" content=\"@NOTICIEROS7\" \/>\n<meta name=\"twitter:site\" content=\"@NOTICIEROS7\" \/>\n<meta name=\"twitter:label1\" content=\"Escrito por\" \/>\n\t<meta name=\"twitter:data1\" content=\"Edici\u00f3n Web\" \/>\n\t<meta name=\"twitter:label2\" content=\"Tiempo de lectura\" \/>\n\t<meta name=\"twitter:data2\" content=\"1 minuto\" \/>\n<script type=\"application\/ld+json\" class=\"yoast-schema-graph\">{\"@context\":\"https:\\\/\\\/schema.org\",\"@graph\":[{\"@type\":\"Article\",\"@id\":\"https:\\\/\\\/canal7slp.tv\\\/2023\\\/sismo-de-magnitud-7-3-sacude-islas-de-nueva-zelanda\\\/#article\",\"isPartOf\":{\"@id\":\"https:\\\/\\\/canal7slp.tv\\\/2023\\\/sismo-de-magnitud-7-3-sacude-islas-de-nueva-zelanda\\\/\"},\"author\":{\"name\":\"Edici\u00f3n Web\",\"@id\":\"https:\\\/\\\/canal7slp.tv\\\/2023\\\/#\\\/schema\\\/person\\\/639c424e3584069003b11ae813915da6\"},\"headline\":\"Sismo de magnitud 7.3 sacude islas de Nueva Zelanda\",\"datePublished\":\"2023-04-24T05:40:59+00:00\",\"mainEntityOfPage\":{\"@id\":\"https:\\\/\\\/canal7slp.tv\\\/2023\\\/sismo-de-magnitud-7-3-sacude-islas-de-nueva-zelanda\\\/\"},\"wordCount\":87,\"publisher\":{\"@id\":\"https:\\\/\\\/canal7slp.tv\\\/2023\\\/#organization\"},\"image\":{\"@id\":\"https:\\\/\\\/canal7slp.tv\\\/2023\\\/sismo-de-magnitud-7-3-sacude-islas-de-nueva-zelanda\\\/#primaryimage\"},\"thumbnailUrl\":\"https:\\\/\\\/canal7slp.tv\\\/2023\\\/wp-content\\\/uploads\\\/2023\\\/04\\\/07-5.jpg\",\"articleSection\":[\"INTERNACIONALES\"],\"inLanguage\":\"es\"},{\"@type\":\"WebPage\",\"@id\":\"https:\\\/\\\/canal7slp.tv\\\/2023\\\/sismo-de-magnitud-7-3-sacude-islas-de-nueva-zelanda\\\/\",\"url\":\"https:\\\/\\\/canal7slp.tv\\\/2023\\\/sismo-de-magnitud-7-3-sacude-islas-de-nueva-zelanda\\\/\",\"name\":\"Sismo de magnitud 7.3 sacude islas de Nueva Zelanda - Canal 7 SLP - 2023\",\"isPartOf\":{\"@id\":\"https:\\\/\\\/canal7slp.tv\\\/2023\\\/#website\"},\"primaryImageOfPage\":{\"@id\":\"https:\\\/\\\/canal7slp.tv\\\/2023\\\/sismo-de-magnitud-7-3-sacude-islas-de-nueva-zelanda\\\/#primaryimage\"},\"image\":{\"@id\":\"https:\\\/\\\/canal7slp.tv\\\/2023\\\/sismo-de-magnitud-7-3-sacude-islas-de-nueva-zelanda\\\/#primaryimage\"},\"thumbnailUrl\":\"https:\\\/\\\/canal7slp.tv\\\/2023\\\/wp-content\\\/uploads\\\/2023\\\/04\\\/07-5.jpg\",\"datePublished\":\"2023-04-24T05:40:59+00:00\",\"breadcrumb\":{\"@id\":\"https:\\\/\\\/canal7slp.tv\\\/2023\\\/sismo-de-magnitud-7-3-sacude-islas-de-nueva-zelanda\\\/#breadcrumb\"},\"inLanguage\":\"es\",\"potentialAction\":[{\"@type\":\"ReadAction\",\"target\":[\"https:\\\/\\\/canal7slp.tv\\\/2023\\\/sismo-de-magnitud-7-3-sacude-islas-de-nueva-zelanda\\\/\"]}]},{\"@type\":\"ImageObject\",\"inLanguage\":\"es\",\"@id\":\"https:\\\/\\\/canal7slp.tv\\\/2023\\\/sismo-de-magnitud-7-3-sacude-islas-de-nueva-zelanda\\\/#primaryimage\",\"url\":\"https:\\\/\\\/canal7slp.tv\\\/2023\\\/wp-content\\\/uploads\\\/2023\\\/04\\\/07-5.jpg\",\"contentUrl\":\"https:\\\/\\\/canal7slp.tv\\\/2023\\\/wp-content\\\/uploads\\\/2023\\\/04\\\/07-5.jpg\",\"width\":1200,\"height\":675},{\"@type\":\"BreadcrumbList\",\"@id\":\"https:\\\/\\\/canal7slp.tv\\\/2023\\\/sismo-de-magnitud-7-3-sacude-islas-de-nueva-zelanda\\\/#breadcrumb\",\"itemListElement\":[{\"@type\":\"ListItem\",\"position\":1,\"name\":\"Portada\",\"item\":\"https:\\\/\\\/canal7slp.tv\\\/2023\\\/\"},{\"@type\":\"ListItem\",\"position\":2,\"name\":\"Sismo de magnitud 7.3 sacude islas de Nueva Zelanda\"}]},{\"@type\":\"WebSite\",\"@id\":\"https:\\\/\\\/canal7slp.tv\\\/2023\\\/#website\",\"url\":\"https:\\\/\\\/canal7slp.tv\\\/2023\\\/\",\"name\":\"N7 - Noticieros Canal 7\",\"description\":\"Somos Televisi\u00f3n\",\"publisher\":{\"@id\":\"https:\\\/\\\/canal7slp.tv\\\/2023\\\/#organization\"},\"potentialAction\":[{\"@type\":\"SearchAction\",\"target\":{\"@type\":\"EntryPoint\",\"urlTemplate\":\"https:\\\/\\\/canal7slp.tv\\\/2023\\\/?s={search_term_string}\"},\"query-input\":{\"@type\":\"PropertyValueSpecification\",\"valueRequired\":true,\"valueName\":\"search_term_string\"}}],\"inLanguage\":\"es\"},{\"@type\":\"Organization\",\"@id\":\"https:\\\/\\\/canal7slp.tv\\\/2023\\\/#organization\",\"name\":\"Noticieros Canal 7\",\"url\":\"https:\\\/\\\/canal7slp.tv\\\/2023\\\/\",\"logo\":{\"@type\":\"ImageObject\",\"inLanguage\":\"es\",\"@id\":\"https:\\\/\\\/canal7slp.tv\\\/2023\\\/#\\\/schema\\\/logo\\\/image\\\/\",\"url\":\"https:\\\/\\\/canal7slp.tv\\\/2023\\\/wp-content\\\/uploads\\\/2021\\\/01\\\/logo-noticieros@2x.png\",\"contentUrl\":\"https:\\\/\\\/canal7slp.tv\\\/2023\\\/wp-content\\\/uploads\\\/2021\\\/01\\\/logo-noticieros@2x.png\",\"width\":1017,\"height\":268,\"caption\":\"Noticieros Canal 7\"},\"image\":{\"@id\":\"https:\\\/\\\/canal7slp.tv\\\/2023\\\/#\\\/schema\\\/logo\\\/image\\\/\"},\"sameAs\":[\"https:\\\/\\\/www.facebook.com\\\/noticieroscanalsiete\",\"https:\\\/\\\/x.com\\\/NOTICIEROS7\",\"https:\\\/\\\/www.instagram.com\\\/canal7_slp\",\"https:\\\/\\\/www.youtube.com\\\/channel\\\/UCliiYs-gP3JfJeqdPrNdd5A\"]},{\"@type\":\"Person\",\"@id\":\"https:\\\/\\\/canal7slp.tv\\\/2023\\\/#\\\/schema\\\/person\\\/639c424e3584069003b11ae813915da6\",\"name\":\"Edici\u00f3n Web\",\"image\":{\"@type\":\"ImageObject\",\"inLanguage\":\"es\",\"@id\":\"https:\\\/\\\/secure.gravatar.com\\\/avatar\\\/eee448fc3f7164808013b816ba91ac7e43bbe82a70bebac296f8bc6f0addaa1a?s=96&d=mm&r=g\",\"url\":\"https:\\\/\\\/secure.gravatar.com\\\/avatar\\\/eee448fc3f7164808013b816ba91ac7e43bbe82a70bebac296f8bc6f0addaa1a?s=96&d=mm&r=g\",\"contentUrl\":\"https:\\\/\\\/secure.gravatar.com\\\/avatar\\\/eee448fc3f7164808013b816ba91ac7e43bbe82a70bebac296f8bc6f0addaa1a?s=96&d=mm&r=g\",\"caption\":\"Edici\u00f3n Web\"},\"url\":\"https:\\\/\\\/canal7slp.tv\\\/2023\\\/author\\\/edicionweb\\\/\"}]}<\/script>\n<!-- \/ Yoast SEO plugin. -->","yoast_head_json":{"title":"Sismo de magnitud 7.3 sacude islas de Nueva Zelanda - Canal 7 SLP - 2023","robots":{"index":"index","follow":"follow","max-snippet":"max-snippet:-1","max-image-preview":"max-image-preview:large","max-video-preview":"max-video-preview:-1"},"canonical":"https:\/\/canal7slp.tv\/2023\/sismo-de-magnitud-7-3-sacude-islas-de-nueva-zelanda\/","og_locale":"es_ES","og_type":"article","og_title":"Sismo de magnitud 7.3 sacude islas de Nueva Zelanda - Canal 7 SLP - 2023","og_description":"Wellington.- Seg\u00fan los reportes dados a conocer por autoridades de Nueva Zelanda, se trat\u00f3 de un terremoto de magnitud 7.3 que sacudi\u00f3 las islas de Kermadec, un archipi\u00e9lago neozeland\u00e9s en el oc\u00e9ano Pac\u00edfico. El Servicio de Alertas de Tsunami del Pac\u00edfico emiti\u00f3 una alerta de tsunami y advirti\u00f3 sobre la posibilidad de olas peligrosas. El Gobierno de Nueva Zelanda a\u00fan no lanza alerta de tsunami, pero se estima que podr\u00eda ocurrir.","og_url":"https:\/\/canal7slp.tv\/2023\/sismo-de-magnitud-7-3-sacude-islas-de-nueva-zelanda\/","og_site_name":"Canal 7 SLP - 2023","article_publisher":"https:\/\/www.facebook.com\/noticieroscanalsiete","article_published_time":"2023-04-24T05:40:59+00:00","og_image":[{"width":1200,"height":675,"url":"https:\/\/canal7slp.tv\/2023\/wp-content\/uploads\/2023\/04\/07-5.jpg","type":"image\/jpeg"}],"author":"Edici\u00f3n Web","twitter_card":"summary_large_image","twitter_creator":"@NOTICIEROS7","twitter_site":"@NOTICIEROS7","twitter_misc":{"Escrito por":"Edici\u00f3n Web","Tiempo de lectura":"1 minuto"},"schema":{"@context":"https:\/\/schema.org","@graph":[{"@type":"Article","@id":"https:\/\/canal7slp.tv\/2023\/sismo-de-magnitud-7-3-sacude-islas-de-nueva-zelanda\/#article","isPartOf":{"@id":"https:\/\/canal7slp.tv\/2023\/sismo-de-magnitud-7-3-sacude-islas-de-nueva-zelanda\/"},"author":{"name":"Edici\u00f3n Web","@id":"https:\/\/canal7slp.tv\/2023\/#\/schema\/person\/639c424e3584069003b11ae813915da6"},"headline":"Sismo de magnitud 7.3 sacude islas de Nueva Zelanda","datePublished":"2023-04-24T05:40:59+00:00","mainEntityOfPage":{"@id":"https:\/\/canal7slp.tv\/2023\/sismo-de-magnitud-7-3-sacude-islas-de-nueva-zelanda\/"},"wordCount":87,"publisher":{"@id":"https:\/\/canal7slp.tv\/2023\/#organization"},"image":{"@id":"https:\/\/canal7slp.tv\/2023\/sismo-de-magnitud-7-3-sacude-islas-de-nueva-zelanda\/#primaryimage"},"thumbnailUrl":"https:\/\/canal7slp.tv\/2023\/wp-content\/uploads\/2023\/04\/07-5.jpg","articleSection":["INTERNACIONALES"],"inLanguage":"es"},{"@type":"WebPage","@id":"https:\/\/canal7slp.tv\/2023\/sismo-de-magnitud-7-3-sacude-islas-de-nueva-zelanda\/","url":"https:\/\/canal7slp.tv\/2023\/sismo-de-magnitud-7-3-sacude-islas-de-nueva-zelanda\/","name":"Sismo de magnitud 7.3 sacude islas de Nueva Zelanda - Canal 7 SLP - 2023","isPartOf":{"@id":"https:\/\/canal7slp.tv\/2023\/#website"},"primaryImageOfPage":{"@id":"https:\/\/canal7slp.tv\/2023\/sismo-de-magnitud-7-3-sacude-islas-de-nueva-zelanda\/#primaryimage"},"image":{"@id":"https:\/\/canal7slp.tv\/2023\/sismo-de-magnitud-7-3-sacude-islas-de-nueva-zelanda\/#primaryimage"},"thumbnailUrl":"https:\/\/canal7slp.tv\/2023\/wp-content\/uploads\/2023\/04\/07-5.jpg","datePublished":"2023-04-24T05:40:59+00:00","breadcrumb":{"@id":"https:\/\/canal7slp.tv\/2023\/sismo-de-magnitud-7-3-sacude-islas-de-nueva-zelanda\/#breadcrumb"},"inLanguage":"es","potentialAction":[{"@type":"ReadAction","target":["https:\/\/canal7slp.tv\/2023\/sismo-de-magnitud-7-3-sacude-islas-de-nueva-zelanda\/"]}]},{"@type":"ImageObject","inLanguage":"es","@id":"https:\/\/canal7slp.tv\/2023\/sismo-de-magnitud-7-3-sacude-islas-de-nueva-zelanda\/#primaryimage","url":"https:\/\/canal7slp.tv\/2023\/wp-content\/uploads\/2023\/04\/07-5.jpg","contentUrl":"https:\/\/canal7slp.tv\/2023\/wp-content\/uploads\/2023\/04\/07-5.jpg","width":1200,"height":675},{"@type":"BreadcrumbList","@id":"https:\/\/canal7slp.tv\/2023\/sismo-de-magnitud-7-3-sacude-islas-de-nueva-zelanda\/#breadcrumb","itemListElement":[{"@type":"ListItem","position":1,"name":"Portada","item":"https:\/\/canal7slp.tv\/2023\/"},{"@type":"ListItem","position":2,"name":"Sismo de magnitud 7.3 sacude islas de Nueva Zelanda"}]},{"@type":"WebSite","@id":"https:\/\/canal7slp.tv\/2023\/#website","url":"https:\/\/canal7slp.tv\/2023\/","name":"N7 - Noticieros Canal 7","description":"Somos Televisi\u00f3n","publisher":{"@id":"https:\/\/canal7slp.tv\/2023\/#organization"},"potentialAction":[{"@type":"SearchAction","target":{"@type":"EntryPoint","urlTemplate":"https:\/\/canal7slp.tv\/2023\/?s={search_term_string}"},"query-input":{"@type":"PropertyValueSpecification","valueRequired":true,"valueName":"search_term_string"}}],"inLanguage":"es"},{"@type":"Organization","@id":"https:\/\/canal7slp.tv\/2023\/#organization","name":"Noticieros Canal 7","url":"https:\/\/canal7slp.tv\/2023\/","logo":{"@type":"ImageObject","inLanguage":"es","@id":"https:\/\/canal7slp.tv\/2023\/#\/schema\/logo\/image\/","url":"https:\/\/canal7slp.tv\/2023\/wp-content\/uploads\/2021\/01\/logo-noticieros@2x.png","contentUrl":"https:\/\/canal7slp.tv\/2023\/wp-content\/uploads\/2021\/01\/logo-noticieros@2x.png","width":1017,"height":268,"caption":"Noticieros Canal 7"},"image":{"@id":"https:\/\/canal7slp.tv\/2023\/#\/schema\/logo\/image\/"},"sameAs":["https:\/\/www.facebook.com\/noticieroscanalsiete","https:\/\/x.com\/NOTICIEROS7","https:\/\/www.instagram.com\/canal7_slp","https:\/\/www.youtube.com\/channel\/UCliiYs-gP3JfJeqdPrNdd5A"]},{"@type":"Person","@id":"https:\/\/canal7slp.tv\/2023\/#\/schema\/person\/639c424e3584069003b11ae813915da6","name":"Edici\u00f3n Web","image":{"@type":"ImageObject","inLanguage":"es","@id":"https:\/\/secure.gravatar.com\/avatar\/eee448fc3f7164808013b816ba91ac7e43bbe82a70bebac296f8bc6f0addaa1a?s=96&d=mm&r=g","url":"https:\/\/secure.gravatar.com\/avatar\/eee448fc3f7164808013b816ba91ac7e43bbe82a70bebac296f8bc6f0addaa1a?s=96&d=mm&r=g","contentUrl":"https:\/\/secure.gravatar.com\/avatar\/eee448fc3f7164808013b816ba91ac7e43bbe82a70bebac296f8bc6f0addaa1a?s=96&d=mm&r=g","caption":"Edici\u00f3n Web"},"url":"https:\/\/canal7slp.tv\/2023\/author\/edicionweb\/"}]}},"_links":{"self":[{"href":"https:\/\/canal7slp.tv\/2023\/wp-json\/wp\/v2\/posts\/93532","targetHints":{"allow":["GET"]}}],"collection":[{"href":"https:\/\/canal7slp.tv\/2023\/wp-json\/wp\/v2\/posts"}],"about":[{"href":"https:\/\/canal7slp.tv\/2023\/wp-json\/wp\/v2\/types\/post"}],"author":[{"embeddable":true,"href":"https:\/\/canal7slp.tv\/2023\/wp-json\/wp\/v2\/users\/2"}],"replies":[{"embeddable":true,"href":"https:\/\/canal7slp.tv\/2023\/wp-json\/wp\/v2\/comments?post=93532"}],"version-history":[{"count":1,"href":"https:\/\/canal7slp.tv\/2023\/wp-json\/wp\/v2\/posts\/93532\/revisions"}],"predecessor-version":[{"id":93533,"href":"https:\/\/canal7slp.tv\/2023\/wp-json\/wp\/v2\/posts\/93532\/revisions\/93533"}],"wp:featuredmedia":[{"embeddable":true,"href":"https:\/\/canal7slp.tv\/2023\/wp-json\/wp\/v2\/media\/93537"}],"wp:attachment":[{"href":"https:\/\/canal7slp.tv\/2023\/wp-json\/wp\/v2\/media?parent=93532"}],"wp:term":[{"taxonomy":"category","embeddable":true,"href":"https:\/\/canal7slp.tv\/2023\/wp-json\/wp\/v2\/categories?post=93532"},{"taxonomy":"post_tag","embeddable":true,"href":"https:\/\/canal7slp.tv\/2023\/wp-json\/wp\/v2\/tags?post=93532"}],"curies":[{"name":"wp","href":"https:\/\/api.w.org\/{rel}","templated":true}]}}