{"id":93528,"date":"2023-04-23T19:33:26","date_gmt":"2023-04-24T01:33:26","guid":{"rendered":"https:\/\/canal7slp.tv\/2023\/?p=93528"},"modified":"2023-04-23T19:33:26","modified_gmt":"2023-04-24T01:33:26","slug":"conozca-cuando-y-donde-se-vera-el-eclipse-solar-este-2023-en-mexico","status":"publish","type":"post","link":"https:\/\/canal7slp.tv\/2023\/conozca-cuando-y-donde-se-vera-el-eclipse-solar-este-2023-en-mexico\/","title":{"rendered":"Conozca cu\u00e1ndo y d\u00f3nde se ver\u00e1 el eclipse solar este 2023\u00a0en\u00a0M\u00e9xico"},"content":{"rendered":"<p style=\"text-align: justify;\">M\u00e9xico.- No cabe duda que los Eclipses Solares son de gran inter\u00e9s para el p\u00fablico en general. Y pese a que estos tienen tanto su explicaci\u00f3n cient\u00edfica y cuentan con calendarios meticulosos para saber con a\u00f1os de antelaci\u00f3n cuando suceder\u00e1n, son eventos para muchos \u00fanicos.<br \/>\nDe acuerdo con expertos, el pr\u00f3ximo eclipse de Sol que se podr\u00e1 ver en territorio mexicano suceder\u00e1 la tarde del 14 de octubre de 2023.<br \/>\nAsimismo, hay un eclipse solar total que ser\u00e1 visible desde M\u00e9xico el 8 de abril de 2024.<br \/>\nLa NASA public\u00f3 un mapa en el que muestra los estados y ciudades en donde se podr\u00e1 ver el eclipse solar total el pr\u00f3ximo 8 de abril en M\u00e9xico, Estados Unidos y Canad\u00e1.<br \/>\nEl eclipse solar parcial cubrir\u00e1 los cielos de M\u00e9xico el s\u00e1bado 14 de octubre del 2023 alrededor de las 10:45 horas, pero su faceta de \u00abaro de fuego\u00bb s\u00f3lo podr\u00e1 verse en el sur del pa\u00eds, en concreto en Campeche, Yucat\u00e1n y Quintana Roo, siendo Campeche el estado id\u00f3neo para una vista completa del fen\u00f3meno.<br \/>\nEn el resto de M\u00e9xico, el eclipse podr\u00e1 ser atestiguado como una sombra breve que obscurecer\u00e1 el d\u00eda, pero sin el espect\u00e1culo de la luna cubriendo al astro rey.<\/p>\n","protected":false},"excerpt":{"rendered":"<p>M\u00e9xico.- No cabe duda que los Eclipses Solares son de gran inter\u00e9s para el p\u00fablico en general. Y pese a que estos tienen tanto su explicaci\u00f3n cient\u00edfica y cuentan con calendarios meticulosos para saber con a\u00f1os de antelaci\u00f3n cuando suceder\u00e1n, son eventos para muchos \u00fanicos. De acuerdo con expertos, el pr\u00f3ximo eclipse de Sol que se podr\u00e1 ver en territorio mexicano suceder\u00e1 la tarde del 14 de octubre de 2023. Asimismo, hay un eclipse solar total que ser\u00e1 visible desde M\u00e9xico el 8 de abril de 2024. La NASA public\u00f3 un mapa en el que muestra los estados y ciudades [&hellip;]<\/p>\n","protected":false},"author":2,"featured_media":93530,"comment_status":"closed","ping_status":"closed","sticky":false,"template":"","format":"standard","meta":{"footnotes":""},"categories":[46],"tags":[],"class_list":["post-93528","post","type-post","status-publish","format-standard","has-post-thumbnail","hentry","category-nacional","post--single"],"yoast_head":"<!-- This site is optimized with the Yoast SEO plugin v27.4 - https:\/\/yoast.com\/product\/yoast-seo-wordpress\/ -->\n<title>Conozca cu\u00e1ndo y d\u00f3nde se ver\u00e1 el eclipse solar este 2023\u00a0en\u00a0M\u00e9xico - Canal 7 SLP - 2023<\/title>\n<meta name=\"robots\" content=\"index, follow, max-snippet:-1, max-image-preview:large, max-video-preview:-1\" \/>\n<link rel=\"canonical\" href=\"https:\/\/canal7slp.tv\/2023\/conozca-cuando-y-donde-se-vera-el-eclipse-solar-este-2023-en-mexico\/\" \/>\n<meta property=\"og:locale\" content=\"es_ES\" \/>\n<meta property=\"og:type\" content=\"article\" \/>\n<meta property=\"og:title\" content=\"Conozca cu\u00e1ndo y d\u00f3nde se ver\u00e1 el eclipse solar este 2023\u00a0en\u00a0M\u00e9xico - Canal 7 SLP - 2023\" \/>\n<meta property=\"og:description\" content=\"M\u00e9xico.- No cabe duda que los Eclipses Solares son de gran inter\u00e9s para el p\u00fablico en general. Y pese a que estos tienen tanto su explicaci\u00f3n cient\u00edfica y cuentan con calendarios meticulosos para saber con a\u00f1os de antelaci\u00f3n cuando suceder\u00e1n, son eventos para muchos \u00fanicos. De acuerdo con expertos, el pr\u00f3ximo eclipse de Sol que se podr\u00e1 ver en territorio mexicano suceder\u00e1 la tarde del 14 de octubre de 2023. Asimismo, hay un eclipse solar total que ser\u00e1 visible desde M\u00e9xico el 8 de abril de 2024. La NASA public\u00f3 un mapa en el que muestra los estados y ciudades [&hellip;]\" \/>\n<meta property=\"og:url\" content=\"https:\/\/canal7slp.tv\/2023\/conozca-cuando-y-donde-se-vera-el-eclipse-solar-este-2023-en-mexico\/\" \/>\n<meta property=\"og:site_name\" content=\"Canal 7 SLP - 2023\" \/>\n<meta property=\"article:publisher\" content=\"https:\/\/www.facebook.com\/noticieroscanalsiete\" \/>\n<meta property=\"article:published_time\" content=\"2023-04-24T01:33:26+00:00\" \/>\n<meta property=\"og:image\" content=\"https:\/\/canal7slp.tv\/2023\/wp-content\/uploads\/2023\/04\/06-14.jpg\" \/>\n\t<meta property=\"og:image:width\" content=\"1024\" \/>\n\t<meta property=\"og:image:height\" content=\"767\" \/>\n\t<meta property=\"og:image:type\" content=\"image\/jpeg\" \/>\n<meta name=\"author\" content=\"Edici\u00f3n Web\" \/>\n<meta name=\"twitter:card\" content=\"summary_large_image\" \/>\n<meta name=\"twitter:creator\" content=\"@NOTICIEROS7\" \/>\n<meta name=\"twitter:site\" content=\"@NOTICIEROS7\" \/>\n<meta name=\"twitter:label1\" content=\"Escrito por\" \/>\n\t<meta name=\"twitter:data1\" content=\"Edici\u00f3n Web\" \/>\n\t<meta name=\"twitter:label2\" content=\"Tiempo de lectura\" \/>\n\t<meta name=\"twitter:data2\" content=\"1 minuto\" \/>\n<script type=\"application\/ld+json\" class=\"yoast-schema-graph\">{\"@context\":\"https:\\\/\\\/schema.org\",\"@graph\":[{\"@type\":\"Article\",\"@id\":\"https:\\\/\\\/canal7slp.tv\\\/2023\\\/conozca-cuando-y-donde-se-vera-el-eclipse-solar-este-2023-en-mexico\\\/#article\",\"isPartOf\":{\"@id\":\"https:\\\/\\\/canal7slp.tv\\\/2023\\\/conozca-cuando-y-donde-se-vera-el-eclipse-solar-este-2023-en-mexico\\\/\"},\"author\":{\"name\":\"Edici\u00f3n Web\",\"@id\":\"https:\\\/\\\/canal7slp.tv\\\/2023\\\/#\\\/schema\\\/person\\\/639c424e3584069003b11ae813915da6\"},\"headline\":\"Conozca cu\u00e1ndo y d\u00f3nde se ver\u00e1 el eclipse solar este 2023\u00a0en\u00a0M\u00e9xico\",\"datePublished\":\"2023-04-24T01:33:26+00:00\",\"mainEntityOfPage\":{\"@id\":\"https:\\\/\\\/canal7slp.tv\\\/2023\\\/conozca-cuando-y-donde-se-vera-el-eclipse-solar-este-2023-en-mexico\\\/\"},\"wordCount\":234,\"publisher\":{\"@id\":\"https:\\\/\\\/canal7slp.tv\\\/2023\\\/#organization\"},\"image\":{\"@id\":\"https:\\\/\\\/canal7slp.tv\\\/2023\\\/conozca-cuando-y-donde-se-vera-el-eclipse-solar-este-2023-en-mexico\\\/#primaryimage\"},\"thumbnailUrl\":\"https:\\\/\\\/canal7slp.tv\\\/2023\\\/wp-content\\\/uploads\\\/2023\\\/04\\\/06-14.jpg\",\"articleSection\":[\"NACIONALES\"],\"inLanguage\":\"es\"},{\"@type\":\"WebPage\",\"@id\":\"https:\\\/\\\/canal7slp.tv\\\/2023\\\/conozca-cuando-y-donde-se-vera-el-eclipse-solar-este-2023-en-mexico\\\/\",\"url\":\"https:\\\/\\\/canal7slp.tv\\\/2023\\\/conozca-cuando-y-donde-se-vera-el-eclipse-solar-este-2023-en-mexico\\\/\",\"name\":\"Conozca cu\u00e1ndo y d\u00f3nde se ver\u00e1 el eclipse solar este 2023\u00a0en\u00a0M\u00e9xico - Canal 7 SLP - 2023\",\"isPartOf\":{\"@id\":\"https:\\\/\\\/canal7slp.tv\\\/2023\\\/#website\"},\"primaryImageOfPage\":{\"@id\":\"https:\\\/\\\/canal7slp.tv\\\/2023\\\/conozca-cuando-y-donde-se-vera-el-eclipse-solar-este-2023-en-mexico\\\/#primaryimage\"},\"image\":{\"@id\":\"https:\\\/\\\/canal7slp.tv\\\/2023\\\/conozca-cuando-y-donde-se-vera-el-eclipse-solar-este-2023-en-mexico\\\/#primaryimage\"},\"thumbnailUrl\":\"https:\\\/\\\/canal7slp.tv\\\/2023\\\/wp-content\\\/uploads\\\/2023\\\/04\\\/06-14.jpg\",\"datePublished\":\"2023-04-24T01:33:26+00:00\",\"breadcrumb\":{\"@id\":\"https:\\\/\\\/canal7slp.tv\\\/2023\\\/conozca-cuando-y-donde-se-vera-el-eclipse-solar-este-2023-en-mexico\\\/#breadcrumb\"},\"inLanguage\":\"es\",\"potentialAction\":[{\"@type\":\"ReadAction\",\"target\":[\"https:\\\/\\\/canal7slp.tv\\\/2023\\\/conozca-cuando-y-donde-se-vera-el-eclipse-solar-este-2023-en-mexico\\\/\"]}]},{\"@type\":\"ImageObject\",\"inLanguage\":\"es\",\"@id\":\"https:\\\/\\\/canal7slp.tv\\\/2023\\\/conozca-cuando-y-donde-se-vera-el-eclipse-solar-este-2023-en-mexico\\\/#primaryimage\",\"url\":\"https:\\\/\\\/canal7slp.tv\\\/2023\\\/wp-content\\\/uploads\\\/2023\\\/04\\\/06-14.jpg\",\"contentUrl\":\"https:\\\/\\\/canal7slp.tv\\\/2023\\\/wp-content\\\/uploads\\\/2023\\\/04\\\/06-14.jpg\",\"width\":1024,\"height\":767},{\"@type\":\"BreadcrumbList\",\"@id\":\"https:\\\/\\\/canal7slp.tv\\\/2023\\\/conozca-cuando-y-donde-se-vera-el-eclipse-solar-este-2023-en-mexico\\\/#breadcrumb\",\"itemListElement\":[{\"@type\":\"ListItem\",\"position\":1,\"name\":\"Portada\",\"item\":\"https:\\\/\\\/canal7slp.tv\\\/2023\\\/\"},{\"@type\":\"ListItem\",\"position\":2,\"name\":\"Conozca cu\u00e1ndo y d\u00f3nde se ver\u00e1 el eclipse solar este 2023\u00a0en\u00a0M\u00e9xico\"}]},{\"@type\":\"WebSite\",\"@id\":\"https:\\\/\\\/canal7slp.tv\\\/2023\\\/#website\",\"url\":\"https:\\\/\\\/canal7slp.tv\\\/2023\\\/\",\"name\":\"N7 - Noticieros Canal 7\",\"description\":\"Somos Televisi\u00f3n\",\"publisher\":{\"@id\":\"https:\\\/\\\/canal7slp.tv\\\/2023\\\/#organization\"},\"potentialAction\":[{\"@type\":\"SearchAction\",\"target\":{\"@type\":\"EntryPoint\",\"urlTemplate\":\"https:\\\/\\\/canal7slp.tv\\\/2023\\\/?s={search_term_string}\"},\"query-input\":{\"@type\":\"PropertyValueSpecification\",\"valueRequired\":true,\"valueName\":\"search_term_string\"}}],\"inLanguage\":\"es\"},{\"@type\":\"Organization\",\"@id\":\"https:\\\/\\\/canal7slp.tv\\\/2023\\\/#organization\",\"name\":\"Noticieros Canal 7\",\"url\":\"https:\\\/\\\/canal7slp.tv\\\/2023\\\/\",\"logo\":{\"@type\":\"ImageObject\",\"inLanguage\":\"es\",\"@id\":\"https:\\\/\\\/canal7slp.tv\\\/2023\\\/#\\\/schema\\\/logo\\\/image\\\/\",\"url\":\"https:\\\/\\\/canal7slp.tv\\\/2023\\\/wp-content\\\/uploads\\\/2021\\\/01\\\/logo-noticieros@2x.png\",\"contentUrl\":\"https:\\\/\\\/canal7slp.tv\\\/2023\\\/wp-content\\\/uploads\\\/2021\\\/01\\\/logo-noticieros@2x.png\",\"width\":1017,\"height\":268,\"caption\":\"Noticieros Canal 7\"},\"image\":{\"@id\":\"https:\\\/\\\/canal7slp.tv\\\/2023\\\/#\\\/schema\\\/logo\\\/image\\\/\"},\"sameAs\":[\"https:\\\/\\\/www.facebook.com\\\/noticieroscanalsiete\",\"https:\\\/\\\/x.com\\\/NOTICIEROS7\",\"https:\\\/\\\/www.instagram.com\\\/canal7_slp\",\"https:\\\/\\\/www.youtube.com\\\/channel\\\/UCliiYs-gP3JfJeqdPrNdd5A\"]},{\"@type\":\"Person\",\"@id\":\"https:\\\/\\\/canal7slp.tv\\\/2023\\\/#\\\/schema\\\/person\\\/639c424e3584069003b11ae813915da6\",\"name\":\"Edici\u00f3n Web\",\"image\":{\"@type\":\"ImageObject\",\"inLanguage\":\"es\",\"@id\":\"https:\\\/\\\/secure.gravatar.com\\\/avatar\\\/eee448fc3f7164808013b816ba91ac7e43bbe82a70bebac296f8bc6f0addaa1a?s=96&d=mm&r=g\",\"url\":\"https:\\\/\\\/secure.gravatar.com\\\/avatar\\\/eee448fc3f7164808013b816ba91ac7e43bbe82a70bebac296f8bc6f0addaa1a?s=96&d=mm&r=g\",\"contentUrl\":\"https:\\\/\\\/secure.gravatar.com\\\/avatar\\\/eee448fc3f7164808013b816ba91ac7e43bbe82a70bebac296f8bc6f0addaa1a?s=96&d=mm&r=g\",\"caption\":\"Edici\u00f3n Web\"},\"url\":\"https:\\\/\\\/canal7slp.tv\\\/2023\\\/author\\\/edicionweb\\\/\"}]}<\/script>\n<!-- \/ Yoast SEO plugin. -->","yoast_head_json":{"title":"Conozca cu\u00e1ndo y d\u00f3nde se ver\u00e1 el eclipse solar este 2023\u00a0en\u00a0M\u00e9xico - Canal 7 SLP - 2023","robots":{"index":"index","follow":"follow","max-snippet":"max-snippet:-1","max-image-preview":"max-image-preview:large","max-video-preview":"max-video-preview:-1"},"canonical":"https:\/\/canal7slp.tv\/2023\/conozca-cuando-y-donde-se-vera-el-eclipse-solar-este-2023-en-mexico\/","og_locale":"es_ES","og_type":"article","og_title":"Conozca cu\u00e1ndo y d\u00f3nde se ver\u00e1 el eclipse solar este 2023\u00a0en\u00a0M\u00e9xico - Canal 7 SLP - 2023","og_description":"M\u00e9xico.- No cabe duda que los Eclipses Solares son de gran inter\u00e9s para el p\u00fablico en general. Y pese a que estos tienen tanto su explicaci\u00f3n cient\u00edfica y cuentan con calendarios meticulosos para saber con a\u00f1os de antelaci\u00f3n cuando suceder\u00e1n, son eventos para muchos \u00fanicos. De acuerdo con expertos, el pr\u00f3ximo eclipse de Sol que se podr\u00e1 ver en territorio mexicano suceder\u00e1 la tarde del 14 de octubre de 2023. Asimismo, hay un eclipse solar total que ser\u00e1 visible desde M\u00e9xico el 8 de abril de 2024. La NASA public\u00f3 un mapa en el que muestra los estados y ciudades [&hellip;]","og_url":"https:\/\/canal7slp.tv\/2023\/conozca-cuando-y-donde-se-vera-el-eclipse-solar-este-2023-en-mexico\/","og_site_name":"Canal 7 SLP - 2023","article_publisher":"https:\/\/www.facebook.com\/noticieroscanalsiete","article_published_time":"2023-04-24T01:33:26+00:00","og_image":[{"width":1024,"height":767,"url":"https:\/\/canal7slp.tv\/2023\/wp-content\/uploads\/2023\/04\/06-14.jpg","type":"image\/jpeg"}],"author":"Edici\u00f3n Web","twitter_card":"summary_large_image","twitter_creator":"@NOTICIEROS7","twitter_site":"@NOTICIEROS7","twitter_misc":{"Escrito por":"Edici\u00f3n Web","Tiempo de lectura":"1 minuto"},"schema":{"@context":"https:\/\/schema.org","@graph":[{"@type":"Article","@id":"https:\/\/canal7slp.tv\/2023\/conozca-cuando-y-donde-se-vera-el-eclipse-solar-este-2023-en-mexico\/#article","isPartOf":{"@id":"https:\/\/canal7slp.tv\/2023\/conozca-cuando-y-donde-se-vera-el-eclipse-solar-este-2023-en-mexico\/"},"author":{"name":"Edici\u00f3n Web","@id":"https:\/\/canal7slp.tv\/2023\/#\/schema\/person\/639c424e3584069003b11ae813915da6"},"headline":"Conozca cu\u00e1ndo y d\u00f3nde se ver\u00e1 el eclipse solar este 2023\u00a0en\u00a0M\u00e9xico","datePublished":"2023-04-24T01:33:26+00:00","mainEntityOfPage":{"@id":"https:\/\/canal7slp.tv\/2023\/conozca-cuando-y-donde-se-vera-el-eclipse-solar-este-2023-en-mexico\/"},"wordCount":234,"publisher":{"@id":"https:\/\/canal7slp.tv\/2023\/#organization"},"image":{"@id":"https:\/\/canal7slp.tv\/2023\/conozca-cuando-y-donde-se-vera-el-eclipse-solar-este-2023-en-mexico\/#primaryimage"},"thumbnailUrl":"https:\/\/canal7slp.tv\/2023\/wp-content\/uploads\/2023\/04\/06-14.jpg","articleSection":["NACIONALES"],"inLanguage":"es"},{"@type":"WebPage","@id":"https:\/\/canal7slp.tv\/2023\/conozca-cuando-y-donde-se-vera-el-eclipse-solar-este-2023-en-mexico\/","url":"https:\/\/canal7slp.tv\/2023\/conozca-cuando-y-donde-se-vera-el-eclipse-solar-este-2023-en-mexico\/","name":"Conozca cu\u00e1ndo y d\u00f3nde se ver\u00e1 el eclipse solar este 2023\u00a0en\u00a0M\u00e9xico - Canal 7 SLP - 2023","isPartOf":{"@id":"https:\/\/canal7slp.tv\/2023\/#website"},"primaryImageOfPage":{"@id":"https:\/\/canal7slp.tv\/2023\/conozca-cuando-y-donde-se-vera-el-eclipse-solar-este-2023-en-mexico\/#primaryimage"},"image":{"@id":"https:\/\/canal7slp.tv\/2023\/conozca-cuando-y-donde-se-vera-el-eclipse-solar-este-2023-en-mexico\/#primaryimage"},"thumbnailUrl":"https:\/\/canal7slp.tv\/2023\/wp-content\/uploads\/2023\/04\/06-14.jpg","datePublished":"2023-04-24T01:33:26+00:00","breadcrumb":{"@id":"https:\/\/canal7slp.tv\/2023\/conozca-cuando-y-donde-se-vera-el-eclipse-solar-este-2023-en-mexico\/#breadcrumb"},"inLanguage":"es","potentialAction":[{"@type":"ReadAction","target":["https:\/\/canal7slp.tv\/2023\/conozca-cuando-y-donde-se-vera-el-eclipse-solar-este-2023-en-mexico\/"]}]},{"@type":"ImageObject","inLanguage":"es","@id":"https:\/\/canal7slp.tv\/2023\/conozca-cuando-y-donde-se-vera-el-eclipse-solar-este-2023-en-mexico\/#primaryimage","url":"https:\/\/canal7slp.tv\/2023\/wp-content\/uploads\/2023\/04\/06-14.jpg","contentUrl":"https:\/\/canal7slp.tv\/2023\/wp-content\/uploads\/2023\/04\/06-14.jpg","width":1024,"height":767},{"@type":"BreadcrumbList","@id":"https:\/\/canal7slp.tv\/2023\/conozca-cuando-y-donde-se-vera-el-eclipse-solar-este-2023-en-mexico\/#breadcrumb","itemListElement":[{"@type":"ListItem","position":1,"name":"Portada","item":"https:\/\/canal7slp.tv\/2023\/"},{"@type":"ListItem","position":2,"name":"Conozca cu\u00e1ndo y d\u00f3nde se ver\u00e1 el eclipse solar este 2023\u00a0en\u00a0M\u00e9xico"}]},{"@type":"WebSite","@id":"https:\/\/canal7slp.tv\/2023\/#website","url":"https:\/\/canal7slp.tv\/2023\/","name":"N7 - Noticieros Canal 7","description":"Somos Televisi\u00f3n","publisher":{"@id":"https:\/\/canal7slp.tv\/2023\/#organization"},"potentialAction":[{"@type":"SearchAction","target":{"@type":"EntryPoint","urlTemplate":"https:\/\/canal7slp.tv\/2023\/?s={search_term_string}"},"query-input":{"@type":"PropertyValueSpecification","valueRequired":true,"valueName":"search_term_string"}}],"inLanguage":"es"},{"@type":"Organization","@id":"https:\/\/canal7slp.tv\/2023\/#organization","name":"Noticieros Canal 7","url":"https:\/\/canal7slp.tv\/2023\/","logo":{"@type":"ImageObject","inLanguage":"es","@id":"https:\/\/canal7slp.tv\/2023\/#\/schema\/logo\/image\/","url":"https:\/\/canal7slp.tv\/2023\/wp-content\/uploads\/2021\/01\/logo-noticieros@2x.png","contentUrl":"https:\/\/canal7slp.tv\/2023\/wp-content\/uploads\/2021\/01\/logo-noticieros@2x.png","width":1017,"height":268,"caption":"Noticieros Canal 7"},"image":{"@id":"https:\/\/canal7slp.tv\/2023\/#\/schema\/logo\/image\/"},"sameAs":["https:\/\/www.facebook.com\/noticieroscanalsiete","https:\/\/x.com\/NOTICIEROS7","https:\/\/www.instagram.com\/canal7_slp","https:\/\/www.youtube.com\/channel\/UCliiYs-gP3JfJeqdPrNdd5A"]},{"@type":"Person","@id":"https:\/\/canal7slp.tv\/2023\/#\/schema\/person\/639c424e3584069003b11ae813915da6","name":"Edici\u00f3n Web","image":{"@type":"ImageObject","inLanguage":"es","@id":"https:\/\/secure.gravatar.com\/avatar\/eee448fc3f7164808013b816ba91ac7e43bbe82a70bebac296f8bc6f0addaa1a?s=96&d=mm&r=g","url":"https:\/\/secure.gravatar.com\/avatar\/eee448fc3f7164808013b816ba91ac7e43bbe82a70bebac296f8bc6f0addaa1a?s=96&d=mm&r=g","contentUrl":"https:\/\/secure.gravatar.com\/avatar\/eee448fc3f7164808013b816ba91ac7e43bbe82a70bebac296f8bc6f0addaa1a?s=96&d=mm&r=g","caption":"Edici\u00f3n Web"},"url":"https:\/\/canal7slp.tv\/2023\/author\/edicionweb\/"}]}},"_links":{"self":[{"href":"https:\/\/canal7slp.tv\/2023\/wp-json\/wp\/v2\/posts\/93528","targetHints":{"allow":["GET"]}}],"collection":[{"href":"https:\/\/canal7slp.tv\/2023\/wp-json\/wp\/v2\/posts"}],"about":[{"href":"https:\/\/canal7slp.tv\/2023\/wp-json\/wp\/v2\/types\/post"}],"author":[{"embeddable":true,"href":"https:\/\/canal7slp.tv\/2023\/wp-json\/wp\/v2\/users\/2"}],"replies":[{"embeddable":true,"href":"https:\/\/canal7slp.tv\/2023\/wp-json\/wp\/v2\/comments?post=93528"}],"version-history":[{"count":2,"href":"https:\/\/canal7slp.tv\/2023\/wp-json\/wp\/v2\/posts\/93528\/revisions"}],"predecessor-version":[{"id":93531,"href":"https:\/\/canal7slp.tv\/2023\/wp-json\/wp\/v2\/posts\/93528\/revisions\/93531"}],"wp:featuredmedia":[{"embeddable":true,"href":"https:\/\/canal7slp.tv\/2023\/wp-json\/wp\/v2\/media\/93530"}],"wp:attachment":[{"href":"https:\/\/canal7slp.tv\/2023\/wp-json\/wp\/v2\/media?parent=93528"}],"wp:term":[{"taxonomy":"category","embeddable":true,"href":"https:\/\/canal7slp.tv\/2023\/wp-json\/wp\/v2\/categories?post=93528"},{"taxonomy":"post_tag","embeddable":true,"href":"https:\/\/canal7slp.tv\/2023\/wp-json\/wp\/v2\/tags?post=93528"}],"curies":[{"name":"wp","href":"https:\/\/api.w.org\/{rel}","templated":true}]}}