{"id":93518,"date":"2023-04-23T18:34:27","date_gmt":"2023-04-24T00:34:27","guid":{"rendered":"https:\/\/canal7slp.tv\/2023\/?p=93518"},"modified":"2023-04-23T18:35:09","modified_gmt":"2023-04-24T00:35:09","slug":"viral-es-suyo-familia-olvida-a-menor-en-tienda-de-conveniencia","status":"publish","type":"post","link":"https:\/\/canal7slp.tv\/2023\/viral-es-suyo-familia-olvida-a-menor-en-tienda-de-conveniencia\/","title":{"rendered":"#Viral \u00ab\u00bfEs suyo?\u00bb Familia olvida a menor en tienda de conveniencia"},"content":{"rendered":"<p style=\"text-align: justify;\">Chiapas.- Por medio de redes sociales, personal de la Polic\u00eda comparti\u00f3 un v\u00eddeo donde entrega a un menor de 8 a\u00f1os a sus familiares.<\/p>\n<div style=\"width: 720px;\" class=\"wp-video\"><video class=\"wp-video-shortcode\" id=\"video-93518-1\" width=\"720\" height=\"1280\" preload=\"metadata\" controls=\"controls\"><source type=\"video\/mp4\" src=\"https:\/\/canal7slp.tv\/2023\/wp-content\/uploads\/2023\/04\/03_video-1.mp4?_=1\" \/><a href=\"https:\/\/canal7slp.tv\/2023\/wp-content\/uploads\/2023\/04\/03_video-1.mp4\">https:\/\/canal7slp.tv\/2023\/wp-content\/uploads\/2023\/04\/03_video-1.mp4<\/a><\/video><\/div>\n<p style=\"text-align: justify;\">\nEsta historia podr\u00eda haber pasado desapercibida, de no ser por que el menor de edad hab\u00eda sido olvidado en una tienda.<br \/>\nEn el video, se puede apreciar como el infante esta preocupado por lo sucedido y pide que no rega\u00f1en a sus familiares.<br \/>\nAsimismo, se puede escuchar a confusi\u00f3n que ocasiono que el menor fuera abandonado por error.<\/p>\n","protected":false},"excerpt":{"rendered":"<p>Chiapas.- Por medio de redes sociales, personal de la Polic\u00eda comparti\u00f3 un v\u00eddeo donde entrega a un menor de 8 a\u00f1os a sus familiares. Esta historia podr\u00eda haber pasado desapercibida, de no ser por que el menor de edad hab\u00eda sido olvidado en una tienda. En el video, se puede apreciar como el infante esta preocupado por lo sucedido y pide que no rega\u00f1en a sus familiares. Asimismo, se puede escuchar a confusi\u00f3n que ocasiono que el menor fuera abandonado por error.<\/p>\n","protected":false},"author":2,"featured_media":93520,"comment_status":"closed","ping_status":"closed","sticky":false,"template":"","format":"standard","meta":{"footnotes":""},"categories":[46],"tags":[],"class_list":["post-93518","post","type-post","status-publish","format-standard","has-post-thumbnail","hentry","category-nacional","post--single"],"yoast_head":"<!-- This site is optimized with the Yoast SEO plugin v27.4 - https:\/\/yoast.com\/product\/yoast-seo-wordpress\/ -->\n<title>#Viral &quot;\u00bfEs suyo?&quot; Familia olvida a menor en tienda de conveniencia - Canal 7 SLP - 2023<\/title>\n<meta name=\"robots\" content=\"index, follow, max-snippet:-1, max-image-preview:large, max-video-preview:-1\" \/>\n<link rel=\"canonical\" href=\"https:\/\/canal7slp.tv\/2023\/viral-es-suyo-familia-olvida-a-menor-en-tienda-de-conveniencia\/\" \/>\n<meta property=\"og:locale\" content=\"es_ES\" \/>\n<meta property=\"og:type\" content=\"article\" \/>\n<meta property=\"og:title\" content=\"#Viral &quot;\u00bfEs suyo?&quot; Familia olvida a menor en tienda de conveniencia - Canal 7 SLP - 2023\" \/>\n<meta property=\"og:description\" content=\"Chiapas.- Por medio de redes sociales, personal de la Polic\u00eda comparti\u00f3 un v\u00eddeo donde entrega a un menor de 8 a\u00f1os a sus familiares. Esta historia podr\u00eda haber pasado desapercibida, de no ser por que el menor de edad hab\u00eda sido olvidado en una tienda. En el video, se puede apreciar como el infante esta preocupado por lo sucedido y pide que no rega\u00f1en a sus familiares. Asimismo, se puede escuchar a confusi\u00f3n que ocasiono que el menor fuera abandonado por error.\" \/>\n<meta property=\"og:url\" content=\"https:\/\/canal7slp.tv\/2023\/viral-es-suyo-familia-olvida-a-menor-en-tienda-de-conveniencia\/\" \/>\n<meta property=\"og:site_name\" content=\"Canal 7 SLP - 2023\" \/>\n<meta property=\"article:publisher\" content=\"https:\/\/www.facebook.com\/noticieroscanalsiete\" \/>\n<meta property=\"article:published_time\" content=\"2023-04-24T00:34:27+00:00\" \/>\n<meta property=\"article:modified_time\" content=\"2023-04-24T00:35:09+00:00\" \/>\n<meta property=\"og:image\" content=\"https:\/\/canal7slp.tv\/2023\/wp-content\/uploads\/2023\/04\/03-13.jpg\" \/>\n\t<meta property=\"og:image:width\" content=\"1000\" \/>\n\t<meta property=\"og:image:height\" content=\"650\" \/>\n\t<meta property=\"og:image:type\" content=\"image\/jpeg\" \/>\n<meta name=\"author\" content=\"Edici\u00f3n Web\" \/>\n<meta name=\"twitter:card\" content=\"summary_large_image\" \/>\n<meta name=\"twitter:creator\" content=\"@NOTICIEROS7\" \/>\n<meta name=\"twitter:site\" content=\"@NOTICIEROS7\" \/>\n<meta name=\"twitter:label1\" content=\"Escrito por\" \/>\n\t<meta name=\"twitter:data1\" content=\"Edici\u00f3n Web\" \/>\n\t<meta name=\"twitter:label2\" content=\"Tiempo de lectura\" \/>\n\t<meta name=\"twitter:data2\" content=\"1 minuto\" \/>\n<script type=\"application\/ld+json\" class=\"yoast-schema-graph\">{\"@context\":\"https:\\\/\\\/schema.org\",\"@graph\":[{\"@type\":\"Article\",\"@id\":\"https:\\\/\\\/canal7slp.tv\\\/2023\\\/viral-es-suyo-familia-olvida-a-menor-en-tienda-de-conveniencia\\\/#article\",\"isPartOf\":{\"@id\":\"https:\\\/\\\/canal7slp.tv\\\/2023\\\/viral-es-suyo-familia-olvida-a-menor-en-tienda-de-conveniencia\\\/\"},\"author\":{\"name\":\"Edici\u00f3n Web\",\"@id\":\"https:\\\/\\\/canal7slp.tv\\\/2023\\\/#\\\/schema\\\/person\\\/639c424e3584069003b11ae813915da6\"},\"headline\":\"#Viral \u00ab\u00bfEs suyo?\u00bb Familia olvida a menor en tienda de conveniencia\",\"datePublished\":\"2023-04-24T00:34:27+00:00\",\"dateModified\":\"2023-04-24T00:35:09+00:00\",\"mainEntityOfPage\":{\"@id\":\"https:\\\/\\\/canal7slp.tv\\\/2023\\\/viral-es-suyo-familia-olvida-a-menor-en-tienda-de-conveniencia\\\/\"},\"wordCount\":113,\"publisher\":{\"@id\":\"https:\\\/\\\/canal7slp.tv\\\/2023\\\/#organization\"},\"image\":{\"@id\":\"https:\\\/\\\/canal7slp.tv\\\/2023\\\/viral-es-suyo-familia-olvida-a-menor-en-tienda-de-conveniencia\\\/#primaryimage\"},\"thumbnailUrl\":\"https:\\\/\\\/canal7slp.tv\\\/2023\\\/wp-content\\\/uploads\\\/2023\\\/04\\\/03-13.jpg\",\"articleSection\":[\"NACIONALES\"],\"inLanguage\":\"es\"},{\"@type\":\"WebPage\",\"@id\":\"https:\\\/\\\/canal7slp.tv\\\/2023\\\/viral-es-suyo-familia-olvida-a-menor-en-tienda-de-conveniencia\\\/\",\"url\":\"https:\\\/\\\/canal7slp.tv\\\/2023\\\/viral-es-suyo-familia-olvida-a-menor-en-tienda-de-conveniencia\\\/\",\"name\":\"#Viral \\\"\u00bfEs suyo?\\\" Familia olvida a menor en tienda de conveniencia - Canal 7 SLP - 2023\",\"isPartOf\":{\"@id\":\"https:\\\/\\\/canal7slp.tv\\\/2023\\\/#website\"},\"primaryImageOfPage\":{\"@id\":\"https:\\\/\\\/canal7slp.tv\\\/2023\\\/viral-es-suyo-familia-olvida-a-menor-en-tienda-de-conveniencia\\\/#primaryimage\"},\"image\":{\"@id\":\"https:\\\/\\\/canal7slp.tv\\\/2023\\\/viral-es-suyo-familia-olvida-a-menor-en-tienda-de-conveniencia\\\/#primaryimage\"},\"thumbnailUrl\":\"https:\\\/\\\/canal7slp.tv\\\/2023\\\/wp-content\\\/uploads\\\/2023\\\/04\\\/03-13.jpg\",\"datePublished\":\"2023-04-24T00:34:27+00:00\",\"dateModified\":\"2023-04-24T00:35:09+00:00\",\"breadcrumb\":{\"@id\":\"https:\\\/\\\/canal7slp.tv\\\/2023\\\/viral-es-suyo-familia-olvida-a-menor-en-tienda-de-conveniencia\\\/#breadcrumb\"},\"inLanguage\":\"es\",\"potentialAction\":[{\"@type\":\"ReadAction\",\"target\":[\"https:\\\/\\\/canal7slp.tv\\\/2023\\\/viral-es-suyo-familia-olvida-a-menor-en-tienda-de-conveniencia\\\/\"]}]},{\"@type\":\"ImageObject\",\"inLanguage\":\"es\",\"@id\":\"https:\\\/\\\/canal7slp.tv\\\/2023\\\/viral-es-suyo-familia-olvida-a-menor-en-tienda-de-conveniencia\\\/#primaryimage\",\"url\":\"https:\\\/\\\/canal7slp.tv\\\/2023\\\/wp-content\\\/uploads\\\/2023\\\/04\\\/03-13.jpg\",\"contentUrl\":\"https:\\\/\\\/canal7slp.tv\\\/2023\\\/wp-content\\\/uploads\\\/2023\\\/04\\\/03-13.jpg\",\"width\":1000,\"height\":650},{\"@type\":\"BreadcrumbList\",\"@id\":\"https:\\\/\\\/canal7slp.tv\\\/2023\\\/viral-es-suyo-familia-olvida-a-menor-en-tienda-de-conveniencia\\\/#breadcrumb\",\"itemListElement\":[{\"@type\":\"ListItem\",\"position\":1,\"name\":\"Portada\",\"item\":\"https:\\\/\\\/canal7slp.tv\\\/2023\\\/\"},{\"@type\":\"ListItem\",\"position\":2,\"name\":\"#Viral &#8220;\u00bfEs suyo?&#8221; Familia olvida a menor en tienda de conveniencia\"}]},{\"@type\":\"WebSite\",\"@id\":\"https:\\\/\\\/canal7slp.tv\\\/2023\\\/#website\",\"url\":\"https:\\\/\\\/canal7slp.tv\\\/2023\\\/\",\"name\":\"N7 - Noticieros Canal 7\",\"description\":\"Somos Televisi\u00f3n\",\"publisher\":{\"@id\":\"https:\\\/\\\/canal7slp.tv\\\/2023\\\/#organization\"},\"potentialAction\":[{\"@type\":\"SearchAction\",\"target\":{\"@type\":\"EntryPoint\",\"urlTemplate\":\"https:\\\/\\\/canal7slp.tv\\\/2023\\\/?s={search_term_string}\"},\"query-input\":{\"@type\":\"PropertyValueSpecification\",\"valueRequired\":true,\"valueName\":\"search_term_string\"}}],\"inLanguage\":\"es\"},{\"@type\":\"Organization\",\"@id\":\"https:\\\/\\\/canal7slp.tv\\\/2023\\\/#organization\",\"name\":\"Noticieros Canal 7\",\"url\":\"https:\\\/\\\/canal7slp.tv\\\/2023\\\/\",\"logo\":{\"@type\":\"ImageObject\",\"inLanguage\":\"es\",\"@id\":\"https:\\\/\\\/canal7slp.tv\\\/2023\\\/#\\\/schema\\\/logo\\\/image\\\/\",\"url\":\"https:\\\/\\\/canal7slp.tv\\\/2023\\\/wp-content\\\/uploads\\\/2021\\\/01\\\/logo-noticieros@2x.png\",\"contentUrl\":\"https:\\\/\\\/canal7slp.tv\\\/2023\\\/wp-content\\\/uploads\\\/2021\\\/01\\\/logo-noticieros@2x.png\",\"width\":1017,\"height\":268,\"caption\":\"Noticieros Canal 7\"},\"image\":{\"@id\":\"https:\\\/\\\/canal7slp.tv\\\/2023\\\/#\\\/schema\\\/logo\\\/image\\\/\"},\"sameAs\":[\"https:\\\/\\\/www.facebook.com\\\/noticieroscanalsiete\",\"https:\\\/\\\/x.com\\\/NOTICIEROS7\",\"https:\\\/\\\/www.instagram.com\\\/canal7_slp\",\"https:\\\/\\\/www.youtube.com\\\/channel\\\/UCliiYs-gP3JfJeqdPrNdd5A\"]},{\"@type\":\"Person\",\"@id\":\"https:\\\/\\\/canal7slp.tv\\\/2023\\\/#\\\/schema\\\/person\\\/639c424e3584069003b11ae813915da6\",\"name\":\"Edici\u00f3n Web\",\"image\":{\"@type\":\"ImageObject\",\"inLanguage\":\"es\",\"@id\":\"https:\\\/\\\/secure.gravatar.com\\\/avatar\\\/eee448fc3f7164808013b816ba91ac7e43bbe82a70bebac296f8bc6f0addaa1a?s=96&d=mm&r=g\",\"url\":\"https:\\\/\\\/secure.gravatar.com\\\/avatar\\\/eee448fc3f7164808013b816ba91ac7e43bbe82a70bebac296f8bc6f0addaa1a?s=96&d=mm&r=g\",\"contentUrl\":\"https:\\\/\\\/secure.gravatar.com\\\/avatar\\\/eee448fc3f7164808013b816ba91ac7e43bbe82a70bebac296f8bc6f0addaa1a?s=96&d=mm&r=g\",\"caption\":\"Edici\u00f3n Web\"},\"url\":\"https:\\\/\\\/canal7slp.tv\\\/2023\\\/author\\\/edicionweb\\\/\"}]}<\/script>\n<!-- \/ Yoast SEO plugin. -->","yoast_head_json":{"title":"#Viral \"\u00bfEs suyo?\" Familia olvida a menor en tienda de conveniencia - Canal 7 SLP - 2023","robots":{"index":"index","follow":"follow","max-snippet":"max-snippet:-1","max-image-preview":"max-image-preview:large","max-video-preview":"max-video-preview:-1"},"canonical":"https:\/\/canal7slp.tv\/2023\/viral-es-suyo-familia-olvida-a-menor-en-tienda-de-conveniencia\/","og_locale":"es_ES","og_type":"article","og_title":"#Viral \"\u00bfEs suyo?\" Familia olvida a menor en tienda de conveniencia - Canal 7 SLP - 2023","og_description":"Chiapas.- Por medio de redes sociales, personal de la Polic\u00eda comparti\u00f3 un v\u00eddeo donde entrega a un menor de 8 a\u00f1os a sus familiares. Esta historia podr\u00eda haber pasado desapercibida, de no ser por que el menor de edad hab\u00eda sido olvidado en una tienda. En el video, se puede apreciar como el infante esta preocupado por lo sucedido y pide que no rega\u00f1en a sus familiares. Asimismo, se puede escuchar a confusi\u00f3n que ocasiono que el menor fuera abandonado por error.","og_url":"https:\/\/canal7slp.tv\/2023\/viral-es-suyo-familia-olvida-a-menor-en-tienda-de-conveniencia\/","og_site_name":"Canal 7 SLP - 2023","article_publisher":"https:\/\/www.facebook.com\/noticieroscanalsiete","article_published_time":"2023-04-24T00:34:27+00:00","article_modified_time":"2023-04-24T00:35:09+00:00","og_image":[{"width":1000,"height":650,"url":"https:\/\/canal7slp.tv\/2023\/wp-content\/uploads\/2023\/04\/03-13.jpg","type":"image\/jpeg"}],"author":"Edici\u00f3n Web","twitter_card":"summary_large_image","twitter_creator":"@NOTICIEROS7","twitter_site":"@NOTICIEROS7","twitter_misc":{"Escrito por":"Edici\u00f3n Web","Tiempo de lectura":"1 minuto"},"schema":{"@context":"https:\/\/schema.org","@graph":[{"@type":"Article","@id":"https:\/\/canal7slp.tv\/2023\/viral-es-suyo-familia-olvida-a-menor-en-tienda-de-conveniencia\/#article","isPartOf":{"@id":"https:\/\/canal7slp.tv\/2023\/viral-es-suyo-familia-olvida-a-menor-en-tienda-de-conveniencia\/"},"author":{"name":"Edici\u00f3n Web","@id":"https:\/\/canal7slp.tv\/2023\/#\/schema\/person\/639c424e3584069003b11ae813915da6"},"headline":"#Viral \u00ab\u00bfEs suyo?\u00bb Familia olvida a menor en tienda de conveniencia","datePublished":"2023-04-24T00:34:27+00:00","dateModified":"2023-04-24T00:35:09+00:00","mainEntityOfPage":{"@id":"https:\/\/canal7slp.tv\/2023\/viral-es-suyo-familia-olvida-a-menor-en-tienda-de-conveniencia\/"},"wordCount":113,"publisher":{"@id":"https:\/\/canal7slp.tv\/2023\/#organization"},"image":{"@id":"https:\/\/canal7slp.tv\/2023\/viral-es-suyo-familia-olvida-a-menor-en-tienda-de-conveniencia\/#primaryimage"},"thumbnailUrl":"https:\/\/canal7slp.tv\/2023\/wp-content\/uploads\/2023\/04\/03-13.jpg","articleSection":["NACIONALES"],"inLanguage":"es"},{"@type":"WebPage","@id":"https:\/\/canal7slp.tv\/2023\/viral-es-suyo-familia-olvida-a-menor-en-tienda-de-conveniencia\/","url":"https:\/\/canal7slp.tv\/2023\/viral-es-suyo-familia-olvida-a-menor-en-tienda-de-conveniencia\/","name":"#Viral \"\u00bfEs suyo?\" Familia olvida a menor en tienda de conveniencia - Canal 7 SLP - 2023","isPartOf":{"@id":"https:\/\/canal7slp.tv\/2023\/#website"},"primaryImageOfPage":{"@id":"https:\/\/canal7slp.tv\/2023\/viral-es-suyo-familia-olvida-a-menor-en-tienda-de-conveniencia\/#primaryimage"},"image":{"@id":"https:\/\/canal7slp.tv\/2023\/viral-es-suyo-familia-olvida-a-menor-en-tienda-de-conveniencia\/#primaryimage"},"thumbnailUrl":"https:\/\/canal7slp.tv\/2023\/wp-content\/uploads\/2023\/04\/03-13.jpg","datePublished":"2023-04-24T00:34:27+00:00","dateModified":"2023-04-24T00:35:09+00:00","breadcrumb":{"@id":"https:\/\/canal7slp.tv\/2023\/viral-es-suyo-familia-olvida-a-menor-en-tienda-de-conveniencia\/#breadcrumb"},"inLanguage":"es","potentialAction":[{"@type":"ReadAction","target":["https:\/\/canal7slp.tv\/2023\/viral-es-suyo-familia-olvida-a-menor-en-tienda-de-conveniencia\/"]}]},{"@type":"ImageObject","inLanguage":"es","@id":"https:\/\/canal7slp.tv\/2023\/viral-es-suyo-familia-olvida-a-menor-en-tienda-de-conveniencia\/#primaryimage","url":"https:\/\/canal7slp.tv\/2023\/wp-content\/uploads\/2023\/04\/03-13.jpg","contentUrl":"https:\/\/canal7slp.tv\/2023\/wp-content\/uploads\/2023\/04\/03-13.jpg","width":1000,"height":650},{"@type":"BreadcrumbList","@id":"https:\/\/canal7slp.tv\/2023\/viral-es-suyo-familia-olvida-a-menor-en-tienda-de-conveniencia\/#breadcrumb","itemListElement":[{"@type":"ListItem","position":1,"name":"Portada","item":"https:\/\/canal7slp.tv\/2023\/"},{"@type":"ListItem","position":2,"name":"#Viral &#8220;\u00bfEs suyo?&#8221; Familia olvida a menor en tienda de conveniencia"}]},{"@type":"WebSite","@id":"https:\/\/canal7slp.tv\/2023\/#website","url":"https:\/\/canal7slp.tv\/2023\/","name":"N7 - Noticieros Canal 7","description":"Somos Televisi\u00f3n","publisher":{"@id":"https:\/\/canal7slp.tv\/2023\/#organization"},"potentialAction":[{"@type":"SearchAction","target":{"@type":"EntryPoint","urlTemplate":"https:\/\/canal7slp.tv\/2023\/?s={search_term_string}"},"query-input":{"@type":"PropertyValueSpecification","valueRequired":true,"valueName":"search_term_string"}}],"inLanguage":"es"},{"@type":"Organization","@id":"https:\/\/canal7slp.tv\/2023\/#organization","name":"Noticieros Canal 7","url":"https:\/\/canal7slp.tv\/2023\/","logo":{"@type":"ImageObject","inLanguage":"es","@id":"https:\/\/canal7slp.tv\/2023\/#\/schema\/logo\/image\/","url":"https:\/\/canal7slp.tv\/2023\/wp-content\/uploads\/2021\/01\/logo-noticieros@2x.png","contentUrl":"https:\/\/canal7slp.tv\/2023\/wp-content\/uploads\/2021\/01\/logo-noticieros@2x.png","width":1017,"height":268,"caption":"Noticieros Canal 7"},"image":{"@id":"https:\/\/canal7slp.tv\/2023\/#\/schema\/logo\/image\/"},"sameAs":["https:\/\/www.facebook.com\/noticieroscanalsiete","https:\/\/x.com\/NOTICIEROS7","https:\/\/www.instagram.com\/canal7_slp","https:\/\/www.youtube.com\/channel\/UCliiYs-gP3JfJeqdPrNdd5A"]},{"@type":"Person","@id":"https:\/\/canal7slp.tv\/2023\/#\/schema\/person\/639c424e3584069003b11ae813915da6","name":"Edici\u00f3n Web","image":{"@type":"ImageObject","inLanguage":"es","@id":"https:\/\/secure.gravatar.com\/avatar\/eee448fc3f7164808013b816ba91ac7e43bbe82a70bebac296f8bc6f0addaa1a?s=96&d=mm&r=g","url":"https:\/\/secure.gravatar.com\/avatar\/eee448fc3f7164808013b816ba91ac7e43bbe82a70bebac296f8bc6f0addaa1a?s=96&d=mm&r=g","contentUrl":"https:\/\/secure.gravatar.com\/avatar\/eee448fc3f7164808013b816ba91ac7e43bbe82a70bebac296f8bc6f0addaa1a?s=96&d=mm&r=g","caption":"Edici\u00f3n Web"},"url":"https:\/\/canal7slp.tv\/2023\/author\/edicionweb\/"}]}},"_links":{"self":[{"href":"https:\/\/canal7slp.tv\/2023\/wp-json\/wp\/v2\/posts\/93518","targetHints":{"allow":["GET"]}}],"collection":[{"href":"https:\/\/canal7slp.tv\/2023\/wp-json\/wp\/v2\/posts"}],"about":[{"href":"https:\/\/canal7slp.tv\/2023\/wp-json\/wp\/v2\/types\/post"}],"author":[{"embeddable":true,"href":"https:\/\/canal7slp.tv\/2023\/wp-json\/wp\/v2\/users\/2"}],"replies":[{"embeddable":true,"href":"https:\/\/canal7slp.tv\/2023\/wp-json\/wp\/v2\/comments?post=93518"}],"version-history":[{"count":3,"href":"https:\/\/canal7slp.tv\/2023\/wp-json\/wp\/v2\/posts\/93518\/revisions"}],"predecessor-version":[{"id":93523,"href":"https:\/\/canal7slp.tv\/2023\/wp-json\/wp\/v2\/posts\/93518\/revisions\/93523"}],"wp:featuredmedia":[{"embeddable":true,"href":"https:\/\/canal7slp.tv\/2023\/wp-json\/wp\/v2\/media\/93520"}],"wp:attachment":[{"href":"https:\/\/canal7slp.tv\/2023\/wp-json\/wp\/v2\/media?parent=93518"}],"wp:term":[{"taxonomy":"category","embeddable":true,"href":"https:\/\/canal7slp.tv\/2023\/wp-json\/wp\/v2\/categories?post=93518"},{"taxonomy":"post_tag","embeddable":true,"href":"https:\/\/canal7slp.tv\/2023\/wp-json\/wp\/v2\/tags?post=93518"}],"curies":[{"name":"wp","href":"https:\/\/api.w.org\/{rel}","templated":true}]}}