{"id":93507,"date":"2023-04-23T17:25:24","date_gmt":"2023-04-23T23:25:24","guid":{"rendered":"https:\/\/canal7slp.tv\/2023\/?p=93507"},"modified":"2023-04-23T17:25:24","modified_gmt":"2023-04-23T23:25:24","slug":"mexico-no-esta-listo-para-afrontar-fenomenos-climaticos-como-el-nino-y-la-nina","status":"publish","type":"post","link":"https:\/\/canal7slp.tv\/2023\/mexico-no-esta-listo-para-afrontar-fenomenos-climaticos-como-el-nino-y-la-nina\/","title":{"rendered":"M\u00e9xico no est\u00e1 listo para afrontar fen\u00f3menos clim\u00e1ticos como El Ni\u00f1o y La Ni\u00f1a"},"content":{"rendered":"<ul>\n<li style=\"text-align: justify;\">Al t\u00e9rmino del verano de 2023 podr\u00edan azotar de forma extrema, mientras al noroeste del pa\u00eds se registran temperaturas que superan 40 grados.<\/li>\n<\/ul>\n<p style=\"text-align: justify;\">M\u00e9xico.- La Organizaci\u00f3n Meteorol\u00f3gica Mundial (OMM), emiti\u00f3 un informe sobre las altas temperaturas que predominaron en los \u00faltimos a\u00f1os en todo el mundo.<\/p>\n<p style=\"text-align: justify;\">En el mismo, se anticipa que viene m\u00e1s calor, sequia e inundaciones a finales del pr\u00f3ximo verano gracias al fen\u00f3meno de \u201cEl Ni\u00f1o\u201d \u201cextremo\u201d.<\/p>\n<p style=\"text-align: justify;\">Debido a esto, los especialistas advierten que M\u00e9xico podr\u00eda no estar preparado para fen\u00f3menos clim\u00e1ticos como \u00abLa Ni\u00f1a\u00bb y \u00abEl Ni\u00f1o\u00bb, ya que actualmente el noroeste del pa\u00eds ya afronta temperaturas superiores a los 40 grados.<\/p>\n<p style=\"text-align: justify;\">Cabe se\u00f1alar que \u00abEl Ni\u00f1o\u00bb u Oscilaci\u00f3n del Sur (ENOS) es un fen\u00f3meno natural caracterizado por la fluctuaci\u00f3n de las temperaturas del oc\u00e9ano en la parte central y oriental del Pac\u00edfico ecuatorial, asociada a cambios en la atm\u00f3sfera.<\/p>\n<p style=\"text-align: justify;\">Despu\u00e9s de tres a\u00f1os con \u00abLa Ni\u00f1a\u00bb, en esta primavera hay una fase neutra entre estos dos fen\u00f3menos en los que M\u00e9xico, al igual que otros pa\u00edses, deben prevenir.<\/p>\n<p style=\"text-align: justify;\">Por ello, especialistas lamentan que el M\u00e9xico no establezca las suficientes pol\u00edticas p\u00fablicas preventivas, sino que, generalmente reacciona ante las contingencias.<\/p>\n","protected":false},"excerpt":{"rendered":"<p>Al t\u00e9rmino del verano de 2023 podr\u00edan azotar de forma extrema, mientras al noroeste del pa\u00eds se registran temperaturas que superan 40 grados. M\u00e9xico.- La Organizaci\u00f3n Meteorol\u00f3gica Mundial (OMM), emiti\u00f3 un informe sobre las altas temperaturas que predominaron en los \u00faltimos a\u00f1os en todo el mundo. En el mismo, se anticipa que viene m\u00e1s calor, sequia e inundaciones a finales del pr\u00f3ximo verano gracias al fen\u00f3meno de \u201cEl Ni\u00f1o\u201d \u201cextremo\u201d. Debido a esto, los especialistas advierten que M\u00e9xico podr\u00eda no estar preparado para fen\u00f3menos clim\u00e1ticos como \u00abLa Ni\u00f1a\u00bb y \u00abEl Ni\u00f1o\u00bb, ya que actualmente el noroeste del pa\u00eds ya afronta [&hellip;]<\/p>\n","protected":false},"author":2,"featured_media":93508,"comment_status":"closed","ping_status":"closed","sticky":false,"template":"","format":"standard","meta":{"footnotes":""},"categories":[46],"tags":[],"class_list":["post-93507","post","type-post","status-publish","format-standard","has-post-thumbnail","hentry","category-nacional","post--single"],"yoast_head":"<!-- This site is optimized with the Yoast SEO plugin v27.4 - https:\/\/yoast.com\/product\/yoast-seo-wordpress\/ -->\n<title>M\u00e9xico no est\u00e1 listo para afrontar fen\u00f3menos clim\u00e1ticos como El Ni\u00f1o y La Ni\u00f1a - Canal 7 SLP - 2023<\/title>\n<meta name=\"robots\" content=\"index, follow, max-snippet:-1, max-image-preview:large, max-video-preview:-1\" \/>\n<link rel=\"canonical\" href=\"https:\/\/canal7slp.tv\/2023\/mexico-no-esta-listo-para-afrontar-fenomenos-climaticos-como-el-nino-y-la-nina\/\" \/>\n<meta property=\"og:locale\" content=\"es_ES\" \/>\n<meta property=\"og:type\" content=\"article\" \/>\n<meta property=\"og:title\" content=\"M\u00e9xico no est\u00e1 listo para afrontar fen\u00f3menos clim\u00e1ticos como El Ni\u00f1o y La Ni\u00f1a - Canal 7 SLP - 2023\" \/>\n<meta property=\"og:description\" content=\"Al t\u00e9rmino del verano de 2023 podr\u00edan azotar de forma extrema, mientras al noroeste del pa\u00eds se registran temperaturas que superan 40 grados. M\u00e9xico.- La Organizaci\u00f3n Meteorol\u00f3gica Mundial (OMM), emiti\u00f3 un informe sobre las altas temperaturas que predominaron en los \u00faltimos a\u00f1os en todo el mundo. En el mismo, se anticipa que viene m\u00e1s calor, sequia e inundaciones a finales del pr\u00f3ximo verano gracias al fen\u00f3meno de \u201cEl Ni\u00f1o\u201d \u201cextremo\u201d. Debido a esto, los especialistas advierten que M\u00e9xico podr\u00eda no estar preparado para fen\u00f3menos clim\u00e1ticos como \u00abLa Ni\u00f1a\u00bb y \u00abEl Ni\u00f1o\u00bb, ya que actualmente el noroeste del pa\u00eds ya afronta [&hellip;]\" \/>\n<meta property=\"og:url\" content=\"https:\/\/canal7slp.tv\/2023\/mexico-no-esta-listo-para-afrontar-fenomenos-climaticos-como-el-nino-y-la-nina\/\" \/>\n<meta property=\"og:site_name\" content=\"Canal 7 SLP - 2023\" \/>\n<meta property=\"article:publisher\" content=\"https:\/\/www.facebook.com\/noticieroscanalsiete\" \/>\n<meta property=\"article:published_time\" content=\"2023-04-23T23:25:24+00:00\" \/>\n<meta property=\"og:image\" content=\"https:\/\/canal7slp.tv\/2023\/wp-content\/uploads\/2023\/04\/01-12.jpg\" \/>\n\t<meta property=\"og:image:width\" content=\"958\" \/>\n\t<meta property=\"og:image:height\" content=\"596\" \/>\n\t<meta property=\"og:image:type\" content=\"image\/jpeg\" \/>\n<meta name=\"author\" content=\"Edici\u00f3n Web\" \/>\n<meta name=\"twitter:card\" content=\"summary_large_image\" \/>\n<meta name=\"twitter:creator\" content=\"@NOTICIEROS7\" \/>\n<meta name=\"twitter:site\" content=\"@NOTICIEROS7\" \/>\n<meta name=\"twitter:label1\" content=\"Escrito por\" \/>\n\t<meta name=\"twitter:data1\" content=\"Edici\u00f3n Web\" \/>\n\t<meta name=\"twitter:label2\" content=\"Tiempo de lectura\" \/>\n\t<meta name=\"twitter:data2\" content=\"1 minuto\" \/>\n<script type=\"application\/ld+json\" class=\"yoast-schema-graph\">{\"@context\":\"https:\\\/\\\/schema.org\",\"@graph\":[{\"@type\":\"Article\",\"@id\":\"https:\\\/\\\/canal7slp.tv\\\/2023\\\/mexico-no-esta-listo-para-afrontar-fenomenos-climaticos-como-el-nino-y-la-nina\\\/#article\",\"isPartOf\":{\"@id\":\"https:\\\/\\\/canal7slp.tv\\\/2023\\\/mexico-no-esta-listo-para-afrontar-fenomenos-climaticos-como-el-nino-y-la-nina\\\/\"},\"author\":{\"name\":\"Edici\u00f3n Web\",\"@id\":\"https:\\\/\\\/canal7slp.tv\\\/2023\\\/#\\\/schema\\\/person\\\/639c424e3584069003b11ae813915da6\"},\"headline\":\"M\u00e9xico no est\u00e1 listo para afrontar fen\u00f3menos clim\u00e1ticos como El Ni\u00f1o y La Ni\u00f1a\",\"datePublished\":\"2023-04-23T23:25:24+00:00\",\"mainEntityOfPage\":{\"@id\":\"https:\\\/\\\/canal7slp.tv\\\/2023\\\/mexico-no-esta-listo-para-afrontar-fenomenos-climaticos-como-el-nino-y-la-nina\\\/\"},\"wordCount\":246,\"publisher\":{\"@id\":\"https:\\\/\\\/canal7slp.tv\\\/2023\\\/#organization\"},\"image\":{\"@id\":\"https:\\\/\\\/canal7slp.tv\\\/2023\\\/mexico-no-esta-listo-para-afrontar-fenomenos-climaticos-como-el-nino-y-la-nina\\\/#primaryimage\"},\"thumbnailUrl\":\"https:\\\/\\\/canal7slp.tv\\\/2023\\\/wp-content\\\/uploads\\\/2023\\\/04\\\/01-12.jpg\",\"articleSection\":[\"NACIONALES\"],\"inLanguage\":\"es\"},{\"@type\":\"WebPage\",\"@id\":\"https:\\\/\\\/canal7slp.tv\\\/2023\\\/mexico-no-esta-listo-para-afrontar-fenomenos-climaticos-como-el-nino-y-la-nina\\\/\",\"url\":\"https:\\\/\\\/canal7slp.tv\\\/2023\\\/mexico-no-esta-listo-para-afrontar-fenomenos-climaticos-como-el-nino-y-la-nina\\\/\",\"name\":\"M\u00e9xico no est\u00e1 listo para afrontar fen\u00f3menos clim\u00e1ticos como El Ni\u00f1o y La Ni\u00f1a - Canal 7 SLP - 2023\",\"isPartOf\":{\"@id\":\"https:\\\/\\\/canal7slp.tv\\\/2023\\\/#website\"},\"primaryImageOfPage\":{\"@id\":\"https:\\\/\\\/canal7slp.tv\\\/2023\\\/mexico-no-esta-listo-para-afrontar-fenomenos-climaticos-como-el-nino-y-la-nina\\\/#primaryimage\"},\"image\":{\"@id\":\"https:\\\/\\\/canal7slp.tv\\\/2023\\\/mexico-no-esta-listo-para-afrontar-fenomenos-climaticos-como-el-nino-y-la-nina\\\/#primaryimage\"},\"thumbnailUrl\":\"https:\\\/\\\/canal7slp.tv\\\/2023\\\/wp-content\\\/uploads\\\/2023\\\/04\\\/01-12.jpg\",\"datePublished\":\"2023-04-23T23:25:24+00:00\",\"breadcrumb\":{\"@id\":\"https:\\\/\\\/canal7slp.tv\\\/2023\\\/mexico-no-esta-listo-para-afrontar-fenomenos-climaticos-como-el-nino-y-la-nina\\\/#breadcrumb\"},\"inLanguage\":\"es\",\"potentialAction\":[{\"@type\":\"ReadAction\",\"target\":[\"https:\\\/\\\/canal7slp.tv\\\/2023\\\/mexico-no-esta-listo-para-afrontar-fenomenos-climaticos-como-el-nino-y-la-nina\\\/\"]}]},{\"@type\":\"ImageObject\",\"inLanguage\":\"es\",\"@id\":\"https:\\\/\\\/canal7slp.tv\\\/2023\\\/mexico-no-esta-listo-para-afrontar-fenomenos-climaticos-como-el-nino-y-la-nina\\\/#primaryimage\",\"url\":\"https:\\\/\\\/canal7slp.tv\\\/2023\\\/wp-content\\\/uploads\\\/2023\\\/04\\\/01-12.jpg\",\"contentUrl\":\"https:\\\/\\\/canal7slp.tv\\\/2023\\\/wp-content\\\/uploads\\\/2023\\\/04\\\/01-12.jpg\",\"width\":958,\"height\":596},{\"@type\":\"BreadcrumbList\",\"@id\":\"https:\\\/\\\/canal7slp.tv\\\/2023\\\/mexico-no-esta-listo-para-afrontar-fenomenos-climaticos-como-el-nino-y-la-nina\\\/#breadcrumb\",\"itemListElement\":[{\"@type\":\"ListItem\",\"position\":1,\"name\":\"Portada\",\"item\":\"https:\\\/\\\/canal7slp.tv\\\/2023\\\/\"},{\"@type\":\"ListItem\",\"position\":2,\"name\":\"M\u00e9xico no est\u00e1 listo para afrontar fen\u00f3menos clim\u00e1ticos como El Ni\u00f1o y La Ni\u00f1a\"}]},{\"@type\":\"WebSite\",\"@id\":\"https:\\\/\\\/canal7slp.tv\\\/2023\\\/#website\",\"url\":\"https:\\\/\\\/canal7slp.tv\\\/2023\\\/\",\"name\":\"N7 - Noticieros Canal 7\",\"description\":\"Somos Televisi\u00f3n\",\"publisher\":{\"@id\":\"https:\\\/\\\/canal7slp.tv\\\/2023\\\/#organization\"},\"potentialAction\":[{\"@type\":\"SearchAction\",\"target\":{\"@type\":\"EntryPoint\",\"urlTemplate\":\"https:\\\/\\\/canal7slp.tv\\\/2023\\\/?s={search_term_string}\"},\"query-input\":{\"@type\":\"PropertyValueSpecification\",\"valueRequired\":true,\"valueName\":\"search_term_string\"}}],\"inLanguage\":\"es\"},{\"@type\":\"Organization\",\"@id\":\"https:\\\/\\\/canal7slp.tv\\\/2023\\\/#organization\",\"name\":\"Noticieros Canal 7\",\"url\":\"https:\\\/\\\/canal7slp.tv\\\/2023\\\/\",\"logo\":{\"@type\":\"ImageObject\",\"inLanguage\":\"es\",\"@id\":\"https:\\\/\\\/canal7slp.tv\\\/2023\\\/#\\\/schema\\\/logo\\\/image\\\/\",\"url\":\"https:\\\/\\\/canal7slp.tv\\\/2023\\\/wp-content\\\/uploads\\\/2021\\\/01\\\/logo-noticieros@2x.png\",\"contentUrl\":\"https:\\\/\\\/canal7slp.tv\\\/2023\\\/wp-content\\\/uploads\\\/2021\\\/01\\\/logo-noticieros@2x.png\",\"width\":1017,\"height\":268,\"caption\":\"Noticieros Canal 7\"},\"image\":{\"@id\":\"https:\\\/\\\/canal7slp.tv\\\/2023\\\/#\\\/schema\\\/logo\\\/image\\\/\"},\"sameAs\":[\"https:\\\/\\\/www.facebook.com\\\/noticieroscanalsiete\",\"https:\\\/\\\/x.com\\\/NOTICIEROS7\",\"https:\\\/\\\/www.instagram.com\\\/canal7_slp\",\"https:\\\/\\\/www.youtube.com\\\/channel\\\/UCliiYs-gP3JfJeqdPrNdd5A\"]},{\"@type\":\"Person\",\"@id\":\"https:\\\/\\\/canal7slp.tv\\\/2023\\\/#\\\/schema\\\/person\\\/639c424e3584069003b11ae813915da6\",\"name\":\"Edici\u00f3n Web\",\"image\":{\"@type\":\"ImageObject\",\"inLanguage\":\"es\",\"@id\":\"https:\\\/\\\/secure.gravatar.com\\\/avatar\\\/eee448fc3f7164808013b816ba91ac7e43bbe82a70bebac296f8bc6f0addaa1a?s=96&d=mm&r=g\",\"url\":\"https:\\\/\\\/secure.gravatar.com\\\/avatar\\\/eee448fc3f7164808013b816ba91ac7e43bbe82a70bebac296f8bc6f0addaa1a?s=96&d=mm&r=g\",\"contentUrl\":\"https:\\\/\\\/secure.gravatar.com\\\/avatar\\\/eee448fc3f7164808013b816ba91ac7e43bbe82a70bebac296f8bc6f0addaa1a?s=96&d=mm&r=g\",\"caption\":\"Edici\u00f3n Web\"},\"url\":\"https:\\\/\\\/canal7slp.tv\\\/2023\\\/author\\\/edicionweb\\\/\"}]}<\/script>\n<!-- \/ Yoast SEO plugin. -->","yoast_head_json":{"title":"M\u00e9xico no est\u00e1 listo para afrontar fen\u00f3menos clim\u00e1ticos como El Ni\u00f1o y La Ni\u00f1a - Canal 7 SLP - 2023","robots":{"index":"index","follow":"follow","max-snippet":"max-snippet:-1","max-image-preview":"max-image-preview:large","max-video-preview":"max-video-preview:-1"},"canonical":"https:\/\/canal7slp.tv\/2023\/mexico-no-esta-listo-para-afrontar-fenomenos-climaticos-como-el-nino-y-la-nina\/","og_locale":"es_ES","og_type":"article","og_title":"M\u00e9xico no est\u00e1 listo para afrontar fen\u00f3menos clim\u00e1ticos como El Ni\u00f1o y La Ni\u00f1a - Canal 7 SLP - 2023","og_description":"Al t\u00e9rmino del verano de 2023 podr\u00edan azotar de forma extrema, mientras al noroeste del pa\u00eds se registran temperaturas que superan 40 grados. M\u00e9xico.- La Organizaci\u00f3n Meteorol\u00f3gica Mundial (OMM), emiti\u00f3 un informe sobre las altas temperaturas que predominaron en los \u00faltimos a\u00f1os en todo el mundo. En el mismo, se anticipa que viene m\u00e1s calor, sequia e inundaciones a finales del pr\u00f3ximo verano gracias al fen\u00f3meno de \u201cEl Ni\u00f1o\u201d \u201cextremo\u201d. Debido a esto, los especialistas advierten que M\u00e9xico podr\u00eda no estar preparado para fen\u00f3menos clim\u00e1ticos como \u00abLa Ni\u00f1a\u00bb y \u00abEl Ni\u00f1o\u00bb, ya que actualmente el noroeste del pa\u00eds ya afronta [&hellip;]","og_url":"https:\/\/canal7slp.tv\/2023\/mexico-no-esta-listo-para-afrontar-fenomenos-climaticos-como-el-nino-y-la-nina\/","og_site_name":"Canal 7 SLP - 2023","article_publisher":"https:\/\/www.facebook.com\/noticieroscanalsiete","article_published_time":"2023-04-23T23:25:24+00:00","og_image":[{"width":958,"height":596,"url":"https:\/\/canal7slp.tv\/2023\/wp-content\/uploads\/2023\/04\/01-12.jpg","type":"image\/jpeg"}],"author":"Edici\u00f3n Web","twitter_card":"summary_large_image","twitter_creator":"@NOTICIEROS7","twitter_site":"@NOTICIEROS7","twitter_misc":{"Escrito por":"Edici\u00f3n Web","Tiempo de lectura":"1 minuto"},"schema":{"@context":"https:\/\/schema.org","@graph":[{"@type":"Article","@id":"https:\/\/canal7slp.tv\/2023\/mexico-no-esta-listo-para-afrontar-fenomenos-climaticos-como-el-nino-y-la-nina\/#article","isPartOf":{"@id":"https:\/\/canal7slp.tv\/2023\/mexico-no-esta-listo-para-afrontar-fenomenos-climaticos-como-el-nino-y-la-nina\/"},"author":{"name":"Edici\u00f3n Web","@id":"https:\/\/canal7slp.tv\/2023\/#\/schema\/person\/639c424e3584069003b11ae813915da6"},"headline":"M\u00e9xico no est\u00e1 listo para afrontar fen\u00f3menos clim\u00e1ticos como El Ni\u00f1o y La Ni\u00f1a","datePublished":"2023-04-23T23:25:24+00:00","mainEntityOfPage":{"@id":"https:\/\/canal7slp.tv\/2023\/mexico-no-esta-listo-para-afrontar-fenomenos-climaticos-como-el-nino-y-la-nina\/"},"wordCount":246,"publisher":{"@id":"https:\/\/canal7slp.tv\/2023\/#organization"},"image":{"@id":"https:\/\/canal7slp.tv\/2023\/mexico-no-esta-listo-para-afrontar-fenomenos-climaticos-como-el-nino-y-la-nina\/#primaryimage"},"thumbnailUrl":"https:\/\/canal7slp.tv\/2023\/wp-content\/uploads\/2023\/04\/01-12.jpg","articleSection":["NACIONALES"],"inLanguage":"es"},{"@type":"WebPage","@id":"https:\/\/canal7slp.tv\/2023\/mexico-no-esta-listo-para-afrontar-fenomenos-climaticos-como-el-nino-y-la-nina\/","url":"https:\/\/canal7slp.tv\/2023\/mexico-no-esta-listo-para-afrontar-fenomenos-climaticos-como-el-nino-y-la-nina\/","name":"M\u00e9xico no est\u00e1 listo para afrontar fen\u00f3menos clim\u00e1ticos como El Ni\u00f1o y La Ni\u00f1a - Canal 7 SLP - 2023","isPartOf":{"@id":"https:\/\/canal7slp.tv\/2023\/#website"},"primaryImageOfPage":{"@id":"https:\/\/canal7slp.tv\/2023\/mexico-no-esta-listo-para-afrontar-fenomenos-climaticos-como-el-nino-y-la-nina\/#primaryimage"},"image":{"@id":"https:\/\/canal7slp.tv\/2023\/mexico-no-esta-listo-para-afrontar-fenomenos-climaticos-como-el-nino-y-la-nina\/#primaryimage"},"thumbnailUrl":"https:\/\/canal7slp.tv\/2023\/wp-content\/uploads\/2023\/04\/01-12.jpg","datePublished":"2023-04-23T23:25:24+00:00","breadcrumb":{"@id":"https:\/\/canal7slp.tv\/2023\/mexico-no-esta-listo-para-afrontar-fenomenos-climaticos-como-el-nino-y-la-nina\/#breadcrumb"},"inLanguage":"es","potentialAction":[{"@type":"ReadAction","target":["https:\/\/canal7slp.tv\/2023\/mexico-no-esta-listo-para-afrontar-fenomenos-climaticos-como-el-nino-y-la-nina\/"]}]},{"@type":"ImageObject","inLanguage":"es","@id":"https:\/\/canal7slp.tv\/2023\/mexico-no-esta-listo-para-afrontar-fenomenos-climaticos-como-el-nino-y-la-nina\/#primaryimage","url":"https:\/\/canal7slp.tv\/2023\/wp-content\/uploads\/2023\/04\/01-12.jpg","contentUrl":"https:\/\/canal7slp.tv\/2023\/wp-content\/uploads\/2023\/04\/01-12.jpg","width":958,"height":596},{"@type":"BreadcrumbList","@id":"https:\/\/canal7slp.tv\/2023\/mexico-no-esta-listo-para-afrontar-fenomenos-climaticos-como-el-nino-y-la-nina\/#breadcrumb","itemListElement":[{"@type":"ListItem","position":1,"name":"Portada","item":"https:\/\/canal7slp.tv\/2023\/"},{"@type":"ListItem","position":2,"name":"M\u00e9xico no est\u00e1 listo para afrontar fen\u00f3menos clim\u00e1ticos como El Ni\u00f1o y La Ni\u00f1a"}]},{"@type":"WebSite","@id":"https:\/\/canal7slp.tv\/2023\/#website","url":"https:\/\/canal7slp.tv\/2023\/","name":"N7 - Noticieros Canal 7","description":"Somos Televisi\u00f3n","publisher":{"@id":"https:\/\/canal7slp.tv\/2023\/#organization"},"potentialAction":[{"@type":"SearchAction","target":{"@type":"EntryPoint","urlTemplate":"https:\/\/canal7slp.tv\/2023\/?s={search_term_string}"},"query-input":{"@type":"PropertyValueSpecification","valueRequired":true,"valueName":"search_term_string"}}],"inLanguage":"es"},{"@type":"Organization","@id":"https:\/\/canal7slp.tv\/2023\/#organization","name":"Noticieros Canal 7","url":"https:\/\/canal7slp.tv\/2023\/","logo":{"@type":"ImageObject","inLanguage":"es","@id":"https:\/\/canal7slp.tv\/2023\/#\/schema\/logo\/image\/","url":"https:\/\/canal7slp.tv\/2023\/wp-content\/uploads\/2021\/01\/logo-noticieros@2x.png","contentUrl":"https:\/\/canal7slp.tv\/2023\/wp-content\/uploads\/2021\/01\/logo-noticieros@2x.png","width":1017,"height":268,"caption":"Noticieros Canal 7"},"image":{"@id":"https:\/\/canal7slp.tv\/2023\/#\/schema\/logo\/image\/"},"sameAs":["https:\/\/www.facebook.com\/noticieroscanalsiete","https:\/\/x.com\/NOTICIEROS7","https:\/\/www.instagram.com\/canal7_slp","https:\/\/www.youtube.com\/channel\/UCliiYs-gP3JfJeqdPrNdd5A"]},{"@type":"Person","@id":"https:\/\/canal7slp.tv\/2023\/#\/schema\/person\/639c424e3584069003b11ae813915da6","name":"Edici\u00f3n Web","image":{"@type":"ImageObject","inLanguage":"es","@id":"https:\/\/secure.gravatar.com\/avatar\/eee448fc3f7164808013b816ba91ac7e43bbe82a70bebac296f8bc6f0addaa1a?s=96&d=mm&r=g","url":"https:\/\/secure.gravatar.com\/avatar\/eee448fc3f7164808013b816ba91ac7e43bbe82a70bebac296f8bc6f0addaa1a?s=96&d=mm&r=g","contentUrl":"https:\/\/secure.gravatar.com\/avatar\/eee448fc3f7164808013b816ba91ac7e43bbe82a70bebac296f8bc6f0addaa1a?s=96&d=mm&r=g","caption":"Edici\u00f3n Web"},"url":"https:\/\/canal7slp.tv\/2023\/author\/edicionweb\/"}]}},"_links":{"self":[{"href":"https:\/\/canal7slp.tv\/2023\/wp-json\/wp\/v2\/posts\/93507","targetHints":{"allow":["GET"]}}],"collection":[{"href":"https:\/\/canal7slp.tv\/2023\/wp-json\/wp\/v2\/posts"}],"about":[{"href":"https:\/\/canal7slp.tv\/2023\/wp-json\/wp\/v2\/types\/post"}],"author":[{"embeddable":true,"href":"https:\/\/canal7slp.tv\/2023\/wp-json\/wp\/v2\/users\/2"}],"replies":[{"embeddable":true,"href":"https:\/\/canal7slp.tv\/2023\/wp-json\/wp\/v2\/comments?post=93507"}],"version-history":[{"count":1,"href":"https:\/\/canal7slp.tv\/2023\/wp-json\/wp\/v2\/posts\/93507\/revisions"}],"predecessor-version":[{"id":93509,"href":"https:\/\/canal7slp.tv\/2023\/wp-json\/wp\/v2\/posts\/93507\/revisions\/93509"}],"wp:featuredmedia":[{"embeddable":true,"href":"https:\/\/canal7slp.tv\/2023\/wp-json\/wp\/v2\/media\/93508"}],"wp:attachment":[{"href":"https:\/\/canal7slp.tv\/2023\/wp-json\/wp\/v2\/media?parent=93507"}],"wp:term":[{"taxonomy":"category","embeddable":true,"href":"https:\/\/canal7slp.tv\/2023\/wp-json\/wp\/v2\/categories?post=93507"},{"taxonomy":"post_tag","embeddable":true,"href":"https:\/\/canal7slp.tv\/2023\/wp-json\/wp\/v2\/tags?post=93507"}],"curies":[{"name":"wp","href":"https:\/\/api.w.org\/{rel}","templated":true}]}}