{"id":93409,"date":"2023-04-23T16:13:52","date_gmt":"2023-04-23T22:13:52","guid":{"rendered":"https:\/\/canal7slp.tv\/2023\/?p=93409"},"modified":"2023-04-23T16:13:52","modified_gmt":"2023-04-23T22:13:52","slug":"pizza-flameada-arraso-con-restaurante-en-madrid","status":"publish","type":"post","link":"https:\/\/canal7slp.tv\/2023\/pizza-flameada-arraso-con-restaurante-en-madrid\/","title":{"rendered":"Pizza flameada arras\u00f3 con restaurante en Madrid"},"content":{"rendered":"<ul>\n<li style=\"text-align: justify;\">Dos personas murieron y una docena resultaron heridas tras quedar atrapadas cuando el fuego se propag\u00f3 r\u00e1pidamente por decoraci\u00f3n altamente inflamable.<\/li>\n<\/ul>\n<p style=\"text-align: justify;\">Madrid.- Un incendio en un restaurante italiano en Madrid, el cual se presume fue iniciado por una pizza flameada, provoc\u00f3 la muerte de dos personas y dej\u00f3 heridas a otras 12.<\/p>\n<p style=\"text-align: justify;\">Seg\u00fan el reporte policial, 12 personas resultaron heridas por las llamas y la gran cantidad de humo que provoc\u00f3 el incendio que se propag\u00f3 r\u00e1pido por el restaurante en la capital espa\u00f1ola.<\/p>\n<p style=\"text-align: justify;\">Los dos fallecidos en el incendio en el restaurante son un trabajador del local y una clienta.<\/p>\n<p style=\"text-align: justify;\">La Polic\u00eda Nacional abri\u00f3 una investigaci\u00f3n sobre los hechos.<\/p>\n","protected":false},"excerpt":{"rendered":"<p>Dos personas murieron y una docena resultaron heridas tras quedar atrapadas cuando el fuego se propag\u00f3 r\u00e1pidamente por decoraci\u00f3n altamente inflamable. Madrid.- Un incendio en un restaurante italiano en Madrid, el cual se presume fue iniciado por una pizza flameada, provoc\u00f3 la muerte de dos personas y dej\u00f3 heridas a otras 12. Seg\u00fan el reporte policial, 12 personas resultaron heridas por las llamas y la gran cantidad de humo que provoc\u00f3 el incendio que se propag\u00f3 r\u00e1pido por el restaurante en la capital espa\u00f1ola. Los dos fallecidos en el incendio en el restaurante son un trabajador del local y una [&hellip;]<\/p>\n","protected":false},"author":2,"featured_media":93423,"comment_status":"closed","ping_status":"closed","sticky":false,"template":"","format":"standard","meta":{"footnotes":""},"categories":[44],"tags":[],"class_list":["post-93409","post","type-post","status-publish","format-standard","has-post-thumbnail","hentry","category-internacional","post--single"],"yoast_head":"<!-- This site is optimized with the Yoast SEO plugin v27.4 - https:\/\/yoast.com\/product\/yoast-seo-wordpress\/ -->\n<title>Pizza flameada arras\u00f3 con restaurante en Madrid - Canal 7 SLP - 2023<\/title>\n<meta name=\"robots\" content=\"index, follow, max-snippet:-1, max-image-preview:large, max-video-preview:-1\" \/>\n<link rel=\"canonical\" href=\"https:\/\/canal7slp.tv\/2023\/pizza-flameada-arraso-con-restaurante-en-madrid\/\" \/>\n<meta property=\"og:locale\" content=\"es_ES\" \/>\n<meta property=\"og:type\" content=\"article\" \/>\n<meta property=\"og:title\" content=\"Pizza flameada arras\u00f3 con restaurante en Madrid - Canal 7 SLP - 2023\" \/>\n<meta property=\"og:description\" content=\"Dos personas murieron y una docena resultaron heridas tras quedar atrapadas cuando el fuego se propag\u00f3 r\u00e1pidamente por decoraci\u00f3n altamente inflamable. Madrid.- Un incendio en un restaurante italiano en Madrid, el cual se presume fue iniciado por una pizza flameada, provoc\u00f3 la muerte de dos personas y dej\u00f3 heridas a otras 12. Seg\u00fan el reporte policial, 12 personas resultaron heridas por las llamas y la gran cantidad de humo que provoc\u00f3 el incendio que se propag\u00f3 r\u00e1pido por el restaurante en la capital espa\u00f1ola. Los dos fallecidos en el incendio en el restaurante son un trabajador del local y una [&hellip;]\" \/>\n<meta property=\"og:url\" content=\"https:\/\/canal7slp.tv\/2023\/pizza-flameada-arraso-con-restaurante-en-madrid\/\" \/>\n<meta property=\"og:site_name\" content=\"Canal 7 SLP - 2023\" \/>\n<meta property=\"article:publisher\" content=\"https:\/\/www.facebook.com\/noticieroscanalsiete\" \/>\n<meta property=\"article:published_time\" content=\"2023-04-23T22:13:52+00:00\" \/>\n<meta property=\"og:image\" content=\"https:\/\/canal7slp.tv\/2023\/wp-content\/uploads\/2023\/04\/06.jpeg\" \/>\n\t<meta property=\"og:image:width\" content=\"449\" \/>\n\t<meta property=\"og:image:height\" content=\"330\" \/>\n\t<meta property=\"og:image:type\" content=\"image\/jpeg\" \/>\n<meta name=\"author\" content=\"Edici\u00f3n Web\" \/>\n<meta name=\"twitter:card\" content=\"summary_large_image\" \/>\n<meta name=\"twitter:creator\" content=\"@NOTICIEROS7\" \/>\n<meta name=\"twitter:site\" content=\"@NOTICIEROS7\" \/>\n<meta name=\"twitter:label1\" content=\"Escrito por\" \/>\n\t<meta name=\"twitter:data1\" content=\"Edici\u00f3n Web\" \/>\n\t<meta name=\"twitter:label2\" content=\"Tiempo de lectura\" \/>\n\t<meta name=\"twitter:data2\" content=\"1 minuto\" \/>\n<script type=\"application\/ld+json\" class=\"yoast-schema-graph\">{\"@context\":\"https:\\\/\\\/schema.org\",\"@graph\":[{\"@type\":\"Article\",\"@id\":\"https:\\\/\\\/canal7slp.tv\\\/2023\\\/pizza-flameada-arraso-con-restaurante-en-madrid\\\/#article\",\"isPartOf\":{\"@id\":\"https:\\\/\\\/canal7slp.tv\\\/2023\\\/pizza-flameada-arraso-con-restaurante-en-madrid\\\/\"},\"author\":{\"name\":\"Edici\u00f3n Web\",\"@id\":\"https:\\\/\\\/canal7slp.tv\\\/2023\\\/#\\\/schema\\\/person\\\/639c424e3584069003b11ae813915da6\"},\"headline\":\"Pizza flameada arras\u00f3 con restaurante en Madrid\",\"datePublished\":\"2023-04-23T22:13:52+00:00\",\"mainEntityOfPage\":{\"@id\":\"https:\\\/\\\/canal7slp.tv\\\/2023\\\/pizza-flameada-arraso-con-restaurante-en-madrid\\\/\"},\"wordCount\":123,\"publisher\":{\"@id\":\"https:\\\/\\\/canal7slp.tv\\\/2023\\\/#organization\"},\"image\":{\"@id\":\"https:\\\/\\\/canal7slp.tv\\\/2023\\\/pizza-flameada-arraso-con-restaurante-en-madrid\\\/#primaryimage\"},\"thumbnailUrl\":\"https:\\\/\\\/canal7slp.tv\\\/2023\\\/wp-content\\\/uploads\\\/2023\\\/04\\\/06.jpeg\",\"articleSection\":[\"INTERNACIONALES\"],\"inLanguage\":\"es\"},{\"@type\":\"WebPage\",\"@id\":\"https:\\\/\\\/canal7slp.tv\\\/2023\\\/pizza-flameada-arraso-con-restaurante-en-madrid\\\/\",\"url\":\"https:\\\/\\\/canal7slp.tv\\\/2023\\\/pizza-flameada-arraso-con-restaurante-en-madrid\\\/\",\"name\":\"Pizza flameada arras\u00f3 con restaurante en Madrid - Canal 7 SLP - 2023\",\"isPartOf\":{\"@id\":\"https:\\\/\\\/canal7slp.tv\\\/2023\\\/#website\"},\"primaryImageOfPage\":{\"@id\":\"https:\\\/\\\/canal7slp.tv\\\/2023\\\/pizza-flameada-arraso-con-restaurante-en-madrid\\\/#primaryimage\"},\"image\":{\"@id\":\"https:\\\/\\\/canal7slp.tv\\\/2023\\\/pizza-flameada-arraso-con-restaurante-en-madrid\\\/#primaryimage\"},\"thumbnailUrl\":\"https:\\\/\\\/canal7slp.tv\\\/2023\\\/wp-content\\\/uploads\\\/2023\\\/04\\\/06.jpeg\",\"datePublished\":\"2023-04-23T22:13:52+00:00\",\"breadcrumb\":{\"@id\":\"https:\\\/\\\/canal7slp.tv\\\/2023\\\/pizza-flameada-arraso-con-restaurante-en-madrid\\\/#breadcrumb\"},\"inLanguage\":\"es\",\"potentialAction\":[{\"@type\":\"ReadAction\",\"target\":[\"https:\\\/\\\/canal7slp.tv\\\/2023\\\/pizza-flameada-arraso-con-restaurante-en-madrid\\\/\"]}]},{\"@type\":\"ImageObject\",\"inLanguage\":\"es\",\"@id\":\"https:\\\/\\\/canal7slp.tv\\\/2023\\\/pizza-flameada-arraso-con-restaurante-en-madrid\\\/#primaryimage\",\"url\":\"https:\\\/\\\/canal7slp.tv\\\/2023\\\/wp-content\\\/uploads\\\/2023\\\/04\\\/06.jpeg\",\"contentUrl\":\"https:\\\/\\\/canal7slp.tv\\\/2023\\\/wp-content\\\/uploads\\\/2023\\\/04\\\/06.jpeg\",\"width\":449,\"height\":330},{\"@type\":\"BreadcrumbList\",\"@id\":\"https:\\\/\\\/canal7slp.tv\\\/2023\\\/pizza-flameada-arraso-con-restaurante-en-madrid\\\/#breadcrumb\",\"itemListElement\":[{\"@type\":\"ListItem\",\"position\":1,\"name\":\"Portada\",\"item\":\"https:\\\/\\\/canal7slp.tv\\\/2023\\\/\"},{\"@type\":\"ListItem\",\"position\":2,\"name\":\"Pizza flameada arras\u00f3 con restaurante en Madrid\"}]},{\"@type\":\"WebSite\",\"@id\":\"https:\\\/\\\/canal7slp.tv\\\/2023\\\/#website\",\"url\":\"https:\\\/\\\/canal7slp.tv\\\/2023\\\/\",\"name\":\"N7 - Noticieros Canal 7\",\"description\":\"Somos Televisi\u00f3n\",\"publisher\":{\"@id\":\"https:\\\/\\\/canal7slp.tv\\\/2023\\\/#organization\"},\"potentialAction\":[{\"@type\":\"SearchAction\",\"target\":{\"@type\":\"EntryPoint\",\"urlTemplate\":\"https:\\\/\\\/canal7slp.tv\\\/2023\\\/?s={search_term_string}\"},\"query-input\":{\"@type\":\"PropertyValueSpecification\",\"valueRequired\":true,\"valueName\":\"search_term_string\"}}],\"inLanguage\":\"es\"},{\"@type\":\"Organization\",\"@id\":\"https:\\\/\\\/canal7slp.tv\\\/2023\\\/#organization\",\"name\":\"Noticieros Canal 7\",\"url\":\"https:\\\/\\\/canal7slp.tv\\\/2023\\\/\",\"logo\":{\"@type\":\"ImageObject\",\"inLanguage\":\"es\",\"@id\":\"https:\\\/\\\/canal7slp.tv\\\/2023\\\/#\\\/schema\\\/logo\\\/image\\\/\",\"url\":\"https:\\\/\\\/canal7slp.tv\\\/2023\\\/wp-content\\\/uploads\\\/2021\\\/01\\\/logo-noticieros@2x.png\",\"contentUrl\":\"https:\\\/\\\/canal7slp.tv\\\/2023\\\/wp-content\\\/uploads\\\/2021\\\/01\\\/logo-noticieros@2x.png\",\"width\":1017,\"height\":268,\"caption\":\"Noticieros Canal 7\"},\"image\":{\"@id\":\"https:\\\/\\\/canal7slp.tv\\\/2023\\\/#\\\/schema\\\/logo\\\/image\\\/\"},\"sameAs\":[\"https:\\\/\\\/www.facebook.com\\\/noticieroscanalsiete\",\"https:\\\/\\\/x.com\\\/NOTICIEROS7\",\"https:\\\/\\\/www.instagram.com\\\/canal7_slp\",\"https:\\\/\\\/www.youtube.com\\\/channel\\\/UCliiYs-gP3JfJeqdPrNdd5A\"]},{\"@type\":\"Person\",\"@id\":\"https:\\\/\\\/canal7slp.tv\\\/2023\\\/#\\\/schema\\\/person\\\/639c424e3584069003b11ae813915da6\",\"name\":\"Edici\u00f3n Web\",\"image\":{\"@type\":\"ImageObject\",\"inLanguage\":\"es\",\"@id\":\"https:\\\/\\\/secure.gravatar.com\\\/avatar\\\/eee448fc3f7164808013b816ba91ac7e43bbe82a70bebac296f8bc6f0addaa1a?s=96&d=mm&r=g\",\"url\":\"https:\\\/\\\/secure.gravatar.com\\\/avatar\\\/eee448fc3f7164808013b816ba91ac7e43bbe82a70bebac296f8bc6f0addaa1a?s=96&d=mm&r=g\",\"contentUrl\":\"https:\\\/\\\/secure.gravatar.com\\\/avatar\\\/eee448fc3f7164808013b816ba91ac7e43bbe82a70bebac296f8bc6f0addaa1a?s=96&d=mm&r=g\",\"caption\":\"Edici\u00f3n Web\"},\"url\":\"https:\\\/\\\/canal7slp.tv\\\/2023\\\/author\\\/edicionweb\\\/\"}]}<\/script>\n<!-- \/ Yoast SEO plugin. -->","yoast_head_json":{"title":"Pizza flameada arras\u00f3 con restaurante en Madrid - Canal 7 SLP - 2023","robots":{"index":"index","follow":"follow","max-snippet":"max-snippet:-1","max-image-preview":"max-image-preview:large","max-video-preview":"max-video-preview:-1"},"canonical":"https:\/\/canal7slp.tv\/2023\/pizza-flameada-arraso-con-restaurante-en-madrid\/","og_locale":"es_ES","og_type":"article","og_title":"Pizza flameada arras\u00f3 con restaurante en Madrid - Canal 7 SLP - 2023","og_description":"Dos personas murieron y una docena resultaron heridas tras quedar atrapadas cuando el fuego se propag\u00f3 r\u00e1pidamente por decoraci\u00f3n altamente inflamable. Madrid.- Un incendio en un restaurante italiano en Madrid, el cual se presume fue iniciado por una pizza flameada, provoc\u00f3 la muerte de dos personas y dej\u00f3 heridas a otras 12. Seg\u00fan el reporte policial, 12 personas resultaron heridas por las llamas y la gran cantidad de humo que provoc\u00f3 el incendio que se propag\u00f3 r\u00e1pido por el restaurante en la capital espa\u00f1ola. Los dos fallecidos en el incendio en el restaurante son un trabajador del local y una [&hellip;]","og_url":"https:\/\/canal7slp.tv\/2023\/pizza-flameada-arraso-con-restaurante-en-madrid\/","og_site_name":"Canal 7 SLP - 2023","article_publisher":"https:\/\/www.facebook.com\/noticieroscanalsiete","article_published_time":"2023-04-23T22:13:52+00:00","og_image":[{"width":449,"height":330,"url":"https:\/\/canal7slp.tv\/2023\/wp-content\/uploads\/2023\/04\/06.jpeg","type":"image\/jpeg"}],"author":"Edici\u00f3n Web","twitter_card":"summary_large_image","twitter_creator":"@NOTICIEROS7","twitter_site":"@NOTICIEROS7","twitter_misc":{"Escrito por":"Edici\u00f3n Web","Tiempo de lectura":"1 minuto"},"schema":{"@context":"https:\/\/schema.org","@graph":[{"@type":"Article","@id":"https:\/\/canal7slp.tv\/2023\/pizza-flameada-arraso-con-restaurante-en-madrid\/#article","isPartOf":{"@id":"https:\/\/canal7slp.tv\/2023\/pizza-flameada-arraso-con-restaurante-en-madrid\/"},"author":{"name":"Edici\u00f3n Web","@id":"https:\/\/canal7slp.tv\/2023\/#\/schema\/person\/639c424e3584069003b11ae813915da6"},"headline":"Pizza flameada arras\u00f3 con restaurante en Madrid","datePublished":"2023-04-23T22:13:52+00:00","mainEntityOfPage":{"@id":"https:\/\/canal7slp.tv\/2023\/pizza-flameada-arraso-con-restaurante-en-madrid\/"},"wordCount":123,"publisher":{"@id":"https:\/\/canal7slp.tv\/2023\/#organization"},"image":{"@id":"https:\/\/canal7slp.tv\/2023\/pizza-flameada-arraso-con-restaurante-en-madrid\/#primaryimage"},"thumbnailUrl":"https:\/\/canal7slp.tv\/2023\/wp-content\/uploads\/2023\/04\/06.jpeg","articleSection":["INTERNACIONALES"],"inLanguage":"es"},{"@type":"WebPage","@id":"https:\/\/canal7slp.tv\/2023\/pizza-flameada-arraso-con-restaurante-en-madrid\/","url":"https:\/\/canal7slp.tv\/2023\/pizza-flameada-arraso-con-restaurante-en-madrid\/","name":"Pizza flameada arras\u00f3 con restaurante en Madrid - Canal 7 SLP - 2023","isPartOf":{"@id":"https:\/\/canal7slp.tv\/2023\/#website"},"primaryImageOfPage":{"@id":"https:\/\/canal7slp.tv\/2023\/pizza-flameada-arraso-con-restaurante-en-madrid\/#primaryimage"},"image":{"@id":"https:\/\/canal7slp.tv\/2023\/pizza-flameada-arraso-con-restaurante-en-madrid\/#primaryimage"},"thumbnailUrl":"https:\/\/canal7slp.tv\/2023\/wp-content\/uploads\/2023\/04\/06.jpeg","datePublished":"2023-04-23T22:13:52+00:00","breadcrumb":{"@id":"https:\/\/canal7slp.tv\/2023\/pizza-flameada-arraso-con-restaurante-en-madrid\/#breadcrumb"},"inLanguage":"es","potentialAction":[{"@type":"ReadAction","target":["https:\/\/canal7slp.tv\/2023\/pizza-flameada-arraso-con-restaurante-en-madrid\/"]}]},{"@type":"ImageObject","inLanguage":"es","@id":"https:\/\/canal7slp.tv\/2023\/pizza-flameada-arraso-con-restaurante-en-madrid\/#primaryimage","url":"https:\/\/canal7slp.tv\/2023\/wp-content\/uploads\/2023\/04\/06.jpeg","contentUrl":"https:\/\/canal7slp.tv\/2023\/wp-content\/uploads\/2023\/04\/06.jpeg","width":449,"height":330},{"@type":"BreadcrumbList","@id":"https:\/\/canal7slp.tv\/2023\/pizza-flameada-arraso-con-restaurante-en-madrid\/#breadcrumb","itemListElement":[{"@type":"ListItem","position":1,"name":"Portada","item":"https:\/\/canal7slp.tv\/2023\/"},{"@type":"ListItem","position":2,"name":"Pizza flameada arras\u00f3 con restaurante en Madrid"}]},{"@type":"WebSite","@id":"https:\/\/canal7slp.tv\/2023\/#website","url":"https:\/\/canal7slp.tv\/2023\/","name":"N7 - Noticieros Canal 7","description":"Somos Televisi\u00f3n","publisher":{"@id":"https:\/\/canal7slp.tv\/2023\/#organization"},"potentialAction":[{"@type":"SearchAction","target":{"@type":"EntryPoint","urlTemplate":"https:\/\/canal7slp.tv\/2023\/?s={search_term_string}"},"query-input":{"@type":"PropertyValueSpecification","valueRequired":true,"valueName":"search_term_string"}}],"inLanguage":"es"},{"@type":"Organization","@id":"https:\/\/canal7slp.tv\/2023\/#organization","name":"Noticieros Canal 7","url":"https:\/\/canal7slp.tv\/2023\/","logo":{"@type":"ImageObject","inLanguage":"es","@id":"https:\/\/canal7slp.tv\/2023\/#\/schema\/logo\/image\/","url":"https:\/\/canal7slp.tv\/2023\/wp-content\/uploads\/2021\/01\/logo-noticieros@2x.png","contentUrl":"https:\/\/canal7slp.tv\/2023\/wp-content\/uploads\/2021\/01\/logo-noticieros@2x.png","width":1017,"height":268,"caption":"Noticieros Canal 7"},"image":{"@id":"https:\/\/canal7slp.tv\/2023\/#\/schema\/logo\/image\/"},"sameAs":["https:\/\/www.facebook.com\/noticieroscanalsiete","https:\/\/x.com\/NOTICIEROS7","https:\/\/www.instagram.com\/canal7_slp","https:\/\/www.youtube.com\/channel\/UCliiYs-gP3JfJeqdPrNdd5A"]},{"@type":"Person","@id":"https:\/\/canal7slp.tv\/2023\/#\/schema\/person\/639c424e3584069003b11ae813915da6","name":"Edici\u00f3n Web","image":{"@type":"ImageObject","inLanguage":"es","@id":"https:\/\/secure.gravatar.com\/avatar\/eee448fc3f7164808013b816ba91ac7e43bbe82a70bebac296f8bc6f0addaa1a?s=96&d=mm&r=g","url":"https:\/\/secure.gravatar.com\/avatar\/eee448fc3f7164808013b816ba91ac7e43bbe82a70bebac296f8bc6f0addaa1a?s=96&d=mm&r=g","contentUrl":"https:\/\/secure.gravatar.com\/avatar\/eee448fc3f7164808013b816ba91ac7e43bbe82a70bebac296f8bc6f0addaa1a?s=96&d=mm&r=g","caption":"Edici\u00f3n Web"},"url":"https:\/\/canal7slp.tv\/2023\/author\/edicionweb\/"}]}},"_links":{"self":[{"href":"https:\/\/canal7slp.tv\/2023\/wp-json\/wp\/v2\/posts\/93409","targetHints":{"allow":["GET"]}}],"collection":[{"href":"https:\/\/canal7slp.tv\/2023\/wp-json\/wp\/v2\/posts"}],"about":[{"href":"https:\/\/canal7slp.tv\/2023\/wp-json\/wp\/v2\/types\/post"}],"author":[{"embeddable":true,"href":"https:\/\/canal7slp.tv\/2023\/wp-json\/wp\/v2\/users\/2"}],"replies":[{"embeddable":true,"href":"https:\/\/canal7slp.tv\/2023\/wp-json\/wp\/v2\/comments?post=93409"}],"version-history":[{"count":3,"href":"https:\/\/canal7slp.tv\/2023\/wp-json\/wp\/v2\/posts\/93409\/revisions"}],"predecessor-version":[{"id":93499,"href":"https:\/\/canal7slp.tv\/2023\/wp-json\/wp\/v2\/posts\/93409\/revisions\/93499"}],"wp:featuredmedia":[{"embeddable":true,"href":"https:\/\/canal7slp.tv\/2023\/wp-json\/wp\/v2\/media\/93423"}],"wp:attachment":[{"href":"https:\/\/canal7slp.tv\/2023\/wp-json\/wp\/v2\/media?parent=93409"}],"wp:term":[{"taxonomy":"category","embeddable":true,"href":"https:\/\/canal7slp.tv\/2023\/wp-json\/wp\/v2\/categories?post=93409"},{"taxonomy":"post_tag","embeddable":true,"href":"https:\/\/canal7slp.tv\/2023\/wp-json\/wp\/v2\/tags?post=93409"}],"curies":[{"name":"wp","href":"https:\/\/api.w.org\/{rel}","templated":true}]}}