{"id":93408,"date":"2023-04-23T16:12:19","date_gmt":"2023-04-23T22:12:19","guid":{"rendered":"https:\/\/canal7slp.tv\/2023\/?p=93408"},"modified":"2023-04-23T16:12:19","modified_gmt":"2023-04-23T22:12:19","slug":"la-dea-incluye-a-otro-chapito-ivan-archivaldo-guzman-entre-los-mas-buscados","status":"publish","type":"post","link":"https:\/\/canal7slp.tv\/2023\/la-dea-incluye-a-otro-chapito-ivan-archivaldo-guzman-entre-los-mas-buscados\/","title":{"rendered":"La DEA incluye a otro Chapito, Iv\u00e1n Archivaldo Guzm\u00e1n entre los m\u00e1s buscados"},"content":{"rendered":"<p style=\"text-align: justify;\">M\u00e9xico.- Iv\u00e1n Archivaldo Guzm\u00e1n Salazar, l\u00edder de \u00abLos Chapitos\u00bb (facci\u00f3n del C\u00e1rtel de Sinaloa), fue incluido en la lista de los diez fugitivos m\u00e1s buscados por la Administraci\u00f3n para el Control de Drogas (DEA) por trafico y distribuci\u00f3n de fentanilo en Estados Unidos.<\/p>\n<p style=\"text-align: justify;\">La inclusi\u00f3n se tras que el fiscal general de los Estados Unidos, Merrick Garland y la directora de la DEA, Anne Milgram anunciaran cargos por tr\u00e1fico de fentanilo, armas y lavado de dinero contra los principales l\u00edderes de \u00abLos Chapitos\u00bb:<\/p>\n<ul style=\"text-align: justify;\">\n<li>Iv\u00e1n Archivaldo<\/li>\n<li>Jes\u00fas Alfredo Guzm\u00e1n Salazar<\/li>\n<li>Ovidio Guzm\u00e1n L\u00f3pez<\/li>\n<\/ul>\n<p style=\"text-align: justify;\">De acuerdo con datos de la DEA, Iv\u00e1n Archivaldo Guzm\u00e1n Salazar instruy\u00f3 a sus operadores inundar de fentanilo a los Estados Unidos para abastecer \u00abcalles de yonquis\u00bb.<\/p>\n<p style=\"text-align: justify;\">Asimismo, ofrece una recompensa de 10 millones de d\u00f3lares por informaci\u00f3n que lleve a su captura.<\/p>\n","protected":false},"excerpt":{"rendered":"<p>M\u00e9xico.- Iv\u00e1n Archivaldo Guzm\u00e1n Salazar, l\u00edder de \u00abLos Chapitos\u00bb (facci\u00f3n del C\u00e1rtel de Sinaloa), fue incluido en la lista de los diez fugitivos m\u00e1s buscados por la Administraci\u00f3n para el Control de Drogas (DEA) por trafico y distribuci\u00f3n de fentanilo en Estados Unidos. La inclusi\u00f3n se tras que el fiscal general de los Estados Unidos, Merrick Garland y la directora de la DEA, Anne Milgram anunciaran cargos por tr\u00e1fico de fentanilo, armas y lavado de dinero contra los principales l\u00edderes de \u00abLos Chapitos\u00bb: Iv\u00e1n Archivaldo Jes\u00fas Alfredo Guzm\u00e1n Salazar Ovidio Guzm\u00e1n L\u00f3pez De acuerdo con datos de la DEA, Iv\u00e1n [&hellip;]<\/p>\n","protected":false},"author":2,"featured_media":93422,"comment_status":"closed","ping_status":"closed","sticky":false,"template":"","format":"standard","meta":{"footnotes":""},"categories":[46],"tags":[],"class_list":["post-93408","post","type-post","status-publish","format-standard","has-post-thumbnail","hentry","category-nacional","post--single"],"yoast_head":"<!-- This site is optimized with the Yoast SEO plugin v27.4 - https:\/\/yoast.com\/product\/yoast-seo-wordpress\/ -->\n<title>La DEA incluye a otro Chapito, Iv\u00e1n Archivaldo Guzm\u00e1n entre los m\u00e1s buscados - Canal 7 SLP - 2023<\/title>\n<meta name=\"robots\" content=\"index, follow, max-snippet:-1, max-image-preview:large, max-video-preview:-1\" \/>\n<link rel=\"canonical\" href=\"https:\/\/canal7slp.tv\/2023\/la-dea-incluye-a-otro-chapito-ivan-archivaldo-guzman-entre-los-mas-buscados\/\" \/>\n<meta property=\"og:locale\" content=\"es_ES\" \/>\n<meta property=\"og:type\" content=\"article\" \/>\n<meta property=\"og:title\" content=\"La DEA incluye a otro Chapito, Iv\u00e1n Archivaldo Guzm\u00e1n entre los m\u00e1s buscados - Canal 7 SLP - 2023\" \/>\n<meta property=\"og:description\" content=\"M\u00e9xico.- Iv\u00e1n Archivaldo Guzm\u00e1n Salazar, l\u00edder de \u00abLos Chapitos\u00bb (facci\u00f3n del C\u00e1rtel de Sinaloa), fue incluido en la lista de los diez fugitivos m\u00e1s buscados por la Administraci\u00f3n para el Control de Drogas (DEA) por trafico y distribuci\u00f3n de fentanilo en Estados Unidos. La inclusi\u00f3n se tras que el fiscal general de los Estados Unidos, Merrick Garland y la directora de la DEA, Anne Milgram anunciaran cargos por tr\u00e1fico de fentanilo, armas y lavado de dinero contra los principales l\u00edderes de \u00abLos Chapitos\u00bb: Iv\u00e1n Archivaldo Jes\u00fas Alfredo Guzm\u00e1n Salazar Ovidio Guzm\u00e1n L\u00f3pez De acuerdo con datos de la DEA, Iv\u00e1n [&hellip;]\" \/>\n<meta property=\"og:url\" content=\"https:\/\/canal7slp.tv\/2023\/la-dea-incluye-a-otro-chapito-ivan-archivaldo-guzman-entre-los-mas-buscados\/\" \/>\n<meta property=\"og:site_name\" content=\"Canal 7 SLP - 2023\" \/>\n<meta property=\"article:publisher\" content=\"https:\/\/www.facebook.com\/noticieroscanalsiete\" \/>\n<meta property=\"article:published_time\" content=\"2023-04-23T22:12:19+00:00\" \/>\n<meta property=\"og:image\" content=\"https:\/\/canal7slp.tv\/2023\/wp-content\/uploads\/2023\/04\/05-10.jpg\" \/>\n\t<meta property=\"og:image:width\" content=\"800\" \/>\n\t<meta property=\"og:image:height\" content=\"533\" \/>\n\t<meta property=\"og:image:type\" content=\"image\/jpeg\" \/>\n<meta name=\"author\" content=\"Edici\u00f3n Web\" \/>\n<meta name=\"twitter:card\" content=\"summary_large_image\" \/>\n<meta name=\"twitter:creator\" content=\"@NOTICIEROS7\" \/>\n<meta name=\"twitter:site\" content=\"@NOTICIEROS7\" \/>\n<meta name=\"twitter:label1\" content=\"Escrito por\" \/>\n\t<meta name=\"twitter:data1\" content=\"Edici\u00f3n Web\" \/>\n\t<meta name=\"twitter:label2\" content=\"Tiempo de lectura\" \/>\n\t<meta name=\"twitter:data2\" content=\"1 minuto\" \/>\n<script type=\"application\/ld+json\" class=\"yoast-schema-graph\">{\"@context\":\"https:\\\/\\\/schema.org\",\"@graph\":[{\"@type\":\"Article\",\"@id\":\"https:\\\/\\\/canal7slp.tv\\\/2023\\\/la-dea-incluye-a-otro-chapito-ivan-archivaldo-guzman-entre-los-mas-buscados\\\/#article\",\"isPartOf\":{\"@id\":\"https:\\\/\\\/canal7slp.tv\\\/2023\\\/la-dea-incluye-a-otro-chapito-ivan-archivaldo-guzman-entre-los-mas-buscados\\\/\"},\"author\":{\"name\":\"Edici\u00f3n Web\",\"@id\":\"https:\\\/\\\/canal7slp.tv\\\/2023\\\/#\\\/schema\\\/person\\\/639c424e3584069003b11ae813915da6\"},\"headline\":\"La DEA incluye a otro Chapito, Iv\u00e1n Archivaldo Guzm\u00e1n entre los m\u00e1s buscados\",\"datePublished\":\"2023-04-23T22:12:19+00:00\",\"mainEntityOfPage\":{\"@id\":\"https:\\\/\\\/canal7slp.tv\\\/2023\\\/la-dea-incluye-a-otro-chapito-ivan-archivaldo-guzman-entre-los-mas-buscados\\\/\"},\"wordCount\":172,\"publisher\":{\"@id\":\"https:\\\/\\\/canal7slp.tv\\\/2023\\\/#organization\"},\"image\":{\"@id\":\"https:\\\/\\\/canal7slp.tv\\\/2023\\\/la-dea-incluye-a-otro-chapito-ivan-archivaldo-guzman-entre-los-mas-buscados\\\/#primaryimage\"},\"thumbnailUrl\":\"https:\\\/\\\/canal7slp.tv\\\/2023\\\/wp-content\\\/uploads\\\/2023\\\/04\\\/05-10.jpg\",\"articleSection\":[\"NACIONALES\"],\"inLanguage\":\"es\"},{\"@type\":\"WebPage\",\"@id\":\"https:\\\/\\\/canal7slp.tv\\\/2023\\\/la-dea-incluye-a-otro-chapito-ivan-archivaldo-guzman-entre-los-mas-buscados\\\/\",\"url\":\"https:\\\/\\\/canal7slp.tv\\\/2023\\\/la-dea-incluye-a-otro-chapito-ivan-archivaldo-guzman-entre-los-mas-buscados\\\/\",\"name\":\"La DEA incluye a otro Chapito, Iv\u00e1n Archivaldo Guzm\u00e1n entre los m\u00e1s buscados - Canal 7 SLP - 2023\",\"isPartOf\":{\"@id\":\"https:\\\/\\\/canal7slp.tv\\\/2023\\\/#website\"},\"primaryImageOfPage\":{\"@id\":\"https:\\\/\\\/canal7slp.tv\\\/2023\\\/la-dea-incluye-a-otro-chapito-ivan-archivaldo-guzman-entre-los-mas-buscados\\\/#primaryimage\"},\"image\":{\"@id\":\"https:\\\/\\\/canal7slp.tv\\\/2023\\\/la-dea-incluye-a-otro-chapito-ivan-archivaldo-guzman-entre-los-mas-buscados\\\/#primaryimage\"},\"thumbnailUrl\":\"https:\\\/\\\/canal7slp.tv\\\/2023\\\/wp-content\\\/uploads\\\/2023\\\/04\\\/05-10.jpg\",\"datePublished\":\"2023-04-23T22:12:19+00:00\",\"breadcrumb\":{\"@id\":\"https:\\\/\\\/canal7slp.tv\\\/2023\\\/la-dea-incluye-a-otro-chapito-ivan-archivaldo-guzman-entre-los-mas-buscados\\\/#breadcrumb\"},\"inLanguage\":\"es\",\"potentialAction\":[{\"@type\":\"ReadAction\",\"target\":[\"https:\\\/\\\/canal7slp.tv\\\/2023\\\/la-dea-incluye-a-otro-chapito-ivan-archivaldo-guzman-entre-los-mas-buscados\\\/\"]}]},{\"@type\":\"ImageObject\",\"inLanguage\":\"es\",\"@id\":\"https:\\\/\\\/canal7slp.tv\\\/2023\\\/la-dea-incluye-a-otro-chapito-ivan-archivaldo-guzman-entre-los-mas-buscados\\\/#primaryimage\",\"url\":\"https:\\\/\\\/canal7slp.tv\\\/2023\\\/wp-content\\\/uploads\\\/2023\\\/04\\\/05-10.jpg\",\"contentUrl\":\"https:\\\/\\\/canal7slp.tv\\\/2023\\\/wp-content\\\/uploads\\\/2023\\\/04\\\/05-10.jpg\",\"width\":800,\"height\":533},{\"@type\":\"BreadcrumbList\",\"@id\":\"https:\\\/\\\/canal7slp.tv\\\/2023\\\/la-dea-incluye-a-otro-chapito-ivan-archivaldo-guzman-entre-los-mas-buscados\\\/#breadcrumb\",\"itemListElement\":[{\"@type\":\"ListItem\",\"position\":1,\"name\":\"Portada\",\"item\":\"https:\\\/\\\/canal7slp.tv\\\/2023\\\/\"},{\"@type\":\"ListItem\",\"position\":2,\"name\":\"La DEA incluye a otro Chapito, Iv\u00e1n Archivaldo Guzm\u00e1n entre los m\u00e1s buscados\"}]},{\"@type\":\"WebSite\",\"@id\":\"https:\\\/\\\/canal7slp.tv\\\/2023\\\/#website\",\"url\":\"https:\\\/\\\/canal7slp.tv\\\/2023\\\/\",\"name\":\"N7 - Noticieros Canal 7\",\"description\":\"Somos Televisi\u00f3n\",\"publisher\":{\"@id\":\"https:\\\/\\\/canal7slp.tv\\\/2023\\\/#organization\"},\"potentialAction\":[{\"@type\":\"SearchAction\",\"target\":{\"@type\":\"EntryPoint\",\"urlTemplate\":\"https:\\\/\\\/canal7slp.tv\\\/2023\\\/?s={search_term_string}\"},\"query-input\":{\"@type\":\"PropertyValueSpecification\",\"valueRequired\":true,\"valueName\":\"search_term_string\"}}],\"inLanguage\":\"es\"},{\"@type\":\"Organization\",\"@id\":\"https:\\\/\\\/canal7slp.tv\\\/2023\\\/#organization\",\"name\":\"Noticieros Canal 7\",\"url\":\"https:\\\/\\\/canal7slp.tv\\\/2023\\\/\",\"logo\":{\"@type\":\"ImageObject\",\"inLanguage\":\"es\",\"@id\":\"https:\\\/\\\/canal7slp.tv\\\/2023\\\/#\\\/schema\\\/logo\\\/image\\\/\",\"url\":\"https:\\\/\\\/canal7slp.tv\\\/2023\\\/wp-content\\\/uploads\\\/2021\\\/01\\\/logo-noticieros@2x.png\",\"contentUrl\":\"https:\\\/\\\/canal7slp.tv\\\/2023\\\/wp-content\\\/uploads\\\/2021\\\/01\\\/logo-noticieros@2x.png\",\"width\":1017,\"height\":268,\"caption\":\"Noticieros Canal 7\"},\"image\":{\"@id\":\"https:\\\/\\\/canal7slp.tv\\\/2023\\\/#\\\/schema\\\/logo\\\/image\\\/\"},\"sameAs\":[\"https:\\\/\\\/www.facebook.com\\\/noticieroscanalsiete\",\"https:\\\/\\\/x.com\\\/NOTICIEROS7\",\"https:\\\/\\\/www.instagram.com\\\/canal7_slp\",\"https:\\\/\\\/www.youtube.com\\\/channel\\\/UCliiYs-gP3JfJeqdPrNdd5A\"]},{\"@type\":\"Person\",\"@id\":\"https:\\\/\\\/canal7slp.tv\\\/2023\\\/#\\\/schema\\\/person\\\/639c424e3584069003b11ae813915da6\",\"name\":\"Edici\u00f3n Web\",\"image\":{\"@type\":\"ImageObject\",\"inLanguage\":\"es\",\"@id\":\"https:\\\/\\\/secure.gravatar.com\\\/avatar\\\/eee448fc3f7164808013b816ba91ac7e43bbe82a70bebac296f8bc6f0addaa1a?s=96&d=mm&r=g\",\"url\":\"https:\\\/\\\/secure.gravatar.com\\\/avatar\\\/eee448fc3f7164808013b816ba91ac7e43bbe82a70bebac296f8bc6f0addaa1a?s=96&d=mm&r=g\",\"contentUrl\":\"https:\\\/\\\/secure.gravatar.com\\\/avatar\\\/eee448fc3f7164808013b816ba91ac7e43bbe82a70bebac296f8bc6f0addaa1a?s=96&d=mm&r=g\",\"caption\":\"Edici\u00f3n Web\"},\"url\":\"https:\\\/\\\/canal7slp.tv\\\/2023\\\/author\\\/edicionweb\\\/\"}]}<\/script>\n<!-- \/ Yoast SEO plugin. -->","yoast_head_json":{"title":"La DEA incluye a otro Chapito, Iv\u00e1n Archivaldo Guzm\u00e1n entre los m\u00e1s buscados - Canal 7 SLP - 2023","robots":{"index":"index","follow":"follow","max-snippet":"max-snippet:-1","max-image-preview":"max-image-preview:large","max-video-preview":"max-video-preview:-1"},"canonical":"https:\/\/canal7slp.tv\/2023\/la-dea-incluye-a-otro-chapito-ivan-archivaldo-guzman-entre-los-mas-buscados\/","og_locale":"es_ES","og_type":"article","og_title":"La DEA incluye a otro Chapito, Iv\u00e1n Archivaldo Guzm\u00e1n entre los m\u00e1s buscados - Canal 7 SLP - 2023","og_description":"M\u00e9xico.- Iv\u00e1n Archivaldo Guzm\u00e1n Salazar, l\u00edder de \u00abLos Chapitos\u00bb (facci\u00f3n del C\u00e1rtel de Sinaloa), fue incluido en la lista de los diez fugitivos m\u00e1s buscados por la Administraci\u00f3n para el Control de Drogas (DEA) por trafico y distribuci\u00f3n de fentanilo en Estados Unidos. La inclusi\u00f3n se tras que el fiscal general de los Estados Unidos, Merrick Garland y la directora de la DEA, Anne Milgram anunciaran cargos por tr\u00e1fico de fentanilo, armas y lavado de dinero contra los principales l\u00edderes de \u00abLos Chapitos\u00bb: Iv\u00e1n Archivaldo Jes\u00fas Alfredo Guzm\u00e1n Salazar Ovidio Guzm\u00e1n L\u00f3pez De acuerdo con datos de la DEA, Iv\u00e1n [&hellip;]","og_url":"https:\/\/canal7slp.tv\/2023\/la-dea-incluye-a-otro-chapito-ivan-archivaldo-guzman-entre-los-mas-buscados\/","og_site_name":"Canal 7 SLP - 2023","article_publisher":"https:\/\/www.facebook.com\/noticieroscanalsiete","article_published_time":"2023-04-23T22:12:19+00:00","og_image":[{"width":800,"height":533,"url":"https:\/\/canal7slp.tv\/2023\/wp-content\/uploads\/2023\/04\/05-10.jpg","type":"image\/jpeg"}],"author":"Edici\u00f3n Web","twitter_card":"summary_large_image","twitter_creator":"@NOTICIEROS7","twitter_site":"@NOTICIEROS7","twitter_misc":{"Escrito por":"Edici\u00f3n Web","Tiempo de lectura":"1 minuto"},"schema":{"@context":"https:\/\/schema.org","@graph":[{"@type":"Article","@id":"https:\/\/canal7slp.tv\/2023\/la-dea-incluye-a-otro-chapito-ivan-archivaldo-guzman-entre-los-mas-buscados\/#article","isPartOf":{"@id":"https:\/\/canal7slp.tv\/2023\/la-dea-incluye-a-otro-chapito-ivan-archivaldo-guzman-entre-los-mas-buscados\/"},"author":{"name":"Edici\u00f3n Web","@id":"https:\/\/canal7slp.tv\/2023\/#\/schema\/person\/639c424e3584069003b11ae813915da6"},"headline":"La DEA incluye a otro Chapito, Iv\u00e1n Archivaldo Guzm\u00e1n entre los m\u00e1s buscados","datePublished":"2023-04-23T22:12:19+00:00","mainEntityOfPage":{"@id":"https:\/\/canal7slp.tv\/2023\/la-dea-incluye-a-otro-chapito-ivan-archivaldo-guzman-entre-los-mas-buscados\/"},"wordCount":172,"publisher":{"@id":"https:\/\/canal7slp.tv\/2023\/#organization"},"image":{"@id":"https:\/\/canal7slp.tv\/2023\/la-dea-incluye-a-otro-chapito-ivan-archivaldo-guzman-entre-los-mas-buscados\/#primaryimage"},"thumbnailUrl":"https:\/\/canal7slp.tv\/2023\/wp-content\/uploads\/2023\/04\/05-10.jpg","articleSection":["NACIONALES"],"inLanguage":"es"},{"@type":"WebPage","@id":"https:\/\/canal7slp.tv\/2023\/la-dea-incluye-a-otro-chapito-ivan-archivaldo-guzman-entre-los-mas-buscados\/","url":"https:\/\/canal7slp.tv\/2023\/la-dea-incluye-a-otro-chapito-ivan-archivaldo-guzman-entre-los-mas-buscados\/","name":"La DEA incluye a otro Chapito, Iv\u00e1n Archivaldo Guzm\u00e1n entre los m\u00e1s buscados - Canal 7 SLP - 2023","isPartOf":{"@id":"https:\/\/canal7slp.tv\/2023\/#website"},"primaryImageOfPage":{"@id":"https:\/\/canal7slp.tv\/2023\/la-dea-incluye-a-otro-chapito-ivan-archivaldo-guzman-entre-los-mas-buscados\/#primaryimage"},"image":{"@id":"https:\/\/canal7slp.tv\/2023\/la-dea-incluye-a-otro-chapito-ivan-archivaldo-guzman-entre-los-mas-buscados\/#primaryimage"},"thumbnailUrl":"https:\/\/canal7slp.tv\/2023\/wp-content\/uploads\/2023\/04\/05-10.jpg","datePublished":"2023-04-23T22:12:19+00:00","breadcrumb":{"@id":"https:\/\/canal7slp.tv\/2023\/la-dea-incluye-a-otro-chapito-ivan-archivaldo-guzman-entre-los-mas-buscados\/#breadcrumb"},"inLanguage":"es","potentialAction":[{"@type":"ReadAction","target":["https:\/\/canal7slp.tv\/2023\/la-dea-incluye-a-otro-chapito-ivan-archivaldo-guzman-entre-los-mas-buscados\/"]}]},{"@type":"ImageObject","inLanguage":"es","@id":"https:\/\/canal7slp.tv\/2023\/la-dea-incluye-a-otro-chapito-ivan-archivaldo-guzman-entre-los-mas-buscados\/#primaryimage","url":"https:\/\/canal7slp.tv\/2023\/wp-content\/uploads\/2023\/04\/05-10.jpg","contentUrl":"https:\/\/canal7slp.tv\/2023\/wp-content\/uploads\/2023\/04\/05-10.jpg","width":800,"height":533},{"@type":"BreadcrumbList","@id":"https:\/\/canal7slp.tv\/2023\/la-dea-incluye-a-otro-chapito-ivan-archivaldo-guzman-entre-los-mas-buscados\/#breadcrumb","itemListElement":[{"@type":"ListItem","position":1,"name":"Portada","item":"https:\/\/canal7slp.tv\/2023\/"},{"@type":"ListItem","position":2,"name":"La DEA incluye a otro Chapito, Iv\u00e1n Archivaldo Guzm\u00e1n entre los m\u00e1s buscados"}]},{"@type":"WebSite","@id":"https:\/\/canal7slp.tv\/2023\/#website","url":"https:\/\/canal7slp.tv\/2023\/","name":"N7 - Noticieros Canal 7","description":"Somos Televisi\u00f3n","publisher":{"@id":"https:\/\/canal7slp.tv\/2023\/#organization"},"potentialAction":[{"@type":"SearchAction","target":{"@type":"EntryPoint","urlTemplate":"https:\/\/canal7slp.tv\/2023\/?s={search_term_string}"},"query-input":{"@type":"PropertyValueSpecification","valueRequired":true,"valueName":"search_term_string"}}],"inLanguage":"es"},{"@type":"Organization","@id":"https:\/\/canal7slp.tv\/2023\/#organization","name":"Noticieros Canal 7","url":"https:\/\/canal7slp.tv\/2023\/","logo":{"@type":"ImageObject","inLanguage":"es","@id":"https:\/\/canal7slp.tv\/2023\/#\/schema\/logo\/image\/","url":"https:\/\/canal7slp.tv\/2023\/wp-content\/uploads\/2021\/01\/logo-noticieros@2x.png","contentUrl":"https:\/\/canal7slp.tv\/2023\/wp-content\/uploads\/2021\/01\/logo-noticieros@2x.png","width":1017,"height":268,"caption":"Noticieros Canal 7"},"image":{"@id":"https:\/\/canal7slp.tv\/2023\/#\/schema\/logo\/image\/"},"sameAs":["https:\/\/www.facebook.com\/noticieroscanalsiete","https:\/\/x.com\/NOTICIEROS7","https:\/\/www.instagram.com\/canal7_slp","https:\/\/www.youtube.com\/channel\/UCliiYs-gP3JfJeqdPrNdd5A"]},{"@type":"Person","@id":"https:\/\/canal7slp.tv\/2023\/#\/schema\/person\/639c424e3584069003b11ae813915da6","name":"Edici\u00f3n Web","image":{"@type":"ImageObject","inLanguage":"es","@id":"https:\/\/secure.gravatar.com\/avatar\/eee448fc3f7164808013b816ba91ac7e43bbe82a70bebac296f8bc6f0addaa1a?s=96&d=mm&r=g","url":"https:\/\/secure.gravatar.com\/avatar\/eee448fc3f7164808013b816ba91ac7e43bbe82a70bebac296f8bc6f0addaa1a?s=96&d=mm&r=g","contentUrl":"https:\/\/secure.gravatar.com\/avatar\/eee448fc3f7164808013b816ba91ac7e43bbe82a70bebac296f8bc6f0addaa1a?s=96&d=mm&r=g","caption":"Edici\u00f3n Web"},"url":"https:\/\/canal7slp.tv\/2023\/author\/edicionweb\/"}]}},"_links":{"self":[{"href":"https:\/\/canal7slp.tv\/2023\/wp-json\/wp\/v2\/posts\/93408","targetHints":{"allow":["GET"]}}],"collection":[{"href":"https:\/\/canal7slp.tv\/2023\/wp-json\/wp\/v2\/posts"}],"about":[{"href":"https:\/\/canal7slp.tv\/2023\/wp-json\/wp\/v2\/types\/post"}],"author":[{"embeddable":true,"href":"https:\/\/canal7slp.tv\/2023\/wp-json\/wp\/v2\/users\/2"}],"replies":[{"embeddable":true,"href":"https:\/\/canal7slp.tv\/2023\/wp-json\/wp\/v2\/comments?post=93408"}],"version-history":[{"count":4,"href":"https:\/\/canal7slp.tv\/2023\/wp-json\/wp\/v2\/posts\/93408\/revisions"}],"predecessor-version":[{"id":93498,"href":"https:\/\/canal7slp.tv\/2023\/wp-json\/wp\/v2\/posts\/93408\/revisions\/93498"}],"wp:featuredmedia":[{"embeddable":true,"href":"https:\/\/canal7slp.tv\/2023\/wp-json\/wp\/v2\/media\/93422"}],"wp:attachment":[{"href":"https:\/\/canal7slp.tv\/2023\/wp-json\/wp\/v2\/media?parent=93408"}],"wp:term":[{"taxonomy":"category","embeddable":true,"href":"https:\/\/canal7slp.tv\/2023\/wp-json\/wp\/v2\/categories?post=93408"},{"taxonomy":"post_tag","embeddable":true,"href":"https:\/\/canal7slp.tv\/2023\/wp-json\/wp\/v2\/tags?post=93408"}],"curies":[{"name":"wp","href":"https:\/\/api.w.org\/{rel}","templated":true}]}}