{"id":93407,"date":"2023-04-23T16:10:59","date_gmt":"2023-04-23T22:10:59","guid":{"rendered":"https:\/\/canal7slp.tv\/2023\/?p=93407"},"modified":"2023-04-23T16:10:59","modified_gmt":"2023-04-23T22:10:59","slug":"a-31-anos-ofician-misa-en-memoria-de-las-victimas-de-explosiones-de-1992","status":"publish","type":"post","link":"https:\/\/canal7slp.tv\/2023\/a-31-anos-ofician-misa-en-memoria-de-las-victimas-de-explosiones-de-1992\/","title":{"rendered":"A 31 a\u00f1os, ofician misa en memoria de las v\u00edctimas de explosiones de 1992"},"content":{"rendered":"<p style=\"text-align: justify;\">Guadalajara.- En el templo de San Sebasti\u00e1n de Analco, en Guadalajara, se celebr\u00f3 una misa en memoria de las v\u00edctimas de las explosiones del 22 de abril de 1992.<\/p>\n<p style=\"text-align: justify;\">Han pasado 31 a\u00f1os de la tragedia y el dolor aun esta presente en los sobrevivientes y familiares de las v\u00edctimas del lamentable hecho.<\/p>\n<p style=\"text-align: justify;\">Cabe recordar que las explosiones se registraron en el barrio c\u00e9ntrico de Analco. Causando afectaciones en las colonias Atlas, San Carlos y Las Conchas.<\/p>\n<p style=\"text-align: justify;\">Las mimas, fueron provocadas por una fuga de gasolina que se acumul\u00f3 en el sistema de alcantarillado.<\/p>\n<p style=\"text-align: justify;\">El saldo oficial fue de 212 personas muertes, 69 desaparecidas y cerca de mil 800 heridas.<\/p>\n<p style=\"text-align: justify;\">Asimismo, fueron destruidos 8 kil\u00f3metros de calles y se vieron afectadas mil 142 casas, 450 comercios, 100 centros escolares y 600 veh\u00edculos.<\/p>\n<p style=\"text-align: justify;\">Cabe se\u00f1alar que este incidente llev\u00f3 a la creaci\u00f3n del Sistema Nacional de Protecci\u00f3n Civil.<\/p>\n","protected":false},"excerpt":{"rendered":"<p>Guadalajara.- En el templo de San Sebasti\u00e1n de Analco, en Guadalajara, se celebr\u00f3 una misa en memoria de las v\u00edctimas de las explosiones del 22 de abril de 1992. Han pasado 31 a\u00f1os de la tragedia y el dolor aun esta presente en los sobrevivientes y familiares de las v\u00edctimas del lamentable hecho. Cabe recordar que las explosiones se registraron en el barrio c\u00e9ntrico de Analco. Causando afectaciones en las colonias Atlas, San Carlos y Las Conchas. Las mimas, fueron provocadas por una fuga de gasolina que se acumul\u00f3 en el sistema de alcantarillado. El saldo oficial fue de 212 [&hellip;]<\/p>\n","protected":false},"author":2,"featured_media":93421,"comment_status":"closed","ping_status":"closed","sticky":false,"template":"","format":"standard","meta":{"footnotes":""},"categories":[46],"tags":[],"class_list":["post-93407","post","type-post","status-publish","format-standard","has-post-thumbnail","hentry","category-nacional","post--single"],"yoast_head":"<!-- This site is optimized with the Yoast SEO plugin v27.4 - https:\/\/yoast.com\/product\/yoast-seo-wordpress\/ -->\n<title>A 31 a\u00f1os, ofician misa en memoria de las v\u00edctimas de explosiones de 1992 - Canal 7 SLP - 2023<\/title>\n<meta name=\"robots\" content=\"index, follow, max-snippet:-1, max-image-preview:large, max-video-preview:-1\" \/>\n<link rel=\"canonical\" href=\"https:\/\/canal7slp.tv\/2023\/a-31-anos-ofician-misa-en-memoria-de-las-victimas-de-explosiones-de-1992\/\" \/>\n<meta property=\"og:locale\" content=\"es_ES\" \/>\n<meta property=\"og:type\" content=\"article\" \/>\n<meta property=\"og:title\" content=\"A 31 a\u00f1os, ofician misa en memoria de las v\u00edctimas de explosiones de 1992 - Canal 7 SLP - 2023\" \/>\n<meta property=\"og:description\" content=\"Guadalajara.- En el templo de San Sebasti\u00e1n de Analco, en Guadalajara, se celebr\u00f3 una misa en memoria de las v\u00edctimas de las explosiones del 22 de abril de 1992. Han pasado 31 a\u00f1os de la tragedia y el dolor aun esta presente en los sobrevivientes y familiares de las v\u00edctimas del lamentable hecho. Cabe recordar que las explosiones se registraron en el barrio c\u00e9ntrico de Analco. Causando afectaciones en las colonias Atlas, San Carlos y Las Conchas. Las mimas, fueron provocadas por una fuga de gasolina que se acumul\u00f3 en el sistema de alcantarillado. El saldo oficial fue de 212 [&hellip;]\" \/>\n<meta property=\"og:url\" content=\"https:\/\/canal7slp.tv\/2023\/a-31-anos-ofician-misa-en-memoria-de-las-victimas-de-explosiones-de-1992\/\" \/>\n<meta property=\"og:site_name\" content=\"Canal 7 SLP - 2023\" \/>\n<meta property=\"article:publisher\" content=\"https:\/\/www.facebook.com\/noticieroscanalsiete\" \/>\n<meta property=\"article:published_time\" content=\"2023-04-23T22:10:59+00:00\" \/>\n<meta property=\"og:image\" content=\"https:\/\/canal7slp.tv\/2023\/wp-content\/uploads\/2023\/04\/04-13.jpg\" \/>\n\t<meta property=\"og:image:width\" content=\"1200\" \/>\n\t<meta property=\"og:image:height\" content=\"740\" \/>\n\t<meta property=\"og:image:type\" content=\"image\/jpeg\" \/>\n<meta name=\"author\" content=\"Edici\u00f3n Web\" \/>\n<meta name=\"twitter:card\" content=\"summary_large_image\" \/>\n<meta name=\"twitter:creator\" content=\"@NOTICIEROS7\" \/>\n<meta name=\"twitter:site\" content=\"@NOTICIEROS7\" \/>\n<meta name=\"twitter:label1\" content=\"Escrito por\" \/>\n\t<meta name=\"twitter:data1\" content=\"Edici\u00f3n Web\" \/>\n\t<meta name=\"twitter:label2\" content=\"Tiempo de lectura\" \/>\n\t<meta name=\"twitter:data2\" content=\"1 minuto\" \/>\n<script type=\"application\/ld+json\" class=\"yoast-schema-graph\">{\"@context\":\"https:\\\/\\\/schema.org\",\"@graph\":[{\"@type\":\"Article\",\"@id\":\"https:\\\/\\\/canal7slp.tv\\\/2023\\\/a-31-anos-ofician-misa-en-memoria-de-las-victimas-de-explosiones-de-1992\\\/#article\",\"isPartOf\":{\"@id\":\"https:\\\/\\\/canal7slp.tv\\\/2023\\\/a-31-anos-ofician-misa-en-memoria-de-las-victimas-de-explosiones-de-1992\\\/\"},\"author\":{\"name\":\"Edici\u00f3n Web\",\"@id\":\"https:\\\/\\\/canal7slp.tv\\\/2023\\\/#\\\/schema\\\/person\\\/639c424e3584069003b11ae813915da6\"},\"headline\":\"A 31 a\u00f1os, ofician misa en memoria de las v\u00edctimas de explosiones de 1992\",\"datePublished\":\"2023-04-23T22:10:59+00:00\",\"mainEntityOfPage\":{\"@id\":\"https:\\\/\\\/canal7slp.tv\\\/2023\\\/a-31-anos-ofician-misa-en-memoria-de-las-victimas-de-explosiones-de-1992\\\/\"},\"wordCount\":161,\"publisher\":{\"@id\":\"https:\\\/\\\/canal7slp.tv\\\/2023\\\/#organization\"},\"image\":{\"@id\":\"https:\\\/\\\/canal7slp.tv\\\/2023\\\/a-31-anos-ofician-misa-en-memoria-de-las-victimas-de-explosiones-de-1992\\\/#primaryimage\"},\"thumbnailUrl\":\"https:\\\/\\\/canal7slp.tv\\\/2023\\\/wp-content\\\/uploads\\\/2023\\\/04\\\/04-13.jpg\",\"articleSection\":[\"NACIONALES\"],\"inLanguage\":\"es\"},{\"@type\":\"WebPage\",\"@id\":\"https:\\\/\\\/canal7slp.tv\\\/2023\\\/a-31-anos-ofician-misa-en-memoria-de-las-victimas-de-explosiones-de-1992\\\/\",\"url\":\"https:\\\/\\\/canal7slp.tv\\\/2023\\\/a-31-anos-ofician-misa-en-memoria-de-las-victimas-de-explosiones-de-1992\\\/\",\"name\":\"A 31 a\u00f1os, ofician misa en memoria de las v\u00edctimas de explosiones de 1992 - Canal 7 SLP - 2023\",\"isPartOf\":{\"@id\":\"https:\\\/\\\/canal7slp.tv\\\/2023\\\/#website\"},\"primaryImageOfPage\":{\"@id\":\"https:\\\/\\\/canal7slp.tv\\\/2023\\\/a-31-anos-ofician-misa-en-memoria-de-las-victimas-de-explosiones-de-1992\\\/#primaryimage\"},\"image\":{\"@id\":\"https:\\\/\\\/canal7slp.tv\\\/2023\\\/a-31-anos-ofician-misa-en-memoria-de-las-victimas-de-explosiones-de-1992\\\/#primaryimage\"},\"thumbnailUrl\":\"https:\\\/\\\/canal7slp.tv\\\/2023\\\/wp-content\\\/uploads\\\/2023\\\/04\\\/04-13.jpg\",\"datePublished\":\"2023-04-23T22:10:59+00:00\",\"breadcrumb\":{\"@id\":\"https:\\\/\\\/canal7slp.tv\\\/2023\\\/a-31-anos-ofician-misa-en-memoria-de-las-victimas-de-explosiones-de-1992\\\/#breadcrumb\"},\"inLanguage\":\"es\",\"potentialAction\":[{\"@type\":\"ReadAction\",\"target\":[\"https:\\\/\\\/canal7slp.tv\\\/2023\\\/a-31-anos-ofician-misa-en-memoria-de-las-victimas-de-explosiones-de-1992\\\/\"]}]},{\"@type\":\"ImageObject\",\"inLanguage\":\"es\",\"@id\":\"https:\\\/\\\/canal7slp.tv\\\/2023\\\/a-31-anos-ofician-misa-en-memoria-de-las-victimas-de-explosiones-de-1992\\\/#primaryimage\",\"url\":\"https:\\\/\\\/canal7slp.tv\\\/2023\\\/wp-content\\\/uploads\\\/2023\\\/04\\\/04-13.jpg\",\"contentUrl\":\"https:\\\/\\\/canal7slp.tv\\\/2023\\\/wp-content\\\/uploads\\\/2023\\\/04\\\/04-13.jpg\",\"width\":1200,\"height\":740},{\"@type\":\"BreadcrumbList\",\"@id\":\"https:\\\/\\\/canal7slp.tv\\\/2023\\\/a-31-anos-ofician-misa-en-memoria-de-las-victimas-de-explosiones-de-1992\\\/#breadcrumb\",\"itemListElement\":[{\"@type\":\"ListItem\",\"position\":1,\"name\":\"Portada\",\"item\":\"https:\\\/\\\/canal7slp.tv\\\/2023\\\/\"},{\"@type\":\"ListItem\",\"position\":2,\"name\":\"A 31 a\u00f1os, ofician misa en memoria de las v\u00edctimas de explosiones de 1992\"}]},{\"@type\":\"WebSite\",\"@id\":\"https:\\\/\\\/canal7slp.tv\\\/2023\\\/#website\",\"url\":\"https:\\\/\\\/canal7slp.tv\\\/2023\\\/\",\"name\":\"N7 - Noticieros Canal 7\",\"description\":\"Somos Televisi\u00f3n\",\"publisher\":{\"@id\":\"https:\\\/\\\/canal7slp.tv\\\/2023\\\/#organization\"},\"potentialAction\":[{\"@type\":\"SearchAction\",\"target\":{\"@type\":\"EntryPoint\",\"urlTemplate\":\"https:\\\/\\\/canal7slp.tv\\\/2023\\\/?s={search_term_string}\"},\"query-input\":{\"@type\":\"PropertyValueSpecification\",\"valueRequired\":true,\"valueName\":\"search_term_string\"}}],\"inLanguage\":\"es\"},{\"@type\":\"Organization\",\"@id\":\"https:\\\/\\\/canal7slp.tv\\\/2023\\\/#organization\",\"name\":\"Noticieros Canal 7\",\"url\":\"https:\\\/\\\/canal7slp.tv\\\/2023\\\/\",\"logo\":{\"@type\":\"ImageObject\",\"inLanguage\":\"es\",\"@id\":\"https:\\\/\\\/canal7slp.tv\\\/2023\\\/#\\\/schema\\\/logo\\\/image\\\/\",\"url\":\"https:\\\/\\\/canal7slp.tv\\\/2023\\\/wp-content\\\/uploads\\\/2021\\\/01\\\/logo-noticieros@2x.png\",\"contentUrl\":\"https:\\\/\\\/canal7slp.tv\\\/2023\\\/wp-content\\\/uploads\\\/2021\\\/01\\\/logo-noticieros@2x.png\",\"width\":1017,\"height\":268,\"caption\":\"Noticieros Canal 7\"},\"image\":{\"@id\":\"https:\\\/\\\/canal7slp.tv\\\/2023\\\/#\\\/schema\\\/logo\\\/image\\\/\"},\"sameAs\":[\"https:\\\/\\\/www.facebook.com\\\/noticieroscanalsiete\",\"https:\\\/\\\/x.com\\\/NOTICIEROS7\",\"https:\\\/\\\/www.instagram.com\\\/canal7_slp\",\"https:\\\/\\\/www.youtube.com\\\/channel\\\/UCliiYs-gP3JfJeqdPrNdd5A\"]},{\"@type\":\"Person\",\"@id\":\"https:\\\/\\\/canal7slp.tv\\\/2023\\\/#\\\/schema\\\/person\\\/639c424e3584069003b11ae813915da6\",\"name\":\"Edici\u00f3n Web\",\"image\":{\"@type\":\"ImageObject\",\"inLanguage\":\"es\",\"@id\":\"https:\\\/\\\/secure.gravatar.com\\\/avatar\\\/eee448fc3f7164808013b816ba91ac7e43bbe82a70bebac296f8bc6f0addaa1a?s=96&d=mm&r=g\",\"url\":\"https:\\\/\\\/secure.gravatar.com\\\/avatar\\\/eee448fc3f7164808013b816ba91ac7e43bbe82a70bebac296f8bc6f0addaa1a?s=96&d=mm&r=g\",\"contentUrl\":\"https:\\\/\\\/secure.gravatar.com\\\/avatar\\\/eee448fc3f7164808013b816ba91ac7e43bbe82a70bebac296f8bc6f0addaa1a?s=96&d=mm&r=g\",\"caption\":\"Edici\u00f3n Web\"},\"url\":\"https:\\\/\\\/canal7slp.tv\\\/2023\\\/author\\\/edicionweb\\\/\"}]}<\/script>\n<!-- \/ Yoast SEO plugin. -->","yoast_head_json":{"title":"A 31 a\u00f1os, ofician misa en memoria de las v\u00edctimas de explosiones de 1992 - Canal 7 SLP - 2023","robots":{"index":"index","follow":"follow","max-snippet":"max-snippet:-1","max-image-preview":"max-image-preview:large","max-video-preview":"max-video-preview:-1"},"canonical":"https:\/\/canal7slp.tv\/2023\/a-31-anos-ofician-misa-en-memoria-de-las-victimas-de-explosiones-de-1992\/","og_locale":"es_ES","og_type":"article","og_title":"A 31 a\u00f1os, ofician misa en memoria de las v\u00edctimas de explosiones de 1992 - Canal 7 SLP - 2023","og_description":"Guadalajara.- En el templo de San Sebasti\u00e1n de Analco, en Guadalajara, se celebr\u00f3 una misa en memoria de las v\u00edctimas de las explosiones del 22 de abril de 1992. Han pasado 31 a\u00f1os de la tragedia y el dolor aun esta presente en los sobrevivientes y familiares de las v\u00edctimas del lamentable hecho. Cabe recordar que las explosiones se registraron en el barrio c\u00e9ntrico de Analco. Causando afectaciones en las colonias Atlas, San Carlos y Las Conchas. Las mimas, fueron provocadas por una fuga de gasolina que se acumul\u00f3 en el sistema de alcantarillado. El saldo oficial fue de 212 [&hellip;]","og_url":"https:\/\/canal7slp.tv\/2023\/a-31-anos-ofician-misa-en-memoria-de-las-victimas-de-explosiones-de-1992\/","og_site_name":"Canal 7 SLP - 2023","article_publisher":"https:\/\/www.facebook.com\/noticieroscanalsiete","article_published_time":"2023-04-23T22:10:59+00:00","og_image":[{"width":1200,"height":740,"url":"https:\/\/canal7slp.tv\/2023\/wp-content\/uploads\/2023\/04\/04-13.jpg","type":"image\/jpeg"}],"author":"Edici\u00f3n Web","twitter_card":"summary_large_image","twitter_creator":"@NOTICIEROS7","twitter_site":"@NOTICIEROS7","twitter_misc":{"Escrito por":"Edici\u00f3n Web","Tiempo de lectura":"1 minuto"},"schema":{"@context":"https:\/\/schema.org","@graph":[{"@type":"Article","@id":"https:\/\/canal7slp.tv\/2023\/a-31-anos-ofician-misa-en-memoria-de-las-victimas-de-explosiones-de-1992\/#article","isPartOf":{"@id":"https:\/\/canal7slp.tv\/2023\/a-31-anos-ofician-misa-en-memoria-de-las-victimas-de-explosiones-de-1992\/"},"author":{"name":"Edici\u00f3n Web","@id":"https:\/\/canal7slp.tv\/2023\/#\/schema\/person\/639c424e3584069003b11ae813915da6"},"headline":"A 31 a\u00f1os, ofician misa en memoria de las v\u00edctimas de explosiones de 1992","datePublished":"2023-04-23T22:10:59+00:00","mainEntityOfPage":{"@id":"https:\/\/canal7slp.tv\/2023\/a-31-anos-ofician-misa-en-memoria-de-las-victimas-de-explosiones-de-1992\/"},"wordCount":161,"publisher":{"@id":"https:\/\/canal7slp.tv\/2023\/#organization"},"image":{"@id":"https:\/\/canal7slp.tv\/2023\/a-31-anos-ofician-misa-en-memoria-de-las-victimas-de-explosiones-de-1992\/#primaryimage"},"thumbnailUrl":"https:\/\/canal7slp.tv\/2023\/wp-content\/uploads\/2023\/04\/04-13.jpg","articleSection":["NACIONALES"],"inLanguage":"es"},{"@type":"WebPage","@id":"https:\/\/canal7slp.tv\/2023\/a-31-anos-ofician-misa-en-memoria-de-las-victimas-de-explosiones-de-1992\/","url":"https:\/\/canal7slp.tv\/2023\/a-31-anos-ofician-misa-en-memoria-de-las-victimas-de-explosiones-de-1992\/","name":"A 31 a\u00f1os, ofician misa en memoria de las v\u00edctimas de explosiones de 1992 - Canal 7 SLP - 2023","isPartOf":{"@id":"https:\/\/canal7slp.tv\/2023\/#website"},"primaryImageOfPage":{"@id":"https:\/\/canal7slp.tv\/2023\/a-31-anos-ofician-misa-en-memoria-de-las-victimas-de-explosiones-de-1992\/#primaryimage"},"image":{"@id":"https:\/\/canal7slp.tv\/2023\/a-31-anos-ofician-misa-en-memoria-de-las-victimas-de-explosiones-de-1992\/#primaryimage"},"thumbnailUrl":"https:\/\/canal7slp.tv\/2023\/wp-content\/uploads\/2023\/04\/04-13.jpg","datePublished":"2023-04-23T22:10:59+00:00","breadcrumb":{"@id":"https:\/\/canal7slp.tv\/2023\/a-31-anos-ofician-misa-en-memoria-de-las-victimas-de-explosiones-de-1992\/#breadcrumb"},"inLanguage":"es","potentialAction":[{"@type":"ReadAction","target":["https:\/\/canal7slp.tv\/2023\/a-31-anos-ofician-misa-en-memoria-de-las-victimas-de-explosiones-de-1992\/"]}]},{"@type":"ImageObject","inLanguage":"es","@id":"https:\/\/canal7slp.tv\/2023\/a-31-anos-ofician-misa-en-memoria-de-las-victimas-de-explosiones-de-1992\/#primaryimage","url":"https:\/\/canal7slp.tv\/2023\/wp-content\/uploads\/2023\/04\/04-13.jpg","contentUrl":"https:\/\/canal7slp.tv\/2023\/wp-content\/uploads\/2023\/04\/04-13.jpg","width":1200,"height":740},{"@type":"BreadcrumbList","@id":"https:\/\/canal7slp.tv\/2023\/a-31-anos-ofician-misa-en-memoria-de-las-victimas-de-explosiones-de-1992\/#breadcrumb","itemListElement":[{"@type":"ListItem","position":1,"name":"Portada","item":"https:\/\/canal7slp.tv\/2023\/"},{"@type":"ListItem","position":2,"name":"A 31 a\u00f1os, ofician misa en memoria de las v\u00edctimas de explosiones de 1992"}]},{"@type":"WebSite","@id":"https:\/\/canal7slp.tv\/2023\/#website","url":"https:\/\/canal7slp.tv\/2023\/","name":"N7 - Noticieros Canal 7","description":"Somos Televisi\u00f3n","publisher":{"@id":"https:\/\/canal7slp.tv\/2023\/#organization"},"potentialAction":[{"@type":"SearchAction","target":{"@type":"EntryPoint","urlTemplate":"https:\/\/canal7slp.tv\/2023\/?s={search_term_string}"},"query-input":{"@type":"PropertyValueSpecification","valueRequired":true,"valueName":"search_term_string"}}],"inLanguage":"es"},{"@type":"Organization","@id":"https:\/\/canal7slp.tv\/2023\/#organization","name":"Noticieros Canal 7","url":"https:\/\/canal7slp.tv\/2023\/","logo":{"@type":"ImageObject","inLanguage":"es","@id":"https:\/\/canal7slp.tv\/2023\/#\/schema\/logo\/image\/","url":"https:\/\/canal7slp.tv\/2023\/wp-content\/uploads\/2021\/01\/logo-noticieros@2x.png","contentUrl":"https:\/\/canal7slp.tv\/2023\/wp-content\/uploads\/2021\/01\/logo-noticieros@2x.png","width":1017,"height":268,"caption":"Noticieros Canal 7"},"image":{"@id":"https:\/\/canal7slp.tv\/2023\/#\/schema\/logo\/image\/"},"sameAs":["https:\/\/www.facebook.com\/noticieroscanalsiete","https:\/\/x.com\/NOTICIEROS7","https:\/\/www.instagram.com\/canal7_slp","https:\/\/www.youtube.com\/channel\/UCliiYs-gP3JfJeqdPrNdd5A"]},{"@type":"Person","@id":"https:\/\/canal7slp.tv\/2023\/#\/schema\/person\/639c424e3584069003b11ae813915da6","name":"Edici\u00f3n Web","image":{"@type":"ImageObject","inLanguage":"es","@id":"https:\/\/secure.gravatar.com\/avatar\/eee448fc3f7164808013b816ba91ac7e43bbe82a70bebac296f8bc6f0addaa1a?s=96&d=mm&r=g","url":"https:\/\/secure.gravatar.com\/avatar\/eee448fc3f7164808013b816ba91ac7e43bbe82a70bebac296f8bc6f0addaa1a?s=96&d=mm&r=g","contentUrl":"https:\/\/secure.gravatar.com\/avatar\/eee448fc3f7164808013b816ba91ac7e43bbe82a70bebac296f8bc6f0addaa1a?s=96&d=mm&r=g","caption":"Edici\u00f3n Web"},"url":"https:\/\/canal7slp.tv\/2023\/author\/edicionweb\/"}]}},"_links":{"self":[{"href":"https:\/\/canal7slp.tv\/2023\/wp-json\/wp\/v2\/posts\/93407","targetHints":{"allow":["GET"]}}],"collection":[{"href":"https:\/\/canal7slp.tv\/2023\/wp-json\/wp\/v2\/posts"}],"about":[{"href":"https:\/\/canal7slp.tv\/2023\/wp-json\/wp\/v2\/types\/post"}],"author":[{"embeddable":true,"href":"https:\/\/canal7slp.tv\/2023\/wp-json\/wp\/v2\/users\/2"}],"replies":[{"embeddable":true,"href":"https:\/\/canal7slp.tv\/2023\/wp-json\/wp\/v2\/comments?post=93407"}],"version-history":[{"count":3,"href":"https:\/\/canal7slp.tv\/2023\/wp-json\/wp\/v2\/posts\/93407\/revisions"}],"predecessor-version":[{"id":93496,"href":"https:\/\/canal7slp.tv\/2023\/wp-json\/wp\/v2\/posts\/93407\/revisions\/93496"}],"wp:featuredmedia":[{"embeddable":true,"href":"https:\/\/canal7slp.tv\/2023\/wp-json\/wp\/v2\/media\/93421"}],"wp:attachment":[{"href":"https:\/\/canal7slp.tv\/2023\/wp-json\/wp\/v2\/media?parent=93407"}],"wp:term":[{"taxonomy":"category","embeddable":true,"href":"https:\/\/canal7slp.tv\/2023\/wp-json\/wp\/v2\/categories?post=93407"},{"taxonomy":"post_tag","embeddable":true,"href":"https:\/\/canal7slp.tv\/2023\/wp-json\/wp\/v2\/tags?post=93407"}],"curies":[{"name":"wp","href":"https:\/\/api.w.org\/{rel}","templated":true}]}}