{"id":93406,"date":"2023-04-23T16:09:23","date_gmt":"2023-04-23T22:09:23","guid":{"rendered":"https:\/\/canal7slp.tv\/2023\/?p=93406"},"modified":"2023-04-23T16:09:23","modified_gmt":"2023-04-23T22:09:23","slug":"familiares-de-debanhi-acusan-que-no-hay-avances-en-la-investigacion","status":"publish","type":"post","link":"https:\/\/canal7slp.tv\/2023\/familiares-de-debanhi-acusan-que-no-hay-avances-en-la-investigacion\/","title":{"rendered":"Familiares de Debanhi acusan que no hay avances en la investigaci\u00f3n"},"content":{"rendered":"<ul>\n<li>Condenan que a un a\u00f1o del feminicidio, no hay culpables.<\/li>\n<\/ul>\n<p style=\"text-align: justify;\">M\u00e9xico.- Los padres de Debanhi Escobar Bazald\u00faa, pidieron al presidente Andr\u00e9s Manuel L\u00f3pez Obrador una audiencia para exponerle que no hay avances en las investigaciones y recordaron que en mayo de 2022 les dio su palabra de que antes de terminar su mandato se ten\u00eda que resolver el caso.<\/p>\n<p style=\"text-align: justify;\">Mario Escobar se\u00f1al\u00f3 sentirse decepcionado porque ya no hay el acompa\u00f1amiento que en los primeros meses le dio el Gobierno Federal, cuando en el espacio de Cero Impunidad se daba un informe de avances cada 15 d\u00edas o por lo menos cada mes.<\/p>\n<p style=\"text-align: justify;\">Asimismo, dijo que lo mismo prometi\u00f3 Rosa Icela Rodr\u00edguez, secretaria de Seguridad, cuando vino en enero pasado y les dijo \u00ablos vamos a ayudar\u00bb.<\/p>\n<p style=\"text-align: justify;\">Pero result\u00f3 que el subsecretario Ricardo Mej\u00eda Berdeja, que daba el reporte de avances y se manten\u00eda al pendiente \u00abpor cuestiones pol\u00edticas\u00bb dej\u00f3 el caso y ya no se le dio difusi\u00f3n medi\u00e1tica al caso Debanhi.<\/p>\n<p style=\"text-align: justify;\">Por eso, expres\u00f3 alzando la voz, \u00abyo le digo a Andr\u00e9s Manuel L\u00f3pez Obrador que quiero otra audiencia con \u00e9l, porque me dio su palabra, porque es hombre y yo soy hombre, entonces tenemos que respetarnos porque la palabra vale m\u00e1s que cualquier documento\u00bb.<\/p>\n","protected":false},"excerpt":{"rendered":"<p>Condenan que a un a\u00f1o del feminicidio, no hay culpables. M\u00e9xico.- Los padres de Debanhi Escobar Bazald\u00faa, pidieron al presidente Andr\u00e9s Manuel L\u00f3pez Obrador una audiencia para exponerle que no hay avances en las investigaciones y recordaron que en mayo de 2022 les dio su palabra de que antes de terminar su mandato se ten\u00eda que resolver el caso. Mario Escobar se\u00f1al\u00f3 sentirse decepcionado porque ya no hay el acompa\u00f1amiento que en los primeros meses le dio el Gobierno Federal, cuando en el espacio de Cero Impunidad se daba un informe de avances cada 15 d\u00edas o por lo menos [&hellip;]<\/p>\n","protected":false},"author":2,"featured_media":93420,"comment_status":"closed","ping_status":"closed","sticky":false,"template":"","format":"standard","meta":{"footnotes":""},"categories":[46],"tags":[],"class_list":["post-93406","post","type-post","status-publish","format-standard","has-post-thumbnail","hentry","category-nacional","post--single"],"yoast_head":"<!-- This site is optimized with the Yoast SEO plugin v27.4 - https:\/\/yoast.com\/product\/yoast-seo-wordpress\/ -->\n<title>Familiares de Debanhi acusan que no hay avances en la investigaci\u00f3n - Canal 7 SLP - 2023<\/title>\n<meta name=\"robots\" content=\"index, follow, max-snippet:-1, max-image-preview:large, max-video-preview:-1\" \/>\n<link rel=\"canonical\" href=\"https:\/\/canal7slp.tv\/2023\/familiares-de-debanhi-acusan-que-no-hay-avances-en-la-investigacion\/\" \/>\n<meta property=\"og:locale\" content=\"es_ES\" \/>\n<meta property=\"og:type\" content=\"article\" \/>\n<meta property=\"og:title\" content=\"Familiares de Debanhi acusan que no hay avances en la investigaci\u00f3n - Canal 7 SLP - 2023\" \/>\n<meta property=\"og:description\" content=\"Condenan que a un a\u00f1o del feminicidio, no hay culpables. M\u00e9xico.- Los padres de Debanhi Escobar Bazald\u00faa, pidieron al presidente Andr\u00e9s Manuel L\u00f3pez Obrador una audiencia para exponerle que no hay avances en las investigaciones y recordaron que en mayo de 2022 les dio su palabra de que antes de terminar su mandato se ten\u00eda que resolver el caso. Mario Escobar se\u00f1al\u00f3 sentirse decepcionado porque ya no hay el acompa\u00f1amiento que en los primeros meses le dio el Gobierno Federal, cuando en el espacio de Cero Impunidad se daba un informe de avances cada 15 d\u00edas o por lo menos [&hellip;]\" \/>\n<meta property=\"og:url\" content=\"https:\/\/canal7slp.tv\/2023\/familiares-de-debanhi-acusan-que-no-hay-avances-en-la-investigacion\/\" \/>\n<meta property=\"og:site_name\" content=\"Canal 7 SLP - 2023\" \/>\n<meta property=\"article:publisher\" content=\"https:\/\/www.facebook.com\/noticieroscanalsiete\" \/>\n<meta property=\"article:published_time\" content=\"2023-04-23T22:09:23+00:00\" \/>\n<meta property=\"og:image\" content=\"https:\/\/canal7slp.tv\/2023\/wp-content\/uploads\/2023\/04\/03-11.jpg\" \/>\n\t<meta property=\"og:image:width\" content=\"1024\" \/>\n\t<meta property=\"og:image:height\" content=\"683\" \/>\n\t<meta property=\"og:image:type\" content=\"image\/jpeg\" \/>\n<meta name=\"author\" content=\"Edici\u00f3n Web\" \/>\n<meta name=\"twitter:card\" content=\"summary_large_image\" \/>\n<meta name=\"twitter:creator\" content=\"@NOTICIEROS7\" \/>\n<meta name=\"twitter:site\" content=\"@NOTICIEROS7\" \/>\n<meta name=\"twitter:label1\" content=\"Escrito por\" \/>\n\t<meta name=\"twitter:data1\" content=\"Edici\u00f3n Web\" \/>\n\t<meta name=\"twitter:label2\" content=\"Tiempo de lectura\" \/>\n\t<meta name=\"twitter:data2\" content=\"1 minuto\" \/>\n<script type=\"application\/ld+json\" class=\"yoast-schema-graph\">{\"@context\":\"https:\\\/\\\/schema.org\",\"@graph\":[{\"@type\":\"Article\",\"@id\":\"https:\\\/\\\/canal7slp.tv\\\/2023\\\/familiares-de-debanhi-acusan-que-no-hay-avances-en-la-investigacion\\\/#article\",\"isPartOf\":{\"@id\":\"https:\\\/\\\/canal7slp.tv\\\/2023\\\/familiares-de-debanhi-acusan-que-no-hay-avances-en-la-investigacion\\\/\"},\"author\":{\"name\":\"Edici\u00f3n Web\",\"@id\":\"https:\\\/\\\/canal7slp.tv\\\/2023\\\/#\\\/schema\\\/person\\\/639c424e3584069003b11ae813915da6\"},\"headline\":\"Familiares de Debanhi acusan que no hay avances en la investigaci\u00f3n\",\"datePublished\":\"2023-04-23T22:09:23+00:00\",\"mainEntityOfPage\":{\"@id\":\"https:\\\/\\\/canal7slp.tv\\\/2023\\\/familiares-de-debanhi-acusan-que-no-hay-avances-en-la-investigacion\\\/\"},\"wordCount\":235,\"publisher\":{\"@id\":\"https:\\\/\\\/canal7slp.tv\\\/2023\\\/#organization\"},\"image\":{\"@id\":\"https:\\\/\\\/canal7slp.tv\\\/2023\\\/familiares-de-debanhi-acusan-que-no-hay-avances-en-la-investigacion\\\/#primaryimage\"},\"thumbnailUrl\":\"https:\\\/\\\/canal7slp.tv\\\/2023\\\/wp-content\\\/uploads\\\/2023\\\/04\\\/03-11.jpg\",\"articleSection\":[\"NACIONALES\"],\"inLanguage\":\"es\"},{\"@type\":\"WebPage\",\"@id\":\"https:\\\/\\\/canal7slp.tv\\\/2023\\\/familiares-de-debanhi-acusan-que-no-hay-avances-en-la-investigacion\\\/\",\"url\":\"https:\\\/\\\/canal7slp.tv\\\/2023\\\/familiares-de-debanhi-acusan-que-no-hay-avances-en-la-investigacion\\\/\",\"name\":\"Familiares de Debanhi acusan que no hay avances en la investigaci\u00f3n - Canal 7 SLP - 2023\",\"isPartOf\":{\"@id\":\"https:\\\/\\\/canal7slp.tv\\\/2023\\\/#website\"},\"primaryImageOfPage\":{\"@id\":\"https:\\\/\\\/canal7slp.tv\\\/2023\\\/familiares-de-debanhi-acusan-que-no-hay-avances-en-la-investigacion\\\/#primaryimage\"},\"image\":{\"@id\":\"https:\\\/\\\/canal7slp.tv\\\/2023\\\/familiares-de-debanhi-acusan-que-no-hay-avances-en-la-investigacion\\\/#primaryimage\"},\"thumbnailUrl\":\"https:\\\/\\\/canal7slp.tv\\\/2023\\\/wp-content\\\/uploads\\\/2023\\\/04\\\/03-11.jpg\",\"datePublished\":\"2023-04-23T22:09:23+00:00\",\"breadcrumb\":{\"@id\":\"https:\\\/\\\/canal7slp.tv\\\/2023\\\/familiares-de-debanhi-acusan-que-no-hay-avances-en-la-investigacion\\\/#breadcrumb\"},\"inLanguage\":\"es\",\"potentialAction\":[{\"@type\":\"ReadAction\",\"target\":[\"https:\\\/\\\/canal7slp.tv\\\/2023\\\/familiares-de-debanhi-acusan-que-no-hay-avances-en-la-investigacion\\\/\"]}]},{\"@type\":\"ImageObject\",\"inLanguage\":\"es\",\"@id\":\"https:\\\/\\\/canal7slp.tv\\\/2023\\\/familiares-de-debanhi-acusan-que-no-hay-avances-en-la-investigacion\\\/#primaryimage\",\"url\":\"https:\\\/\\\/canal7slp.tv\\\/2023\\\/wp-content\\\/uploads\\\/2023\\\/04\\\/03-11.jpg\",\"contentUrl\":\"https:\\\/\\\/canal7slp.tv\\\/2023\\\/wp-content\\\/uploads\\\/2023\\\/04\\\/03-11.jpg\",\"width\":1024,\"height\":683},{\"@type\":\"BreadcrumbList\",\"@id\":\"https:\\\/\\\/canal7slp.tv\\\/2023\\\/familiares-de-debanhi-acusan-que-no-hay-avances-en-la-investigacion\\\/#breadcrumb\",\"itemListElement\":[{\"@type\":\"ListItem\",\"position\":1,\"name\":\"Portada\",\"item\":\"https:\\\/\\\/canal7slp.tv\\\/2023\\\/\"},{\"@type\":\"ListItem\",\"position\":2,\"name\":\"Familiares de Debanhi acusan que no hay avances en la investigaci\u00f3n\"}]},{\"@type\":\"WebSite\",\"@id\":\"https:\\\/\\\/canal7slp.tv\\\/2023\\\/#website\",\"url\":\"https:\\\/\\\/canal7slp.tv\\\/2023\\\/\",\"name\":\"N7 - Noticieros Canal 7\",\"description\":\"Somos Televisi\u00f3n\",\"publisher\":{\"@id\":\"https:\\\/\\\/canal7slp.tv\\\/2023\\\/#organization\"},\"potentialAction\":[{\"@type\":\"SearchAction\",\"target\":{\"@type\":\"EntryPoint\",\"urlTemplate\":\"https:\\\/\\\/canal7slp.tv\\\/2023\\\/?s={search_term_string}\"},\"query-input\":{\"@type\":\"PropertyValueSpecification\",\"valueRequired\":true,\"valueName\":\"search_term_string\"}}],\"inLanguage\":\"es\"},{\"@type\":\"Organization\",\"@id\":\"https:\\\/\\\/canal7slp.tv\\\/2023\\\/#organization\",\"name\":\"Noticieros Canal 7\",\"url\":\"https:\\\/\\\/canal7slp.tv\\\/2023\\\/\",\"logo\":{\"@type\":\"ImageObject\",\"inLanguage\":\"es\",\"@id\":\"https:\\\/\\\/canal7slp.tv\\\/2023\\\/#\\\/schema\\\/logo\\\/image\\\/\",\"url\":\"https:\\\/\\\/canal7slp.tv\\\/2023\\\/wp-content\\\/uploads\\\/2021\\\/01\\\/logo-noticieros@2x.png\",\"contentUrl\":\"https:\\\/\\\/canal7slp.tv\\\/2023\\\/wp-content\\\/uploads\\\/2021\\\/01\\\/logo-noticieros@2x.png\",\"width\":1017,\"height\":268,\"caption\":\"Noticieros Canal 7\"},\"image\":{\"@id\":\"https:\\\/\\\/canal7slp.tv\\\/2023\\\/#\\\/schema\\\/logo\\\/image\\\/\"},\"sameAs\":[\"https:\\\/\\\/www.facebook.com\\\/noticieroscanalsiete\",\"https:\\\/\\\/x.com\\\/NOTICIEROS7\",\"https:\\\/\\\/www.instagram.com\\\/canal7_slp\",\"https:\\\/\\\/www.youtube.com\\\/channel\\\/UCliiYs-gP3JfJeqdPrNdd5A\"]},{\"@type\":\"Person\",\"@id\":\"https:\\\/\\\/canal7slp.tv\\\/2023\\\/#\\\/schema\\\/person\\\/639c424e3584069003b11ae813915da6\",\"name\":\"Edici\u00f3n Web\",\"image\":{\"@type\":\"ImageObject\",\"inLanguage\":\"es\",\"@id\":\"https:\\\/\\\/secure.gravatar.com\\\/avatar\\\/eee448fc3f7164808013b816ba91ac7e43bbe82a70bebac296f8bc6f0addaa1a?s=96&d=mm&r=g\",\"url\":\"https:\\\/\\\/secure.gravatar.com\\\/avatar\\\/eee448fc3f7164808013b816ba91ac7e43bbe82a70bebac296f8bc6f0addaa1a?s=96&d=mm&r=g\",\"contentUrl\":\"https:\\\/\\\/secure.gravatar.com\\\/avatar\\\/eee448fc3f7164808013b816ba91ac7e43bbe82a70bebac296f8bc6f0addaa1a?s=96&d=mm&r=g\",\"caption\":\"Edici\u00f3n Web\"},\"url\":\"https:\\\/\\\/canal7slp.tv\\\/2023\\\/author\\\/edicionweb\\\/\"}]}<\/script>\n<!-- \/ Yoast SEO plugin. -->","yoast_head_json":{"title":"Familiares de Debanhi acusan que no hay avances en la investigaci\u00f3n - Canal 7 SLP - 2023","robots":{"index":"index","follow":"follow","max-snippet":"max-snippet:-1","max-image-preview":"max-image-preview:large","max-video-preview":"max-video-preview:-1"},"canonical":"https:\/\/canal7slp.tv\/2023\/familiares-de-debanhi-acusan-que-no-hay-avances-en-la-investigacion\/","og_locale":"es_ES","og_type":"article","og_title":"Familiares de Debanhi acusan que no hay avances en la investigaci\u00f3n - Canal 7 SLP - 2023","og_description":"Condenan que a un a\u00f1o del feminicidio, no hay culpables. M\u00e9xico.- Los padres de Debanhi Escobar Bazald\u00faa, pidieron al presidente Andr\u00e9s Manuel L\u00f3pez Obrador una audiencia para exponerle que no hay avances en las investigaciones y recordaron que en mayo de 2022 les dio su palabra de que antes de terminar su mandato se ten\u00eda que resolver el caso. Mario Escobar se\u00f1al\u00f3 sentirse decepcionado porque ya no hay el acompa\u00f1amiento que en los primeros meses le dio el Gobierno Federal, cuando en el espacio de Cero Impunidad se daba un informe de avances cada 15 d\u00edas o por lo menos [&hellip;]","og_url":"https:\/\/canal7slp.tv\/2023\/familiares-de-debanhi-acusan-que-no-hay-avances-en-la-investigacion\/","og_site_name":"Canal 7 SLP - 2023","article_publisher":"https:\/\/www.facebook.com\/noticieroscanalsiete","article_published_time":"2023-04-23T22:09:23+00:00","og_image":[{"width":1024,"height":683,"url":"https:\/\/canal7slp.tv\/2023\/wp-content\/uploads\/2023\/04\/03-11.jpg","type":"image\/jpeg"}],"author":"Edici\u00f3n Web","twitter_card":"summary_large_image","twitter_creator":"@NOTICIEROS7","twitter_site":"@NOTICIEROS7","twitter_misc":{"Escrito por":"Edici\u00f3n Web","Tiempo de lectura":"1 minuto"},"schema":{"@context":"https:\/\/schema.org","@graph":[{"@type":"Article","@id":"https:\/\/canal7slp.tv\/2023\/familiares-de-debanhi-acusan-que-no-hay-avances-en-la-investigacion\/#article","isPartOf":{"@id":"https:\/\/canal7slp.tv\/2023\/familiares-de-debanhi-acusan-que-no-hay-avances-en-la-investigacion\/"},"author":{"name":"Edici\u00f3n Web","@id":"https:\/\/canal7slp.tv\/2023\/#\/schema\/person\/639c424e3584069003b11ae813915da6"},"headline":"Familiares de Debanhi acusan que no hay avances en la investigaci\u00f3n","datePublished":"2023-04-23T22:09:23+00:00","mainEntityOfPage":{"@id":"https:\/\/canal7slp.tv\/2023\/familiares-de-debanhi-acusan-que-no-hay-avances-en-la-investigacion\/"},"wordCount":235,"publisher":{"@id":"https:\/\/canal7slp.tv\/2023\/#organization"},"image":{"@id":"https:\/\/canal7slp.tv\/2023\/familiares-de-debanhi-acusan-que-no-hay-avances-en-la-investigacion\/#primaryimage"},"thumbnailUrl":"https:\/\/canal7slp.tv\/2023\/wp-content\/uploads\/2023\/04\/03-11.jpg","articleSection":["NACIONALES"],"inLanguage":"es"},{"@type":"WebPage","@id":"https:\/\/canal7slp.tv\/2023\/familiares-de-debanhi-acusan-que-no-hay-avances-en-la-investigacion\/","url":"https:\/\/canal7slp.tv\/2023\/familiares-de-debanhi-acusan-que-no-hay-avances-en-la-investigacion\/","name":"Familiares de Debanhi acusan que no hay avances en la investigaci\u00f3n - Canal 7 SLP - 2023","isPartOf":{"@id":"https:\/\/canal7slp.tv\/2023\/#website"},"primaryImageOfPage":{"@id":"https:\/\/canal7slp.tv\/2023\/familiares-de-debanhi-acusan-que-no-hay-avances-en-la-investigacion\/#primaryimage"},"image":{"@id":"https:\/\/canal7slp.tv\/2023\/familiares-de-debanhi-acusan-que-no-hay-avances-en-la-investigacion\/#primaryimage"},"thumbnailUrl":"https:\/\/canal7slp.tv\/2023\/wp-content\/uploads\/2023\/04\/03-11.jpg","datePublished":"2023-04-23T22:09:23+00:00","breadcrumb":{"@id":"https:\/\/canal7slp.tv\/2023\/familiares-de-debanhi-acusan-que-no-hay-avances-en-la-investigacion\/#breadcrumb"},"inLanguage":"es","potentialAction":[{"@type":"ReadAction","target":["https:\/\/canal7slp.tv\/2023\/familiares-de-debanhi-acusan-que-no-hay-avances-en-la-investigacion\/"]}]},{"@type":"ImageObject","inLanguage":"es","@id":"https:\/\/canal7slp.tv\/2023\/familiares-de-debanhi-acusan-que-no-hay-avances-en-la-investigacion\/#primaryimage","url":"https:\/\/canal7slp.tv\/2023\/wp-content\/uploads\/2023\/04\/03-11.jpg","contentUrl":"https:\/\/canal7slp.tv\/2023\/wp-content\/uploads\/2023\/04\/03-11.jpg","width":1024,"height":683},{"@type":"BreadcrumbList","@id":"https:\/\/canal7slp.tv\/2023\/familiares-de-debanhi-acusan-que-no-hay-avances-en-la-investigacion\/#breadcrumb","itemListElement":[{"@type":"ListItem","position":1,"name":"Portada","item":"https:\/\/canal7slp.tv\/2023\/"},{"@type":"ListItem","position":2,"name":"Familiares de Debanhi acusan que no hay avances en la investigaci\u00f3n"}]},{"@type":"WebSite","@id":"https:\/\/canal7slp.tv\/2023\/#website","url":"https:\/\/canal7slp.tv\/2023\/","name":"N7 - Noticieros Canal 7","description":"Somos Televisi\u00f3n","publisher":{"@id":"https:\/\/canal7slp.tv\/2023\/#organization"},"potentialAction":[{"@type":"SearchAction","target":{"@type":"EntryPoint","urlTemplate":"https:\/\/canal7slp.tv\/2023\/?s={search_term_string}"},"query-input":{"@type":"PropertyValueSpecification","valueRequired":true,"valueName":"search_term_string"}}],"inLanguage":"es"},{"@type":"Organization","@id":"https:\/\/canal7slp.tv\/2023\/#organization","name":"Noticieros Canal 7","url":"https:\/\/canal7slp.tv\/2023\/","logo":{"@type":"ImageObject","inLanguage":"es","@id":"https:\/\/canal7slp.tv\/2023\/#\/schema\/logo\/image\/","url":"https:\/\/canal7slp.tv\/2023\/wp-content\/uploads\/2021\/01\/logo-noticieros@2x.png","contentUrl":"https:\/\/canal7slp.tv\/2023\/wp-content\/uploads\/2021\/01\/logo-noticieros@2x.png","width":1017,"height":268,"caption":"Noticieros Canal 7"},"image":{"@id":"https:\/\/canal7slp.tv\/2023\/#\/schema\/logo\/image\/"},"sameAs":["https:\/\/www.facebook.com\/noticieroscanalsiete","https:\/\/x.com\/NOTICIEROS7","https:\/\/www.instagram.com\/canal7_slp","https:\/\/www.youtube.com\/channel\/UCliiYs-gP3JfJeqdPrNdd5A"]},{"@type":"Person","@id":"https:\/\/canal7slp.tv\/2023\/#\/schema\/person\/639c424e3584069003b11ae813915da6","name":"Edici\u00f3n Web","image":{"@type":"ImageObject","inLanguage":"es","@id":"https:\/\/secure.gravatar.com\/avatar\/eee448fc3f7164808013b816ba91ac7e43bbe82a70bebac296f8bc6f0addaa1a?s=96&d=mm&r=g","url":"https:\/\/secure.gravatar.com\/avatar\/eee448fc3f7164808013b816ba91ac7e43bbe82a70bebac296f8bc6f0addaa1a?s=96&d=mm&r=g","contentUrl":"https:\/\/secure.gravatar.com\/avatar\/eee448fc3f7164808013b816ba91ac7e43bbe82a70bebac296f8bc6f0addaa1a?s=96&d=mm&r=g","caption":"Edici\u00f3n Web"},"url":"https:\/\/canal7slp.tv\/2023\/author\/edicionweb\/"}]}},"_links":{"self":[{"href":"https:\/\/canal7slp.tv\/2023\/wp-json\/wp\/v2\/posts\/93406","targetHints":{"allow":["GET"]}}],"collection":[{"href":"https:\/\/canal7slp.tv\/2023\/wp-json\/wp\/v2\/posts"}],"about":[{"href":"https:\/\/canal7slp.tv\/2023\/wp-json\/wp\/v2\/types\/post"}],"author":[{"embeddable":true,"href":"https:\/\/canal7slp.tv\/2023\/wp-json\/wp\/v2\/users\/2"}],"replies":[{"embeddable":true,"href":"https:\/\/canal7slp.tv\/2023\/wp-json\/wp\/v2\/comments?post=93406"}],"version-history":[{"count":3,"href":"https:\/\/canal7slp.tv\/2023\/wp-json\/wp\/v2\/posts\/93406\/revisions"}],"predecessor-version":[{"id":93495,"href":"https:\/\/canal7slp.tv\/2023\/wp-json\/wp\/v2\/posts\/93406\/revisions\/93495"}],"wp:featuredmedia":[{"embeddable":true,"href":"https:\/\/canal7slp.tv\/2023\/wp-json\/wp\/v2\/media\/93420"}],"wp:attachment":[{"href":"https:\/\/canal7slp.tv\/2023\/wp-json\/wp\/v2\/media?parent=93406"}],"wp:term":[{"taxonomy":"category","embeddable":true,"href":"https:\/\/canal7slp.tv\/2023\/wp-json\/wp\/v2\/categories?post=93406"},{"taxonomy":"post_tag","embeddable":true,"href":"https:\/\/canal7slp.tv\/2023\/wp-json\/wp\/v2\/tags?post=93406"}],"curies":[{"name":"wp","href":"https:\/\/api.w.org\/{rel}","templated":true}]}}