{"id":92819,"date":"2023-04-14T23:46:07","date_gmt":"2023-04-15T05:46:07","guid":{"rendered":"https:\/\/canal7slp.tv\/2023\/?p=92819"},"modified":"2023-04-16T08:41:59","modified_gmt":"2023-04-16T14:41:59","slug":"joven-de-quince-anos-cumplio-mas-de-veinte-dias-desaparecida-su-mama-pide-apoyo-para-encontrarla","status":"publish","type":"post","link":"https:\/\/canal7slp.tv\/2023\/joven-de-quince-anos-cumplio-mas-de-veinte-dias-desaparecida-su-mama-pide-apoyo-para-encontrarla\/","title":{"rendered":"Joven de quince a\u00f1os cumpli\u00f3 m\u00e1s de veinte d\u00edas desaparecida, su mam\u00e1 pide apoyo para encontrarla"},"content":{"rendered":"<p style=\"text-align: justify;\">Matehuala.- Martha Alicia Garc\u00eda Mart\u00ednez ha emprendido una b\u00fasqueda por toda la ciudad de Matehuala, luego de que su hija Monserrat de 15 a\u00f1os, desapareciera de la ciudad, esto tras presuntamente conocer a un hombre que viv\u00eda en Sinaloa, a trav\u00e9s de las redes sociales.<\/p>\n<p style=\"text-align: justify;\">Tras la desaparici\u00f3n, Garc\u00eda Mart\u00ednez acudi\u00f3 a la Fiscal\u00eda General del Estado, \u00abal otro d\u00eda voy e interpongo la demanda, me dicen que le van a dar seguimiento, les dej\u00e9 un n\u00famero de tel\u00e9fono y que lo iban a rastrear, pero que no se pudo, fui antier y me dicen que ellos siguen trabajando\u00bb, dijo.<\/p>\n<p style=\"text-align: justify;\">La madre de Monserrat mencion\u00f3 que no ve la suficiente respuesta por parte de las autoridades, \u00abluego me mandan con el comandante de la PGR y me dice que no es ni la primera ni la \u00faltima que se pierde, entonces dice que si ella est\u00e1 por su propia voluntad no pod\u00eda hacer nada, que lo haga como a cualquier delincuente, es menor de edad, donde la encuentren me la traigan\u00bb.<\/p>\n<p style=\"text-align: justify;\">Garc\u00eda Mart\u00ednez describi\u00f3 c\u00f3mo ha vivido los \u00faltimos veinte d\u00edas, luego de que su hija desapareciera el pasado 22 de marzo, \u00abm\u00ed hija no sal\u00eda a la calle, ten\u00eda tres amigas, no andaba en las plazas pase\u00e1ndose, no sal\u00eda en la noche, no ten\u00eda novio, ha sido muy dif\u00edcil\u00bb.<\/p>\n<p style=\"text-align: justify;\">Al final pidi\u00f3 el apoyo de las autoridades, \u00aba d\u00f3nde me tengo que dirigir, a d\u00f3nde tengo que ir, a qui\u00e9n le tengo que gritar que me ayuden a buscarla, necesito que me ayuden a dar con ella, que no se queden con los brazos cruzados como est\u00e1n con el tel\u00e9fono\u00bb.<\/p>\n<p>Por: Jes\u00fas Valencia<\/p>\n","protected":false},"excerpt":{"rendered":"<p>Matehuala.- Martha Alicia Garc\u00eda Mart\u00ednez ha emprendido una b\u00fasqueda por toda la ciudad de Matehuala, luego de que su hija Monserrat de 15 a\u00f1os, desapareciera de la ciudad, esto tras presuntamente conocer a un hombre que viv\u00eda en Sinaloa, a trav\u00e9s de las redes sociales. Tras la desaparici\u00f3n, Garc\u00eda Mart\u00ednez acudi\u00f3 a la Fiscal\u00eda General del Estado, \u00abal otro d\u00eda voy e interpongo la demanda, me dicen que le van a dar seguimiento, les dej\u00e9 un n\u00famero de tel\u00e9fono y que lo iban a rastrear, pero que no se pudo, fui antier y me dicen que ellos siguen trabajando\u00bb, dijo. [&hellip;]<\/p>\n","protected":false},"author":2,"featured_media":92821,"comment_status":"closed","ping_status":"closed","sticky":false,"template":"","format":"video","meta":{"footnotes":""},"categories":[5,43],"tags":[],"class_list":["post-92819","post","type-post","status-publish","format-video","has-post-thumbnail","hentry","category-destacadas","category-interior","post_format-post-format-video","post--single"],"yoast_head":"<!-- This site is optimized with the Yoast SEO plugin v27.5 - https:\/\/yoast.com\/product\/yoast-seo-wordpress\/ -->\n<title>Joven de quince a\u00f1os cumpli\u00f3 m\u00e1s de veinte d\u00edas desaparecida, su mam\u00e1 pide apoyo para encontrarla - Canal 7 SLP - 2023<\/title>\n<meta name=\"robots\" content=\"index, follow, max-snippet:-1, max-image-preview:large, max-video-preview:-1\" \/>\n<link rel=\"canonical\" href=\"https:\/\/canal7slp.tv\/2023\/joven-de-quince-anos-cumplio-mas-de-veinte-dias-desaparecida-su-mama-pide-apoyo-para-encontrarla\/\" \/>\n<meta property=\"og:locale\" content=\"es_ES\" \/>\n<meta property=\"og:type\" content=\"article\" \/>\n<meta property=\"og:title\" content=\"Joven de quince a\u00f1os cumpli\u00f3 m\u00e1s de veinte d\u00edas desaparecida, su mam\u00e1 pide apoyo para encontrarla - Canal 7 SLP - 2023\" \/>\n<meta property=\"og:description\" content=\"Matehuala.- Martha Alicia Garc\u00eda Mart\u00ednez ha emprendido una b\u00fasqueda por toda la ciudad de Matehuala, luego de que su hija Monserrat de 15 a\u00f1os, desapareciera de la ciudad, esto tras presuntamente conocer a un hombre que viv\u00eda en Sinaloa, a trav\u00e9s de las redes sociales. Tras la desaparici\u00f3n, Garc\u00eda Mart\u00ednez acudi\u00f3 a la Fiscal\u00eda General del Estado, \u00abal otro d\u00eda voy e interpongo la demanda, me dicen que le van a dar seguimiento, les dej\u00e9 un n\u00famero de tel\u00e9fono y que lo iban a rastrear, pero que no se pudo, fui antier y me dicen que ellos siguen trabajando\u00bb, dijo. [&hellip;]\" \/>\n<meta property=\"og:url\" content=\"https:\/\/canal7slp.tv\/2023\/joven-de-quince-anos-cumplio-mas-de-veinte-dias-desaparecida-su-mama-pide-apoyo-para-encontrarla\/\" \/>\n<meta property=\"og:site_name\" content=\"Canal 7 SLP - 2023\" \/>\n<meta property=\"article:publisher\" content=\"https:\/\/www.facebook.com\/noticieroscanalsiete\" \/>\n<meta property=\"article:published_time\" content=\"2023-04-15T05:46:07+00:00\" \/>\n<meta property=\"article:modified_time\" content=\"2023-04-16T14:41:59+00:00\" \/>\n<meta property=\"og:image\" content=\"https:\/\/canal7slp.tv\/2023\/wp-content\/uploads\/2023\/04\/reporte.jpg\" \/>\n\t<meta property=\"og:image:width\" content=\"640\" \/>\n\t<meta property=\"og:image:height\" content=\"352\" \/>\n\t<meta property=\"og:image:type\" content=\"image\/jpeg\" \/>\n<meta name=\"author\" content=\"Edici\u00f3n Web\" \/>\n<meta name=\"twitter:card\" content=\"summary_large_image\" \/>\n<meta name=\"twitter:creator\" content=\"@NOTICIEROS7\" \/>\n<meta name=\"twitter:site\" content=\"@NOTICIEROS7\" \/>\n<meta name=\"twitter:label1\" content=\"Escrito por\" \/>\n\t<meta name=\"twitter:data1\" content=\"Edici\u00f3n Web\" \/>\n\t<meta name=\"twitter:label2\" content=\"Tiempo de lectura\" \/>\n\t<meta name=\"twitter:data2\" content=\"2 minutos\" \/>\n<script type=\"application\/ld+json\" class=\"yoast-schema-graph\">{\"@context\":\"https:\\\/\\\/schema.org\",\"@graph\":[{\"@type\":\"Article\",\"@id\":\"https:\\\/\\\/canal7slp.tv\\\/2023\\\/joven-de-quince-anos-cumplio-mas-de-veinte-dias-desaparecida-su-mama-pide-apoyo-para-encontrarla\\\/#article\",\"isPartOf\":{\"@id\":\"https:\\\/\\\/canal7slp.tv\\\/2023\\\/joven-de-quince-anos-cumplio-mas-de-veinte-dias-desaparecida-su-mama-pide-apoyo-para-encontrarla\\\/\"},\"author\":{\"name\":\"Edici\u00f3n Web\",\"@id\":\"https:\\\/\\\/canal7slp.tv\\\/2023\\\/#\\\/schema\\\/person\\\/639c424e3584069003b11ae813915da6\"},\"headline\":\"Joven de quince a\u00f1os cumpli\u00f3 m\u00e1s de veinte d\u00edas desaparecida, su mam\u00e1 pide apoyo para encontrarla\",\"datePublished\":\"2023-04-15T05:46:07+00:00\",\"dateModified\":\"2023-04-16T14:41:59+00:00\",\"mainEntityOfPage\":{\"@id\":\"https:\\\/\\\/canal7slp.tv\\\/2023\\\/joven-de-quince-anos-cumplio-mas-de-veinte-dias-desaparecida-su-mama-pide-apoyo-para-encontrarla\\\/\"},\"wordCount\":322,\"publisher\":{\"@id\":\"https:\\\/\\\/canal7slp.tv\\\/2023\\\/#organization\"},\"image\":{\"@id\":\"https:\\\/\\\/canal7slp.tv\\\/2023\\\/joven-de-quince-anos-cumplio-mas-de-veinte-dias-desaparecida-su-mama-pide-apoyo-para-encontrarla\\\/#primaryimage\"},\"thumbnailUrl\":\"https:\\\/\\\/canal7slp.tv\\\/2023\\\/wp-content\\\/uploads\\\/2023\\\/04\\\/reporte.jpg\",\"articleSection\":[\"DESTACADAS\",\"INTERIOR DEL ESTADO\"],\"inLanguage\":\"es\"},{\"@type\":\"WebPage\",\"@id\":\"https:\\\/\\\/canal7slp.tv\\\/2023\\\/joven-de-quince-anos-cumplio-mas-de-veinte-dias-desaparecida-su-mama-pide-apoyo-para-encontrarla\\\/\",\"url\":\"https:\\\/\\\/canal7slp.tv\\\/2023\\\/joven-de-quince-anos-cumplio-mas-de-veinte-dias-desaparecida-su-mama-pide-apoyo-para-encontrarla\\\/\",\"name\":\"Joven de quince a\u00f1os cumpli\u00f3 m\u00e1s de veinte d\u00edas desaparecida, su mam\u00e1 pide apoyo para encontrarla - Canal 7 SLP - 2023\",\"isPartOf\":{\"@id\":\"https:\\\/\\\/canal7slp.tv\\\/2023\\\/#website\"},\"primaryImageOfPage\":{\"@id\":\"https:\\\/\\\/canal7slp.tv\\\/2023\\\/joven-de-quince-anos-cumplio-mas-de-veinte-dias-desaparecida-su-mama-pide-apoyo-para-encontrarla\\\/#primaryimage\"},\"image\":{\"@id\":\"https:\\\/\\\/canal7slp.tv\\\/2023\\\/joven-de-quince-anos-cumplio-mas-de-veinte-dias-desaparecida-su-mama-pide-apoyo-para-encontrarla\\\/#primaryimage\"},\"thumbnailUrl\":\"https:\\\/\\\/canal7slp.tv\\\/2023\\\/wp-content\\\/uploads\\\/2023\\\/04\\\/reporte.jpg\",\"datePublished\":\"2023-04-15T05:46:07+00:00\",\"dateModified\":\"2023-04-16T14:41:59+00:00\",\"breadcrumb\":{\"@id\":\"https:\\\/\\\/canal7slp.tv\\\/2023\\\/joven-de-quince-anos-cumplio-mas-de-veinte-dias-desaparecida-su-mama-pide-apoyo-para-encontrarla\\\/#breadcrumb\"},\"inLanguage\":\"es\",\"potentialAction\":[{\"@type\":\"ReadAction\",\"target\":[\"https:\\\/\\\/canal7slp.tv\\\/2023\\\/joven-de-quince-anos-cumplio-mas-de-veinte-dias-desaparecida-su-mama-pide-apoyo-para-encontrarla\\\/\"]}]},{\"@type\":\"ImageObject\",\"inLanguage\":\"es\",\"@id\":\"https:\\\/\\\/canal7slp.tv\\\/2023\\\/joven-de-quince-anos-cumplio-mas-de-veinte-dias-desaparecida-su-mama-pide-apoyo-para-encontrarla\\\/#primaryimage\",\"url\":\"https:\\\/\\\/canal7slp.tv\\\/2023\\\/wp-content\\\/uploads\\\/2023\\\/04\\\/reporte.jpg\",\"contentUrl\":\"https:\\\/\\\/canal7slp.tv\\\/2023\\\/wp-content\\\/uploads\\\/2023\\\/04\\\/reporte.jpg\",\"width\":640,\"height\":352},{\"@type\":\"BreadcrumbList\",\"@id\":\"https:\\\/\\\/canal7slp.tv\\\/2023\\\/joven-de-quince-anos-cumplio-mas-de-veinte-dias-desaparecida-su-mama-pide-apoyo-para-encontrarla\\\/#breadcrumb\",\"itemListElement\":[{\"@type\":\"ListItem\",\"position\":1,\"name\":\"Portada\",\"item\":\"https:\\\/\\\/canal7slp.tv\\\/2023\\\/\"},{\"@type\":\"ListItem\",\"position\":2,\"name\":\"Joven de quince a\u00f1os cumpli\u00f3 m\u00e1s de veinte d\u00edas desaparecida, su mam\u00e1 pide apoyo para encontrarla\"}]},{\"@type\":\"WebSite\",\"@id\":\"https:\\\/\\\/canal7slp.tv\\\/2023\\\/#website\",\"url\":\"https:\\\/\\\/canal7slp.tv\\\/2023\\\/\",\"name\":\"N7 - Noticieros Canal 7\",\"description\":\"Somos Televisi\u00f3n\",\"publisher\":{\"@id\":\"https:\\\/\\\/canal7slp.tv\\\/2023\\\/#organization\"},\"potentialAction\":[{\"@type\":\"SearchAction\",\"target\":{\"@type\":\"EntryPoint\",\"urlTemplate\":\"https:\\\/\\\/canal7slp.tv\\\/2023\\\/?s={search_term_string}\"},\"query-input\":{\"@type\":\"PropertyValueSpecification\",\"valueRequired\":true,\"valueName\":\"search_term_string\"}}],\"inLanguage\":\"es\"},{\"@type\":\"Organization\",\"@id\":\"https:\\\/\\\/canal7slp.tv\\\/2023\\\/#organization\",\"name\":\"Noticieros Canal 7\",\"url\":\"https:\\\/\\\/canal7slp.tv\\\/2023\\\/\",\"logo\":{\"@type\":\"ImageObject\",\"inLanguage\":\"es\",\"@id\":\"https:\\\/\\\/canal7slp.tv\\\/2023\\\/#\\\/schema\\\/logo\\\/image\\\/\",\"url\":\"https:\\\/\\\/canal7slp.tv\\\/2023\\\/wp-content\\\/uploads\\\/2021\\\/01\\\/logo-noticieros@2x.png\",\"contentUrl\":\"https:\\\/\\\/canal7slp.tv\\\/2023\\\/wp-content\\\/uploads\\\/2021\\\/01\\\/logo-noticieros@2x.png\",\"width\":1017,\"height\":268,\"caption\":\"Noticieros Canal 7\"},\"image\":{\"@id\":\"https:\\\/\\\/canal7slp.tv\\\/2023\\\/#\\\/schema\\\/logo\\\/image\\\/\"},\"sameAs\":[\"https:\\\/\\\/www.facebook.com\\\/noticieroscanalsiete\",\"https:\\\/\\\/x.com\\\/NOTICIEROS7\",\"https:\\\/\\\/www.instagram.com\\\/canal7_slp\",\"https:\\\/\\\/www.youtube.com\\\/channel\\\/UCliiYs-gP3JfJeqdPrNdd5A\"]},{\"@type\":\"Person\",\"@id\":\"https:\\\/\\\/canal7slp.tv\\\/2023\\\/#\\\/schema\\\/person\\\/639c424e3584069003b11ae813915da6\",\"name\":\"Edici\u00f3n Web\",\"image\":{\"@type\":\"ImageObject\",\"inLanguage\":\"es\",\"@id\":\"https:\\\/\\\/secure.gravatar.com\\\/avatar\\\/eee448fc3f7164808013b816ba91ac7e43bbe82a70bebac296f8bc6f0addaa1a?s=96&d=mm&r=g\",\"url\":\"https:\\\/\\\/secure.gravatar.com\\\/avatar\\\/eee448fc3f7164808013b816ba91ac7e43bbe82a70bebac296f8bc6f0addaa1a?s=96&d=mm&r=g\",\"contentUrl\":\"https:\\\/\\\/secure.gravatar.com\\\/avatar\\\/eee448fc3f7164808013b816ba91ac7e43bbe82a70bebac296f8bc6f0addaa1a?s=96&d=mm&r=g\",\"caption\":\"Edici\u00f3n Web\"},\"url\":\"https:\\\/\\\/canal7slp.tv\\\/2023\\\/author\\\/edicionweb\\\/\"}]}<\/script>\n<!-- \/ Yoast SEO plugin. -->","yoast_head_json":{"title":"Joven de quince a\u00f1os cumpli\u00f3 m\u00e1s de veinte d\u00edas desaparecida, su mam\u00e1 pide apoyo para encontrarla - Canal 7 SLP - 2023","robots":{"index":"index","follow":"follow","max-snippet":"max-snippet:-1","max-image-preview":"max-image-preview:large","max-video-preview":"max-video-preview:-1"},"canonical":"https:\/\/canal7slp.tv\/2023\/joven-de-quince-anos-cumplio-mas-de-veinte-dias-desaparecida-su-mama-pide-apoyo-para-encontrarla\/","og_locale":"es_ES","og_type":"article","og_title":"Joven de quince a\u00f1os cumpli\u00f3 m\u00e1s de veinte d\u00edas desaparecida, su mam\u00e1 pide apoyo para encontrarla - Canal 7 SLP - 2023","og_description":"Matehuala.- Martha Alicia Garc\u00eda Mart\u00ednez ha emprendido una b\u00fasqueda por toda la ciudad de Matehuala, luego de que su hija Monserrat de 15 a\u00f1os, desapareciera de la ciudad, esto tras presuntamente conocer a un hombre que viv\u00eda en Sinaloa, a trav\u00e9s de las redes sociales. Tras la desaparici\u00f3n, Garc\u00eda Mart\u00ednez acudi\u00f3 a la Fiscal\u00eda General del Estado, \u00abal otro d\u00eda voy e interpongo la demanda, me dicen que le van a dar seguimiento, les dej\u00e9 un n\u00famero de tel\u00e9fono y que lo iban a rastrear, pero que no se pudo, fui antier y me dicen que ellos siguen trabajando\u00bb, dijo. [&hellip;]","og_url":"https:\/\/canal7slp.tv\/2023\/joven-de-quince-anos-cumplio-mas-de-veinte-dias-desaparecida-su-mama-pide-apoyo-para-encontrarla\/","og_site_name":"Canal 7 SLP - 2023","article_publisher":"https:\/\/www.facebook.com\/noticieroscanalsiete","article_published_time":"2023-04-15T05:46:07+00:00","article_modified_time":"2023-04-16T14:41:59+00:00","og_image":[{"width":640,"height":352,"url":"https:\/\/canal7slp.tv\/2023\/wp-content\/uploads\/2023\/04\/reporte.jpg","type":"image\/jpeg"}],"author":"Edici\u00f3n Web","twitter_card":"summary_large_image","twitter_creator":"@NOTICIEROS7","twitter_site":"@NOTICIEROS7","twitter_misc":{"Escrito por":"Edici\u00f3n Web","Tiempo de lectura":"2 minutos"},"schema":{"@context":"https:\/\/schema.org","@graph":[{"@type":"Article","@id":"https:\/\/canal7slp.tv\/2023\/joven-de-quince-anos-cumplio-mas-de-veinte-dias-desaparecida-su-mama-pide-apoyo-para-encontrarla\/#article","isPartOf":{"@id":"https:\/\/canal7slp.tv\/2023\/joven-de-quince-anos-cumplio-mas-de-veinte-dias-desaparecida-su-mama-pide-apoyo-para-encontrarla\/"},"author":{"name":"Edici\u00f3n Web","@id":"https:\/\/canal7slp.tv\/2023\/#\/schema\/person\/639c424e3584069003b11ae813915da6"},"headline":"Joven de quince a\u00f1os cumpli\u00f3 m\u00e1s de veinte d\u00edas desaparecida, su mam\u00e1 pide apoyo para encontrarla","datePublished":"2023-04-15T05:46:07+00:00","dateModified":"2023-04-16T14:41:59+00:00","mainEntityOfPage":{"@id":"https:\/\/canal7slp.tv\/2023\/joven-de-quince-anos-cumplio-mas-de-veinte-dias-desaparecida-su-mama-pide-apoyo-para-encontrarla\/"},"wordCount":322,"publisher":{"@id":"https:\/\/canal7slp.tv\/2023\/#organization"},"image":{"@id":"https:\/\/canal7slp.tv\/2023\/joven-de-quince-anos-cumplio-mas-de-veinte-dias-desaparecida-su-mama-pide-apoyo-para-encontrarla\/#primaryimage"},"thumbnailUrl":"https:\/\/canal7slp.tv\/2023\/wp-content\/uploads\/2023\/04\/reporte.jpg","articleSection":["DESTACADAS","INTERIOR DEL ESTADO"],"inLanguage":"es"},{"@type":"WebPage","@id":"https:\/\/canal7slp.tv\/2023\/joven-de-quince-anos-cumplio-mas-de-veinte-dias-desaparecida-su-mama-pide-apoyo-para-encontrarla\/","url":"https:\/\/canal7slp.tv\/2023\/joven-de-quince-anos-cumplio-mas-de-veinte-dias-desaparecida-su-mama-pide-apoyo-para-encontrarla\/","name":"Joven de quince a\u00f1os cumpli\u00f3 m\u00e1s de veinte d\u00edas desaparecida, su mam\u00e1 pide apoyo para encontrarla - Canal 7 SLP - 2023","isPartOf":{"@id":"https:\/\/canal7slp.tv\/2023\/#website"},"primaryImageOfPage":{"@id":"https:\/\/canal7slp.tv\/2023\/joven-de-quince-anos-cumplio-mas-de-veinte-dias-desaparecida-su-mama-pide-apoyo-para-encontrarla\/#primaryimage"},"image":{"@id":"https:\/\/canal7slp.tv\/2023\/joven-de-quince-anos-cumplio-mas-de-veinte-dias-desaparecida-su-mama-pide-apoyo-para-encontrarla\/#primaryimage"},"thumbnailUrl":"https:\/\/canal7slp.tv\/2023\/wp-content\/uploads\/2023\/04\/reporte.jpg","datePublished":"2023-04-15T05:46:07+00:00","dateModified":"2023-04-16T14:41:59+00:00","breadcrumb":{"@id":"https:\/\/canal7slp.tv\/2023\/joven-de-quince-anos-cumplio-mas-de-veinte-dias-desaparecida-su-mama-pide-apoyo-para-encontrarla\/#breadcrumb"},"inLanguage":"es","potentialAction":[{"@type":"ReadAction","target":["https:\/\/canal7slp.tv\/2023\/joven-de-quince-anos-cumplio-mas-de-veinte-dias-desaparecida-su-mama-pide-apoyo-para-encontrarla\/"]}]},{"@type":"ImageObject","inLanguage":"es","@id":"https:\/\/canal7slp.tv\/2023\/joven-de-quince-anos-cumplio-mas-de-veinte-dias-desaparecida-su-mama-pide-apoyo-para-encontrarla\/#primaryimage","url":"https:\/\/canal7slp.tv\/2023\/wp-content\/uploads\/2023\/04\/reporte.jpg","contentUrl":"https:\/\/canal7slp.tv\/2023\/wp-content\/uploads\/2023\/04\/reporte.jpg","width":640,"height":352},{"@type":"BreadcrumbList","@id":"https:\/\/canal7slp.tv\/2023\/joven-de-quince-anos-cumplio-mas-de-veinte-dias-desaparecida-su-mama-pide-apoyo-para-encontrarla\/#breadcrumb","itemListElement":[{"@type":"ListItem","position":1,"name":"Portada","item":"https:\/\/canal7slp.tv\/2023\/"},{"@type":"ListItem","position":2,"name":"Joven de quince a\u00f1os cumpli\u00f3 m\u00e1s de veinte d\u00edas desaparecida, su mam\u00e1 pide apoyo para encontrarla"}]},{"@type":"WebSite","@id":"https:\/\/canal7slp.tv\/2023\/#website","url":"https:\/\/canal7slp.tv\/2023\/","name":"N7 - Noticieros Canal 7","description":"Somos Televisi\u00f3n","publisher":{"@id":"https:\/\/canal7slp.tv\/2023\/#organization"},"potentialAction":[{"@type":"SearchAction","target":{"@type":"EntryPoint","urlTemplate":"https:\/\/canal7slp.tv\/2023\/?s={search_term_string}"},"query-input":{"@type":"PropertyValueSpecification","valueRequired":true,"valueName":"search_term_string"}}],"inLanguage":"es"},{"@type":"Organization","@id":"https:\/\/canal7slp.tv\/2023\/#organization","name":"Noticieros Canal 7","url":"https:\/\/canal7slp.tv\/2023\/","logo":{"@type":"ImageObject","inLanguage":"es","@id":"https:\/\/canal7slp.tv\/2023\/#\/schema\/logo\/image\/","url":"https:\/\/canal7slp.tv\/2023\/wp-content\/uploads\/2021\/01\/logo-noticieros@2x.png","contentUrl":"https:\/\/canal7slp.tv\/2023\/wp-content\/uploads\/2021\/01\/logo-noticieros@2x.png","width":1017,"height":268,"caption":"Noticieros Canal 7"},"image":{"@id":"https:\/\/canal7slp.tv\/2023\/#\/schema\/logo\/image\/"},"sameAs":["https:\/\/www.facebook.com\/noticieroscanalsiete","https:\/\/x.com\/NOTICIEROS7","https:\/\/www.instagram.com\/canal7_slp","https:\/\/www.youtube.com\/channel\/UCliiYs-gP3JfJeqdPrNdd5A"]},{"@type":"Person","@id":"https:\/\/canal7slp.tv\/2023\/#\/schema\/person\/639c424e3584069003b11ae813915da6","name":"Edici\u00f3n Web","image":{"@type":"ImageObject","inLanguage":"es","@id":"https:\/\/secure.gravatar.com\/avatar\/eee448fc3f7164808013b816ba91ac7e43bbe82a70bebac296f8bc6f0addaa1a?s=96&d=mm&r=g","url":"https:\/\/secure.gravatar.com\/avatar\/eee448fc3f7164808013b816ba91ac7e43bbe82a70bebac296f8bc6f0addaa1a?s=96&d=mm&r=g","contentUrl":"https:\/\/secure.gravatar.com\/avatar\/eee448fc3f7164808013b816ba91ac7e43bbe82a70bebac296f8bc6f0addaa1a?s=96&d=mm&r=g","caption":"Edici\u00f3n Web"},"url":"https:\/\/canal7slp.tv\/2023\/author\/edicionweb\/"}]}},"_links":{"self":[{"href":"https:\/\/canal7slp.tv\/2023\/wp-json\/wp\/v2\/posts\/92819","targetHints":{"allow":["GET"]}}],"collection":[{"href":"https:\/\/canal7slp.tv\/2023\/wp-json\/wp\/v2\/posts"}],"about":[{"href":"https:\/\/canal7slp.tv\/2023\/wp-json\/wp\/v2\/types\/post"}],"author":[{"embeddable":true,"href":"https:\/\/canal7slp.tv\/2023\/wp-json\/wp\/v2\/users\/2"}],"replies":[{"embeddable":true,"href":"https:\/\/canal7slp.tv\/2023\/wp-json\/wp\/v2\/comments?post=92819"}],"version-history":[{"count":2,"href":"https:\/\/canal7slp.tv\/2023\/wp-json\/wp\/v2\/posts\/92819\/revisions"}],"predecessor-version":[{"id":92823,"href":"https:\/\/canal7slp.tv\/2023\/wp-json\/wp\/v2\/posts\/92819\/revisions\/92823"}],"wp:featuredmedia":[{"embeddable":true,"href":"https:\/\/canal7slp.tv\/2023\/wp-json\/wp\/v2\/media\/92821"}],"wp:attachment":[{"href":"https:\/\/canal7slp.tv\/2023\/wp-json\/wp\/v2\/media?parent=92819"}],"wp:term":[{"taxonomy":"category","embeddable":true,"href":"https:\/\/canal7slp.tv\/2023\/wp-json\/wp\/v2\/categories?post=92819"},{"taxonomy":"post_tag","embeddable":true,"href":"https:\/\/canal7slp.tv\/2023\/wp-json\/wp\/v2\/tags?post=92819"}],"curies":[{"name":"wp","href":"https:\/\/api.w.org\/{rel}","templated":true}]}}