{"id":92807,"date":"2023-04-14T22:39:58","date_gmt":"2023-04-15T04:39:58","guid":{"rendered":"https:\/\/canal7slp.tv\/2023\/?p=92807"},"modified":"2023-04-14T22:39:58","modified_gmt":"2023-04-15T04:39:58","slug":"encabeza-lopez-obrador-evento-de-consolidacion-del-plan-de-salud-imss-bienestar-en-el-hospital-general-de-soledad","status":"publish","type":"post","link":"https:\/\/canal7slp.tv\/2023\/encabeza-lopez-obrador-evento-de-consolidacion-del-plan-de-salud-imss-bienestar-en-el-hospital-general-de-soledad\/","title":{"rendered":"Encabeza L\u00f3pez Obrador evento de consolidaci\u00f3n del Plan de Salud IMSS-Bienestar en el Hospital General de Soledad\u00a0\u00a0\u00a0\u00a0\u00a0\u00a0"},"content":{"rendered":"<p>&nbsp;<\/p>\n<ul>\n<li>Autoridades destacan el objetivo de basificar a m\u00e1s de 100 mil trabajadores de la salud en el pa\u00eds.<\/li>\n<\/ul>\n<p style=\"text-align: justify;\">SLP.- El mandatario nacional, Andr\u00e9s Manuel L\u00f3pez Obrador, continu\u00f3 con la conversi\u00f3n y supervisi\u00f3n del plan de salud IMSS-Bienestar en el estado de San Luis Potos\u00ed luego de su paso por Zacatecas.<\/p>\n<p style=\"text-align: justify;\">El evento protocolario se realiz\u00f3 en las instalaciones del Hospital General de Soledad de Graciano S\u00e1nchez donde estuvo presente el director general del IMSS, Zo\u00e9 Robledo Aburto y el gobernador, Ricardo Gallardo Cardona.<\/p>\n<p style=\"text-align: justify;\">\u00abAhora la encomienda es echar a andar este programa de IMSS-Bienestar que tambi\u00e9n tiene su historia&#8230; Antes de la pandemia hab\u00edamos decidido iniciar con este plan, pero vino la pandemia&#8230; Tuvimos que atender enfermos de covid, salvar vidas, conseguir vacunas, ventiladores, todo lo que se hizo fue muy dif\u00edcil para nosotros, entonces, lo que ten\u00edamos pensado de llevar a cabo se tuvo que posponer\u00bb, platic\u00f3.<\/p>\n<p style=\"text-align: justify;\">Explic\u00f3 que la federalizaci\u00f3n de los servicios de salud no ha sido una tarea f\u00e1cil por la postura que han tenido varios gobernadores.<\/p>\n<p style=\"text-align: justify;\">\u00abDijimos vamos a federalizar de nuevo y vamos a utilizar el modelo que ahora es IMSS-Bienestar y estamos llegando a acuerdos con los gobernadores, no ha sido f\u00e1cil, por eso el elogio a Ricardo porque los gobernadores no quieren soltar cu\u00e1ndo es en beneficio de la poblaci\u00f3n, en beneficio de la gente\u00bb, agreg\u00f3<\/p>\n<p style=\"text-align: justify;\">Seg\u00fan el presidente, uno de los objetivos finales es basificar a m\u00e1s de 100 mil trabajadores de la salud en todo el territorio mexicano.<\/p>\n<p style=\"text-align: justify;\">\u00abVamos a cumplir el compromiso de basificar a 125 mil trabajadores del sector salud, lo segundo es mejorar las instalaciones de centros de salud, unidades m\u00e9dicas, hospitales y equiparlos bien, eso va avanzando, eso no est\u00e1 tan complicado, ni la basificaci\u00f3n ni el arreglo de la infraestructura de salud\u00bb, se\u00f1al\u00f3.<\/p>\n<p style=\"text-align: justify;\">Otra problem\u00e1tica a la que se est\u00e1n enfrentando, es la relacionada al abasto de medicamentos.<\/p>\n<p style=\"text-align: justify;\">\u00abLo tercero nos cost\u00f3 un poco de trabajo, pero ya lo resolvimos: el abasto de medicamentos por los intereses que ha hab\u00eda; una sola distribuidora, ni siquiera laboratorio le vend\u00eda al Gobierno Federal 50 mil millones de pesos de medicamentos, claro vinculada con pol\u00edticos corruptos y mediante el influyentismo, era un monopolio\u00bb, agreg\u00f3.<\/p>\n<p style=\"text-align: justify;\">En ese sentido, tambi\u00e9n inform\u00f3 que se detectaron 10 proveedores que vend\u00edan 100 mil millones de pesos al a\u00f1o al sector salud<\/p>\n<p style=\"text-align: justify;\">\u00abNo hab\u00eda abasto porque hab\u00eda mucha corrupci\u00f3n y dijimos se acab\u00f3 vamos a procurar comprar todos los medicamentos sin intermediarios, estos se\u00f1ores que dominaban, que no eran ajenos al poder, no permit\u00edan que se compraran los medicamentos en el extranjero, tuvimos que modificar las leyes y ahora estamos comprando ya medicamentos en el extranjero\u00bb, a\u00f1adi\u00f3.<\/p>\n<p style=\"text-align: justify;\">L\u00f3pez Obrador indic\u00f3 que con estas medidas, se tiene un ahorro de hasta 46 mil millones de pesos; tambi\u00e9n coment\u00f3 sobre la falta de especialistas m\u00e9dicos por la privatizaci\u00f3n del sector educativo y el de salud en las pasadas administraciones.<\/p>\n<p style=\"text-align: justify;\">\u00abAbandonaron la formaci\u00f3n de m\u00e9dicos y de especialistas, si quer\u00edan ingresar estudiantes a las escuelas de medicina los rechazaban con la mentira de que no pasaban el examen de admisi\u00f3n, y no es que no pasar\u00e1n, es que no hab\u00eda cupo, no hab\u00eda espacios; si presentaban mil para ingresar ten\u00edan espacios para 50, ten\u00edan que rechazar a 950&#8230; No se invirti\u00f3 en educaci\u00f3n p\u00fablica porque lo que quer\u00edan era poner la educaci\u00f3n y la salud al mercado como si fuese una mercanc\u00eda\u00bb, lament\u00f3.<\/p>\n<p style=\"text-align: justify;\">Para combatir esta situaci\u00f3n, comunic\u00f3 que se est\u00e1n ofertando hasta 20 mil becas para cursar una especialidad, se les est\u00e1 dando oportunidad de regresar a laborar a jubilados que aqu\u00ed lo soliciten, sin olvidar la contrataci\u00f3n de especialistas extranjeros.<\/p>\n<p style=\"text-align: justify;\">Por \u00faltimo, Andr\u00e9s Manuel L\u00f3pez Obrador prometi\u00f3 que regresar\u00e1 a tierras potosinas antes de que culmine su mandato para dar un informe de avances en materia de salud.<\/p>\n<p>Por: Jos\u00e9 Luis V\u00e1zquez<\/p>\n","protected":false},"excerpt":{"rendered":"<p>&nbsp; Autoridades destacan el objetivo de basificar a m\u00e1s de 100 mil trabajadores de la salud en el pa\u00eds. SLP.- El mandatario nacional, Andr\u00e9s Manuel L\u00f3pez Obrador, continu\u00f3 con la conversi\u00f3n y supervisi\u00f3n del plan de salud IMSS-Bienestar en el estado de San Luis Potos\u00ed luego de su paso por Zacatecas. El evento protocolario se realiz\u00f3 en las instalaciones del Hospital General de Soledad de Graciano S\u00e1nchez donde estuvo presente el director general del IMSS, Zo\u00e9 Robledo Aburto y el gobernador, Ricardo Gallardo Cardona. \u00abAhora la encomienda es echar a andar este programa de IMSS-Bienestar que tambi\u00e9n tiene su historia&#8230; [&hellip;]<\/p>\n","protected":false},"author":2,"featured_media":92811,"comment_status":"closed","ping_status":"closed","sticky":false,"template":"","format":"video","meta":{"footnotes":""},"categories":[5,45],"tags":[],"class_list":["post-92807","post","type-post","status-publish","format-video","has-post-thumbnail","hentry","category-destacadas","category-localesyregionales","post_format-post-format-video","post--single"],"yoast_head":"<!-- This site is optimized with the Yoast SEO plugin v27.5 - https:\/\/yoast.com\/product\/yoast-seo-wordpress\/ -->\n<title>Encabeza L\u00f3pez Obrador evento de consolidaci\u00f3n del Plan de Salud IMSS-Bienestar en el Hospital General de Soledad\u00a0\u00a0\u00a0\u00a0\u00a0\u00a0 - Canal 7 SLP - 2023<\/title>\n<meta name=\"robots\" content=\"index, follow, max-snippet:-1, max-image-preview:large, max-video-preview:-1\" \/>\n<link rel=\"canonical\" href=\"https:\/\/canal7slp.tv\/2023\/encabeza-lopez-obrador-evento-de-consolidacion-del-plan-de-salud-imss-bienestar-en-el-hospital-general-de-soledad\/\" \/>\n<meta property=\"og:locale\" content=\"es_ES\" \/>\n<meta property=\"og:type\" content=\"article\" \/>\n<meta property=\"og:title\" content=\"Encabeza L\u00f3pez Obrador evento de consolidaci\u00f3n del Plan de Salud IMSS-Bienestar en el Hospital General de Soledad\u00a0\u00a0\u00a0\u00a0\u00a0\u00a0 - Canal 7 SLP - 2023\" \/>\n<meta property=\"og:description\" content=\"&nbsp; Autoridades destacan el objetivo de basificar a m\u00e1s de 100 mil trabajadores de la salud en el pa\u00eds. SLP.- El mandatario nacional, Andr\u00e9s Manuel L\u00f3pez Obrador, continu\u00f3 con la conversi\u00f3n y supervisi\u00f3n del plan de salud IMSS-Bienestar en el estado de San Luis Potos\u00ed luego de su paso por Zacatecas. El evento protocolario se realiz\u00f3 en las instalaciones del Hospital General de Soledad de Graciano S\u00e1nchez donde estuvo presente el director general del IMSS, Zo\u00e9 Robledo Aburto y el gobernador, Ricardo Gallardo Cardona. \u00abAhora la encomienda es echar a andar este programa de IMSS-Bienestar que tambi\u00e9n tiene su historia&#8230; [&hellip;]\" \/>\n<meta property=\"og:url\" content=\"https:\/\/canal7slp.tv\/2023\/encabeza-lopez-obrador-evento-de-consolidacion-del-plan-de-salud-imss-bienestar-en-el-hospital-general-de-soledad\/\" \/>\n<meta property=\"og:site_name\" content=\"Canal 7 SLP - 2023\" \/>\n<meta property=\"article:publisher\" content=\"https:\/\/www.facebook.com\/noticieroscanalsiete\" \/>\n<meta property=\"article:published_time\" content=\"2023-04-15T04:39:58+00:00\" \/>\n<meta property=\"og:image\" content=\"https:\/\/canal7slp.tv\/2023\/wp-content\/uploads\/2023\/04\/Imss.jpg\" \/>\n\t<meta property=\"og:image:width\" content=\"1280\" \/>\n\t<meta property=\"og:image:height\" content=\"720\" \/>\n\t<meta property=\"og:image:type\" content=\"image\/jpeg\" \/>\n<meta name=\"author\" content=\"Edici\u00f3n Web\" \/>\n<meta name=\"twitter:card\" content=\"summary_large_image\" \/>\n<meta name=\"twitter:creator\" content=\"@NOTICIEROS7\" \/>\n<meta name=\"twitter:site\" content=\"@NOTICIEROS7\" \/>\n<meta name=\"twitter:label1\" content=\"Escrito por\" \/>\n\t<meta name=\"twitter:data1\" content=\"Edici\u00f3n Web\" \/>\n\t<meta name=\"twitter:label2\" content=\"Tiempo de lectura\" \/>\n\t<meta name=\"twitter:data2\" content=\"3 minutos\" \/>\n<script type=\"application\/ld+json\" class=\"yoast-schema-graph\">{\"@context\":\"https:\\\/\\\/schema.org\",\"@graph\":[{\"@type\":\"Article\",\"@id\":\"https:\\\/\\\/canal7slp.tv\\\/2023\\\/encabeza-lopez-obrador-evento-de-consolidacion-del-plan-de-salud-imss-bienestar-en-el-hospital-general-de-soledad\\\/#article\",\"isPartOf\":{\"@id\":\"https:\\\/\\\/canal7slp.tv\\\/2023\\\/encabeza-lopez-obrador-evento-de-consolidacion-del-plan-de-salud-imss-bienestar-en-el-hospital-general-de-soledad\\\/\"},\"author\":{\"name\":\"Edici\u00f3n Web\",\"@id\":\"https:\\\/\\\/canal7slp.tv\\\/2023\\\/#\\\/schema\\\/person\\\/639c424e3584069003b11ae813915da6\"},\"headline\":\"Encabeza L\u00f3pez Obrador evento de consolidaci\u00f3n del Plan de Salud IMSS-Bienestar en el Hospital General de Soledad\u00a0\u00a0\u00a0\u00a0\u00a0\u00a0\",\"datePublished\":\"2023-04-15T04:39:58+00:00\",\"mainEntityOfPage\":{\"@id\":\"https:\\\/\\\/canal7slp.tv\\\/2023\\\/encabeza-lopez-obrador-evento-de-consolidacion-del-plan-de-salud-imss-bienestar-en-el-hospital-general-de-soledad\\\/\"},\"wordCount\":707,\"publisher\":{\"@id\":\"https:\\\/\\\/canal7slp.tv\\\/2023\\\/#organization\"},\"image\":{\"@id\":\"https:\\\/\\\/canal7slp.tv\\\/2023\\\/encabeza-lopez-obrador-evento-de-consolidacion-del-plan-de-salud-imss-bienestar-en-el-hospital-general-de-soledad\\\/#primaryimage\"},\"thumbnailUrl\":\"https:\\\/\\\/canal7slp.tv\\\/2023\\\/wp-content\\\/uploads\\\/2023\\\/04\\\/Imss.jpg\",\"articleSection\":[\"DESTACADAS\",\"LOCALES Y REGIONALES\"],\"inLanguage\":\"es\"},{\"@type\":\"WebPage\",\"@id\":\"https:\\\/\\\/canal7slp.tv\\\/2023\\\/encabeza-lopez-obrador-evento-de-consolidacion-del-plan-de-salud-imss-bienestar-en-el-hospital-general-de-soledad\\\/\",\"url\":\"https:\\\/\\\/canal7slp.tv\\\/2023\\\/encabeza-lopez-obrador-evento-de-consolidacion-del-plan-de-salud-imss-bienestar-en-el-hospital-general-de-soledad\\\/\",\"name\":\"Encabeza L\u00f3pez Obrador evento de consolidaci\u00f3n del Plan de Salud IMSS-Bienestar en el Hospital General de Soledad\u00a0\u00a0\u00a0\u00a0\u00a0\u00a0 - Canal 7 SLP - 2023\",\"isPartOf\":{\"@id\":\"https:\\\/\\\/canal7slp.tv\\\/2023\\\/#website\"},\"primaryImageOfPage\":{\"@id\":\"https:\\\/\\\/canal7slp.tv\\\/2023\\\/encabeza-lopez-obrador-evento-de-consolidacion-del-plan-de-salud-imss-bienestar-en-el-hospital-general-de-soledad\\\/#primaryimage\"},\"image\":{\"@id\":\"https:\\\/\\\/canal7slp.tv\\\/2023\\\/encabeza-lopez-obrador-evento-de-consolidacion-del-plan-de-salud-imss-bienestar-en-el-hospital-general-de-soledad\\\/#primaryimage\"},\"thumbnailUrl\":\"https:\\\/\\\/canal7slp.tv\\\/2023\\\/wp-content\\\/uploads\\\/2023\\\/04\\\/Imss.jpg\",\"datePublished\":\"2023-04-15T04:39:58+00:00\",\"breadcrumb\":{\"@id\":\"https:\\\/\\\/canal7slp.tv\\\/2023\\\/encabeza-lopez-obrador-evento-de-consolidacion-del-plan-de-salud-imss-bienestar-en-el-hospital-general-de-soledad\\\/#breadcrumb\"},\"inLanguage\":\"es\",\"potentialAction\":[{\"@type\":\"ReadAction\",\"target\":[\"https:\\\/\\\/canal7slp.tv\\\/2023\\\/encabeza-lopez-obrador-evento-de-consolidacion-del-plan-de-salud-imss-bienestar-en-el-hospital-general-de-soledad\\\/\"]}]},{\"@type\":\"ImageObject\",\"inLanguage\":\"es\",\"@id\":\"https:\\\/\\\/canal7slp.tv\\\/2023\\\/encabeza-lopez-obrador-evento-de-consolidacion-del-plan-de-salud-imss-bienestar-en-el-hospital-general-de-soledad\\\/#primaryimage\",\"url\":\"https:\\\/\\\/canal7slp.tv\\\/2023\\\/wp-content\\\/uploads\\\/2023\\\/04\\\/Imss.jpg\",\"contentUrl\":\"https:\\\/\\\/canal7slp.tv\\\/2023\\\/wp-content\\\/uploads\\\/2023\\\/04\\\/Imss.jpg\",\"width\":1280,\"height\":720},{\"@type\":\"BreadcrumbList\",\"@id\":\"https:\\\/\\\/canal7slp.tv\\\/2023\\\/encabeza-lopez-obrador-evento-de-consolidacion-del-plan-de-salud-imss-bienestar-en-el-hospital-general-de-soledad\\\/#breadcrumb\",\"itemListElement\":[{\"@type\":\"ListItem\",\"position\":1,\"name\":\"Portada\",\"item\":\"https:\\\/\\\/canal7slp.tv\\\/2023\\\/\"},{\"@type\":\"ListItem\",\"position\":2,\"name\":\"Encabeza L\u00f3pez Obrador evento de consolidaci\u00f3n del Plan de Salud IMSS-Bienestar en el Hospital General de Soledad\u00a0\u00a0\u00a0\u00a0\u00a0\u00a0\"}]},{\"@type\":\"WebSite\",\"@id\":\"https:\\\/\\\/canal7slp.tv\\\/2023\\\/#website\",\"url\":\"https:\\\/\\\/canal7slp.tv\\\/2023\\\/\",\"name\":\"N7 - Noticieros Canal 7\",\"description\":\"Somos Televisi\u00f3n\",\"publisher\":{\"@id\":\"https:\\\/\\\/canal7slp.tv\\\/2023\\\/#organization\"},\"potentialAction\":[{\"@type\":\"SearchAction\",\"target\":{\"@type\":\"EntryPoint\",\"urlTemplate\":\"https:\\\/\\\/canal7slp.tv\\\/2023\\\/?s={search_term_string}\"},\"query-input\":{\"@type\":\"PropertyValueSpecification\",\"valueRequired\":true,\"valueName\":\"search_term_string\"}}],\"inLanguage\":\"es\"},{\"@type\":\"Organization\",\"@id\":\"https:\\\/\\\/canal7slp.tv\\\/2023\\\/#organization\",\"name\":\"Noticieros Canal 7\",\"url\":\"https:\\\/\\\/canal7slp.tv\\\/2023\\\/\",\"logo\":{\"@type\":\"ImageObject\",\"inLanguage\":\"es\",\"@id\":\"https:\\\/\\\/canal7slp.tv\\\/2023\\\/#\\\/schema\\\/logo\\\/image\\\/\",\"url\":\"https:\\\/\\\/canal7slp.tv\\\/2023\\\/wp-content\\\/uploads\\\/2021\\\/01\\\/logo-noticieros@2x.png\",\"contentUrl\":\"https:\\\/\\\/canal7slp.tv\\\/2023\\\/wp-content\\\/uploads\\\/2021\\\/01\\\/logo-noticieros@2x.png\",\"width\":1017,\"height\":268,\"caption\":\"Noticieros Canal 7\"},\"image\":{\"@id\":\"https:\\\/\\\/canal7slp.tv\\\/2023\\\/#\\\/schema\\\/logo\\\/image\\\/\"},\"sameAs\":[\"https:\\\/\\\/www.facebook.com\\\/noticieroscanalsiete\",\"https:\\\/\\\/x.com\\\/NOTICIEROS7\",\"https:\\\/\\\/www.instagram.com\\\/canal7_slp\",\"https:\\\/\\\/www.youtube.com\\\/channel\\\/UCliiYs-gP3JfJeqdPrNdd5A\"]},{\"@type\":\"Person\",\"@id\":\"https:\\\/\\\/canal7slp.tv\\\/2023\\\/#\\\/schema\\\/person\\\/639c424e3584069003b11ae813915da6\",\"name\":\"Edici\u00f3n Web\",\"image\":{\"@type\":\"ImageObject\",\"inLanguage\":\"es\",\"@id\":\"https:\\\/\\\/secure.gravatar.com\\\/avatar\\\/eee448fc3f7164808013b816ba91ac7e43bbe82a70bebac296f8bc6f0addaa1a?s=96&d=mm&r=g\",\"url\":\"https:\\\/\\\/secure.gravatar.com\\\/avatar\\\/eee448fc3f7164808013b816ba91ac7e43bbe82a70bebac296f8bc6f0addaa1a?s=96&d=mm&r=g\",\"contentUrl\":\"https:\\\/\\\/secure.gravatar.com\\\/avatar\\\/eee448fc3f7164808013b816ba91ac7e43bbe82a70bebac296f8bc6f0addaa1a?s=96&d=mm&r=g\",\"caption\":\"Edici\u00f3n Web\"},\"url\":\"https:\\\/\\\/canal7slp.tv\\\/2023\\\/author\\\/edicionweb\\\/\"}]}<\/script>\n<!-- \/ Yoast SEO plugin. -->","yoast_head_json":{"title":"Encabeza L\u00f3pez Obrador evento de consolidaci\u00f3n del Plan de Salud IMSS-Bienestar en el Hospital General de Soledad\u00a0\u00a0\u00a0\u00a0\u00a0\u00a0 - Canal 7 SLP - 2023","robots":{"index":"index","follow":"follow","max-snippet":"max-snippet:-1","max-image-preview":"max-image-preview:large","max-video-preview":"max-video-preview:-1"},"canonical":"https:\/\/canal7slp.tv\/2023\/encabeza-lopez-obrador-evento-de-consolidacion-del-plan-de-salud-imss-bienestar-en-el-hospital-general-de-soledad\/","og_locale":"es_ES","og_type":"article","og_title":"Encabeza L\u00f3pez Obrador evento de consolidaci\u00f3n del Plan de Salud IMSS-Bienestar en el Hospital General de Soledad\u00a0\u00a0\u00a0\u00a0\u00a0\u00a0 - Canal 7 SLP - 2023","og_description":"&nbsp; Autoridades destacan el objetivo de basificar a m\u00e1s de 100 mil trabajadores de la salud en el pa\u00eds. SLP.- El mandatario nacional, Andr\u00e9s Manuel L\u00f3pez Obrador, continu\u00f3 con la conversi\u00f3n y supervisi\u00f3n del plan de salud IMSS-Bienestar en el estado de San Luis Potos\u00ed luego de su paso por Zacatecas. El evento protocolario se realiz\u00f3 en las instalaciones del Hospital General de Soledad de Graciano S\u00e1nchez donde estuvo presente el director general del IMSS, Zo\u00e9 Robledo Aburto y el gobernador, Ricardo Gallardo Cardona. \u00abAhora la encomienda es echar a andar este programa de IMSS-Bienestar que tambi\u00e9n tiene su historia&#8230; [&hellip;]","og_url":"https:\/\/canal7slp.tv\/2023\/encabeza-lopez-obrador-evento-de-consolidacion-del-plan-de-salud-imss-bienestar-en-el-hospital-general-de-soledad\/","og_site_name":"Canal 7 SLP - 2023","article_publisher":"https:\/\/www.facebook.com\/noticieroscanalsiete","article_published_time":"2023-04-15T04:39:58+00:00","og_image":[{"width":1280,"height":720,"url":"https:\/\/canal7slp.tv\/2023\/wp-content\/uploads\/2023\/04\/Imss.jpg","type":"image\/jpeg"}],"author":"Edici\u00f3n Web","twitter_card":"summary_large_image","twitter_creator":"@NOTICIEROS7","twitter_site":"@NOTICIEROS7","twitter_misc":{"Escrito por":"Edici\u00f3n Web","Tiempo de lectura":"3 minutos"},"schema":{"@context":"https:\/\/schema.org","@graph":[{"@type":"Article","@id":"https:\/\/canal7slp.tv\/2023\/encabeza-lopez-obrador-evento-de-consolidacion-del-plan-de-salud-imss-bienestar-en-el-hospital-general-de-soledad\/#article","isPartOf":{"@id":"https:\/\/canal7slp.tv\/2023\/encabeza-lopez-obrador-evento-de-consolidacion-del-plan-de-salud-imss-bienestar-en-el-hospital-general-de-soledad\/"},"author":{"name":"Edici\u00f3n Web","@id":"https:\/\/canal7slp.tv\/2023\/#\/schema\/person\/639c424e3584069003b11ae813915da6"},"headline":"Encabeza L\u00f3pez Obrador evento de consolidaci\u00f3n del Plan de Salud IMSS-Bienestar en el Hospital General de Soledad\u00a0\u00a0\u00a0\u00a0\u00a0\u00a0","datePublished":"2023-04-15T04:39:58+00:00","mainEntityOfPage":{"@id":"https:\/\/canal7slp.tv\/2023\/encabeza-lopez-obrador-evento-de-consolidacion-del-plan-de-salud-imss-bienestar-en-el-hospital-general-de-soledad\/"},"wordCount":707,"publisher":{"@id":"https:\/\/canal7slp.tv\/2023\/#organization"},"image":{"@id":"https:\/\/canal7slp.tv\/2023\/encabeza-lopez-obrador-evento-de-consolidacion-del-plan-de-salud-imss-bienestar-en-el-hospital-general-de-soledad\/#primaryimage"},"thumbnailUrl":"https:\/\/canal7slp.tv\/2023\/wp-content\/uploads\/2023\/04\/Imss.jpg","articleSection":["DESTACADAS","LOCALES Y REGIONALES"],"inLanguage":"es"},{"@type":"WebPage","@id":"https:\/\/canal7slp.tv\/2023\/encabeza-lopez-obrador-evento-de-consolidacion-del-plan-de-salud-imss-bienestar-en-el-hospital-general-de-soledad\/","url":"https:\/\/canal7slp.tv\/2023\/encabeza-lopez-obrador-evento-de-consolidacion-del-plan-de-salud-imss-bienestar-en-el-hospital-general-de-soledad\/","name":"Encabeza L\u00f3pez Obrador evento de consolidaci\u00f3n del Plan de Salud IMSS-Bienestar en el Hospital General de Soledad\u00a0\u00a0\u00a0\u00a0\u00a0\u00a0 - Canal 7 SLP - 2023","isPartOf":{"@id":"https:\/\/canal7slp.tv\/2023\/#website"},"primaryImageOfPage":{"@id":"https:\/\/canal7slp.tv\/2023\/encabeza-lopez-obrador-evento-de-consolidacion-del-plan-de-salud-imss-bienestar-en-el-hospital-general-de-soledad\/#primaryimage"},"image":{"@id":"https:\/\/canal7slp.tv\/2023\/encabeza-lopez-obrador-evento-de-consolidacion-del-plan-de-salud-imss-bienestar-en-el-hospital-general-de-soledad\/#primaryimage"},"thumbnailUrl":"https:\/\/canal7slp.tv\/2023\/wp-content\/uploads\/2023\/04\/Imss.jpg","datePublished":"2023-04-15T04:39:58+00:00","breadcrumb":{"@id":"https:\/\/canal7slp.tv\/2023\/encabeza-lopez-obrador-evento-de-consolidacion-del-plan-de-salud-imss-bienestar-en-el-hospital-general-de-soledad\/#breadcrumb"},"inLanguage":"es","potentialAction":[{"@type":"ReadAction","target":["https:\/\/canal7slp.tv\/2023\/encabeza-lopez-obrador-evento-de-consolidacion-del-plan-de-salud-imss-bienestar-en-el-hospital-general-de-soledad\/"]}]},{"@type":"ImageObject","inLanguage":"es","@id":"https:\/\/canal7slp.tv\/2023\/encabeza-lopez-obrador-evento-de-consolidacion-del-plan-de-salud-imss-bienestar-en-el-hospital-general-de-soledad\/#primaryimage","url":"https:\/\/canal7slp.tv\/2023\/wp-content\/uploads\/2023\/04\/Imss.jpg","contentUrl":"https:\/\/canal7slp.tv\/2023\/wp-content\/uploads\/2023\/04\/Imss.jpg","width":1280,"height":720},{"@type":"BreadcrumbList","@id":"https:\/\/canal7slp.tv\/2023\/encabeza-lopez-obrador-evento-de-consolidacion-del-plan-de-salud-imss-bienestar-en-el-hospital-general-de-soledad\/#breadcrumb","itemListElement":[{"@type":"ListItem","position":1,"name":"Portada","item":"https:\/\/canal7slp.tv\/2023\/"},{"@type":"ListItem","position":2,"name":"Encabeza L\u00f3pez Obrador evento de consolidaci\u00f3n del Plan de Salud IMSS-Bienestar en el Hospital General de Soledad\u00a0\u00a0\u00a0\u00a0\u00a0\u00a0"}]},{"@type":"WebSite","@id":"https:\/\/canal7slp.tv\/2023\/#website","url":"https:\/\/canal7slp.tv\/2023\/","name":"N7 - Noticieros Canal 7","description":"Somos Televisi\u00f3n","publisher":{"@id":"https:\/\/canal7slp.tv\/2023\/#organization"},"potentialAction":[{"@type":"SearchAction","target":{"@type":"EntryPoint","urlTemplate":"https:\/\/canal7slp.tv\/2023\/?s={search_term_string}"},"query-input":{"@type":"PropertyValueSpecification","valueRequired":true,"valueName":"search_term_string"}}],"inLanguage":"es"},{"@type":"Organization","@id":"https:\/\/canal7slp.tv\/2023\/#organization","name":"Noticieros Canal 7","url":"https:\/\/canal7slp.tv\/2023\/","logo":{"@type":"ImageObject","inLanguage":"es","@id":"https:\/\/canal7slp.tv\/2023\/#\/schema\/logo\/image\/","url":"https:\/\/canal7slp.tv\/2023\/wp-content\/uploads\/2021\/01\/logo-noticieros@2x.png","contentUrl":"https:\/\/canal7slp.tv\/2023\/wp-content\/uploads\/2021\/01\/logo-noticieros@2x.png","width":1017,"height":268,"caption":"Noticieros Canal 7"},"image":{"@id":"https:\/\/canal7slp.tv\/2023\/#\/schema\/logo\/image\/"},"sameAs":["https:\/\/www.facebook.com\/noticieroscanalsiete","https:\/\/x.com\/NOTICIEROS7","https:\/\/www.instagram.com\/canal7_slp","https:\/\/www.youtube.com\/channel\/UCliiYs-gP3JfJeqdPrNdd5A"]},{"@type":"Person","@id":"https:\/\/canal7slp.tv\/2023\/#\/schema\/person\/639c424e3584069003b11ae813915da6","name":"Edici\u00f3n Web","image":{"@type":"ImageObject","inLanguage":"es","@id":"https:\/\/secure.gravatar.com\/avatar\/eee448fc3f7164808013b816ba91ac7e43bbe82a70bebac296f8bc6f0addaa1a?s=96&d=mm&r=g","url":"https:\/\/secure.gravatar.com\/avatar\/eee448fc3f7164808013b816ba91ac7e43bbe82a70bebac296f8bc6f0addaa1a?s=96&d=mm&r=g","contentUrl":"https:\/\/secure.gravatar.com\/avatar\/eee448fc3f7164808013b816ba91ac7e43bbe82a70bebac296f8bc6f0addaa1a?s=96&d=mm&r=g","caption":"Edici\u00f3n Web"},"url":"https:\/\/canal7slp.tv\/2023\/author\/edicionweb\/"}]}},"_links":{"self":[{"href":"https:\/\/canal7slp.tv\/2023\/wp-json\/wp\/v2\/posts\/92807","targetHints":{"allow":["GET"]}}],"collection":[{"href":"https:\/\/canal7slp.tv\/2023\/wp-json\/wp\/v2\/posts"}],"about":[{"href":"https:\/\/canal7slp.tv\/2023\/wp-json\/wp\/v2\/types\/post"}],"author":[{"embeddable":true,"href":"https:\/\/canal7slp.tv\/2023\/wp-json\/wp\/v2\/users\/2"}],"replies":[{"embeddable":true,"href":"https:\/\/canal7slp.tv\/2023\/wp-json\/wp\/v2\/comments?post=92807"}],"version-history":[{"count":1,"href":"https:\/\/canal7slp.tv\/2023\/wp-json\/wp\/v2\/posts\/92807\/revisions"}],"predecessor-version":[{"id":92812,"href":"https:\/\/canal7slp.tv\/2023\/wp-json\/wp\/v2\/posts\/92807\/revisions\/92812"}],"wp:featuredmedia":[{"embeddable":true,"href":"https:\/\/canal7slp.tv\/2023\/wp-json\/wp\/v2\/media\/92811"}],"wp:attachment":[{"href":"https:\/\/canal7slp.tv\/2023\/wp-json\/wp\/v2\/media?parent=92807"}],"wp:term":[{"taxonomy":"category","embeddable":true,"href":"https:\/\/canal7slp.tv\/2023\/wp-json\/wp\/v2\/categories?post=92807"},{"taxonomy":"post_tag","embeddable":true,"href":"https:\/\/canal7slp.tv\/2023\/wp-json\/wp\/v2\/tags?post=92807"}],"curies":[{"name":"wp","href":"https:\/\/api.w.org\/{rel}","templated":true}]}}