{"id":92805,"date":"2023-04-14T23:06:51","date_gmt":"2023-04-15T05:06:51","guid":{"rendered":"https:\/\/canal7slp.tv\/2023\/?p=92805"},"modified":"2023-04-16T08:42:18","modified_gmt":"2023-04-16T14:42:18","slug":"ya-estoy-cerrando-mi-ciclo-voy-a-entregar-la-estafeta-y-me-voy-con-la-conciencia-tranquila-pronuncio-lopez-obrador-en-slp","status":"publish","type":"post","link":"https:\/\/canal7slp.tv\/2023\/ya-estoy-cerrando-mi-ciclo-voy-a-entregar-la-estafeta-y-me-voy-con-la-conciencia-tranquila-pronuncio-lopez-obrador-en-slp\/","title":{"rendered":"\u00abYa estoy cerrando mi ciclo, voy a entregar la estafeta y me voy con la conciencia tranquila\u00bb, pronunci\u00f3 L\u00f3pez Obrador en SLP"},"content":{"rendered":"<p style=\"text-align: justify;\">SLP.- El presidente de la Rep\u00fablica Mexicana, Andr\u00e9s Manuel L\u00f3pez Obrador, declar\u00f3 que se ir\u00e1 contento y con la conciencia tranquila al terminar su sexenio en este pr\u00f3ximo 2024.<\/p>\n<p style=\"text-align: justify;\">As\u00ed lo mencion\u00f3 durante la visita de supervisi\u00f3n que tuvo en el Hospital General de Soledad de Graciano S\u00e1nchez en San Luis Potos\u00ed.<\/p>\n<p style=\"text-align: justify;\">\u201cDesde hace muchos a\u00f1os conozco todos los municipios de San Luis Potos\u00ed, como tengo la dicha de conocer todos los municipios de M\u00e9xico y los he visitado, en algunos casos m\u00e1s de una vez, yo me form\u00e9 de abajo m\u00e1s de tierra, desde hace muchos a\u00f1os, por eso ya estoy cerrando mi ciclo, ya estoy por concluir, y ya voy a entregar la estafeta, y me voy con mi conciencia tranquila, y con la satisfacci\u00f3n del deber cumplido\u00bb.<\/p>\n<p style=\"text-align: justify;\">Habl\u00f3 sobre la marcha que se realiz\u00f3 en la capital del pa\u00eds, d\u00f3nde asegura, participaron miles de j\u00f3venes en favor de la Reforma Electoral que era impulsada por el mandatario.<\/p>\n<p style=\"text-align: justify;\">\u201cLo que me animaba mucho y dec\u00eda en mis adentros que era una bendici\u00f3n, un logro que para donde ve\u00eda eran puros j\u00f3venes, y en mis adentros dec\u00eda: ya triunfamos, porque hay ese relevo generacional\u201d.<\/p>\n<p style=\"text-align: justify;\">Por otro lado, L\u00f3pez Obrador destac\u00f3 que el pa\u00eds ya presenta un avance en cuesti\u00f3n pol\u00edtica.<\/p>\n<p>Por: Jos\u00e9 Luis V\u00e1zquez<\/p>\n","protected":false},"excerpt":{"rendered":"<p>SLP.- El presidente de la Rep\u00fablica Mexicana, Andr\u00e9s Manuel L\u00f3pez Obrador, declar\u00f3 que se ir\u00e1 contento y con la conciencia tranquila al terminar su sexenio en este pr\u00f3ximo 2024. As\u00ed lo mencion\u00f3 durante la visita de supervisi\u00f3n que tuvo en el Hospital General de Soledad de Graciano S\u00e1nchez en San Luis Potos\u00ed. \u201cDesde hace muchos a\u00f1os conozco todos los municipios de San Luis Potos\u00ed, como tengo la dicha de conocer todos los municipios de M\u00e9xico y los he visitado, en algunos casos m\u00e1s de una vez, yo me form\u00e9 de abajo m\u00e1s de tierra, desde hace muchos a\u00f1os, por eso [&hellip;]<\/p>\n","protected":false},"author":2,"featured_media":92815,"comment_status":"closed","ping_status":"closed","sticky":false,"template":"","format":"video","meta":{"footnotes":""},"categories":[5,45],"tags":[],"class_list":["post-92805","post","type-post","status-publish","format-video","has-post-thumbnail","hentry","category-destacadas","category-localesyregionales","post_format-post-format-video","post--single"],"yoast_head":"<!-- This site is optimized with the Yoast SEO plugin v27.5 - https:\/\/yoast.com\/product\/yoast-seo-wordpress\/ -->\n<title>&quot;Ya estoy cerrando mi ciclo, voy a entregar la estafeta y me voy con la conciencia tranquila&quot;, pronunci\u00f3 L\u00f3pez Obrador en SLP - Canal 7 SLP - 2023<\/title>\n<meta name=\"robots\" content=\"index, follow, max-snippet:-1, max-image-preview:large, max-video-preview:-1\" \/>\n<link rel=\"canonical\" href=\"https:\/\/canal7slp.tv\/2023\/ya-estoy-cerrando-mi-ciclo-voy-a-entregar-la-estafeta-y-me-voy-con-la-conciencia-tranquila-pronuncio-lopez-obrador-en-slp\/\" \/>\n<meta property=\"og:locale\" content=\"es_ES\" \/>\n<meta property=\"og:type\" content=\"article\" \/>\n<meta property=\"og:title\" content=\"&quot;Ya estoy cerrando mi ciclo, voy a entregar la estafeta y me voy con la conciencia tranquila&quot;, pronunci\u00f3 L\u00f3pez Obrador en SLP - Canal 7 SLP - 2023\" \/>\n<meta property=\"og:description\" content=\"SLP.- El presidente de la Rep\u00fablica Mexicana, Andr\u00e9s Manuel L\u00f3pez Obrador, declar\u00f3 que se ir\u00e1 contento y con la conciencia tranquila al terminar su sexenio en este pr\u00f3ximo 2024. As\u00ed lo mencion\u00f3 durante la visita de supervisi\u00f3n que tuvo en el Hospital General de Soledad de Graciano S\u00e1nchez en San Luis Potos\u00ed. \u201cDesde hace muchos a\u00f1os conozco todos los municipios de San Luis Potos\u00ed, como tengo la dicha de conocer todos los municipios de M\u00e9xico y los he visitado, en algunos casos m\u00e1s de una vez, yo me form\u00e9 de abajo m\u00e1s de tierra, desde hace muchos a\u00f1os, por eso [&hellip;]\" \/>\n<meta property=\"og:url\" content=\"https:\/\/canal7slp.tv\/2023\/ya-estoy-cerrando-mi-ciclo-voy-a-entregar-la-estafeta-y-me-voy-con-la-conciencia-tranquila-pronuncio-lopez-obrador-en-slp\/\" \/>\n<meta property=\"og:site_name\" content=\"Canal 7 SLP - 2023\" \/>\n<meta property=\"article:publisher\" content=\"https:\/\/www.facebook.com\/noticieroscanalsiete\" \/>\n<meta property=\"article:published_time\" content=\"2023-04-15T05:06:51+00:00\" \/>\n<meta property=\"article:modified_time\" content=\"2023-04-16T14:42:18+00:00\" \/>\n<meta property=\"og:image\" content=\"https:\/\/canal7slp.tv\/2023\/wp-content\/uploads\/2023\/04\/amloseva.jpg\" \/>\n\t<meta property=\"og:image:width\" content=\"1280\" \/>\n\t<meta property=\"og:image:height\" content=\"720\" \/>\n\t<meta property=\"og:image:type\" content=\"image\/jpeg\" \/>\n<meta name=\"author\" content=\"Edici\u00f3n Web\" \/>\n<meta name=\"twitter:card\" content=\"summary_large_image\" \/>\n<meta name=\"twitter:creator\" content=\"@NOTICIEROS7\" \/>\n<meta name=\"twitter:site\" content=\"@NOTICIEROS7\" \/>\n<meta name=\"twitter:label1\" content=\"Escrito por\" \/>\n\t<meta name=\"twitter:data1\" content=\"Edici\u00f3n Web\" \/>\n\t<meta name=\"twitter:label2\" content=\"Tiempo de lectura\" \/>\n\t<meta name=\"twitter:data2\" content=\"1 minuto\" \/>\n<script type=\"application\/ld+json\" class=\"yoast-schema-graph\">{\"@context\":\"https:\\\/\\\/schema.org\",\"@graph\":[{\"@type\":\"Article\",\"@id\":\"https:\\\/\\\/canal7slp.tv\\\/2023\\\/ya-estoy-cerrando-mi-ciclo-voy-a-entregar-la-estafeta-y-me-voy-con-la-conciencia-tranquila-pronuncio-lopez-obrador-en-slp\\\/#article\",\"isPartOf\":{\"@id\":\"https:\\\/\\\/canal7slp.tv\\\/2023\\\/ya-estoy-cerrando-mi-ciclo-voy-a-entregar-la-estafeta-y-me-voy-con-la-conciencia-tranquila-pronuncio-lopez-obrador-en-slp\\\/\"},\"author\":{\"name\":\"Edici\u00f3n Web\",\"@id\":\"https:\\\/\\\/canal7slp.tv\\\/2023\\\/#\\\/schema\\\/person\\\/639c424e3584069003b11ae813915da6\"},\"headline\":\"\u00abYa estoy cerrando mi ciclo, voy a entregar la estafeta y me voy con la conciencia tranquila\u00bb, pronunci\u00f3 L\u00f3pez Obrador en SLP\",\"datePublished\":\"2023-04-15T05:06:51+00:00\",\"dateModified\":\"2023-04-16T14:42:18+00:00\",\"mainEntityOfPage\":{\"@id\":\"https:\\\/\\\/canal7slp.tv\\\/2023\\\/ya-estoy-cerrando-mi-ciclo-voy-a-entregar-la-estafeta-y-me-voy-con-la-conciencia-tranquila-pronuncio-lopez-obrador-en-slp\\\/\"},\"wordCount\":263,\"publisher\":{\"@id\":\"https:\\\/\\\/canal7slp.tv\\\/2023\\\/#organization\"},\"image\":{\"@id\":\"https:\\\/\\\/canal7slp.tv\\\/2023\\\/ya-estoy-cerrando-mi-ciclo-voy-a-entregar-la-estafeta-y-me-voy-con-la-conciencia-tranquila-pronuncio-lopez-obrador-en-slp\\\/#primaryimage\"},\"thumbnailUrl\":\"https:\\\/\\\/canal7slp.tv\\\/2023\\\/wp-content\\\/uploads\\\/2023\\\/04\\\/amloseva.jpg\",\"articleSection\":[\"DESTACADAS\",\"LOCALES Y REGIONALES\"],\"inLanguage\":\"es\"},{\"@type\":\"WebPage\",\"@id\":\"https:\\\/\\\/canal7slp.tv\\\/2023\\\/ya-estoy-cerrando-mi-ciclo-voy-a-entregar-la-estafeta-y-me-voy-con-la-conciencia-tranquila-pronuncio-lopez-obrador-en-slp\\\/\",\"url\":\"https:\\\/\\\/canal7slp.tv\\\/2023\\\/ya-estoy-cerrando-mi-ciclo-voy-a-entregar-la-estafeta-y-me-voy-con-la-conciencia-tranquila-pronuncio-lopez-obrador-en-slp\\\/\",\"name\":\"\\\"Ya estoy cerrando mi ciclo, voy a entregar la estafeta y me voy con la conciencia tranquila\\\", pronunci\u00f3 L\u00f3pez Obrador en SLP - Canal 7 SLP - 2023\",\"isPartOf\":{\"@id\":\"https:\\\/\\\/canal7slp.tv\\\/2023\\\/#website\"},\"primaryImageOfPage\":{\"@id\":\"https:\\\/\\\/canal7slp.tv\\\/2023\\\/ya-estoy-cerrando-mi-ciclo-voy-a-entregar-la-estafeta-y-me-voy-con-la-conciencia-tranquila-pronuncio-lopez-obrador-en-slp\\\/#primaryimage\"},\"image\":{\"@id\":\"https:\\\/\\\/canal7slp.tv\\\/2023\\\/ya-estoy-cerrando-mi-ciclo-voy-a-entregar-la-estafeta-y-me-voy-con-la-conciencia-tranquila-pronuncio-lopez-obrador-en-slp\\\/#primaryimage\"},\"thumbnailUrl\":\"https:\\\/\\\/canal7slp.tv\\\/2023\\\/wp-content\\\/uploads\\\/2023\\\/04\\\/amloseva.jpg\",\"datePublished\":\"2023-04-15T05:06:51+00:00\",\"dateModified\":\"2023-04-16T14:42:18+00:00\",\"breadcrumb\":{\"@id\":\"https:\\\/\\\/canal7slp.tv\\\/2023\\\/ya-estoy-cerrando-mi-ciclo-voy-a-entregar-la-estafeta-y-me-voy-con-la-conciencia-tranquila-pronuncio-lopez-obrador-en-slp\\\/#breadcrumb\"},\"inLanguage\":\"es\",\"potentialAction\":[{\"@type\":\"ReadAction\",\"target\":[\"https:\\\/\\\/canal7slp.tv\\\/2023\\\/ya-estoy-cerrando-mi-ciclo-voy-a-entregar-la-estafeta-y-me-voy-con-la-conciencia-tranquila-pronuncio-lopez-obrador-en-slp\\\/\"]}]},{\"@type\":\"ImageObject\",\"inLanguage\":\"es\",\"@id\":\"https:\\\/\\\/canal7slp.tv\\\/2023\\\/ya-estoy-cerrando-mi-ciclo-voy-a-entregar-la-estafeta-y-me-voy-con-la-conciencia-tranquila-pronuncio-lopez-obrador-en-slp\\\/#primaryimage\",\"url\":\"https:\\\/\\\/canal7slp.tv\\\/2023\\\/wp-content\\\/uploads\\\/2023\\\/04\\\/amloseva.jpg\",\"contentUrl\":\"https:\\\/\\\/canal7slp.tv\\\/2023\\\/wp-content\\\/uploads\\\/2023\\\/04\\\/amloseva.jpg\",\"width\":1280,\"height\":720},{\"@type\":\"BreadcrumbList\",\"@id\":\"https:\\\/\\\/canal7slp.tv\\\/2023\\\/ya-estoy-cerrando-mi-ciclo-voy-a-entregar-la-estafeta-y-me-voy-con-la-conciencia-tranquila-pronuncio-lopez-obrador-en-slp\\\/#breadcrumb\",\"itemListElement\":[{\"@type\":\"ListItem\",\"position\":1,\"name\":\"Portada\",\"item\":\"https:\\\/\\\/canal7slp.tv\\\/2023\\\/\"},{\"@type\":\"ListItem\",\"position\":2,\"name\":\"&#8220;Ya estoy cerrando mi ciclo, voy a entregar la estafeta y me voy con la conciencia tranquila&#8221;, pronunci\u00f3 L\u00f3pez Obrador en SLP\"}]},{\"@type\":\"WebSite\",\"@id\":\"https:\\\/\\\/canal7slp.tv\\\/2023\\\/#website\",\"url\":\"https:\\\/\\\/canal7slp.tv\\\/2023\\\/\",\"name\":\"N7 - Noticieros Canal 7\",\"description\":\"Somos Televisi\u00f3n\",\"publisher\":{\"@id\":\"https:\\\/\\\/canal7slp.tv\\\/2023\\\/#organization\"},\"potentialAction\":[{\"@type\":\"SearchAction\",\"target\":{\"@type\":\"EntryPoint\",\"urlTemplate\":\"https:\\\/\\\/canal7slp.tv\\\/2023\\\/?s={search_term_string}\"},\"query-input\":{\"@type\":\"PropertyValueSpecification\",\"valueRequired\":true,\"valueName\":\"search_term_string\"}}],\"inLanguage\":\"es\"},{\"@type\":\"Organization\",\"@id\":\"https:\\\/\\\/canal7slp.tv\\\/2023\\\/#organization\",\"name\":\"Noticieros Canal 7\",\"url\":\"https:\\\/\\\/canal7slp.tv\\\/2023\\\/\",\"logo\":{\"@type\":\"ImageObject\",\"inLanguage\":\"es\",\"@id\":\"https:\\\/\\\/canal7slp.tv\\\/2023\\\/#\\\/schema\\\/logo\\\/image\\\/\",\"url\":\"https:\\\/\\\/canal7slp.tv\\\/2023\\\/wp-content\\\/uploads\\\/2021\\\/01\\\/logo-noticieros@2x.png\",\"contentUrl\":\"https:\\\/\\\/canal7slp.tv\\\/2023\\\/wp-content\\\/uploads\\\/2021\\\/01\\\/logo-noticieros@2x.png\",\"width\":1017,\"height\":268,\"caption\":\"Noticieros Canal 7\"},\"image\":{\"@id\":\"https:\\\/\\\/canal7slp.tv\\\/2023\\\/#\\\/schema\\\/logo\\\/image\\\/\"},\"sameAs\":[\"https:\\\/\\\/www.facebook.com\\\/noticieroscanalsiete\",\"https:\\\/\\\/x.com\\\/NOTICIEROS7\",\"https:\\\/\\\/www.instagram.com\\\/canal7_slp\",\"https:\\\/\\\/www.youtube.com\\\/channel\\\/UCliiYs-gP3JfJeqdPrNdd5A\"]},{\"@type\":\"Person\",\"@id\":\"https:\\\/\\\/canal7slp.tv\\\/2023\\\/#\\\/schema\\\/person\\\/639c424e3584069003b11ae813915da6\",\"name\":\"Edici\u00f3n Web\",\"image\":{\"@type\":\"ImageObject\",\"inLanguage\":\"es\",\"@id\":\"https:\\\/\\\/secure.gravatar.com\\\/avatar\\\/eee448fc3f7164808013b816ba91ac7e43bbe82a70bebac296f8bc6f0addaa1a?s=96&d=mm&r=g\",\"url\":\"https:\\\/\\\/secure.gravatar.com\\\/avatar\\\/eee448fc3f7164808013b816ba91ac7e43bbe82a70bebac296f8bc6f0addaa1a?s=96&d=mm&r=g\",\"contentUrl\":\"https:\\\/\\\/secure.gravatar.com\\\/avatar\\\/eee448fc3f7164808013b816ba91ac7e43bbe82a70bebac296f8bc6f0addaa1a?s=96&d=mm&r=g\",\"caption\":\"Edici\u00f3n Web\"},\"url\":\"https:\\\/\\\/canal7slp.tv\\\/2023\\\/author\\\/edicionweb\\\/\"}]}<\/script>\n<!-- \/ Yoast SEO plugin. -->","yoast_head_json":{"title":"\"Ya estoy cerrando mi ciclo, voy a entregar la estafeta y me voy con la conciencia tranquila\", pronunci\u00f3 L\u00f3pez Obrador en SLP - Canal 7 SLP - 2023","robots":{"index":"index","follow":"follow","max-snippet":"max-snippet:-1","max-image-preview":"max-image-preview:large","max-video-preview":"max-video-preview:-1"},"canonical":"https:\/\/canal7slp.tv\/2023\/ya-estoy-cerrando-mi-ciclo-voy-a-entregar-la-estafeta-y-me-voy-con-la-conciencia-tranquila-pronuncio-lopez-obrador-en-slp\/","og_locale":"es_ES","og_type":"article","og_title":"\"Ya estoy cerrando mi ciclo, voy a entregar la estafeta y me voy con la conciencia tranquila\", pronunci\u00f3 L\u00f3pez Obrador en SLP - Canal 7 SLP - 2023","og_description":"SLP.- El presidente de la Rep\u00fablica Mexicana, Andr\u00e9s Manuel L\u00f3pez Obrador, declar\u00f3 que se ir\u00e1 contento y con la conciencia tranquila al terminar su sexenio en este pr\u00f3ximo 2024. As\u00ed lo mencion\u00f3 durante la visita de supervisi\u00f3n que tuvo en el Hospital General de Soledad de Graciano S\u00e1nchez en San Luis Potos\u00ed. \u201cDesde hace muchos a\u00f1os conozco todos los municipios de San Luis Potos\u00ed, como tengo la dicha de conocer todos los municipios de M\u00e9xico y los he visitado, en algunos casos m\u00e1s de una vez, yo me form\u00e9 de abajo m\u00e1s de tierra, desde hace muchos a\u00f1os, por eso [&hellip;]","og_url":"https:\/\/canal7slp.tv\/2023\/ya-estoy-cerrando-mi-ciclo-voy-a-entregar-la-estafeta-y-me-voy-con-la-conciencia-tranquila-pronuncio-lopez-obrador-en-slp\/","og_site_name":"Canal 7 SLP - 2023","article_publisher":"https:\/\/www.facebook.com\/noticieroscanalsiete","article_published_time":"2023-04-15T05:06:51+00:00","article_modified_time":"2023-04-16T14:42:18+00:00","og_image":[{"width":1280,"height":720,"url":"https:\/\/canal7slp.tv\/2023\/wp-content\/uploads\/2023\/04\/amloseva.jpg","type":"image\/jpeg"}],"author":"Edici\u00f3n Web","twitter_card":"summary_large_image","twitter_creator":"@NOTICIEROS7","twitter_site":"@NOTICIEROS7","twitter_misc":{"Escrito por":"Edici\u00f3n Web","Tiempo de lectura":"1 minuto"},"schema":{"@context":"https:\/\/schema.org","@graph":[{"@type":"Article","@id":"https:\/\/canal7slp.tv\/2023\/ya-estoy-cerrando-mi-ciclo-voy-a-entregar-la-estafeta-y-me-voy-con-la-conciencia-tranquila-pronuncio-lopez-obrador-en-slp\/#article","isPartOf":{"@id":"https:\/\/canal7slp.tv\/2023\/ya-estoy-cerrando-mi-ciclo-voy-a-entregar-la-estafeta-y-me-voy-con-la-conciencia-tranquila-pronuncio-lopez-obrador-en-slp\/"},"author":{"name":"Edici\u00f3n Web","@id":"https:\/\/canal7slp.tv\/2023\/#\/schema\/person\/639c424e3584069003b11ae813915da6"},"headline":"\u00abYa estoy cerrando mi ciclo, voy a entregar la estafeta y me voy con la conciencia tranquila\u00bb, pronunci\u00f3 L\u00f3pez Obrador en SLP","datePublished":"2023-04-15T05:06:51+00:00","dateModified":"2023-04-16T14:42:18+00:00","mainEntityOfPage":{"@id":"https:\/\/canal7slp.tv\/2023\/ya-estoy-cerrando-mi-ciclo-voy-a-entregar-la-estafeta-y-me-voy-con-la-conciencia-tranquila-pronuncio-lopez-obrador-en-slp\/"},"wordCount":263,"publisher":{"@id":"https:\/\/canal7slp.tv\/2023\/#organization"},"image":{"@id":"https:\/\/canal7slp.tv\/2023\/ya-estoy-cerrando-mi-ciclo-voy-a-entregar-la-estafeta-y-me-voy-con-la-conciencia-tranquila-pronuncio-lopez-obrador-en-slp\/#primaryimage"},"thumbnailUrl":"https:\/\/canal7slp.tv\/2023\/wp-content\/uploads\/2023\/04\/amloseva.jpg","articleSection":["DESTACADAS","LOCALES Y REGIONALES"],"inLanguage":"es"},{"@type":"WebPage","@id":"https:\/\/canal7slp.tv\/2023\/ya-estoy-cerrando-mi-ciclo-voy-a-entregar-la-estafeta-y-me-voy-con-la-conciencia-tranquila-pronuncio-lopez-obrador-en-slp\/","url":"https:\/\/canal7slp.tv\/2023\/ya-estoy-cerrando-mi-ciclo-voy-a-entregar-la-estafeta-y-me-voy-con-la-conciencia-tranquila-pronuncio-lopez-obrador-en-slp\/","name":"\"Ya estoy cerrando mi ciclo, voy a entregar la estafeta y me voy con la conciencia tranquila\", pronunci\u00f3 L\u00f3pez Obrador en SLP - Canal 7 SLP - 2023","isPartOf":{"@id":"https:\/\/canal7slp.tv\/2023\/#website"},"primaryImageOfPage":{"@id":"https:\/\/canal7slp.tv\/2023\/ya-estoy-cerrando-mi-ciclo-voy-a-entregar-la-estafeta-y-me-voy-con-la-conciencia-tranquila-pronuncio-lopez-obrador-en-slp\/#primaryimage"},"image":{"@id":"https:\/\/canal7slp.tv\/2023\/ya-estoy-cerrando-mi-ciclo-voy-a-entregar-la-estafeta-y-me-voy-con-la-conciencia-tranquila-pronuncio-lopez-obrador-en-slp\/#primaryimage"},"thumbnailUrl":"https:\/\/canal7slp.tv\/2023\/wp-content\/uploads\/2023\/04\/amloseva.jpg","datePublished":"2023-04-15T05:06:51+00:00","dateModified":"2023-04-16T14:42:18+00:00","breadcrumb":{"@id":"https:\/\/canal7slp.tv\/2023\/ya-estoy-cerrando-mi-ciclo-voy-a-entregar-la-estafeta-y-me-voy-con-la-conciencia-tranquila-pronuncio-lopez-obrador-en-slp\/#breadcrumb"},"inLanguage":"es","potentialAction":[{"@type":"ReadAction","target":["https:\/\/canal7slp.tv\/2023\/ya-estoy-cerrando-mi-ciclo-voy-a-entregar-la-estafeta-y-me-voy-con-la-conciencia-tranquila-pronuncio-lopez-obrador-en-slp\/"]}]},{"@type":"ImageObject","inLanguage":"es","@id":"https:\/\/canal7slp.tv\/2023\/ya-estoy-cerrando-mi-ciclo-voy-a-entregar-la-estafeta-y-me-voy-con-la-conciencia-tranquila-pronuncio-lopez-obrador-en-slp\/#primaryimage","url":"https:\/\/canal7slp.tv\/2023\/wp-content\/uploads\/2023\/04\/amloseva.jpg","contentUrl":"https:\/\/canal7slp.tv\/2023\/wp-content\/uploads\/2023\/04\/amloseva.jpg","width":1280,"height":720},{"@type":"BreadcrumbList","@id":"https:\/\/canal7slp.tv\/2023\/ya-estoy-cerrando-mi-ciclo-voy-a-entregar-la-estafeta-y-me-voy-con-la-conciencia-tranquila-pronuncio-lopez-obrador-en-slp\/#breadcrumb","itemListElement":[{"@type":"ListItem","position":1,"name":"Portada","item":"https:\/\/canal7slp.tv\/2023\/"},{"@type":"ListItem","position":2,"name":"&#8220;Ya estoy cerrando mi ciclo, voy a entregar la estafeta y me voy con la conciencia tranquila&#8221;, pronunci\u00f3 L\u00f3pez Obrador en SLP"}]},{"@type":"WebSite","@id":"https:\/\/canal7slp.tv\/2023\/#website","url":"https:\/\/canal7slp.tv\/2023\/","name":"N7 - Noticieros Canal 7","description":"Somos Televisi\u00f3n","publisher":{"@id":"https:\/\/canal7slp.tv\/2023\/#organization"},"potentialAction":[{"@type":"SearchAction","target":{"@type":"EntryPoint","urlTemplate":"https:\/\/canal7slp.tv\/2023\/?s={search_term_string}"},"query-input":{"@type":"PropertyValueSpecification","valueRequired":true,"valueName":"search_term_string"}}],"inLanguage":"es"},{"@type":"Organization","@id":"https:\/\/canal7slp.tv\/2023\/#organization","name":"Noticieros Canal 7","url":"https:\/\/canal7slp.tv\/2023\/","logo":{"@type":"ImageObject","inLanguage":"es","@id":"https:\/\/canal7slp.tv\/2023\/#\/schema\/logo\/image\/","url":"https:\/\/canal7slp.tv\/2023\/wp-content\/uploads\/2021\/01\/logo-noticieros@2x.png","contentUrl":"https:\/\/canal7slp.tv\/2023\/wp-content\/uploads\/2021\/01\/logo-noticieros@2x.png","width":1017,"height":268,"caption":"Noticieros Canal 7"},"image":{"@id":"https:\/\/canal7slp.tv\/2023\/#\/schema\/logo\/image\/"},"sameAs":["https:\/\/www.facebook.com\/noticieroscanalsiete","https:\/\/x.com\/NOTICIEROS7","https:\/\/www.instagram.com\/canal7_slp","https:\/\/www.youtube.com\/channel\/UCliiYs-gP3JfJeqdPrNdd5A"]},{"@type":"Person","@id":"https:\/\/canal7slp.tv\/2023\/#\/schema\/person\/639c424e3584069003b11ae813915da6","name":"Edici\u00f3n Web","image":{"@type":"ImageObject","inLanguage":"es","@id":"https:\/\/secure.gravatar.com\/avatar\/eee448fc3f7164808013b816ba91ac7e43bbe82a70bebac296f8bc6f0addaa1a?s=96&d=mm&r=g","url":"https:\/\/secure.gravatar.com\/avatar\/eee448fc3f7164808013b816ba91ac7e43bbe82a70bebac296f8bc6f0addaa1a?s=96&d=mm&r=g","contentUrl":"https:\/\/secure.gravatar.com\/avatar\/eee448fc3f7164808013b816ba91ac7e43bbe82a70bebac296f8bc6f0addaa1a?s=96&d=mm&r=g","caption":"Edici\u00f3n Web"},"url":"https:\/\/canal7slp.tv\/2023\/author\/edicionweb\/"}]}},"_links":{"self":[{"href":"https:\/\/canal7slp.tv\/2023\/wp-json\/wp\/v2\/posts\/92805","targetHints":{"allow":["GET"]}}],"collection":[{"href":"https:\/\/canal7slp.tv\/2023\/wp-json\/wp\/v2\/posts"}],"about":[{"href":"https:\/\/canal7slp.tv\/2023\/wp-json\/wp\/v2\/types\/post"}],"author":[{"embeddable":true,"href":"https:\/\/canal7slp.tv\/2023\/wp-json\/wp\/v2\/users\/2"}],"replies":[{"embeddable":true,"href":"https:\/\/canal7slp.tv\/2023\/wp-json\/wp\/v2\/comments?post=92805"}],"version-history":[{"count":1,"href":"https:\/\/canal7slp.tv\/2023\/wp-json\/wp\/v2\/posts\/92805\/revisions"}],"predecessor-version":[{"id":92816,"href":"https:\/\/canal7slp.tv\/2023\/wp-json\/wp\/v2\/posts\/92805\/revisions\/92816"}],"wp:featuredmedia":[{"embeddable":true,"href":"https:\/\/canal7slp.tv\/2023\/wp-json\/wp\/v2\/media\/92815"}],"wp:attachment":[{"href":"https:\/\/canal7slp.tv\/2023\/wp-json\/wp\/v2\/media?parent=92805"}],"wp:term":[{"taxonomy":"category","embeddable":true,"href":"https:\/\/canal7slp.tv\/2023\/wp-json\/wp\/v2\/categories?post=92805"},{"taxonomy":"post_tag","embeddable":true,"href":"https:\/\/canal7slp.tv\/2023\/wp-json\/wp\/v2\/tags?post=92805"}],"curies":[{"name":"wp","href":"https:\/\/api.w.org\/{rel}","templated":true}]}}