{"id":92793,"date":"2023-04-14T21:06:11","date_gmt":"2023-04-15T03:06:11","guid":{"rendered":"https:\/\/canal7slp.tv\/2023\/?p=92793"},"modified":"2023-04-14T21:06:11","modified_gmt":"2023-04-15T03:06:11","slug":"pronuncia-amlo-que-no-habra-impunidad-en-casos-de-trafico-de-migrantes-en-slp","status":"publish","type":"post","link":"https:\/\/canal7slp.tv\/2023\/pronuncia-amlo-que-no-habra-impunidad-en-casos-de-trafico-de-migrantes-en-slp\/","title":{"rendered":"Pronuncia AMLO que no habr\u00e1 impunidad en casos de tr\u00e1fico de migrantes en SLP"},"content":{"rendered":"<p>&nbsp;<\/p>\n<ul>\n<li style=\"text-align: justify;\">En su visita a la entidad, adem\u00e1s asever\u00f3 que la Federaci\u00f3n no dejar\u00eda solos a los potosinos ante la crisis h\u00eddrica.<\/li>\n<\/ul>\n<p style=\"text-align: justify;\">SPL.- Rechaza el presidente de la Rep\u00fablica, Andr\u00e9s Manuel L\u00f3pez Obrador que se d\u00e9 carpetazo a recientes casos que destaparon una seria crisis migratoria en San Luis Potos\u00ed -especialmente en el Altiplano-.<\/p>\n<p style=\"text-align: justify;\">En el marco de su visita a la entidad este fin de semana, se pronunci\u00f3.<\/p>\n<p style=\"text-align: justify;\">Ante acusaciones de presunta complicidad de autoridades estatales y municipales, afirm\u00f3 que la investigaci\u00f3n est\u00e1 en curso -al tiempo que se refiri\u00f3 a los sucesos en la estaci\u00f3n migratoria de Ciudad Ju\u00e1rez, que cobraron la vida de 40 personas -.<\/p>\n<p style=\"text-align: justify;\">Andr\u00e9s Manuel L\u00f3pez Obrador desech\u00f3 las cr\u00edticas y cuestionamientos retomados por la oposici\u00f3n, luego que se descartara la destituci\u00f3n del titular del Instituto Nacional de Migraci\u00f3n (INM) Francisco Gardu\u00f1o.<\/p>\n<p style=\"text-align: justify;\">Respecto la ola de inseguridad que azota a San Luis Potos\u00ed, el Jefe del Ejecutivo Federal indic\u00f3 que se fortalecer\u00eda la infraestructura de Guardia Nacional.<\/p>\n<p style=\"text-align: justify;\">En cuanto a proyectos implementados en la entidad con participaci\u00f3n federal, destac\u00f3 obras en la red carretera y programas sociales.<\/p>\n<p style=\"text-align: justify;\">L\u00f3pez Obrador no fij\u00f3 fecha para efectuar otra gira de trabajo en San Luis Potos\u00ed.<\/p>\n<p style=\"text-align: justify;\">Sin embargo, ahond\u00f3 en esta \u00faltima visita.<\/p>\n<p style=\"text-align: justify;\">Por \u00faltimo, el presidente de la Rep\u00fablica puntualiz\u00f3, que existen opciones para reducir el impacto de la crisis h\u00eddrica en San Luis Potos\u00ed, a unas semanas de que inicie la reparaci\u00f3n de la presa El Realito.<\/p>\n<p style=\"text-align: justify;\">Descart\u00f3 que haya estragos durante un per\u00edodo prolongado.<\/p>\n<p>Por:Paulina Rodr\u00edguez<\/p>\n","protected":false},"excerpt":{"rendered":"<p>&nbsp; En su visita a la entidad, adem\u00e1s asever\u00f3 que la Federaci\u00f3n no dejar\u00eda solos a los potosinos ante la crisis h\u00eddrica. SPL.- Rechaza el presidente de la Rep\u00fablica, Andr\u00e9s Manuel L\u00f3pez Obrador que se d\u00e9 carpetazo a recientes casos que destaparon una seria crisis migratoria en San Luis Potos\u00ed -especialmente en el Altiplano-. En el marco de su visita a la entidad este fin de semana, se pronunci\u00f3. Ante acusaciones de presunta complicidad de autoridades estatales y municipales, afirm\u00f3 que la investigaci\u00f3n est\u00e1 en curso -al tiempo que se refiri\u00f3 a los sucesos en la estaci\u00f3n migratoria de Ciudad [&hellip;]<\/p>\n","protected":false},"author":2,"featured_media":92800,"comment_status":"closed","ping_status":"closed","sticky":false,"template":"","format":"video","meta":{"footnotes":""},"categories":[5,45],"tags":[],"class_list":["post-92793","post","type-post","status-publish","format-video","has-post-thumbnail","hentry","category-destacadas","category-localesyregionales","post_format-post-format-video","post--single"],"yoast_head":"<!-- This site is optimized with the Yoast SEO plugin v27.5 - https:\/\/yoast.com\/product\/yoast-seo-wordpress\/ -->\n<title>Pronuncia AMLO que no habr\u00e1 impunidad en casos de tr\u00e1fico de migrantes en SLP - Canal 7 SLP - 2023<\/title>\n<meta name=\"robots\" content=\"index, follow, max-snippet:-1, max-image-preview:large, max-video-preview:-1\" \/>\n<link rel=\"canonical\" href=\"https:\/\/canal7slp.tv\/2023\/pronuncia-amlo-que-no-habra-impunidad-en-casos-de-trafico-de-migrantes-en-slp\/\" \/>\n<meta property=\"og:locale\" content=\"es_ES\" \/>\n<meta property=\"og:type\" content=\"article\" \/>\n<meta property=\"og:title\" content=\"Pronuncia AMLO que no habr\u00e1 impunidad en casos de tr\u00e1fico de migrantes en SLP - Canal 7 SLP - 2023\" \/>\n<meta property=\"og:description\" content=\"&nbsp; En su visita a la entidad, adem\u00e1s asever\u00f3 que la Federaci\u00f3n no dejar\u00eda solos a los potosinos ante la crisis h\u00eddrica. SPL.- Rechaza el presidente de la Rep\u00fablica, Andr\u00e9s Manuel L\u00f3pez Obrador que se d\u00e9 carpetazo a recientes casos que destaparon una seria crisis migratoria en San Luis Potos\u00ed -especialmente en el Altiplano-. En el marco de su visita a la entidad este fin de semana, se pronunci\u00f3. Ante acusaciones de presunta complicidad de autoridades estatales y municipales, afirm\u00f3 que la investigaci\u00f3n est\u00e1 en curso -al tiempo que se refiri\u00f3 a los sucesos en la estaci\u00f3n migratoria de Ciudad [&hellip;]\" \/>\n<meta property=\"og:url\" content=\"https:\/\/canal7slp.tv\/2023\/pronuncia-amlo-que-no-habra-impunidad-en-casos-de-trafico-de-migrantes-en-slp\/\" \/>\n<meta property=\"og:site_name\" content=\"Canal 7 SLP - 2023\" \/>\n<meta property=\"article:publisher\" content=\"https:\/\/www.facebook.com\/noticieroscanalsiete\" \/>\n<meta property=\"article:published_time\" content=\"2023-04-15T03:06:11+00:00\" \/>\n<meta property=\"og:image\" content=\"https:\/\/canal7slp.tv\/2023\/wp-content\/uploads\/2023\/04\/AMLO-1.jpg\" \/>\n\t<meta property=\"og:image:width\" content=\"640\" \/>\n\t<meta property=\"og:image:height\" content=\"360\" \/>\n\t<meta property=\"og:image:type\" content=\"image\/jpeg\" \/>\n<meta name=\"author\" content=\"Edici\u00f3n Web\" \/>\n<meta name=\"twitter:card\" content=\"summary_large_image\" \/>\n<meta name=\"twitter:creator\" content=\"@NOTICIEROS7\" \/>\n<meta name=\"twitter:site\" content=\"@NOTICIEROS7\" \/>\n<meta name=\"twitter:label1\" content=\"Escrito por\" \/>\n\t<meta name=\"twitter:data1\" content=\"Edici\u00f3n Web\" \/>\n\t<meta name=\"twitter:label2\" content=\"Tiempo de lectura\" \/>\n\t<meta name=\"twitter:data2\" content=\"2 minutos\" \/>\n<script type=\"application\/ld+json\" class=\"yoast-schema-graph\">{\"@context\":\"https:\\\/\\\/schema.org\",\"@graph\":[{\"@type\":\"Article\",\"@id\":\"https:\\\/\\\/canal7slp.tv\\\/2023\\\/pronuncia-amlo-que-no-habra-impunidad-en-casos-de-trafico-de-migrantes-en-slp\\\/#article\",\"isPartOf\":{\"@id\":\"https:\\\/\\\/canal7slp.tv\\\/2023\\\/pronuncia-amlo-que-no-habra-impunidad-en-casos-de-trafico-de-migrantes-en-slp\\\/\"},\"author\":{\"name\":\"Edici\u00f3n Web\",\"@id\":\"https:\\\/\\\/canal7slp.tv\\\/2023\\\/#\\\/schema\\\/person\\\/639c424e3584069003b11ae813915da6\"},\"headline\":\"Pronuncia AMLO que no habr\u00e1 impunidad en casos de tr\u00e1fico de migrantes en SLP\",\"datePublished\":\"2023-04-15T03:06:11+00:00\",\"mainEntityOfPage\":{\"@id\":\"https:\\\/\\\/canal7slp.tv\\\/2023\\\/pronuncia-amlo-que-no-habra-impunidad-en-casos-de-trafico-de-migrantes-en-slp\\\/\"},\"wordCount\":292,\"publisher\":{\"@id\":\"https:\\\/\\\/canal7slp.tv\\\/2023\\\/#organization\"},\"image\":{\"@id\":\"https:\\\/\\\/canal7slp.tv\\\/2023\\\/pronuncia-amlo-que-no-habra-impunidad-en-casos-de-trafico-de-migrantes-en-slp\\\/#primaryimage\"},\"thumbnailUrl\":\"https:\\\/\\\/canal7slp.tv\\\/2023\\\/wp-content\\\/uploads\\\/2023\\\/04\\\/AMLO-1.jpg\",\"articleSection\":[\"DESTACADAS\",\"LOCALES Y REGIONALES\"],\"inLanguage\":\"es\"},{\"@type\":\"WebPage\",\"@id\":\"https:\\\/\\\/canal7slp.tv\\\/2023\\\/pronuncia-amlo-que-no-habra-impunidad-en-casos-de-trafico-de-migrantes-en-slp\\\/\",\"url\":\"https:\\\/\\\/canal7slp.tv\\\/2023\\\/pronuncia-amlo-que-no-habra-impunidad-en-casos-de-trafico-de-migrantes-en-slp\\\/\",\"name\":\"Pronuncia AMLO que no habr\u00e1 impunidad en casos de tr\u00e1fico de migrantes en SLP - Canal 7 SLP - 2023\",\"isPartOf\":{\"@id\":\"https:\\\/\\\/canal7slp.tv\\\/2023\\\/#website\"},\"primaryImageOfPage\":{\"@id\":\"https:\\\/\\\/canal7slp.tv\\\/2023\\\/pronuncia-amlo-que-no-habra-impunidad-en-casos-de-trafico-de-migrantes-en-slp\\\/#primaryimage\"},\"image\":{\"@id\":\"https:\\\/\\\/canal7slp.tv\\\/2023\\\/pronuncia-amlo-que-no-habra-impunidad-en-casos-de-trafico-de-migrantes-en-slp\\\/#primaryimage\"},\"thumbnailUrl\":\"https:\\\/\\\/canal7slp.tv\\\/2023\\\/wp-content\\\/uploads\\\/2023\\\/04\\\/AMLO-1.jpg\",\"datePublished\":\"2023-04-15T03:06:11+00:00\",\"breadcrumb\":{\"@id\":\"https:\\\/\\\/canal7slp.tv\\\/2023\\\/pronuncia-amlo-que-no-habra-impunidad-en-casos-de-trafico-de-migrantes-en-slp\\\/#breadcrumb\"},\"inLanguage\":\"es\",\"potentialAction\":[{\"@type\":\"ReadAction\",\"target\":[\"https:\\\/\\\/canal7slp.tv\\\/2023\\\/pronuncia-amlo-que-no-habra-impunidad-en-casos-de-trafico-de-migrantes-en-slp\\\/\"]}]},{\"@type\":\"ImageObject\",\"inLanguage\":\"es\",\"@id\":\"https:\\\/\\\/canal7slp.tv\\\/2023\\\/pronuncia-amlo-que-no-habra-impunidad-en-casos-de-trafico-de-migrantes-en-slp\\\/#primaryimage\",\"url\":\"https:\\\/\\\/canal7slp.tv\\\/2023\\\/wp-content\\\/uploads\\\/2023\\\/04\\\/AMLO-1.jpg\",\"contentUrl\":\"https:\\\/\\\/canal7slp.tv\\\/2023\\\/wp-content\\\/uploads\\\/2023\\\/04\\\/AMLO-1.jpg\",\"width\":640,\"height\":360},{\"@type\":\"BreadcrumbList\",\"@id\":\"https:\\\/\\\/canal7slp.tv\\\/2023\\\/pronuncia-amlo-que-no-habra-impunidad-en-casos-de-trafico-de-migrantes-en-slp\\\/#breadcrumb\",\"itemListElement\":[{\"@type\":\"ListItem\",\"position\":1,\"name\":\"Portada\",\"item\":\"https:\\\/\\\/canal7slp.tv\\\/2023\\\/\"},{\"@type\":\"ListItem\",\"position\":2,\"name\":\"Pronuncia AMLO que no habr\u00e1 impunidad en casos de tr\u00e1fico de migrantes en SLP\"}]},{\"@type\":\"WebSite\",\"@id\":\"https:\\\/\\\/canal7slp.tv\\\/2023\\\/#website\",\"url\":\"https:\\\/\\\/canal7slp.tv\\\/2023\\\/\",\"name\":\"N7 - Noticieros Canal 7\",\"description\":\"Somos Televisi\u00f3n\",\"publisher\":{\"@id\":\"https:\\\/\\\/canal7slp.tv\\\/2023\\\/#organization\"},\"potentialAction\":[{\"@type\":\"SearchAction\",\"target\":{\"@type\":\"EntryPoint\",\"urlTemplate\":\"https:\\\/\\\/canal7slp.tv\\\/2023\\\/?s={search_term_string}\"},\"query-input\":{\"@type\":\"PropertyValueSpecification\",\"valueRequired\":true,\"valueName\":\"search_term_string\"}}],\"inLanguage\":\"es\"},{\"@type\":\"Organization\",\"@id\":\"https:\\\/\\\/canal7slp.tv\\\/2023\\\/#organization\",\"name\":\"Noticieros Canal 7\",\"url\":\"https:\\\/\\\/canal7slp.tv\\\/2023\\\/\",\"logo\":{\"@type\":\"ImageObject\",\"inLanguage\":\"es\",\"@id\":\"https:\\\/\\\/canal7slp.tv\\\/2023\\\/#\\\/schema\\\/logo\\\/image\\\/\",\"url\":\"https:\\\/\\\/canal7slp.tv\\\/2023\\\/wp-content\\\/uploads\\\/2021\\\/01\\\/logo-noticieros@2x.png\",\"contentUrl\":\"https:\\\/\\\/canal7slp.tv\\\/2023\\\/wp-content\\\/uploads\\\/2021\\\/01\\\/logo-noticieros@2x.png\",\"width\":1017,\"height\":268,\"caption\":\"Noticieros Canal 7\"},\"image\":{\"@id\":\"https:\\\/\\\/canal7slp.tv\\\/2023\\\/#\\\/schema\\\/logo\\\/image\\\/\"},\"sameAs\":[\"https:\\\/\\\/www.facebook.com\\\/noticieroscanalsiete\",\"https:\\\/\\\/x.com\\\/NOTICIEROS7\",\"https:\\\/\\\/www.instagram.com\\\/canal7_slp\",\"https:\\\/\\\/www.youtube.com\\\/channel\\\/UCliiYs-gP3JfJeqdPrNdd5A\"]},{\"@type\":\"Person\",\"@id\":\"https:\\\/\\\/canal7slp.tv\\\/2023\\\/#\\\/schema\\\/person\\\/639c424e3584069003b11ae813915da6\",\"name\":\"Edici\u00f3n Web\",\"image\":{\"@type\":\"ImageObject\",\"inLanguage\":\"es\",\"@id\":\"https:\\\/\\\/secure.gravatar.com\\\/avatar\\\/eee448fc3f7164808013b816ba91ac7e43bbe82a70bebac296f8bc6f0addaa1a?s=96&d=mm&r=g\",\"url\":\"https:\\\/\\\/secure.gravatar.com\\\/avatar\\\/eee448fc3f7164808013b816ba91ac7e43bbe82a70bebac296f8bc6f0addaa1a?s=96&d=mm&r=g\",\"contentUrl\":\"https:\\\/\\\/secure.gravatar.com\\\/avatar\\\/eee448fc3f7164808013b816ba91ac7e43bbe82a70bebac296f8bc6f0addaa1a?s=96&d=mm&r=g\",\"caption\":\"Edici\u00f3n Web\"},\"url\":\"https:\\\/\\\/canal7slp.tv\\\/2023\\\/author\\\/edicionweb\\\/\"}]}<\/script>\n<!-- \/ Yoast SEO plugin. -->","yoast_head_json":{"title":"Pronuncia AMLO que no habr\u00e1 impunidad en casos de tr\u00e1fico de migrantes en SLP - Canal 7 SLP - 2023","robots":{"index":"index","follow":"follow","max-snippet":"max-snippet:-1","max-image-preview":"max-image-preview:large","max-video-preview":"max-video-preview:-1"},"canonical":"https:\/\/canal7slp.tv\/2023\/pronuncia-amlo-que-no-habra-impunidad-en-casos-de-trafico-de-migrantes-en-slp\/","og_locale":"es_ES","og_type":"article","og_title":"Pronuncia AMLO que no habr\u00e1 impunidad en casos de tr\u00e1fico de migrantes en SLP - Canal 7 SLP - 2023","og_description":"&nbsp; En su visita a la entidad, adem\u00e1s asever\u00f3 que la Federaci\u00f3n no dejar\u00eda solos a los potosinos ante la crisis h\u00eddrica. SPL.- Rechaza el presidente de la Rep\u00fablica, Andr\u00e9s Manuel L\u00f3pez Obrador que se d\u00e9 carpetazo a recientes casos que destaparon una seria crisis migratoria en San Luis Potos\u00ed -especialmente en el Altiplano-. En el marco de su visita a la entidad este fin de semana, se pronunci\u00f3. Ante acusaciones de presunta complicidad de autoridades estatales y municipales, afirm\u00f3 que la investigaci\u00f3n est\u00e1 en curso -al tiempo que se refiri\u00f3 a los sucesos en la estaci\u00f3n migratoria de Ciudad [&hellip;]","og_url":"https:\/\/canal7slp.tv\/2023\/pronuncia-amlo-que-no-habra-impunidad-en-casos-de-trafico-de-migrantes-en-slp\/","og_site_name":"Canal 7 SLP - 2023","article_publisher":"https:\/\/www.facebook.com\/noticieroscanalsiete","article_published_time":"2023-04-15T03:06:11+00:00","og_image":[{"width":640,"height":360,"url":"https:\/\/canal7slp.tv\/2023\/wp-content\/uploads\/2023\/04\/AMLO-1.jpg","type":"image\/jpeg"}],"author":"Edici\u00f3n Web","twitter_card":"summary_large_image","twitter_creator":"@NOTICIEROS7","twitter_site":"@NOTICIEROS7","twitter_misc":{"Escrito por":"Edici\u00f3n Web","Tiempo de lectura":"2 minutos"},"schema":{"@context":"https:\/\/schema.org","@graph":[{"@type":"Article","@id":"https:\/\/canal7slp.tv\/2023\/pronuncia-amlo-que-no-habra-impunidad-en-casos-de-trafico-de-migrantes-en-slp\/#article","isPartOf":{"@id":"https:\/\/canal7slp.tv\/2023\/pronuncia-amlo-que-no-habra-impunidad-en-casos-de-trafico-de-migrantes-en-slp\/"},"author":{"name":"Edici\u00f3n Web","@id":"https:\/\/canal7slp.tv\/2023\/#\/schema\/person\/639c424e3584069003b11ae813915da6"},"headline":"Pronuncia AMLO que no habr\u00e1 impunidad en casos de tr\u00e1fico de migrantes en SLP","datePublished":"2023-04-15T03:06:11+00:00","mainEntityOfPage":{"@id":"https:\/\/canal7slp.tv\/2023\/pronuncia-amlo-que-no-habra-impunidad-en-casos-de-trafico-de-migrantes-en-slp\/"},"wordCount":292,"publisher":{"@id":"https:\/\/canal7slp.tv\/2023\/#organization"},"image":{"@id":"https:\/\/canal7slp.tv\/2023\/pronuncia-amlo-que-no-habra-impunidad-en-casos-de-trafico-de-migrantes-en-slp\/#primaryimage"},"thumbnailUrl":"https:\/\/canal7slp.tv\/2023\/wp-content\/uploads\/2023\/04\/AMLO-1.jpg","articleSection":["DESTACADAS","LOCALES Y REGIONALES"],"inLanguage":"es"},{"@type":"WebPage","@id":"https:\/\/canal7slp.tv\/2023\/pronuncia-amlo-que-no-habra-impunidad-en-casos-de-trafico-de-migrantes-en-slp\/","url":"https:\/\/canal7slp.tv\/2023\/pronuncia-amlo-que-no-habra-impunidad-en-casos-de-trafico-de-migrantes-en-slp\/","name":"Pronuncia AMLO que no habr\u00e1 impunidad en casos de tr\u00e1fico de migrantes en SLP - Canal 7 SLP - 2023","isPartOf":{"@id":"https:\/\/canal7slp.tv\/2023\/#website"},"primaryImageOfPage":{"@id":"https:\/\/canal7slp.tv\/2023\/pronuncia-amlo-que-no-habra-impunidad-en-casos-de-trafico-de-migrantes-en-slp\/#primaryimage"},"image":{"@id":"https:\/\/canal7slp.tv\/2023\/pronuncia-amlo-que-no-habra-impunidad-en-casos-de-trafico-de-migrantes-en-slp\/#primaryimage"},"thumbnailUrl":"https:\/\/canal7slp.tv\/2023\/wp-content\/uploads\/2023\/04\/AMLO-1.jpg","datePublished":"2023-04-15T03:06:11+00:00","breadcrumb":{"@id":"https:\/\/canal7slp.tv\/2023\/pronuncia-amlo-que-no-habra-impunidad-en-casos-de-trafico-de-migrantes-en-slp\/#breadcrumb"},"inLanguage":"es","potentialAction":[{"@type":"ReadAction","target":["https:\/\/canal7slp.tv\/2023\/pronuncia-amlo-que-no-habra-impunidad-en-casos-de-trafico-de-migrantes-en-slp\/"]}]},{"@type":"ImageObject","inLanguage":"es","@id":"https:\/\/canal7slp.tv\/2023\/pronuncia-amlo-que-no-habra-impunidad-en-casos-de-trafico-de-migrantes-en-slp\/#primaryimage","url":"https:\/\/canal7slp.tv\/2023\/wp-content\/uploads\/2023\/04\/AMLO-1.jpg","contentUrl":"https:\/\/canal7slp.tv\/2023\/wp-content\/uploads\/2023\/04\/AMLO-1.jpg","width":640,"height":360},{"@type":"BreadcrumbList","@id":"https:\/\/canal7slp.tv\/2023\/pronuncia-amlo-que-no-habra-impunidad-en-casos-de-trafico-de-migrantes-en-slp\/#breadcrumb","itemListElement":[{"@type":"ListItem","position":1,"name":"Portada","item":"https:\/\/canal7slp.tv\/2023\/"},{"@type":"ListItem","position":2,"name":"Pronuncia AMLO que no habr\u00e1 impunidad en casos de tr\u00e1fico de migrantes en SLP"}]},{"@type":"WebSite","@id":"https:\/\/canal7slp.tv\/2023\/#website","url":"https:\/\/canal7slp.tv\/2023\/","name":"N7 - Noticieros Canal 7","description":"Somos Televisi\u00f3n","publisher":{"@id":"https:\/\/canal7slp.tv\/2023\/#organization"},"potentialAction":[{"@type":"SearchAction","target":{"@type":"EntryPoint","urlTemplate":"https:\/\/canal7slp.tv\/2023\/?s={search_term_string}"},"query-input":{"@type":"PropertyValueSpecification","valueRequired":true,"valueName":"search_term_string"}}],"inLanguage":"es"},{"@type":"Organization","@id":"https:\/\/canal7slp.tv\/2023\/#organization","name":"Noticieros Canal 7","url":"https:\/\/canal7slp.tv\/2023\/","logo":{"@type":"ImageObject","inLanguage":"es","@id":"https:\/\/canal7slp.tv\/2023\/#\/schema\/logo\/image\/","url":"https:\/\/canal7slp.tv\/2023\/wp-content\/uploads\/2021\/01\/logo-noticieros@2x.png","contentUrl":"https:\/\/canal7slp.tv\/2023\/wp-content\/uploads\/2021\/01\/logo-noticieros@2x.png","width":1017,"height":268,"caption":"Noticieros Canal 7"},"image":{"@id":"https:\/\/canal7slp.tv\/2023\/#\/schema\/logo\/image\/"},"sameAs":["https:\/\/www.facebook.com\/noticieroscanalsiete","https:\/\/x.com\/NOTICIEROS7","https:\/\/www.instagram.com\/canal7_slp","https:\/\/www.youtube.com\/channel\/UCliiYs-gP3JfJeqdPrNdd5A"]},{"@type":"Person","@id":"https:\/\/canal7slp.tv\/2023\/#\/schema\/person\/639c424e3584069003b11ae813915da6","name":"Edici\u00f3n Web","image":{"@type":"ImageObject","inLanguage":"es","@id":"https:\/\/secure.gravatar.com\/avatar\/eee448fc3f7164808013b816ba91ac7e43bbe82a70bebac296f8bc6f0addaa1a?s=96&d=mm&r=g","url":"https:\/\/secure.gravatar.com\/avatar\/eee448fc3f7164808013b816ba91ac7e43bbe82a70bebac296f8bc6f0addaa1a?s=96&d=mm&r=g","contentUrl":"https:\/\/secure.gravatar.com\/avatar\/eee448fc3f7164808013b816ba91ac7e43bbe82a70bebac296f8bc6f0addaa1a?s=96&d=mm&r=g","caption":"Edici\u00f3n Web"},"url":"https:\/\/canal7slp.tv\/2023\/author\/edicionweb\/"}]}},"_links":{"self":[{"href":"https:\/\/canal7slp.tv\/2023\/wp-json\/wp\/v2\/posts\/92793","targetHints":{"allow":["GET"]}}],"collection":[{"href":"https:\/\/canal7slp.tv\/2023\/wp-json\/wp\/v2\/posts"}],"about":[{"href":"https:\/\/canal7slp.tv\/2023\/wp-json\/wp\/v2\/types\/post"}],"author":[{"embeddable":true,"href":"https:\/\/canal7slp.tv\/2023\/wp-json\/wp\/v2\/users\/2"}],"replies":[{"embeddable":true,"href":"https:\/\/canal7slp.tv\/2023\/wp-json\/wp\/v2\/comments?post=92793"}],"version-history":[{"count":2,"href":"https:\/\/canal7slp.tv\/2023\/wp-json\/wp\/v2\/posts\/92793\/revisions"}],"predecessor-version":[{"id":92801,"href":"https:\/\/canal7slp.tv\/2023\/wp-json\/wp\/v2\/posts\/92793\/revisions\/92801"}],"wp:featuredmedia":[{"embeddable":true,"href":"https:\/\/canal7slp.tv\/2023\/wp-json\/wp\/v2\/media\/92800"}],"wp:attachment":[{"href":"https:\/\/canal7slp.tv\/2023\/wp-json\/wp\/v2\/media?parent=92793"}],"wp:term":[{"taxonomy":"category","embeddable":true,"href":"https:\/\/canal7slp.tv\/2023\/wp-json\/wp\/v2\/categories?post=92793"},{"taxonomy":"post_tag","embeddable":true,"href":"https:\/\/canal7slp.tv\/2023\/wp-json\/wp\/v2\/tags?post=92793"}],"curies":[{"name":"wp","href":"https:\/\/api.w.org\/{rel}","templated":true}]}}