{"id":92778,"date":"2023-04-14T17:57:47","date_gmt":"2023-04-14T23:57:47","guid":{"rendered":"https:\/\/canal7slp.tv\/2023\/?p=92778"},"modified":"2023-04-14T21:24:20","modified_gmt":"2023-04-15T03:24:20","slug":"vinculan-a-proceso-a-director-de-la-policia-municipal-de-matehuala","status":"publish","type":"post","link":"https:\/\/canal7slp.tv\/2023\/vinculan-a-proceso-a-director-de-la-policia-municipal-de-matehuala\/","title":{"rendered":"Vinculan a proceso a Director de la Polic\u00eda Municipal de Matehuala"},"content":{"rendered":"<p>&nbsp;<\/p>\n<ul>\n<li style=\"text-align: justify;\">La defensa solicit\u00f3 suspensi\u00f3n condicional del proceso.<\/li>\n<\/ul>\n<p style=\"text-align: justify;\">Matehuala.- La Fiscal\u00eda General del Estado de San Luis Potos\u00ed (FGESLP) report\u00f3 la vinculaci\u00f3n a proceso de quien se desempe\u00f1ar\u00e1 como director de la corporaci\u00f3n policial de Matehuala, por el delito contra la salud en su modalidad de posesi\u00f3n simple.<\/p>\n<p style=\"text-align: justify;\">Una vez que Francisco \u201cN\u201d fue puesto a disposici\u00f3n de la Unidad de Narcomenudeo, la carpeta de investigaci\u00f3n se judicializ\u00f3; por lo que el imputado fue llevado a la audiencia de control.<\/p>\n<p style=\"text-align: justify;\">Se le imput\u00f3 la posesi\u00f3n de 25 dosis de \u00abcristal\u00bb, las cuales fueron halladas en su oficina, tras un operativo de revisi\u00f3n que llevaron autoridades federales y estatales en la comandancia de Matehuala, el pasado 11 de abril.<\/p>\n<p style=\"text-align: justify;\">Una vez aprehendido, fue trasladado a San Luis Potos\u00ed, donde el Juez de Control decret\u00f3 que fuera vinculado a proceso, al igual que quedar\u00e1 en prisi\u00f3n preventiva justificada por el delito se\u00f1alado, a petici\u00f3n del Ministerio P\u00fablico.<\/p>\n<p style=\"text-align: justify;\">Sin embargo, la defensa de esta persona solicit\u00f3 la suspensi\u00f3n condicional del proceso; por lo que ahora Francisco \u201cN\u201d tendr\u00e1 que cumplir con residir en un lugar determinado, prestar servicio social en favor del estado o instituciones de beneficencia p\u00fablica, y someterse a la vigilancia que determine la autoridad judicial; esto durante seis meses.<\/p>\n<p style=\"text-align: justify;\">Asimismo, se se\u00f1al\u00f3 que a este caso se le dar\u00e1 seguimiento en Matehuala.<\/p>\n<p>Por:Paulina Rodr\u00edguez<\/p>\n","protected":false},"excerpt":{"rendered":"<p>&nbsp; La defensa solicit\u00f3 suspensi\u00f3n condicional del proceso. Matehuala.- La Fiscal\u00eda General del Estado de San Luis Potos\u00ed (FGESLP) report\u00f3 la vinculaci\u00f3n a proceso de quien se desempe\u00f1ar\u00e1 como director de la corporaci\u00f3n policial de Matehuala, por el delito contra la salud en su modalidad de posesi\u00f3n simple. Una vez que Francisco \u201cN\u201d fue puesto a disposici\u00f3n de la Unidad de Narcomenudeo, la carpeta de investigaci\u00f3n se judicializ\u00f3; por lo que el imputado fue llevado a la audiencia de control. Se le imput\u00f3 la posesi\u00f3n de 25 dosis de \u00abcristal\u00bb, las cuales fueron halladas en su oficina, tras un operativo [&hellip;]<\/p>\n","protected":false},"author":2,"featured_media":92785,"comment_status":"closed","ping_status":"closed","sticky":false,"template":"","format":"video","meta":{"footnotes":""},"categories":[5,43],"tags":[],"class_list":["post-92778","post","type-post","status-publish","format-video","has-post-thumbnail","hentry","category-destacadas","category-interior","post_format-post-format-video","post--single"],"yoast_head":"<!-- This site is optimized with the Yoast SEO plugin v27.5 - https:\/\/yoast.com\/product\/yoast-seo-wordpress\/ -->\n<title>Vinculan a proceso a Director de la Polic\u00eda Municipal de Matehuala - Canal 7 SLP - 2023<\/title>\n<meta name=\"robots\" content=\"index, follow, max-snippet:-1, max-image-preview:large, max-video-preview:-1\" \/>\n<link rel=\"canonical\" href=\"https:\/\/canal7slp.tv\/2023\/vinculan-a-proceso-a-director-de-la-policia-municipal-de-matehuala\/\" \/>\n<meta property=\"og:locale\" content=\"es_ES\" \/>\n<meta property=\"og:type\" content=\"article\" \/>\n<meta property=\"og:title\" content=\"Vinculan a proceso a Director de la Polic\u00eda Municipal de Matehuala - Canal 7 SLP - 2023\" \/>\n<meta property=\"og:description\" content=\"&nbsp; La defensa solicit\u00f3 suspensi\u00f3n condicional del proceso. Matehuala.- La Fiscal\u00eda General del Estado de San Luis Potos\u00ed (FGESLP) report\u00f3 la vinculaci\u00f3n a proceso de quien se desempe\u00f1ar\u00e1 como director de la corporaci\u00f3n policial de Matehuala, por el delito contra la salud en su modalidad de posesi\u00f3n simple. Una vez que Francisco \u201cN\u201d fue puesto a disposici\u00f3n de la Unidad de Narcomenudeo, la carpeta de investigaci\u00f3n se judicializ\u00f3; por lo que el imputado fue llevado a la audiencia de control. Se le imput\u00f3 la posesi\u00f3n de 25 dosis de \u00abcristal\u00bb, las cuales fueron halladas en su oficina, tras un operativo [&hellip;]\" \/>\n<meta property=\"og:url\" content=\"https:\/\/canal7slp.tv\/2023\/vinculan-a-proceso-a-director-de-la-policia-municipal-de-matehuala\/\" \/>\n<meta property=\"og:site_name\" content=\"Canal 7 SLP - 2023\" \/>\n<meta property=\"article:publisher\" content=\"https:\/\/www.facebook.com\/noticieroscanalsiete\" \/>\n<meta property=\"article:published_time\" content=\"2023-04-14T23:57:47+00:00\" \/>\n<meta property=\"article:modified_time\" content=\"2023-04-15T03:24:20+00:00\" \/>\n<meta property=\"og:image\" content=\"https:\/\/canal7slp.tv\/2023\/wp-content\/uploads\/2023\/04\/Matehuala.jpeg\" \/>\n\t<meta property=\"og:image:width\" content=\"441\" \/>\n\t<meta property=\"og:image:height\" content=\"345\" \/>\n\t<meta property=\"og:image:type\" content=\"image\/jpeg\" \/>\n<meta name=\"author\" content=\"Edici\u00f3n Web\" \/>\n<meta name=\"twitter:card\" content=\"summary_large_image\" \/>\n<meta name=\"twitter:creator\" content=\"@NOTICIEROS7\" \/>\n<meta name=\"twitter:site\" content=\"@NOTICIEROS7\" \/>\n<meta name=\"twitter:label1\" content=\"Escrito por\" \/>\n\t<meta name=\"twitter:data1\" content=\"Edici\u00f3n Web\" \/>\n\t<meta name=\"twitter:label2\" content=\"Tiempo de lectura\" \/>\n\t<meta name=\"twitter:data2\" content=\"2 minutos\" \/>\n<script type=\"application\/ld+json\" class=\"yoast-schema-graph\">{\"@context\":\"https:\\\/\\\/schema.org\",\"@graph\":[{\"@type\":\"Article\",\"@id\":\"https:\\\/\\\/canal7slp.tv\\\/2023\\\/vinculan-a-proceso-a-director-de-la-policia-municipal-de-matehuala\\\/#article\",\"isPartOf\":{\"@id\":\"https:\\\/\\\/canal7slp.tv\\\/2023\\\/vinculan-a-proceso-a-director-de-la-policia-municipal-de-matehuala\\\/\"},\"author\":{\"name\":\"Edici\u00f3n Web\",\"@id\":\"https:\\\/\\\/canal7slp.tv\\\/2023\\\/#\\\/schema\\\/person\\\/639c424e3584069003b11ae813915da6\"},\"headline\":\"Vinculan a proceso a Director de la Polic\u00eda Municipal de Matehuala\",\"datePublished\":\"2023-04-14T23:57:47+00:00\",\"dateModified\":\"2023-04-15T03:24:20+00:00\",\"mainEntityOfPage\":{\"@id\":\"https:\\\/\\\/canal7slp.tv\\\/2023\\\/vinculan-a-proceso-a-director-de-la-policia-municipal-de-matehuala\\\/\"},\"wordCount\":254,\"publisher\":{\"@id\":\"https:\\\/\\\/canal7slp.tv\\\/2023\\\/#organization\"},\"image\":{\"@id\":\"https:\\\/\\\/canal7slp.tv\\\/2023\\\/vinculan-a-proceso-a-director-de-la-policia-municipal-de-matehuala\\\/#primaryimage\"},\"thumbnailUrl\":\"https:\\\/\\\/canal7slp.tv\\\/2023\\\/wp-content\\\/uploads\\\/2023\\\/04\\\/Matehuala.jpeg\",\"articleSection\":[\"DESTACADAS\",\"INTERIOR DEL ESTADO\"],\"inLanguage\":\"es\"},{\"@type\":\"WebPage\",\"@id\":\"https:\\\/\\\/canal7slp.tv\\\/2023\\\/vinculan-a-proceso-a-director-de-la-policia-municipal-de-matehuala\\\/\",\"url\":\"https:\\\/\\\/canal7slp.tv\\\/2023\\\/vinculan-a-proceso-a-director-de-la-policia-municipal-de-matehuala\\\/\",\"name\":\"Vinculan a proceso a Director de la Polic\u00eda Municipal de Matehuala - Canal 7 SLP - 2023\",\"isPartOf\":{\"@id\":\"https:\\\/\\\/canal7slp.tv\\\/2023\\\/#website\"},\"primaryImageOfPage\":{\"@id\":\"https:\\\/\\\/canal7slp.tv\\\/2023\\\/vinculan-a-proceso-a-director-de-la-policia-municipal-de-matehuala\\\/#primaryimage\"},\"image\":{\"@id\":\"https:\\\/\\\/canal7slp.tv\\\/2023\\\/vinculan-a-proceso-a-director-de-la-policia-municipal-de-matehuala\\\/#primaryimage\"},\"thumbnailUrl\":\"https:\\\/\\\/canal7slp.tv\\\/2023\\\/wp-content\\\/uploads\\\/2023\\\/04\\\/Matehuala.jpeg\",\"datePublished\":\"2023-04-14T23:57:47+00:00\",\"dateModified\":\"2023-04-15T03:24:20+00:00\",\"breadcrumb\":{\"@id\":\"https:\\\/\\\/canal7slp.tv\\\/2023\\\/vinculan-a-proceso-a-director-de-la-policia-municipal-de-matehuala\\\/#breadcrumb\"},\"inLanguage\":\"es\",\"potentialAction\":[{\"@type\":\"ReadAction\",\"target\":[\"https:\\\/\\\/canal7slp.tv\\\/2023\\\/vinculan-a-proceso-a-director-de-la-policia-municipal-de-matehuala\\\/\"]}]},{\"@type\":\"ImageObject\",\"inLanguage\":\"es\",\"@id\":\"https:\\\/\\\/canal7slp.tv\\\/2023\\\/vinculan-a-proceso-a-director-de-la-policia-municipal-de-matehuala\\\/#primaryimage\",\"url\":\"https:\\\/\\\/canal7slp.tv\\\/2023\\\/wp-content\\\/uploads\\\/2023\\\/04\\\/Matehuala.jpeg\",\"contentUrl\":\"https:\\\/\\\/canal7slp.tv\\\/2023\\\/wp-content\\\/uploads\\\/2023\\\/04\\\/Matehuala.jpeg\",\"width\":441,\"height\":345},{\"@type\":\"BreadcrumbList\",\"@id\":\"https:\\\/\\\/canal7slp.tv\\\/2023\\\/vinculan-a-proceso-a-director-de-la-policia-municipal-de-matehuala\\\/#breadcrumb\",\"itemListElement\":[{\"@type\":\"ListItem\",\"position\":1,\"name\":\"Portada\",\"item\":\"https:\\\/\\\/canal7slp.tv\\\/2023\\\/\"},{\"@type\":\"ListItem\",\"position\":2,\"name\":\"Vinculan a proceso a Director de la Polic\u00eda Municipal de Matehuala\"}]},{\"@type\":\"WebSite\",\"@id\":\"https:\\\/\\\/canal7slp.tv\\\/2023\\\/#website\",\"url\":\"https:\\\/\\\/canal7slp.tv\\\/2023\\\/\",\"name\":\"N7 - Noticieros Canal 7\",\"description\":\"Somos Televisi\u00f3n\",\"publisher\":{\"@id\":\"https:\\\/\\\/canal7slp.tv\\\/2023\\\/#organization\"},\"potentialAction\":[{\"@type\":\"SearchAction\",\"target\":{\"@type\":\"EntryPoint\",\"urlTemplate\":\"https:\\\/\\\/canal7slp.tv\\\/2023\\\/?s={search_term_string}\"},\"query-input\":{\"@type\":\"PropertyValueSpecification\",\"valueRequired\":true,\"valueName\":\"search_term_string\"}}],\"inLanguage\":\"es\"},{\"@type\":\"Organization\",\"@id\":\"https:\\\/\\\/canal7slp.tv\\\/2023\\\/#organization\",\"name\":\"Noticieros Canal 7\",\"url\":\"https:\\\/\\\/canal7slp.tv\\\/2023\\\/\",\"logo\":{\"@type\":\"ImageObject\",\"inLanguage\":\"es\",\"@id\":\"https:\\\/\\\/canal7slp.tv\\\/2023\\\/#\\\/schema\\\/logo\\\/image\\\/\",\"url\":\"https:\\\/\\\/canal7slp.tv\\\/2023\\\/wp-content\\\/uploads\\\/2021\\\/01\\\/logo-noticieros@2x.png\",\"contentUrl\":\"https:\\\/\\\/canal7slp.tv\\\/2023\\\/wp-content\\\/uploads\\\/2021\\\/01\\\/logo-noticieros@2x.png\",\"width\":1017,\"height\":268,\"caption\":\"Noticieros Canal 7\"},\"image\":{\"@id\":\"https:\\\/\\\/canal7slp.tv\\\/2023\\\/#\\\/schema\\\/logo\\\/image\\\/\"},\"sameAs\":[\"https:\\\/\\\/www.facebook.com\\\/noticieroscanalsiete\",\"https:\\\/\\\/x.com\\\/NOTICIEROS7\",\"https:\\\/\\\/www.instagram.com\\\/canal7_slp\",\"https:\\\/\\\/www.youtube.com\\\/channel\\\/UCliiYs-gP3JfJeqdPrNdd5A\"]},{\"@type\":\"Person\",\"@id\":\"https:\\\/\\\/canal7slp.tv\\\/2023\\\/#\\\/schema\\\/person\\\/639c424e3584069003b11ae813915da6\",\"name\":\"Edici\u00f3n Web\",\"image\":{\"@type\":\"ImageObject\",\"inLanguage\":\"es\",\"@id\":\"https:\\\/\\\/secure.gravatar.com\\\/avatar\\\/eee448fc3f7164808013b816ba91ac7e43bbe82a70bebac296f8bc6f0addaa1a?s=96&d=mm&r=g\",\"url\":\"https:\\\/\\\/secure.gravatar.com\\\/avatar\\\/eee448fc3f7164808013b816ba91ac7e43bbe82a70bebac296f8bc6f0addaa1a?s=96&d=mm&r=g\",\"contentUrl\":\"https:\\\/\\\/secure.gravatar.com\\\/avatar\\\/eee448fc3f7164808013b816ba91ac7e43bbe82a70bebac296f8bc6f0addaa1a?s=96&d=mm&r=g\",\"caption\":\"Edici\u00f3n Web\"},\"url\":\"https:\\\/\\\/canal7slp.tv\\\/2023\\\/author\\\/edicionweb\\\/\"}]}<\/script>\n<!-- \/ Yoast SEO plugin. -->","yoast_head_json":{"title":"Vinculan a proceso a Director de la Polic\u00eda Municipal de Matehuala - Canal 7 SLP - 2023","robots":{"index":"index","follow":"follow","max-snippet":"max-snippet:-1","max-image-preview":"max-image-preview:large","max-video-preview":"max-video-preview:-1"},"canonical":"https:\/\/canal7slp.tv\/2023\/vinculan-a-proceso-a-director-de-la-policia-municipal-de-matehuala\/","og_locale":"es_ES","og_type":"article","og_title":"Vinculan a proceso a Director de la Polic\u00eda Municipal de Matehuala - Canal 7 SLP - 2023","og_description":"&nbsp; La defensa solicit\u00f3 suspensi\u00f3n condicional del proceso. Matehuala.- La Fiscal\u00eda General del Estado de San Luis Potos\u00ed (FGESLP) report\u00f3 la vinculaci\u00f3n a proceso de quien se desempe\u00f1ar\u00e1 como director de la corporaci\u00f3n policial de Matehuala, por el delito contra la salud en su modalidad de posesi\u00f3n simple. Una vez que Francisco \u201cN\u201d fue puesto a disposici\u00f3n de la Unidad de Narcomenudeo, la carpeta de investigaci\u00f3n se judicializ\u00f3; por lo que el imputado fue llevado a la audiencia de control. Se le imput\u00f3 la posesi\u00f3n de 25 dosis de \u00abcristal\u00bb, las cuales fueron halladas en su oficina, tras un operativo [&hellip;]","og_url":"https:\/\/canal7slp.tv\/2023\/vinculan-a-proceso-a-director-de-la-policia-municipal-de-matehuala\/","og_site_name":"Canal 7 SLP - 2023","article_publisher":"https:\/\/www.facebook.com\/noticieroscanalsiete","article_published_time":"2023-04-14T23:57:47+00:00","article_modified_time":"2023-04-15T03:24:20+00:00","og_image":[{"width":441,"height":345,"url":"https:\/\/canal7slp.tv\/2023\/wp-content\/uploads\/2023\/04\/Matehuala.jpeg","type":"image\/jpeg"}],"author":"Edici\u00f3n Web","twitter_card":"summary_large_image","twitter_creator":"@NOTICIEROS7","twitter_site":"@NOTICIEROS7","twitter_misc":{"Escrito por":"Edici\u00f3n Web","Tiempo de lectura":"2 minutos"},"schema":{"@context":"https:\/\/schema.org","@graph":[{"@type":"Article","@id":"https:\/\/canal7slp.tv\/2023\/vinculan-a-proceso-a-director-de-la-policia-municipal-de-matehuala\/#article","isPartOf":{"@id":"https:\/\/canal7slp.tv\/2023\/vinculan-a-proceso-a-director-de-la-policia-municipal-de-matehuala\/"},"author":{"name":"Edici\u00f3n Web","@id":"https:\/\/canal7slp.tv\/2023\/#\/schema\/person\/639c424e3584069003b11ae813915da6"},"headline":"Vinculan a proceso a Director de la Polic\u00eda Municipal de Matehuala","datePublished":"2023-04-14T23:57:47+00:00","dateModified":"2023-04-15T03:24:20+00:00","mainEntityOfPage":{"@id":"https:\/\/canal7slp.tv\/2023\/vinculan-a-proceso-a-director-de-la-policia-municipal-de-matehuala\/"},"wordCount":254,"publisher":{"@id":"https:\/\/canal7slp.tv\/2023\/#organization"},"image":{"@id":"https:\/\/canal7slp.tv\/2023\/vinculan-a-proceso-a-director-de-la-policia-municipal-de-matehuala\/#primaryimage"},"thumbnailUrl":"https:\/\/canal7slp.tv\/2023\/wp-content\/uploads\/2023\/04\/Matehuala.jpeg","articleSection":["DESTACADAS","INTERIOR DEL ESTADO"],"inLanguage":"es"},{"@type":"WebPage","@id":"https:\/\/canal7slp.tv\/2023\/vinculan-a-proceso-a-director-de-la-policia-municipal-de-matehuala\/","url":"https:\/\/canal7slp.tv\/2023\/vinculan-a-proceso-a-director-de-la-policia-municipal-de-matehuala\/","name":"Vinculan a proceso a Director de la Polic\u00eda Municipal de Matehuala - Canal 7 SLP - 2023","isPartOf":{"@id":"https:\/\/canal7slp.tv\/2023\/#website"},"primaryImageOfPage":{"@id":"https:\/\/canal7slp.tv\/2023\/vinculan-a-proceso-a-director-de-la-policia-municipal-de-matehuala\/#primaryimage"},"image":{"@id":"https:\/\/canal7slp.tv\/2023\/vinculan-a-proceso-a-director-de-la-policia-municipal-de-matehuala\/#primaryimage"},"thumbnailUrl":"https:\/\/canal7slp.tv\/2023\/wp-content\/uploads\/2023\/04\/Matehuala.jpeg","datePublished":"2023-04-14T23:57:47+00:00","dateModified":"2023-04-15T03:24:20+00:00","breadcrumb":{"@id":"https:\/\/canal7slp.tv\/2023\/vinculan-a-proceso-a-director-de-la-policia-municipal-de-matehuala\/#breadcrumb"},"inLanguage":"es","potentialAction":[{"@type":"ReadAction","target":["https:\/\/canal7slp.tv\/2023\/vinculan-a-proceso-a-director-de-la-policia-municipal-de-matehuala\/"]}]},{"@type":"ImageObject","inLanguage":"es","@id":"https:\/\/canal7slp.tv\/2023\/vinculan-a-proceso-a-director-de-la-policia-municipal-de-matehuala\/#primaryimage","url":"https:\/\/canal7slp.tv\/2023\/wp-content\/uploads\/2023\/04\/Matehuala.jpeg","contentUrl":"https:\/\/canal7slp.tv\/2023\/wp-content\/uploads\/2023\/04\/Matehuala.jpeg","width":441,"height":345},{"@type":"BreadcrumbList","@id":"https:\/\/canal7slp.tv\/2023\/vinculan-a-proceso-a-director-de-la-policia-municipal-de-matehuala\/#breadcrumb","itemListElement":[{"@type":"ListItem","position":1,"name":"Portada","item":"https:\/\/canal7slp.tv\/2023\/"},{"@type":"ListItem","position":2,"name":"Vinculan a proceso a Director de la Polic\u00eda Municipal de Matehuala"}]},{"@type":"WebSite","@id":"https:\/\/canal7slp.tv\/2023\/#website","url":"https:\/\/canal7slp.tv\/2023\/","name":"N7 - Noticieros Canal 7","description":"Somos Televisi\u00f3n","publisher":{"@id":"https:\/\/canal7slp.tv\/2023\/#organization"},"potentialAction":[{"@type":"SearchAction","target":{"@type":"EntryPoint","urlTemplate":"https:\/\/canal7slp.tv\/2023\/?s={search_term_string}"},"query-input":{"@type":"PropertyValueSpecification","valueRequired":true,"valueName":"search_term_string"}}],"inLanguage":"es"},{"@type":"Organization","@id":"https:\/\/canal7slp.tv\/2023\/#organization","name":"Noticieros Canal 7","url":"https:\/\/canal7slp.tv\/2023\/","logo":{"@type":"ImageObject","inLanguage":"es","@id":"https:\/\/canal7slp.tv\/2023\/#\/schema\/logo\/image\/","url":"https:\/\/canal7slp.tv\/2023\/wp-content\/uploads\/2021\/01\/logo-noticieros@2x.png","contentUrl":"https:\/\/canal7slp.tv\/2023\/wp-content\/uploads\/2021\/01\/logo-noticieros@2x.png","width":1017,"height":268,"caption":"Noticieros Canal 7"},"image":{"@id":"https:\/\/canal7slp.tv\/2023\/#\/schema\/logo\/image\/"},"sameAs":["https:\/\/www.facebook.com\/noticieroscanalsiete","https:\/\/x.com\/NOTICIEROS7","https:\/\/www.instagram.com\/canal7_slp","https:\/\/www.youtube.com\/channel\/UCliiYs-gP3JfJeqdPrNdd5A"]},{"@type":"Person","@id":"https:\/\/canal7slp.tv\/2023\/#\/schema\/person\/639c424e3584069003b11ae813915da6","name":"Edici\u00f3n Web","image":{"@type":"ImageObject","inLanguage":"es","@id":"https:\/\/secure.gravatar.com\/avatar\/eee448fc3f7164808013b816ba91ac7e43bbe82a70bebac296f8bc6f0addaa1a?s=96&d=mm&r=g","url":"https:\/\/secure.gravatar.com\/avatar\/eee448fc3f7164808013b816ba91ac7e43bbe82a70bebac296f8bc6f0addaa1a?s=96&d=mm&r=g","contentUrl":"https:\/\/secure.gravatar.com\/avatar\/eee448fc3f7164808013b816ba91ac7e43bbe82a70bebac296f8bc6f0addaa1a?s=96&d=mm&r=g","caption":"Edici\u00f3n Web"},"url":"https:\/\/canal7slp.tv\/2023\/author\/edicionweb\/"}]}},"_links":{"self":[{"href":"https:\/\/canal7slp.tv\/2023\/wp-json\/wp\/v2\/posts\/92778","targetHints":{"allow":["GET"]}}],"collection":[{"href":"https:\/\/canal7slp.tv\/2023\/wp-json\/wp\/v2\/posts"}],"about":[{"href":"https:\/\/canal7slp.tv\/2023\/wp-json\/wp\/v2\/types\/post"}],"author":[{"embeddable":true,"href":"https:\/\/canal7slp.tv\/2023\/wp-json\/wp\/v2\/users\/2"}],"replies":[{"embeddable":true,"href":"https:\/\/canal7slp.tv\/2023\/wp-json\/wp\/v2\/comments?post=92778"}],"version-history":[{"count":5,"href":"https:\/\/canal7slp.tv\/2023\/wp-json\/wp\/v2\/posts\/92778\/revisions"}],"predecessor-version":[{"id":92802,"href":"https:\/\/canal7slp.tv\/2023\/wp-json\/wp\/v2\/posts\/92778\/revisions\/92802"}],"wp:featuredmedia":[{"embeddable":true,"href":"https:\/\/canal7slp.tv\/2023\/wp-json\/wp\/v2\/media\/92785"}],"wp:attachment":[{"href":"https:\/\/canal7slp.tv\/2023\/wp-json\/wp\/v2\/media?parent=92778"}],"wp:term":[{"taxonomy":"category","embeddable":true,"href":"https:\/\/canal7slp.tv\/2023\/wp-json\/wp\/v2\/categories?post=92778"},{"taxonomy":"post_tag","embeddable":true,"href":"https:\/\/canal7slp.tv\/2023\/wp-json\/wp\/v2\/tags?post=92778"}],"curies":[{"name":"wp","href":"https:\/\/api.w.org\/{rel}","templated":true}]}}