{"id":92753,"date":"2023-04-14T12:54:12","date_gmt":"2023-04-14T18:54:12","guid":{"rendered":"https:\/\/canal7slp.tv\/2023\/?p=92753"},"modified":"2023-04-14T12:54:12","modified_gmt":"2023-04-14T18:54:12","slug":"procesan-a-cuatro-militares-de-nuevo-laredo-que-dispararon-a-jovenes","status":"publish","type":"post","link":"https:\/\/canal7slp.tv\/2023\/procesan-a-cuatro-militares-de-nuevo-laredo-que-dispararon-a-jovenes\/","title":{"rendered":"Procesan a cuatro militares de Nuevo Laredo que dispararon a j\u00f3venes"},"content":{"rendered":"<p style=\"text-align: justify;\">Nuevo Laredo.- Un juez vincul\u00f3 a proceso a cuatro soldados por el asesinato de cinco j\u00f3venes ocurrido en febrero en Nuevo Laredo.<\/p>\n<p style=\"text-align: justify;\">El Consejero de la Judicatura Federal inform\u00f3 que durante la segunda jornada de audiencia, el juez acord\u00f3 vincular a proceso a los cuatro militares que fueron imputados por la Fiscal\u00eda de los delitos de homicidio calificado y homicidio calificado en grado de tentativa; por la muerte de cinco j\u00f3venes en la ma\u00f1ana del 26 de febrero en Nuevo Laredo, Tamaulipas.<\/p>\n<p style=\"text-align: justify;\">El juez del caso hab\u00eda ordenado prisi\u00f3n preventiva en una instalaci\u00f3n militar de la capital para los cuatro uniformados.<\/p>\n<p style=\"text-align: justify;\">Los soldados fueron se\u00f1alados por disparar sin justificaci\u00f3n contra ocupantes de una camioneta pick up, matando a cinco hombres e hiriendo a otro, de acuerdo con un informe de marzo de la Comisi\u00f3n Nacional de Derechos Humanos (CNDH).<\/p>\n<p style=\"text-align: justify;\">El reporte refiere que los cuatro militares dispararon 117 tiros contra el veh\u00edculo. Tres de ellos dijeron que abrieron fuego para apoyar al primero de los compa\u00f1eros que comenz\u00f3 a disparar.<\/p>\n<p style=\"text-align: justify;\">La Secretar\u00eda de la Defensa Nacional (Sedena) justific\u00f3 en su momento el actuar de los soldados alegando que escucharon disparos y se acercaron a una camioneta que circulaba sin placas y con las luces apagadas y que los ocupantes del veh\u00edculo \u00abal observar la presencia de las tropas, aceleraron el veh\u00edculo de manera intempestiva y evasiva\u00bb.<\/p>\n<p style=\"text-align: justify;\">Los soldados declararon que la camioneta se estrell\u00f3 contra un veh\u00edculo estacionado y que, cuando escucharon el choque, abrieron fuego.<\/p>\n<p style=\"text-align: justify;\">Seg\u00fan los informes sobre el lugar de los hechos, no hubo indicios de que se hayan encontrado armas en el veh\u00edculo despu\u00e9s de los disparos y la CNDH dijo que no hab\u00eda evidencia de disparos contra la patrulla del Ej\u00e9rcito.<\/p>\n","protected":false},"excerpt":{"rendered":"<p>Nuevo Laredo.- Un juez vincul\u00f3 a proceso a cuatro soldados por el asesinato de cinco j\u00f3venes ocurrido en febrero en Nuevo Laredo. El Consejero de la Judicatura Federal inform\u00f3 que durante la segunda jornada de audiencia, el juez acord\u00f3 vincular a proceso a los cuatro militares que fueron imputados por la Fiscal\u00eda de los delitos de homicidio calificado y homicidio calificado en grado de tentativa; por la muerte de cinco j\u00f3venes en la ma\u00f1ana del 26 de febrero en Nuevo Laredo, Tamaulipas. El juez del caso hab\u00eda ordenado prisi\u00f3n preventiva en una instalaci\u00f3n militar de la capital para los cuatro [&hellip;]<\/p>\n","protected":false},"author":2,"featured_media":92755,"comment_status":"closed","ping_status":"closed","sticky":false,"template":"","format":"standard","meta":{"footnotes":""},"categories":[46],"tags":[],"class_list":["post-92753","post","type-post","status-publish","format-standard","has-post-thumbnail","hentry","category-nacional","post--single"],"yoast_head":"<!-- This site is optimized with the Yoast SEO plugin v27.5 - https:\/\/yoast.com\/product\/yoast-seo-wordpress\/ -->\n<title>Procesan a cuatro militares de Nuevo Laredo que dispararon a j\u00f3venes - Canal 7 SLP - 2023<\/title>\n<meta name=\"robots\" content=\"index, follow, max-snippet:-1, max-image-preview:large, max-video-preview:-1\" \/>\n<link rel=\"canonical\" href=\"https:\/\/canal7slp.tv\/2023\/procesan-a-cuatro-militares-de-nuevo-laredo-que-dispararon-a-jovenes\/\" \/>\n<meta property=\"og:locale\" content=\"es_ES\" \/>\n<meta property=\"og:type\" content=\"article\" \/>\n<meta property=\"og:title\" content=\"Procesan a cuatro militares de Nuevo Laredo que dispararon a j\u00f3venes - Canal 7 SLP - 2023\" \/>\n<meta property=\"og:description\" content=\"Nuevo Laredo.- Un juez vincul\u00f3 a proceso a cuatro soldados por el asesinato de cinco j\u00f3venes ocurrido en febrero en Nuevo Laredo. El Consejero de la Judicatura Federal inform\u00f3 que durante la segunda jornada de audiencia, el juez acord\u00f3 vincular a proceso a los cuatro militares que fueron imputados por la Fiscal\u00eda de los delitos de homicidio calificado y homicidio calificado en grado de tentativa; por la muerte de cinco j\u00f3venes en la ma\u00f1ana del 26 de febrero en Nuevo Laredo, Tamaulipas. El juez del caso hab\u00eda ordenado prisi\u00f3n preventiva en una instalaci\u00f3n militar de la capital para los cuatro [&hellip;]\" \/>\n<meta property=\"og:url\" content=\"https:\/\/canal7slp.tv\/2023\/procesan-a-cuatro-militares-de-nuevo-laredo-que-dispararon-a-jovenes\/\" \/>\n<meta property=\"og:site_name\" content=\"Canal 7 SLP - 2023\" \/>\n<meta property=\"article:publisher\" content=\"https:\/\/www.facebook.com\/noticieroscanalsiete\" \/>\n<meta property=\"article:published_time\" content=\"2023-04-14T18:54:12+00:00\" \/>\n<meta property=\"og:image\" content=\"https:\/\/canal7slp.tv\/2023\/wp-content\/uploads\/2023\/04\/Disparos.jpg\" \/>\n\t<meta property=\"og:image:width\" content=\"992\" \/>\n\t<meta property=\"og:image:height\" content=\"558\" \/>\n\t<meta property=\"og:image:type\" content=\"image\/jpeg\" \/>\n<meta name=\"author\" content=\"Edici\u00f3n Web\" \/>\n<meta name=\"twitter:card\" content=\"summary_large_image\" \/>\n<meta name=\"twitter:creator\" content=\"@NOTICIEROS7\" \/>\n<meta name=\"twitter:site\" content=\"@NOTICIEROS7\" \/>\n<meta name=\"twitter:label1\" content=\"Escrito por\" \/>\n\t<meta name=\"twitter:data1\" content=\"Edici\u00f3n Web\" \/>\n\t<meta name=\"twitter:label2\" content=\"Tiempo de lectura\" \/>\n\t<meta name=\"twitter:data2\" content=\"2 minutos\" \/>\n<script type=\"application\/ld+json\" class=\"yoast-schema-graph\">{\"@context\":\"https:\\\/\\\/schema.org\",\"@graph\":[{\"@type\":\"Article\",\"@id\":\"https:\\\/\\\/canal7slp.tv\\\/2023\\\/procesan-a-cuatro-militares-de-nuevo-laredo-que-dispararon-a-jovenes\\\/#article\",\"isPartOf\":{\"@id\":\"https:\\\/\\\/canal7slp.tv\\\/2023\\\/procesan-a-cuatro-militares-de-nuevo-laredo-que-dispararon-a-jovenes\\\/\"},\"author\":{\"name\":\"Edici\u00f3n Web\",\"@id\":\"https:\\\/\\\/canal7slp.tv\\\/2023\\\/#\\\/schema\\\/person\\\/639c424e3584069003b11ae813915da6\"},\"headline\":\"Procesan a cuatro militares de Nuevo Laredo que dispararon a j\u00f3venes\",\"datePublished\":\"2023-04-14T18:54:12+00:00\",\"mainEntityOfPage\":{\"@id\":\"https:\\\/\\\/canal7slp.tv\\\/2023\\\/procesan-a-cuatro-militares-de-nuevo-laredo-que-dispararon-a-jovenes\\\/\"},\"wordCount\":318,\"publisher\":{\"@id\":\"https:\\\/\\\/canal7slp.tv\\\/2023\\\/#organization\"},\"image\":{\"@id\":\"https:\\\/\\\/canal7slp.tv\\\/2023\\\/procesan-a-cuatro-militares-de-nuevo-laredo-que-dispararon-a-jovenes\\\/#primaryimage\"},\"thumbnailUrl\":\"https:\\\/\\\/canal7slp.tv\\\/2023\\\/wp-content\\\/uploads\\\/2023\\\/04\\\/Disparos.jpg\",\"articleSection\":[\"NACIONALES\"],\"inLanguage\":\"es\"},{\"@type\":\"WebPage\",\"@id\":\"https:\\\/\\\/canal7slp.tv\\\/2023\\\/procesan-a-cuatro-militares-de-nuevo-laredo-que-dispararon-a-jovenes\\\/\",\"url\":\"https:\\\/\\\/canal7slp.tv\\\/2023\\\/procesan-a-cuatro-militares-de-nuevo-laredo-que-dispararon-a-jovenes\\\/\",\"name\":\"Procesan a cuatro militares de Nuevo Laredo que dispararon a j\u00f3venes - Canal 7 SLP - 2023\",\"isPartOf\":{\"@id\":\"https:\\\/\\\/canal7slp.tv\\\/2023\\\/#website\"},\"primaryImageOfPage\":{\"@id\":\"https:\\\/\\\/canal7slp.tv\\\/2023\\\/procesan-a-cuatro-militares-de-nuevo-laredo-que-dispararon-a-jovenes\\\/#primaryimage\"},\"image\":{\"@id\":\"https:\\\/\\\/canal7slp.tv\\\/2023\\\/procesan-a-cuatro-militares-de-nuevo-laredo-que-dispararon-a-jovenes\\\/#primaryimage\"},\"thumbnailUrl\":\"https:\\\/\\\/canal7slp.tv\\\/2023\\\/wp-content\\\/uploads\\\/2023\\\/04\\\/Disparos.jpg\",\"datePublished\":\"2023-04-14T18:54:12+00:00\",\"breadcrumb\":{\"@id\":\"https:\\\/\\\/canal7slp.tv\\\/2023\\\/procesan-a-cuatro-militares-de-nuevo-laredo-que-dispararon-a-jovenes\\\/#breadcrumb\"},\"inLanguage\":\"es\",\"potentialAction\":[{\"@type\":\"ReadAction\",\"target\":[\"https:\\\/\\\/canal7slp.tv\\\/2023\\\/procesan-a-cuatro-militares-de-nuevo-laredo-que-dispararon-a-jovenes\\\/\"]}]},{\"@type\":\"ImageObject\",\"inLanguage\":\"es\",\"@id\":\"https:\\\/\\\/canal7slp.tv\\\/2023\\\/procesan-a-cuatro-militares-de-nuevo-laredo-que-dispararon-a-jovenes\\\/#primaryimage\",\"url\":\"https:\\\/\\\/canal7slp.tv\\\/2023\\\/wp-content\\\/uploads\\\/2023\\\/04\\\/Disparos.jpg\",\"contentUrl\":\"https:\\\/\\\/canal7slp.tv\\\/2023\\\/wp-content\\\/uploads\\\/2023\\\/04\\\/Disparos.jpg\",\"width\":992,\"height\":558},{\"@type\":\"BreadcrumbList\",\"@id\":\"https:\\\/\\\/canal7slp.tv\\\/2023\\\/procesan-a-cuatro-militares-de-nuevo-laredo-que-dispararon-a-jovenes\\\/#breadcrumb\",\"itemListElement\":[{\"@type\":\"ListItem\",\"position\":1,\"name\":\"Portada\",\"item\":\"https:\\\/\\\/canal7slp.tv\\\/2023\\\/\"},{\"@type\":\"ListItem\",\"position\":2,\"name\":\"Procesan a cuatro militares de Nuevo Laredo que dispararon a j\u00f3venes\"}]},{\"@type\":\"WebSite\",\"@id\":\"https:\\\/\\\/canal7slp.tv\\\/2023\\\/#website\",\"url\":\"https:\\\/\\\/canal7slp.tv\\\/2023\\\/\",\"name\":\"N7 - Noticieros Canal 7\",\"description\":\"Somos Televisi\u00f3n\",\"publisher\":{\"@id\":\"https:\\\/\\\/canal7slp.tv\\\/2023\\\/#organization\"},\"potentialAction\":[{\"@type\":\"SearchAction\",\"target\":{\"@type\":\"EntryPoint\",\"urlTemplate\":\"https:\\\/\\\/canal7slp.tv\\\/2023\\\/?s={search_term_string}\"},\"query-input\":{\"@type\":\"PropertyValueSpecification\",\"valueRequired\":true,\"valueName\":\"search_term_string\"}}],\"inLanguage\":\"es\"},{\"@type\":\"Organization\",\"@id\":\"https:\\\/\\\/canal7slp.tv\\\/2023\\\/#organization\",\"name\":\"Noticieros Canal 7\",\"url\":\"https:\\\/\\\/canal7slp.tv\\\/2023\\\/\",\"logo\":{\"@type\":\"ImageObject\",\"inLanguage\":\"es\",\"@id\":\"https:\\\/\\\/canal7slp.tv\\\/2023\\\/#\\\/schema\\\/logo\\\/image\\\/\",\"url\":\"https:\\\/\\\/canal7slp.tv\\\/2023\\\/wp-content\\\/uploads\\\/2021\\\/01\\\/logo-noticieros@2x.png\",\"contentUrl\":\"https:\\\/\\\/canal7slp.tv\\\/2023\\\/wp-content\\\/uploads\\\/2021\\\/01\\\/logo-noticieros@2x.png\",\"width\":1017,\"height\":268,\"caption\":\"Noticieros Canal 7\"},\"image\":{\"@id\":\"https:\\\/\\\/canal7slp.tv\\\/2023\\\/#\\\/schema\\\/logo\\\/image\\\/\"},\"sameAs\":[\"https:\\\/\\\/www.facebook.com\\\/noticieroscanalsiete\",\"https:\\\/\\\/x.com\\\/NOTICIEROS7\",\"https:\\\/\\\/www.instagram.com\\\/canal7_slp\",\"https:\\\/\\\/www.youtube.com\\\/channel\\\/UCliiYs-gP3JfJeqdPrNdd5A\"]},{\"@type\":\"Person\",\"@id\":\"https:\\\/\\\/canal7slp.tv\\\/2023\\\/#\\\/schema\\\/person\\\/639c424e3584069003b11ae813915da6\",\"name\":\"Edici\u00f3n Web\",\"image\":{\"@type\":\"ImageObject\",\"inLanguage\":\"es\",\"@id\":\"https:\\\/\\\/secure.gravatar.com\\\/avatar\\\/eee448fc3f7164808013b816ba91ac7e43bbe82a70bebac296f8bc6f0addaa1a?s=96&d=mm&r=g\",\"url\":\"https:\\\/\\\/secure.gravatar.com\\\/avatar\\\/eee448fc3f7164808013b816ba91ac7e43bbe82a70bebac296f8bc6f0addaa1a?s=96&d=mm&r=g\",\"contentUrl\":\"https:\\\/\\\/secure.gravatar.com\\\/avatar\\\/eee448fc3f7164808013b816ba91ac7e43bbe82a70bebac296f8bc6f0addaa1a?s=96&d=mm&r=g\",\"caption\":\"Edici\u00f3n Web\"},\"url\":\"https:\\\/\\\/canal7slp.tv\\\/2023\\\/author\\\/edicionweb\\\/\"}]}<\/script>\n<!-- \/ Yoast SEO plugin. -->","yoast_head_json":{"title":"Procesan a cuatro militares de Nuevo Laredo que dispararon a j\u00f3venes - Canal 7 SLP - 2023","robots":{"index":"index","follow":"follow","max-snippet":"max-snippet:-1","max-image-preview":"max-image-preview:large","max-video-preview":"max-video-preview:-1"},"canonical":"https:\/\/canal7slp.tv\/2023\/procesan-a-cuatro-militares-de-nuevo-laredo-que-dispararon-a-jovenes\/","og_locale":"es_ES","og_type":"article","og_title":"Procesan a cuatro militares de Nuevo Laredo que dispararon a j\u00f3venes - Canal 7 SLP - 2023","og_description":"Nuevo Laredo.- Un juez vincul\u00f3 a proceso a cuatro soldados por el asesinato de cinco j\u00f3venes ocurrido en febrero en Nuevo Laredo. El Consejero de la Judicatura Federal inform\u00f3 que durante la segunda jornada de audiencia, el juez acord\u00f3 vincular a proceso a los cuatro militares que fueron imputados por la Fiscal\u00eda de los delitos de homicidio calificado y homicidio calificado en grado de tentativa; por la muerte de cinco j\u00f3venes en la ma\u00f1ana del 26 de febrero en Nuevo Laredo, Tamaulipas. El juez del caso hab\u00eda ordenado prisi\u00f3n preventiva en una instalaci\u00f3n militar de la capital para los cuatro [&hellip;]","og_url":"https:\/\/canal7slp.tv\/2023\/procesan-a-cuatro-militares-de-nuevo-laredo-que-dispararon-a-jovenes\/","og_site_name":"Canal 7 SLP - 2023","article_publisher":"https:\/\/www.facebook.com\/noticieroscanalsiete","article_published_time":"2023-04-14T18:54:12+00:00","og_image":[{"width":992,"height":558,"url":"https:\/\/canal7slp.tv\/2023\/wp-content\/uploads\/2023\/04\/Disparos.jpg","type":"image\/jpeg"}],"author":"Edici\u00f3n Web","twitter_card":"summary_large_image","twitter_creator":"@NOTICIEROS7","twitter_site":"@NOTICIEROS7","twitter_misc":{"Escrito por":"Edici\u00f3n Web","Tiempo de lectura":"2 minutos"},"schema":{"@context":"https:\/\/schema.org","@graph":[{"@type":"Article","@id":"https:\/\/canal7slp.tv\/2023\/procesan-a-cuatro-militares-de-nuevo-laredo-que-dispararon-a-jovenes\/#article","isPartOf":{"@id":"https:\/\/canal7slp.tv\/2023\/procesan-a-cuatro-militares-de-nuevo-laredo-que-dispararon-a-jovenes\/"},"author":{"name":"Edici\u00f3n Web","@id":"https:\/\/canal7slp.tv\/2023\/#\/schema\/person\/639c424e3584069003b11ae813915da6"},"headline":"Procesan a cuatro militares de Nuevo Laredo que dispararon a j\u00f3venes","datePublished":"2023-04-14T18:54:12+00:00","mainEntityOfPage":{"@id":"https:\/\/canal7slp.tv\/2023\/procesan-a-cuatro-militares-de-nuevo-laredo-que-dispararon-a-jovenes\/"},"wordCount":318,"publisher":{"@id":"https:\/\/canal7slp.tv\/2023\/#organization"},"image":{"@id":"https:\/\/canal7slp.tv\/2023\/procesan-a-cuatro-militares-de-nuevo-laredo-que-dispararon-a-jovenes\/#primaryimage"},"thumbnailUrl":"https:\/\/canal7slp.tv\/2023\/wp-content\/uploads\/2023\/04\/Disparos.jpg","articleSection":["NACIONALES"],"inLanguage":"es"},{"@type":"WebPage","@id":"https:\/\/canal7slp.tv\/2023\/procesan-a-cuatro-militares-de-nuevo-laredo-que-dispararon-a-jovenes\/","url":"https:\/\/canal7slp.tv\/2023\/procesan-a-cuatro-militares-de-nuevo-laredo-que-dispararon-a-jovenes\/","name":"Procesan a cuatro militares de Nuevo Laredo que dispararon a j\u00f3venes - Canal 7 SLP - 2023","isPartOf":{"@id":"https:\/\/canal7slp.tv\/2023\/#website"},"primaryImageOfPage":{"@id":"https:\/\/canal7slp.tv\/2023\/procesan-a-cuatro-militares-de-nuevo-laredo-que-dispararon-a-jovenes\/#primaryimage"},"image":{"@id":"https:\/\/canal7slp.tv\/2023\/procesan-a-cuatro-militares-de-nuevo-laredo-que-dispararon-a-jovenes\/#primaryimage"},"thumbnailUrl":"https:\/\/canal7slp.tv\/2023\/wp-content\/uploads\/2023\/04\/Disparos.jpg","datePublished":"2023-04-14T18:54:12+00:00","breadcrumb":{"@id":"https:\/\/canal7slp.tv\/2023\/procesan-a-cuatro-militares-de-nuevo-laredo-que-dispararon-a-jovenes\/#breadcrumb"},"inLanguage":"es","potentialAction":[{"@type":"ReadAction","target":["https:\/\/canal7slp.tv\/2023\/procesan-a-cuatro-militares-de-nuevo-laredo-que-dispararon-a-jovenes\/"]}]},{"@type":"ImageObject","inLanguage":"es","@id":"https:\/\/canal7slp.tv\/2023\/procesan-a-cuatro-militares-de-nuevo-laredo-que-dispararon-a-jovenes\/#primaryimage","url":"https:\/\/canal7slp.tv\/2023\/wp-content\/uploads\/2023\/04\/Disparos.jpg","contentUrl":"https:\/\/canal7slp.tv\/2023\/wp-content\/uploads\/2023\/04\/Disparos.jpg","width":992,"height":558},{"@type":"BreadcrumbList","@id":"https:\/\/canal7slp.tv\/2023\/procesan-a-cuatro-militares-de-nuevo-laredo-que-dispararon-a-jovenes\/#breadcrumb","itemListElement":[{"@type":"ListItem","position":1,"name":"Portada","item":"https:\/\/canal7slp.tv\/2023\/"},{"@type":"ListItem","position":2,"name":"Procesan a cuatro militares de Nuevo Laredo que dispararon a j\u00f3venes"}]},{"@type":"WebSite","@id":"https:\/\/canal7slp.tv\/2023\/#website","url":"https:\/\/canal7slp.tv\/2023\/","name":"N7 - Noticieros Canal 7","description":"Somos Televisi\u00f3n","publisher":{"@id":"https:\/\/canal7slp.tv\/2023\/#organization"},"potentialAction":[{"@type":"SearchAction","target":{"@type":"EntryPoint","urlTemplate":"https:\/\/canal7slp.tv\/2023\/?s={search_term_string}"},"query-input":{"@type":"PropertyValueSpecification","valueRequired":true,"valueName":"search_term_string"}}],"inLanguage":"es"},{"@type":"Organization","@id":"https:\/\/canal7slp.tv\/2023\/#organization","name":"Noticieros Canal 7","url":"https:\/\/canal7slp.tv\/2023\/","logo":{"@type":"ImageObject","inLanguage":"es","@id":"https:\/\/canal7slp.tv\/2023\/#\/schema\/logo\/image\/","url":"https:\/\/canal7slp.tv\/2023\/wp-content\/uploads\/2021\/01\/logo-noticieros@2x.png","contentUrl":"https:\/\/canal7slp.tv\/2023\/wp-content\/uploads\/2021\/01\/logo-noticieros@2x.png","width":1017,"height":268,"caption":"Noticieros Canal 7"},"image":{"@id":"https:\/\/canal7slp.tv\/2023\/#\/schema\/logo\/image\/"},"sameAs":["https:\/\/www.facebook.com\/noticieroscanalsiete","https:\/\/x.com\/NOTICIEROS7","https:\/\/www.instagram.com\/canal7_slp","https:\/\/www.youtube.com\/channel\/UCliiYs-gP3JfJeqdPrNdd5A"]},{"@type":"Person","@id":"https:\/\/canal7slp.tv\/2023\/#\/schema\/person\/639c424e3584069003b11ae813915da6","name":"Edici\u00f3n Web","image":{"@type":"ImageObject","inLanguage":"es","@id":"https:\/\/secure.gravatar.com\/avatar\/eee448fc3f7164808013b816ba91ac7e43bbe82a70bebac296f8bc6f0addaa1a?s=96&d=mm&r=g","url":"https:\/\/secure.gravatar.com\/avatar\/eee448fc3f7164808013b816ba91ac7e43bbe82a70bebac296f8bc6f0addaa1a?s=96&d=mm&r=g","contentUrl":"https:\/\/secure.gravatar.com\/avatar\/eee448fc3f7164808013b816ba91ac7e43bbe82a70bebac296f8bc6f0addaa1a?s=96&d=mm&r=g","caption":"Edici\u00f3n Web"},"url":"https:\/\/canal7slp.tv\/2023\/author\/edicionweb\/"}]}},"_links":{"self":[{"href":"https:\/\/canal7slp.tv\/2023\/wp-json\/wp\/v2\/posts\/92753","targetHints":{"allow":["GET"]}}],"collection":[{"href":"https:\/\/canal7slp.tv\/2023\/wp-json\/wp\/v2\/posts"}],"about":[{"href":"https:\/\/canal7slp.tv\/2023\/wp-json\/wp\/v2\/types\/post"}],"author":[{"embeddable":true,"href":"https:\/\/canal7slp.tv\/2023\/wp-json\/wp\/v2\/users\/2"}],"replies":[{"embeddable":true,"href":"https:\/\/canal7slp.tv\/2023\/wp-json\/wp\/v2\/comments?post=92753"}],"version-history":[{"count":1,"href":"https:\/\/canal7slp.tv\/2023\/wp-json\/wp\/v2\/posts\/92753\/revisions"}],"predecessor-version":[{"id":92756,"href":"https:\/\/canal7slp.tv\/2023\/wp-json\/wp\/v2\/posts\/92753\/revisions\/92756"}],"wp:featuredmedia":[{"embeddable":true,"href":"https:\/\/canal7slp.tv\/2023\/wp-json\/wp\/v2\/media\/92755"}],"wp:attachment":[{"href":"https:\/\/canal7slp.tv\/2023\/wp-json\/wp\/v2\/media?parent=92753"}],"wp:term":[{"taxonomy":"category","embeddable":true,"href":"https:\/\/canal7slp.tv\/2023\/wp-json\/wp\/v2\/categories?post=92753"},{"taxonomy":"post_tag","embeddable":true,"href":"https:\/\/canal7slp.tv\/2023\/wp-json\/wp\/v2\/tags?post=92753"}],"curies":[{"name":"wp","href":"https:\/\/api.w.org\/{rel}","templated":true}]}}