{"id":92737,"date":"2023-04-13T23:22:31","date_gmt":"2023-04-14T05:22:31","guid":{"rendered":"https:\/\/canal7slp.tv\/2023\/?p=92737"},"modified":"2023-04-13T23:25:14","modified_gmt":"2023-04-14T05:25:14","slug":"tras-detencion-del-jefe-de-la-policia-de-matehuala-nombran-a-director","status":"publish","type":"post","link":"https:\/\/canal7slp.tv\/2023\/tras-detencion-del-jefe-de-la-policia-de-matehuala-nombran-a-director\/","title":{"rendered":"Tras detenci\u00f3n del Jefe de la Polic\u00eda de Matehuala, nombran a Director\u00a0\u00a0\u00a0\u00a0\u00a0"},"content":{"rendered":"<p>&nbsp;<\/p>\n<ul>\n<li>Pascual Bern\u00f3n Hern\u00e1ndez ha desempe\u00f1ado tareas similares en la Huasteca..<\/li>\n<\/ul>\n<p style=\"text-align: justify;\">Matehuala.- Sin un comunicado oficial por parte del Ayuntamiento de Matehuala, a la ciudad arrib\u00f3 Pascual Bern\u00f3n Hern\u00e1ndez, qui\u00e9n se convirti\u00f3 en el nuevo Director de Seguridad P\u00fablica Municipal, tras la detenci\u00f3n de Eduardo N., a quien tras un operativo, se le encontr\u00f3 una sustancia con caracter\u00edsticas de una droga, dentro de su oficina.<\/p>\n<p style=\"text-align: justify;\">El nuevo mando municipal ya ha ocupado cargos similares en la zona huasteca, siendo en Ciudad Valles donde fungi\u00f3 como subdirector y encargado provisional. Adem\u00e1s, se ha desempe\u00f1ado en puestos de seguridad en Tamazunchale, San Vicente y Tamu\u00edn.<\/p>\n<p style=\"text-align: justify;\">Bern\u00f3n Hern\u00e1ndez acudi\u00f3 acompa\u00f1ado de autoridades municipales para presentarse con los elementos policiales del municipio, para despu\u00e9s acudir a la Presidencia Municipal y entrevistarse con el alcalde a puerta cerrada.<\/p>\n<p style=\"text-align: justify;\">Trascendi\u00f3 que la llegada del nuevo mando no fue una indicaci\u00f3n del propio Presidente Municipal, sino de una orden expresa de las autoridades estatales, sin darse a conocer m\u00e1s detalles.<\/p>\n<p style=\"text-align: justify;\">De acuerdo a informaci\u00f3n extra oficial, algunos elementos de la Direcci\u00f3n de Seguridad P\u00fablica Municipal, habr\u00edan solicitado licencia de su cargo hasta que no se les regresaran los tel\u00e9fonos celulares que les fueron retenidos por parte de las autoridades estatales y federales.<\/p>\n<p>Por:Jes\u00fas Valencia<\/p>\n","protected":false},"excerpt":{"rendered":"<p>&nbsp; Pascual Bern\u00f3n Hern\u00e1ndez ha desempe\u00f1ado tareas similares en la Huasteca.. Matehuala.- Sin un comunicado oficial por parte del Ayuntamiento de Matehuala, a la ciudad arrib\u00f3 Pascual Bern\u00f3n Hern\u00e1ndez, qui\u00e9n se convirti\u00f3 en el nuevo Director de Seguridad P\u00fablica Municipal, tras la detenci\u00f3n de Eduardo N., a quien tras un operativo, se le encontr\u00f3 una sustancia con caracter\u00edsticas de una droga, dentro de su oficina. El nuevo mando municipal ya ha ocupado cargos similares en la zona huasteca, siendo en Ciudad Valles donde fungi\u00f3 como subdirector y encargado provisional. Adem\u00e1s, se ha desempe\u00f1ado en puestos de seguridad en Tamazunchale, San [&hellip;]<\/p>\n","protected":false},"author":2,"featured_media":92739,"comment_status":"closed","ping_status":"closed","sticky":false,"template":"","format":"video","meta":{"footnotes":""},"categories":[5,43],"tags":[],"class_list":["post-92737","post","type-post","status-publish","format-video","has-post-thumbnail","hentry","category-destacadas","category-interior","post_format-post-format-video","post--single"],"yoast_head":"<!-- This site is optimized with the Yoast SEO plugin v27.4 - https:\/\/yoast.com\/product\/yoast-seo-wordpress\/ -->\n<title>Tras detenci\u00f3n del Jefe de la Polic\u00eda de Matehuala, nombran a Director\u00a0\u00a0\u00a0\u00a0\u00a0 - Canal 7 SLP - 2023<\/title>\n<meta name=\"robots\" content=\"index, follow, max-snippet:-1, max-image-preview:large, max-video-preview:-1\" \/>\n<link rel=\"canonical\" href=\"https:\/\/canal7slp.tv\/2023\/tras-detencion-del-jefe-de-la-policia-de-matehuala-nombran-a-director\/\" \/>\n<meta property=\"og:locale\" content=\"es_ES\" \/>\n<meta property=\"og:type\" content=\"article\" \/>\n<meta property=\"og:title\" content=\"Tras detenci\u00f3n del Jefe de la Polic\u00eda de Matehuala, nombran a Director\u00a0\u00a0\u00a0\u00a0\u00a0 - Canal 7 SLP - 2023\" \/>\n<meta property=\"og:description\" content=\"&nbsp; Pascual Bern\u00f3n Hern\u00e1ndez ha desempe\u00f1ado tareas similares en la Huasteca.. Matehuala.- Sin un comunicado oficial por parte del Ayuntamiento de Matehuala, a la ciudad arrib\u00f3 Pascual Bern\u00f3n Hern\u00e1ndez, qui\u00e9n se convirti\u00f3 en el nuevo Director de Seguridad P\u00fablica Municipal, tras la detenci\u00f3n de Eduardo N., a quien tras un operativo, se le encontr\u00f3 una sustancia con caracter\u00edsticas de una droga, dentro de su oficina. El nuevo mando municipal ya ha ocupado cargos similares en la zona huasteca, siendo en Ciudad Valles donde fungi\u00f3 como subdirector y encargado provisional. Adem\u00e1s, se ha desempe\u00f1ado en puestos de seguridad en Tamazunchale, San [&hellip;]\" \/>\n<meta property=\"og:url\" content=\"https:\/\/canal7slp.tv\/2023\/tras-detencion-del-jefe-de-la-policia-de-matehuala-nombran-a-director\/\" \/>\n<meta property=\"og:site_name\" content=\"Canal 7 SLP - 2023\" \/>\n<meta property=\"article:publisher\" content=\"https:\/\/www.facebook.com\/noticieroscanalsiete\" \/>\n<meta property=\"article:published_time\" content=\"2023-04-14T05:22:31+00:00\" \/>\n<meta property=\"article:modified_time\" content=\"2023-04-14T05:25:14+00:00\" \/>\n<meta property=\"og:image\" content=\"https:\/\/canal7slp.tv\/2023\/wp-content\/uploads\/2023\/04\/Policia.jpg\" \/>\n\t<meta property=\"og:image:width\" content=\"640\" \/>\n\t<meta property=\"og:image:height\" content=\"352\" \/>\n\t<meta property=\"og:image:type\" content=\"image\/jpeg\" \/>\n<meta name=\"author\" content=\"Edici\u00f3n Web\" \/>\n<meta name=\"twitter:card\" content=\"summary_large_image\" \/>\n<meta name=\"twitter:creator\" content=\"@NOTICIEROS7\" \/>\n<meta name=\"twitter:site\" content=\"@NOTICIEROS7\" \/>\n<meta name=\"twitter:label1\" content=\"Escrito por\" \/>\n\t<meta name=\"twitter:data1\" content=\"Edici\u00f3n Web\" \/>\n\t<meta name=\"twitter:label2\" content=\"Tiempo de lectura\" \/>\n\t<meta name=\"twitter:data2\" content=\"1 minuto\" \/>\n<script type=\"application\/ld+json\" class=\"yoast-schema-graph\">{\"@context\":\"https:\\\/\\\/schema.org\",\"@graph\":[{\"@type\":\"Article\",\"@id\":\"https:\\\/\\\/canal7slp.tv\\\/2023\\\/tras-detencion-del-jefe-de-la-policia-de-matehuala-nombran-a-director\\\/#article\",\"isPartOf\":{\"@id\":\"https:\\\/\\\/canal7slp.tv\\\/2023\\\/tras-detencion-del-jefe-de-la-policia-de-matehuala-nombran-a-director\\\/\"},\"author\":{\"name\":\"Edici\u00f3n Web\",\"@id\":\"https:\\\/\\\/canal7slp.tv\\\/2023\\\/#\\\/schema\\\/person\\\/639c424e3584069003b11ae813915da6\"},\"headline\":\"Tras detenci\u00f3n del Jefe de la Polic\u00eda de Matehuala, nombran a Director\u00a0\u00a0\u00a0\u00a0\u00a0\",\"datePublished\":\"2023-04-14T05:22:31+00:00\",\"dateModified\":\"2023-04-14T05:25:14+00:00\",\"mainEntityOfPage\":{\"@id\":\"https:\\\/\\\/canal7slp.tv\\\/2023\\\/tras-detencion-del-jefe-de-la-policia-de-matehuala-nombran-a-director\\\/\"},\"wordCount\":247,\"publisher\":{\"@id\":\"https:\\\/\\\/canal7slp.tv\\\/2023\\\/#organization\"},\"image\":{\"@id\":\"https:\\\/\\\/canal7slp.tv\\\/2023\\\/tras-detencion-del-jefe-de-la-policia-de-matehuala-nombran-a-director\\\/#primaryimage\"},\"thumbnailUrl\":\"https:\\\/\\\/canal7slp.tv\\\/2023\\\/wp-content\\\/uploads\\\/2023\\\/04\\\/Policia.jpg\",\"articleSection\":[\"DESTACADAS\",\"INTERIOR DEL ESTADO\"],\"inLanguage\":\"es\"},{\"@type\":\"WebPage\",\"@id\":\"https:\\\/\\\/canal7slp.tv\\\/2023\\\/tras-detencion-del-jefe-de-la-policia-de-matehuala-nombran-a-director\\\/\",\"url\":\"https:\\\/\\\/canal7slp.tv\\\/2023\\\/tras-detencion-del-jefe-de-la-policia-de-matehuala-nombran-a-director\\\/\",\"name\":\"Tras detenci\u00f3n del Jefe de la Polic\u00eda de Matehuala, nombran a Director\u00a0\u00a0\u00a0\u00a0\u00a0 - Canal 7 SLP - 2023\",\"isPartOf\":{\"@id\":\"https:\\\/\\\/canal7slp.tv\\\/2023\\\/#website\"},\"primaryImageOfPage\":{\"@id\":\"https:\\\/\\\/canal7slp.tv\\\/2023\\\/tras-detencion-del-jefe-de-la-policia-de-matehuala-nombran-a-director\\\/#primaryimage\"},\"image\":{\"@id\":\"https:\\\/\\\/canal7slp.tv\\\/2023\\\/tras-detencion-del-jefe-de-la-policia-de-matehuala-nombran-a-director\\\/#primaryimage\"},\"thumbnailUrl\":\"https:\\\/\\\/canal7slp.tv\\\/2023\\\/wp-content\\\/uploads\\\/2023\\\/04\\\/Policia.jpg\",\"datePublished\":\"2023-04-14T05:22:31+00:00\",\"dateModified\":\"2023-04-14T05:25:14+00:00\",\"breadcrumb\":{\"@id\":\"https:\\\/\\\/canal7slp.tv\\\/2023\\\/tras-detencion-del-jefe-de-la-policia-de-matehuala-nombran-a-director\\\/#breadcrumb\"},\"inLanguage\":\"es\",\"potentialAction\":[{\"@type\":\"ReadAction\",\"target\":[\"https:\\\/\\\/canal7slp.tv\\\/2023\\\/tras-detencion-del-jefe-de-la-policia-de-matehuala-nombran-a-director\\\/\"]}]},{\"@type\":\"ImageObject\",\"inLanguage\":\"es\",\"@id\":\"https:\\\/\\\/canal7slp.tv\\\/2023\\\/tras-detencion-del-jefe-de-la-policia-de-matehuala-nombran-a-director\\\/#primaryimage\",\"url\":\"https:\\\/\\\/canal7slp.tv\\\/2023\\\/wp-content\\\/uploads\\\/2023\\\/04\\\/Policia.jpg\",\"contentUrl\":\"https:\\\/\\\/canal7slp.tv\\\/2023\\\/wp-content\\\/uploads\\\/2023\\\/04\\\/Policia.jpg\",\"width\":640,\"height\":352},{\"@type\":\"BreadcrumbList\",\"@id\":\"https:\\\/\\\/canal7slp.tv\\\/2023\\\/tras-detencion-del-jefe-de-la-policia-de-matehuala-nombran-a-director\\\/#breadcrumb\",\"itemListElement\":[{\"@type\":\"ListItem\",\"position\":1,\"name\":\"Portada\",\"item\":\"https:\\\/\\\/canal7slp.tv\\\/2023\\\/\"},{\"@type\":\"ListItem\",\"position\":2,\"name\":\"Tras detenci\u00f3n del Jefe de la Polic\u00eda de Matehuala, nombran a Director\u00a0\u00a0\u00a0\u00a0\u00a0\"}]},{\"@type\":\"WebSite\",\"@id\":\"https:\\\/\\\/canal7slp.tv\\\/2023\\\/#website\",\"url\":\"https:\\\/\\\/canal7slp.tv\\\/2023\\\/\",\"name\":\"N7 - Noticieros Canal 7\",\"description\":\"Somos Televisi\u00f3n\",\"publisher\":{\"@id\":\"https:\\\/\\\/canal7slp.tv\\\/2023\\\/#organization\"},\"potentialAction\":[{\"@type\":\"SearchAction\",\"target\":{\"@type\":\"EntryPoint\",\"urlTemplate\":\"https:\\\/\\\/canal7slp.tv\\\/2023\\\/?s={search_term_string}\"},\"query-input\":{\"@type\":\"PropertyValueSpecification\",\"valueRequired\":true,\"valueName\":\"search_term_string\"}}],\"inLanguage\":\"es\"},{\"@type\":\"Organization\",\"@id\":\"https:\\\/\\\/canal7slp.tv\\\/2023\\\/#organization\",\"name\":\"Noticieros Canal 7\",\"url\":\"https:\\\/\\\/canal7slp.tv\\\/2023\\\/\",\"logo\":{\"@type\":\"ImageObject\",\"inLanguage\":\"es\",\"@id\":\"https:\\\/\\\/canal7slp.tv\\\/2023\\\/#\\\/schema\\\/logo\\\/image\\\/\",\"url\":\"https:\\\/\\\/canal7slp.tv\\\/2023\\\/wp-content\\\/uploads\\\/2021\\\/01\\\/logo-noticieros@2x.png\",\"contentUrl\":\"https:\\\/\\\/canal7slp.tv\\\/2023\\\/wp-content\\\/uploads\\\/2021\\\/01\\\/logo-noticieros@2x.png\",\"width\":1017,\"height\":268,\"caption\":\"Noticieros Canal 7\"},\"image\":{\"@id\":\"https:\\\/\\\/canal7slp.tv\\\/2023\\\/#\\\/schema\\\/logo\\\/image\\\/\"},\"sameAs\":[\"https:\\\/\\\/www.facebook.com\\\/noticieroscanalsiete\",\"https:\\\/\\\/x.com\\\/NOTICIEROS7\",\"https:\\\/\\\/www.instagram.com\\\/canal7_slp\",\"https:\\\/\\\/www.youtube.com\\\/channel\\\/UCliiYs-gP3JfJeqdPrNdd5A\"]},{\"@type\":\"Person\",\"@id\":\"https:\\\/\\\/canal7slp.tv\\\/2023\\\/#\\\/schema\\\/person\\\/639c424e3584069003b11ae813915da6\",\"name\":\"Edici\u00f3n Web\",\"image\":{\"@type\":\"ImageObject\",\"inLanguage\":\"es\",\"@id\":\"https:\\\/\\\/secure.gravatar.com\\\/avatar\\\/eee448fc3f7164808013b816ba91ac7e43bbe82a70bebac296f8bc6f0addaa1a?s=96&d=mm&r=g\",\"url\":\"https:\\\/\\\/secure.gravatar.com\\\/avatar\\\/eee448fc3f7164808013b816ba91ac7e43bbe82a70bebac296f8bc6f0addaa1a?s=96&d=mm&r=g\",\"contentUrl\":\"https:\\\/\\\/secure.gravatar.com\\\/avatar\\\/eee448fc3f7164808013b816ba91ac7e43bbe82a70bebac296f8bc6f0addaa1a?s=96&d=mm&r=g\",\"caption\":\"Edici\u00f3n Web\"},\"url\":\"https:\\\/\\\/canal7slp.tv\\\/2023\\\/author\\\/edicionweb\\\/\"}]}<\/script>\n<!-- \/ Yoast SEO plugin. -->","yoast_head_json":{"title":"Tras detenci\u00f3n del Jefe de la Polic\u00eda de Matehuala, nombran a Director\u00a0\u00a0\u00a0\u00a0\u00a0 - Canal 7 SLP - 2023","robots":{"index":"index","follow":"follow","max-snippet":"max-snippet:-1","max-image-preview":"max-image-preview:large","max-video-preview":"max-video-preview:-1"},"canonical":"https:\/\/canal7slp.tv\/2023\/tras-detencion-del-jefe-de-la-policia-de-matehuala-nombran-a-director\/","og_locale":"es_ES","og_type":"article","og_title":"Tras detenci\u00f3n del Jefe de la Polic\u00eda de Matehuala, nombran a Director\u00a0\u00a0\u00a0\u00a0\u00a0 - Canal 7 SLP - 2023","og_description":"&nbsp; Pascual Bern\u00f3n Hern\u00e1ndez ha desempe\u00f1ado tareas similares en la Huasteca.. Matehuala.- Sin un comunicado oficial por parte del Ayuntamiento de Matehuala, a la ciudad arrib\u00f3 Pascual Bern\u00f3n Hern\u00e1ndez, qui\u00e9n se convirti\u00f3 en el nuevo Director de Seguridad P\u00fablica Municipal, tras la detenci\u00f3n de Eduardo N., a quien tras un operativo, se le encontr\u00f3 una sustancia con caracter\u00edsticas de una droga, dentro de su oficina. El nuevo mando municipal ya ha ocupado cargos similares en la zona huasteca, siendo en Ciudad Valles donde fungi\u00f3 como subdirector y encargado provisional. Adem\u00e1s, se ha desempe\u00f1ado en puestos de seguridad en Tamazunchale, San [&hellip;]","og_url":"https:\/\/canal7slp.tv\/2023\/tras-detencion-del-jefe-de-la-policia-de-matehuala-nombran-a-director\/","og_site_name":"Canal 7 SLP - 2023","article_publisher":"https:\/\/www.facebook.com\/noticieroscanalsiete","article_published_time":"2023-04-14T05:22:31+00:00","article_modified_time":"2023-04-14T05:25:14+00:00","og_image":[{"width":640,"height":352,"url":"https:\/\/canal7slp.tv\/2023\/wp-content\/uploads\/2023\/04\/Policia.jpg","type":"image\/jpeg"}],"author":"Edici\u00f3n Web","twitter_card":"summary_large_image","twitter_creator":"@NOTICIEROS7","twitter_site":"@NOTICIEROS7","twitter_misc":{"Escrito por":"Edici\u00f3n Web","Tiempo de lectura":"1 minuto"},"schema":{"@context":"https:\/\/schema.org","@graph":[{"@type":"Article","@id":"https:\/\/canal7slp.tv\/2023\/tras-detencion-del-jefe-de-la-policia-de-matehuala-nombran-a-director\/#article","isPartOf":{"@id":"https:\/\/canal7slp.tv\/2023\/tras-detencion-del-jefe-de-la-policia-de-matehuala-nombran-a-director\/"},"author":{"name":"Edici\u00f3n Web","@id":"https:\/\/canal7slp.tv\/2023\/#\/schema\/person\/639c424e3584069003b11ae813915da6"},"headline":"Tras detenci\u00f3n del Jefe de la Polic\u00eda de Matehuala, nombran a Director\u00a0\u00a0\u00a0\u00a0\u00a0","datePublished":"2023-04-14T05:22:31+00:00","dateModified":"2023-04-14T05:25:14+00:00","mainEntityOfPage":{"@id":"https:\/\/canal7slp.tv\/2023\/tras-detencion-del-jefe-de-la-policia-de-matehuala-nombran-a-director\/"},"wordCount":247,"publisher":{"@id":"https:\/\/canal7slp.tv\/2023\/#organization"},"image":{"@id":"https:\/\/canal7slp.tv\/2023\/tras-detencion-del-jefe-de-la-policia-de-matehuala-nombran-a-director\/#primaryimage"},"thumbnailUrl":"https:\/\/canal7slp.tv\/2023\/wp-content\/uploads\/2023\/04\/Policia.jpg","articleSection":["DESTACADAS","INTERIOR DEL ESTADO"],"inLanguage":"es"},{"@type":"WebPage","@id":"https:\/\/canal7slp.tv\/2023\/tras-detencion-del-jefe-de-la-policia-de-matehuala-nombran-a-director\/","url":"https:\/\/canal7slp.tv\/2023\/tras-detencion-del-jefe-de-la-policia-de-matehuala-nombran-a-director\/","name":"Tras detenci\u00f3n del Jefe de la Polic\u00eda de Matehuala, nombran a Director\u00a0\u00a0\u00a0\u00a0\u00a0 - Canal 7 SLP - 2023","isPartOf":{"@id":"https:\/\/canal7slp.tv\/2023\/#website"},"primaryImageOfPage":{"@id":"https:\/\/canal7slp.tv\/2023\/tras-detencion-del-jefe-de-la-policia-de-matehuala-nombran-a-director\/#primaryimage"},"image":{"@id":"https:\/\/canal7slp.tv\/2023\/tras-detencion-del-jefe-de-la-policia-de-matehuala-nombran-a-director\/#primaryimage"},"thumbnailUrl":"https:\/\/canal7slp.tv\/2023\/wp-content\/uploads\/2023\/04\/Policia.jpg","datePublished":"2023-04-14T05:22:31+00:00","dateModified":"2023-04-14T05:25:14+00:00","breadcrumb":{"@id":"https:\/\/canal7slp.tv\/2023\/tras-detencion-del-jefe-de-la-policia-de-matehuala-nombran-a-director\/#breadcrumb"},"inLanguage":"es","potentialAction":[{"@type":"ReadAction","target":["https:\/\/canal7slp.tv\/2023\/tras-detencion-del-jefe-de-la-policia-de-matehuala-nombran-a-director\/"]}]},{"@type":"ImageObject","inLanguage":"es","@id":"https:\/\/canal7slp.tv\/2023\/tras-detencion-del-jefe-de-la-policia-de-matehuala-nombran-a-director\/#primaryimage","url":"https:\/\/canal7slp.tv\/2023\/wp-content\/uploads\/2023\/04\/Policia.jpg","contentUrl":"https:\/\/canal7slp.tv\/2023\/wp-content\/uploads\/2023\/04\/Policia.jpg","width":640,"height":352},{"@type":"BreadcrumbList","@id":"https:\/\/canal7slp.tv\/2023\/tras-detencion-del-jefe-de-la-policia-de-matehuala-nombran-a-director\/#breadcrumb","itemListElement":[{"@type":"ListItem","position":1,"name":"Portada","item":"https:\/\/canal7slp.tv\/2023\/"},{"@type":"ListItem","position":2,"name":"Tras detenci\u00f3n del Jefe de la Polic\u00eda de Matehuala, nombran a Director\u00a0\u00a0\u00a0\u00a0\u00a0"}]},{"@type":"WebSite","@id":"https:\/\/canal7slp.tv\/2023\/#website","url":"https:\/\/canal7slp.tv\/2023\/","name":"N7 - Noticieros Canal 7","description":"Somos Televisi\u00f3n","publisher":{"@id":"https:\/\/canal7slp.tv\/2023\/#organization"},"potentialAction":[{"@type":"SearchAction","target":{"@type":"EntryPoint","urlTemplate":"https:\/\/canal7slp.tv\/2023\/?s={search_term_string}"},"query-input":{"@type":"PropertyValueSpecification","valueRequired":true,"valueName":"search_term_string"}}],"inLanguage":"es"},{"@type":"Organization","@id":"https:\/\/canal7slp.tv\/2023\/#organization","name":"Noticieros Canal 7","url":"https:\/\/canal7slp.tv\/2023\/","logo":{"@type":"ImageObject","inLanguage":"es","@id":"https:\/\/canal7slp.tv\/2023\/#\/schema\/logo\/image\/","url":"https:\/\/canal7slp.tv\/2023\/wp-content\/uploads\/2021\/01\/logo-noticieros@2x.png","contentUrl":"https:\/\/canal7slp.tv\/2023\/wp-content\/uploads\/2021\/01\/logo-noticieros@2x.png","width":1017,"height":268,"caption":"Noticieros Canal 7"},"image":{"@id":"https:\/\/canal7slp.tv\/2023\/#\/schema\/logo\/image\/"},"sameAs":["https:\/\/www.facebook.com\/noticieroscanalsiete","https:\/\/x.com\/NOTICIEROS7","https:\/\/www.instagram.com\/canal7_slp","https:\/\/www.youtube.com\/channel\/UCliiYs-gP3JfJeqdPrNdd5A"]},{"@type":"Person","@id":"https:\/\/canal7slp.tv\/2023\/#\/schema\/person\/639c424e3584069003b11ae813915da6","name":"Edici\u00f3n Web","image":{"@type":"ImageObject","inLanguage":"es","@id":"https:\/\/secure.gravatar.com\/avatar\/eee448fc3f7164808013b816ba91ac7e43bbe82a70bebac296f8bc6f0addaa1a?s=96&d=mm&r=g","url":"https:\/\/secure.gravatar.com\/avatar\/eee448fc3f7164808013b816ba91ac7e43bbe82a70bebac296f8bc6f0addaa1a?s=96&d=mm&r=g","contentUrl":"https:\/\/secure.gravatar.com\/avatar\/eee448fc3f7164808013b816ba91ac7e43bbe82a70bebac296f8bc6f0addaa1a?s=96&d=mm&r=g","caption":"Edici\u00f3n Web"},"url":"https:\/\/canal7slp.tv\/2023\/author\/edicionweb\/"}]}},"_links":{"self":[{"href":"https:\/\/canal7slp.tv\/2023\/wp-json\/wp\/v2\/posts\/92737","targetHints":{"allow":["GET"]}}],"collection":[{"href":"https:\/\/canal7slp.tv\/2023\/wp-json\/wp\/v2\/posts"}],"about":[{"href":"https:\/\/canal7slp.tv\/2023\/wp-json\/wp\/v2\/types\/post"}],"author":[{"embeddable":true,"href":"https:\/\/canal7slp.tv\/2023\/wp-json\/wp\/v2\/users\/2"}],"replies":[{"embeddable":true,"href":"https:\/\/canal7slp.tv\/2023\/wp-json\/wp\/v2\/comments?post=92737"}],"version-history":[{"count":3,"href":"https:\/\/canal7slp.tv\/2023\/wp-json\/wp\/v2\/posts\/92737\/revisions"}],"predecessor-version":[{"id":92742,"href":"https:\/\/canal7slp.tv\/2023\/wp-json\/wp\/v2\/posts\/92737\/revisions\/92742"}],"wp:featuredmedia":[{"embeddable":true,"href":"https:\/\/canal7slp.tv\/2023\/wp-json\/wp\/v2\/media\/92739"}],"wp:attachment":[{"href":"https:\/\/canal7slp.tv\/2023\/wp-json\/wp\/v2\/media?parent=92737"}],"wp:term":[{"taxonomy":"category","embeddable":true,"href":"https:\/\/canal7slp.tv\/2023\/wp-json\/wp\/v2\/categories?post=92737"},{"taxonomy":"post_tag","embeddable":true,"href":"https:\/\/canal7slp.tv\/2023\/wp-json\/wp\/v2\/tags?post=92737"}],"curies":[{"name":"wp","href":"https:\/\/api.w.org\/{rel}","templated":true}]}}