{"id":92191,"date":"2023-04-07T11:44:55","date_gmt":"2023-04-07T17:44:55","guid":{"rendered":"https:\/\/canal7slp.tv\/2023\/?p=92191"},"modified":"2023-04-07T11:44:55","modified_gmt":"2023-04-07T17:44:55","slug":"derecho-a-libre-manifestacion-se-respetara-siempre-que-no-afecte-a-terceros-ni-trastoque-el-orden-publico-enfatizo-secretaria-general-de-gobierno","status":"publish","type":"post","link":"https:\/\/canal7slp.tv\/2023\/derecho-a-libre-manifestacion-se-respetara-siempre-que-no-afecte-a-terceros-ni-trastoque-el-orden-publico-enfatizo-secretaria-general-de-gobierno\/","title":{"rendered":"Derecho a libre manifestaci\u00f3n se respetar\u00e1 siempre que no afecte a terceros, ni trastoque el orden p\u00fablico; enfatiz\u00f3 Secretar\u00eda General de Gobierno"},"content":{"rendered":"<p style=\"text-align: justify;\">SLP.-\u00a0Para garantizar el libre acceso peatonal, autoridades de seguridad procedieron a un retiro por orden judicial de los manifestantes del Sindicato Independiente de Trabajadoras y Trabajadores del Gobierno del Estado (SITTGE) que estaban apostados en Plaza de Armas desde hace semanas.<\/p>\n<p style=\"text-align: justify;\">El ordenamiento del juez de control se refiere a la restituci\u00f3n del libre tr\u00e1nsito peatonal en las calles de 5 de mayo con continuidad en Jard\u00edn Hidalgo y la intersecci\u00f3n con Francisco I. Madero, en el Centro Hist\u00f3rico.<\/p>\n<p style=\"text-align: justify;\">Dicha medida se solicit\u00f3 en primera instancia, para no da\u00f1ar o perjudicar a terceros, ya que los integrantes del SITTGE manten\u00edan su manifestaci\u00f3n, obstaculizando el libre paso.<\/p>\n<p style=\"text-align: justify;\">En segunda instancia, se protege la realizaci\u00f3n de la Procesi\u00f3n del Silencio, que es considerada patrimonio cultural desde el a\u00f1o 2013 para las y los potosinos; con ello, se garantiza el derecho humano al libre tr\u00e1nsito y el acceso a la cultura de quienes cada a\u00f1o asisten a este importante evento que incluso es reconocido a nivel internacional, pues es considerada como la segunda m\u00e1s importante del mundo.<\/p>\n<p style=\"text-align: justify;\">La Secretar\u00eda General de Gobierno (SGG), a trav\u00e9s del subsecretario de derechos humanos y asuntos jur\u00eddicos, \u00c1ngel Gonzalo Santiago Hern\u00e1ndez dijo que al resultar procedente la medida cautelar, se permitir\u00e1 el libre desarrollo del importante evento, pues el plant\u00f3n que manten\u00edan integrantes del SITTGE obstru\u00eda la ruta procesional.<\/p>\n<p style=\"text-align: justify;\">\u201cEl derecho humano de acceso a la cultura y libre tr\u00e1nsito fueron ponderados por el juez de control para otorgar la medida judicial, sobre todo porque la Procesi\u00f3n del Silencio es parte del patrimonio de los potosinos, y as\u00ed fue analizado y determinado por el juez\u201d, enfatiz\u00f3.<\/p>\n<p style=\"text-align: justify;\">El ordenamiento judicial fue llevado de forma pac\u00edfica con la presencia de observadores de la Comisi\u00f3n Estatal de Derechos Humanos (CEDH).<\/p>\n","protected":false},"excerpt":{"rendered":"<p>SLP.-\u00a0Para garantizar el libre acceso peatonal, autoridades de seguridad procedieron a un retiro por orden judicial de los manifestantes del Sindicato Independiente de Trabajadoras y Trabajadores del Gobierno del Estado (SITTGE) que estaban apostados en Plaza de Armas desde hace semanas. El ordenamiento del juez de control se refiere a la restituci\u00f3n del libre tr\u00e1nsito peatonal en las calles de 5 de mayo con continuidad en Jard\u00edn Hidalgo y la intersecci\u00f3n con Francisco I. Madero, en el Centro Hist\u00f3rico. Dicha medida se solicit\u00f3 en primera instancia, para no da\u00f1ar o perjudicar a terceros, ya que los integrantes del SITTGE manten\u00edan [&hellip;]<\/p>\n","protected":false},"author":2,"featured_media":92192,"comment_status":"closed","ping_status":"closed","sticky":false,"template":"","format":"standard","meta":{"footnotes":""},"categories":[45],"tags":[],"class_list":["post-92191","post","type-post","status-publish","format-standard","has-post-thumbnail","hentry","category-localesyregionales","post--single"],"yoast_head":"<!-- This site is optimized with the Yoast SEO plugin v27.4 - https:\/\/yoast.com\/product\/yoast-seo-wordpress\/ -->\n<title>Derecho a libre manifestaci\u00f3n se respetar\u00e1 siempre que no afecte a terceros, ni trastoque el orden p\u00fablico; enfatiz\u00f3 Secretar\u00eda General de Gobierno - Canal 7 SLP - 2023<\/title>\n<meta name=\"robots\" content=\"index, follow, max-snippet:-1, max-image-preview:large, max-video-preview:-1\" \/>\n<link rel=\"canonical\" href=\"https:\/\/canal7slp.tv\/2023\/derecho-a-libre-manifestacion-se-respetara-siempre-que-no-afecte-a-terceros-ni-trastoque-el-orden-publico-enfatizo-secretaria-general-de-gobierno\/\" \/>\n<meta property=\"og:locale\" content=\"es_ES\" \/>\n<meta property=\"og:type\" content=\"article\" \/>\n<meta property=\"og:title\" content=\"Derecho a libre manifestaci\u00f3n se respetar\u00e1 siempre que no afecte a terceros, ni trastoque el orden p\u00fablico; enfatiz\u00f3 Secretar\u00eda General de Gobierno - Canal 7 SLP - 2023\" \/>\n<meta property=\"og:description\" content=\"SLP.-\u00a0Para garantizar el libre acceso peatonal, autoridades de seguridad procedieron a un retiro por orden judicial de los manifestantes del Sindicato Independiente de Trabajadoras y Trabajadores del Gobierno del Estado (SITTGE) que estaban apostados en Plaza de Armas desde hace semanas. El ordenamiento del juez de control se refiere a la restituci\u00f3n del libre tr\u00e1nsito peatonal en las calles de 5 de mayo con continuidad en Jard\u00edn Hidalgo y la intersecci\u00f3n con Francisco I. Madero, en el Centro Hist\u00f3rico. Dicha medida se solicit\u00f3 en primera instancia, para no da\u00f1ar o perjudicar a terceros, ya que los integrantes del SITTGE manten\u00edan [&hellip;]\" \/>\n<meta property=\"og:url\" content=\"https:\/\/canal7slp.tv\/2023\/derecho-a-libre-manifestacion-se-respetara-siempre-que-no-afecte-a-terceros-ni-trastoque-el-orden-publico-enfatizo-secretaria-general-de-gobierno\/\" \/>\n<meta property=\"og:site_name\" content=\"Canal 7 SLP - 2023\" \/>\n<meta property=\"article:publisher\" content=\"https:\/\/www.facebook.com\/noticieroscanalsiete\" \/>\n<meta property=\"article:published_time\" content=\"2023-04-07T17:44:55+00:00\" \/>\n<meta property=\"og:image\" content=\"https:\/\/canal7slp.tv\/2023\/wp-content\/uploads\/2023\/04\/PlazaArmas.jpg\" \/>\n\t<meta property=\"og:image:width\" content=\"1024\" \/>\n\t<meta property=\"og:image:height\" content=\"768\" \/>\n\t<meta property=\"og:image:type\" content=\"image\/jpeg\" \/>\n<meta name=\"author\" content=\"Edici\u00f3n Web\" \/>\n<meta name=\"twitter:card\" content=\"summary_large_image\" \/>\n<meta name=\"twitter:creator\" content=\"@NOTICIEROS7\" \/>\n<meta name=\"twitter:site\" content=\"@NOTICIEROS7\" \/>\n<meta name=\"twitter:label1\" content=\"Escrito por\" \/>\n\t<meta name=\"twitter:data1\" content=\"Edici\u00f3n Web\" \/>\n\t<meta name=\"twitter:label2\" content=\"Tiempo de lectura\" \/>\n\t<meta name=\"twitter:data2\" content=\"2 minutos\" \/>\n<script type=\"application\/ld+json\" class=\"yoast-schema-graph\">{\"@context\":\"https:\\\/\\\/schema.org\",\"@graph\":[{\"@type\":\"Article\",\"@id\":\"https:\\\/\\\/canal7slp.tv\\\/2023\\\/derecho-a-libre-manifestacion-se-respetara-siempre-que-no-afecte-a-terceros-ni-trastoque-el-orden-publico-enfatizo-secretaria-general-de-gobierno\\\/#article\",\"isPartOf\":{\"@id\":\"https:\\\/\\\/canal7slp.tv\\\/2023\\\/derecho-a-libre-manifestacion-se-respetara-siempre-que-no-afecte-a-terceros-ni-trastoque-el-orden-publico-enfatizo-secretaria-general-de-gobierno\\\/\"},\"author\":{\"name\":\"Edici\u00f3n Web\",\"@id\":\"https:\\\/\\\/canal7slp.tv\\\/2023\\\/#\\\/schema\\\/person\\\/639c424e3584069003b11ae813915da6\"},\"headline\":\"Derecho a libre manifestaci\u00f3n se respetar\u00e1 siempre que no afecte a terceros, ni trastoque el orden p\u00fablico; enfatiz\u00f3 Secretar\u00eda General de Gobierno\",\"datePublished\":\"2023-04-07T17:44:55+00:00\",\"mainEntityOfPage\":{\"@id\":\"https:\\\/\\\/canal7slp.tv\\\/2023\\\/derecho-a-libre-manifestacion-se-respetara-siempre-que-no-afecte-a-terceros-ni-trastoque-el-orden-publico-enfatizo-secretaria-general-de-gobierno\\\/\"},\"wordCount\":340,\"publisher\":{\"@id\":\"https:\\\/\\\/canal7slp.tv\\\/2023\\\/#organization\"},\"image\":{\"@id\":\"https:\\\/\\\/canal7slp.tv\\\/2023\\\/derecho-a-libre-manifestacion-se-respetara-siempre-que-no-afecte-a-terceros-ni-trastoque-el-orden-publico-enfatizo-secretaria-general-de-gobierno\\\/#primaryimage\"},\"thumbnailUrl\":\"https:\\\/\\\/canal7slp.tv\\\/2023\\\/wp-content\\\/uploads\\\/2023\\\/04\\\/PlazaArmas.jpg\",\"articleSection\":[\"LOCALES Y REGIONALES\"],\"inLanguage\":\"es\"},{\"@type\":\"WebPage\",\"@id\":\"https:\\\/\\\/canal7slp.tv\\\/2023\\\/derecho-a-libre-manifestacion-se-respetara-siempre-que-no-afecte-a-terceros-ni-trastoque-el-orden-publico-enfatizo-secretaria-general-de-gobierno\\\/\",\"url\":\"https:\\\/\\\/canal7slp.tv\\\/2023\\\/derecho-a-libre-manifestacion-se-respetara-siempre-que-no-afecte-a-terceros-ni-trastoque-el-orden-publico-enfatizo-secretaria-general-de-gobierno\\\/\",\"name\":\"Derecho a libre manifestaci\u00f3n se respetar\u00e1 siempre que no afecte a terceros, ni trastoque el orden p\u00fablico; enfatiz\u00f3 Secretar\u00eda General de Gobierno - Canal 7 SLP - 2023\",\"isPartOf\":{\"@id\":\"https:\\\/\\\/canal7slp.tv\\\/2023\\\/#website\"},\"primaryImageOfPage\":{\"@id\":\"https:\\\/\\\/canal7slp.tv\\\/2023\\\/derecho-a-libre-manifestacion-se-respetara-siempre-que-no-afecte-a-terceros-ni-trastoque-el-orden-publico-enfatizo-secretaria-general-de-gobierno\\\/#primaryimage\"},\"image\":{\"@id\":\"https:\\\/\\\/canal7slp.tv\\\/2023\\\/derecho-a-libre-manifestacion-se-respetara-siempre-que-no-afecte-a-terceros-ni-trastoque-el-orden-publico-enfatizo-secretaria-general-de-gobierno\\\/#primaryimage\"},\"thumbnailUrl\":\"https:\\\/\\\/canal7slp.tv\\\/2023\\\/wp-content\\\/uploads\\\/2023\\\/04\\\/PlazaArmas.jpg\",\"datePublished\":\"2023-04-07T17:44:55+00:00\",\"breadcrumb\":{\"@id\":\"https:\\\/\\\/canal7slp.tv\\\/2023\\\/derecho-a-libre-manifestacion-se-respetara-siempre-que-no-afecte-a-terceros-ni-trastoque-el-orden-publico-enfatizo-secretaria-general-de-gobierno\\\/#breadcrumb\"},\"inLanguage\":\"es\",\"potentialAction\":[{\"@type\":\"ReadAction\",\"target\":[\"https:\\\/\\\/canal7slp.tv\\\/2023\\\/derecho-a-libre-manifestacion-se-respetara-siempre-que-no-afecte-a-terceros-ni-trastoque-el-orden-publico-enfatizo-secretaria-general-de-gobierno\\\/\"]}]},{\"@type\":\"ImageObject\",\"inLanguage\":\"es\",\"@id\":\"https:\\\/\\\/canal7slp.tv\\\/2023\\\/derecho-a-libre-manifestacion-se-respetara-siempre-que-no-afecte-a-terceros-ni-trastoque-el-orden-publico-enfatizo-secretaria-general-de-gobierno\\\/#primaryimage\",\"url\":\"https:\\\/\\\/canal7slp.tv\\\/2023\\\/wp-content\\\/uploads\\\/2023\\\/04\\\/PlazaArmas.jpg\",\"contentUrl\":\"https:\\\/\\\/canal7slp.tv\\\/2023\\\/wp-content\\\/uploads\\\/2023\\\/04\\\/PlazaArmas.jpg\",\"width\":1024,\"height\":768},{\"@type\":\"BreadcrumbList\",\"@id\":\"https:\\\/\\\/canal7slp.tv\\\/2023\\\/derecho-a-libre-manifestacion-se-respetara-siempre-que-no-afecte-a-terceros-ni-trastoque-el-orden-publico-enfatizo-secretaria-general-de-gobierno\\\/#breadcrumb\",\"itemListElement\":[{\"@type\":\"ListItem\",\"position\":1,\"name\":\"Portada\",\"item\":\"https:\\\/\\\/canal7slp.tv\\\/2023\\\/\"},{\"@type\":\"ListItem\",\"position\":2,\"name\":\"Derecho a libre manifestaci\u00f3n se respetar\u00e1 siempre que no afecte a terceros, ni trastoque el orden p\u00fablico; enfatiz\u00f3 Secretar\u00eda General de Gobierno\"}]},{\"@type\":\"WebSite\",\"@id\":\"https:\\\/\\\/canal7slp.tv\\\/2023\\\/#website\",\"url\":\"https:\\\/\\\/canal7slp.tv\\\/2023\\\/\",\"name\":\"N7 - Noticieros Canal 7\",\"description\":\"Somos Televisi\u00f3n\",\"publisher\":{\"@id\":\"https:\\\/\\\/canal7slp.tv\\\/2023\\\/#organization\"},\"potentialAction\":[{\"@type\":\"SearchAction\",\"target\":{\"@type\":\"EntryPoint\",\"urlTemplate\":\"https:\\\/\\\/canal7slp.tv\\\/2023\\\/?s={search_term_string}\"},\"query-input\":{\"@type\":\"PropertyValueSpecification\",\"valueRequired\":true,\"valueName\":\"search_term_string\"}}],\"inLanguage\":\"es\"},{\"@type\":\"Organization\",\"@id\":\"https:\\\/\\\/canal7slp.tv\\\/2023\\\/#organization\",\"name\":\"Noticieros Canal 7\",\"url\":\"https:\\\/\\\/canal7slp.tv\\\/2023\\\/\",\"logo\":{\"@type\":\"ImageObject\",\"inLanguage\":\"es\",\"@id\":\"https:\\\/\\\/canal7slp.tv\\\/2023\\\/#\\\/schema\\\/logo\\\/image\\\/\",\"url\":\"https:\\\/\\\/canal7slp.tv\\\/2023\\\/wp-content\\\/uploads\\\/2021\\\/01\\\/logo-noticieros@2x.png\",\"contentUrl\":\"https:\\\/\\\/canal7slp.tv\\\/2023\\\/wp-content\\\/uploads\\\/2021\\\/01\\\/logo-noticieros@2x.png\",\"width\":1017,\"height\":268,\"caption\":\"Noticieros Canal 7\"},\"image\":{\"@id\":\"https:\\\/\\\/canal7slp.tv\\\/2023\\\/#\\\/schema\\\/logo\\\/image\\\/\"},\"sameAs\":[\"https:\\\/\\\/www.facebook.com\\\/noticieroscanalsiete\",\"https:\\\/\\\/x.com\\\/NOTICIEROS7\",\"https:\\\/\\\/www.instagram.com\\\/canal7_slp\",\"https:\\\/\\\/www.youtube.com\\\/channel\\\/UCliiYs-gP3JfJeqdPrNdd5A\"]},{\"@type\":\"Person\",\"@id\":\"https:\\\/\\\/canal7slp.tv\\\/2023\\\/#\\\/schema\\\/person\\\/639c424e3584069003b11ae813915da6\",\"name\":\"Edici\u00f3n Web\",\"image\":{\"@type\":\"ImageObject\",\"inLanguage\":\"es\",\"@id\":\"https:\\\/\\\/secure.gravatar.com\\\/avatar\\\/eee448fc3f7164808013b816ba91ac7e43bbe82a70bebac296f8bc6f0addaa1a?s=96&d=mm&r=g\",\"url\":\"https:\\\/\\\/secure.gravatar.com\\\/avatar\\\/eee448fc3f7164808013b816ba91ac7e43bbe82a70bebac296f8bc6f0addaa1a?s=96&d=mm&r=g\",\"contentUrl\":\"https:\\\/\\\/secure.gravatar.com\\\/avatar\\\/eee448fc3f7164808013b816ba91ac7e43bbe82a70bebac296f8bc6f0addaa1a?s=96&d=mm&r=g\",\"caption\":\"Edici\u00f3n Web\"},\"url\":\"https:\\\/\\\/canal7slp.tv\\\/2023\\\/author\\\/edicionweb\\\/\"}]}<\/script>\n<!-- \/ Yoast SEO plugin. -->","yoast_head_json":{"title":"Derecho a libre manifestaci\u00f3n se respetar\u00e1 siempre que no afecte a terceros, ni trastoque el orden p\u00fablico; enfatiz\u00f3 Secretar\u00eda General de Gobierno - Canal 7 SLP - 2023","robots":{"index":"index","follow":"follow","max-snippet":"max-snippet:-1","max-image-preview":"max-image-preview:large","max-video-preview":"max-video-preview:-1"},"canonical":"https:\/\/canal7slp.tv\/2023\/derecho-a-libre-manifestacion-se-respetara-siempre-que-no-afecte-a-terceros-ni-trastoque-el-orden-publico-enfatizo-secretaria-general-de-gobierno\/","og_locale":"es_ES","og_type":"article","og_title":"Derecho a libre manifestaci\u00f3n se respetar\u00e1 siempre que no afecte a terceros, ni trastoque el orden p\u00fablico; enfatiz\u00f3 Secretar\u00eda General de Gobierno - Canal 7 SLP - 2023","og_description":"SLP.-\u00a0Para garantizar el libre acceso peatonal, autoridades de seguridad procedieron a un retiro por orden judicial de los manifestantes del Sindicato Independiente de Trabajadoras y Trabajadores del Gobierno del Estado (SITTGE) que estaban apostados en Plaza de Armas desde hace semanas. El ordenamiento del juez de control se refiere a la restituci\u00f3n del libre tr\u00e1nsito peatonal en las calles de 5 de mayo con continuidad en Jard\u00edn Hidalgo y la intersecci\u00f3n con Francisco I. Madero, en el Centro Hist\u00f3rico. Dicha medida se solicit\u00f3 en primera instancia, para no da\u00f1ar o perjudicar a terceros, ya que los integrantes del SITTGE manten\u00edan [&hellip;]","og_url":"https:\/\/canal7slp.tv\/2023\/derecho-a-libre-manifestacion-se-respetara-siempre-que-no-afecte-a-terceros-ni-trastoque-el-orden-publico-enfatizo-secretaria-general-de-gobierno\/","og_site_name":"Canal 7 SLP - 2023","article_publisher":"https:\/\/www.facebook.com\/noticieroscanalsiete","article_published_time":"2023-04-07T17:44:55+00:00","og_image":[{"width":1024,"height":768,"url":"https:\/\/canal7slp.tv\/2023\/wp-content\/uploads\/2023\/04\/PlazaArmas.jpg","type":"image\/jpeg"}],"author":"Edici\u00f3n Web","twitter_card":"summary_large_image","twitter_creator":"@NOTICIEROS7","twitter_site":"@NOTICIEROS7","twitter_misc":{"Escrito por":"Edici\u00f3n Web","Tiempo de lectura":"2 minutos"},"schema":{"@context":"https:\/\/schema.org","@graph":[{"@type":"Article","@id":"https:\/\/canal7slp.tv\/2023\/derecho-a-libre-manifestacion-se-respetara-siempre-que-no-afecte-a-terceros-ni-trastoque-el-orden-publico-enfatizo-secretaria-general-de-gobierno\/#article","isPartOf":{"@id":"https:\/\/canal7slp.tv\/2023\/derecho-a-libre-manifestacion-se-respetara-siempre-que-no-afecte-a-terceros-ni-trastoque-el-orden-publico-enfatizo-secretaria-general-de-gobierno\/"},"author":{"name":"Edici\u00f3n Web","@id":"https:\/\/canal7slp.tv\/2023\/#\/schema\/person\/639c424e3584069003b11ae813915da6"},"headline":"Derecho a libre manifestaci\u00f3n se respetar\u00e1 siempre que no afecte a terceros, ni trastoque el orden p\u00fablico; enfatiz\u00f3 Secretar\u00eda General de Gobierno","datePublished":"2023-04-07T17:44:55+00:00","mainEntityOfPage":{"@id":"https:\/\/canal7slp.tv\/2023\/derecho-a-libre-manifestacion-se-respetara-siempre-que-no-afecte-a-terceros-ni-trastoque-el-orden-publico-enfatizo-secretaria-general-de-gobierno\/"},"wordCount":340,"publisher":{"@id":"https:\/\/canal7slp.tv\/2023\/#organization"},"image":{"@id":"https:\/\/canal7slp.tv\/2023\/derecho-a-libre-manifestacion-se-respetara-siempre-que-no-afecte-a-terceros-ni-trastoque-el-orden-publico-enfatizo-secretaria-general-de-gobierno\/#primaryimage"},"thumbnailUrl":"https:\/\/canal7slp.tv\/2023\/wp-content\/uploads\/2023\/04\/PlazaArmas.jpg","articleSection":["LOCALES Y REGIONALES"],"inLanguage":"es"},{"@type":"WebPage","@id":"https:\/\/canal7slp.tv\/2023\/derecho-a-libre-manifestacion-se-respetara-siempre-que-no-afecte-a-terceros-ni-trastoque-el-orden-publico-enfatizo-secretaria-general-de-gobierno\/","url":"https:\/\/canal7slp.tv\/2023\/derecho-a-libre-manifestacion-se-respetara-siempre-que-no-afecte-a-terceros-ni-trastoque-el-orden-publico-enfatizo-secretaria-general-de-gobierno\/","name":"Derecho a libre manifestaci\u00f3n se respetar\u00e1 siempre que no afecte a terceros, ni trastoque el orden p\u00fablico; enfatiz\u00f3 Secretar\u00eda General de Gobierno - Canal 7 SLP - 2023","isPartOf":{"@id":"https:\/\/canal7slp.tv\/2023\/#website"},"primaryImageOfPage":{"@id":"https:\/\/canal7slp.tv\/2023\/derecho-a-libre-manifestacion-se-respetara-siempre-que-no-afecte-a-terceros-ni-trastoque-el-orden-publico-enfatizo-secretaria-general-de-gobierno\/#primaryimage"},"image":{"@id":"https:\/\/canal7slp.tv\/2023\/derecho-a-libre-manifestacion-se-respetara-siempre-que-no-afecte-a-terceros-ni-trastoque-el-orden-publico-enfatizo-secretaria-general-de-gobierno\/#primaryimage"},"thumbnailUrl":"https:\/\/canal7slp.tv\/2023\/wp-content\/uploads\/2023\/04\/PlazaArmas.jpg","datePublished":"2023-04-07T17:44:55+00:00","breadcrumb":{"@id":"https:\/\/canal7slp.tv\/2023\/derecho-a-libre-manifestacion-se-respetara-siempre-que-no-afecte-a-terceros-ni-trastoque-el-orden-publico-enfatizo-secretaria-general-de-gobierno\/#breadcrumb"},"inLanguage":"es","potentialAction":[{"@type":"ReadAction","target":["https:\/\/canal7slp.tv\/2023\/derecho-a-libre-manifestacion-se-respetara-siempre-que-no-afecte-a-terceros-ni-trastoque-el-orden-publico-enfatizo-secretaria-general-de-gobierno\/"]}]},{"@type":"ImageObject","inLanguage":"es","@id":"https:\/\/canal7slp.tv\/2023\/derecho-a-libre-manifestacion-se-respetara-siempre-que-no-afecte-a-terceros-ni-trastoque-el-orden-publico-enfatizo-secretaria-general-de-gobierno\/#primaryimage","url":"https:\/\/canal7slp.tv\/2023\/wp-content\/uploads\/2023\/04\/PlazaArmas.jpg","contentUrl":"https:\/\/canal7slp.tv\/2023\/wp-content\/uploads\/2023\/04\/PlazaArmas.jpg","width":1024,"height":768},{"@type":"BreadcrumbList","@id":"https:\/\/canal7slp.tv\/2023\/derecho-a-libre-manifestacion-se-respetara-siempre-que-no-afecte-a-terceros-ni-trastoque-el-orden-publico-enfatizo-secretaria-general-de-gobierno\/#breadcrumb","itemListElement":[{"@type":"ListItem","position":1,"name":"Portada","item":"https:\/\/canal7slp.tv\/2023\/"},{"@type":"ListItem","position":2,"name":"Derecho a libre manifestaci\u00f3n se respetar\u00e1 siempre que no afecte a terceros, ni trastoque el orden p\u00fablico; enfatiz\u00f3 Secretar\u00eda General de Gobierno"}]},{"@type":"WebSite","@id":"https:\/\/canal7slp.tv\/2023\/#website","url":"https:\/\/canal7slp.tv\/2023\/","name":"N7 - Noticieros Canal 7","description":"Somos Televisi\u00f3n","publisher":{"@id":"https:\/\/canal7slp.tv\/2023\/#organization"},"potentialAction":[{"@type":"SearchAction","target":{"@type":"EntryPoint","urlTemplate":"https:\/\/canal7slp.tv\/2023\/?s={search_term_string}"},"query-input":{"@type":"PropertyValueSpecification","valueRequired":true,"valueName":"search_term_string"}}],"inLanguage":"es"},{"@type":"Organization","@id":"https:\/\/canal7slp.tv\/2023\/#organization","name":"Noticieros Canal 7","url":"https:\/\/canal7slp.tv\/2023\/","logo":{"@type":"ImageObject","inLanguage":"es","@id":"https:\/\/canal7slp.tv\/2023\/#\/schema\/logo\/image\/","url":"https:\/\/canal7slp.tv\/2023\/wp-content\/uploads\/2021\/01\/logo-noticieros@2x.png","contentUrl":"https:\/\/canal7slp.tv\/2023\/wp-content\/uploads\/2021\/01\/logo-noticieros@2x.png","width":1017,"height":268,"caption":"Noticieros Canal 7"},"image":{"@id":"https:\/\/canal7slp.tv\/2023\/#\/schema\/logo\/image\/"},"sameAs":["https:\/\/www.facebook.com\/noticieroscanalsiete","https:\/\/x.com\/NOTICIEROS7","https:\/\/www.instagram.com\/canal7_slp","https:\/\/www.youtube.com\/channel\/UCliiYs-gP3JfJeqdPrNdd5A"]},{"@type":"Person","@id":"https:\/\/canal7slp.tv\/2023\/#\/schema\/person\/639c424e3584069003b11ae813915da6","name":"Edici\u00f3n Web","image":{"@type":"ImageObject","inLanguage":"es","@id":"https:\/\/secure.gravatar.com\/avatar\/eee448fc3f7164808013b816ba91ac7e43bbe82a70bebac296f8bc6f0addaa1a?s=96&d=mm&r=g","url":"https:\/\/secure.gravatar.com\/avatar\/eee448fc3f7164808013b816ba91ac7e43bbe82a70bebac296f8bc6f0addaa1a?s=96&d=mm&r=g","contentUrl":"https:\/\/secure.gravatar.com\/avatar\/eee448fc3f7164808013b816ba91ac7e43bbe82a70bebac296f8bc6f0addaa1a?s=96&d=mm&r=g","caption":"Edici\u00f3n Web"},"url":"https:\/\/canal7slp.tv\/2023\/author\/edicionweb\/"}]}},"_links":{"self":[{"href":"https:\/\/canal7slp.tv\/2023\/wp-json\/wp\/v2\/posts\/92191","targetHints":{"allow":["GET"]}}],"collection":[{"href":"https:\/\/canal7slp.tv\/2023\/wp-json\/wp\/v2\/posts"}],"about":[{"href":"https:\/\/canal7slp.tv\/2023\/wp-json\/wp\/v2\/types\/post"}],"author":[{"embeddable":true,"href":"https:\/\/canal7slp.tv\/2023\/wp-json\/wp\/v2\/users\/2"}],"replies":[{"embeddable":true,"href":"https:\/\/canal7slp.tv\/2023\/wp-json\/wp\/v2\/comments?post=92191"}],"version-history":[{"count":1,"href":"https:\/\/canal7slp.tv\/2023\/wp-json\/wp\/v2\/posts\/92191\/revisions"}],"predecessor-version":[{"id":92193,"href":"https:\/\/canal7slp.tv\/2023\/wp-json\/wp\/v2\/posts\/92191\/revisions\/92193"}],"wp:featuredmedia":[{"embeddable":true,"href":"https:\/\/canal7slp.tv\/2023\/wp-json\/wp\/v2\/media\/92192"}],"wp:attachment":[{"href":"https:\/\/canal7slp.tv\/2023\/wp-json\/wp\/v2\/media?parent=92191"}],"wp:term":[{"taxonomy":"category","embeddable":true,"href":"https:\/\/canal7slp.tv\/2023\/wp-json\/wp\/v2\/categories?post=92191"},{"taxonomy":"post_tag","embeddable":true,"href":"https:\/\/canal7slp.tv\/2023\/wp-json\/wp\/v2\/tags?post=92191"}],"curies":[{"name":"wp","href":"https:\/\/api.w.org\/{rel}","templated":true}]}}