{"id":91817,"date":"2023-04-03T15:02:14","date_gmt":"2023-04-03T21:02:14","guid":{"rendered":"https:\/\/canal7slp.tv\/2023\/?p=91817"},"modified":"2023-04-03T15:02:14","modified_gmt":"2023-04-03T21:02:14","slug":"shakira-sale-en-defensa-de-sus-fans-latinos","status":"publish","type":"post","link":"https:\/\/canal7slp.tv\/2023\/shakira-sale-en-defensa-de-sus-fans-latinos\/","title":{"rendered":"\u00a1Shakira sale en defensa de sus fans latinos!"},"content":{"rendered":"<p class=\"default__StyledText-xb1qmn-0 gPlaKG body-paragraph\">Cuando ya se pensaba que la situaci\u00f3n entre\u00a0<b>Shakira<\/b>\u00a0y\u00a0<b>Gerard Piqu\u00e9<\/b>\u00a0se calmar\u00edan un poco, sobre todo teniendo en cuenta de que la colombiana ya empez\u00f3 su mudanza a Miami, el exjugador realiz\u00f3 una entrevista donde arremeti\u00f3 contra sus detractores.<\/p>\n<p class=\"default__StyledText-xb1qmn-0 gPlaKG body-paragraph\">Desde que explot\u00f3 todo el esc\u00e1ndalo de infidelidad, el deportista empez\u00f3 a recibir mucho odio del p\u00fablico, de hecho, muchos aseguraron que su retiro se vio alentado por todo ello, ya que cada vez que sal\u00eda a jugar era fuertemente abucheado.<\/p>\n<p><img loading=\"lazy\" decoding=\"async\" class=\"aligncenter size-full wp-image-91819\" src=\"https:\/\/canal7slp.tv\/2023\/wp-content\/uploads\/2023\/04\/photo_2023-04-03_15-01-49.jpg\" alt=\"\" width=\"565\" height=\"687\" srcset=\"https:\/\/canal7slp.tv\/2023\/wp-content\/uploads\/2023\/04\/photo_2023-04-03_15-01-49.jpg 565w, https:\/\/canal7slp.tv\/2023\/wp-content\/uploads\/2023\/04\/photo_2023-04-03_15-01-49-247x300.jpg 247w\" sizes=\"auto, (max-width: 565px) 100vw, 565px\" \/><\/p>\n<p>A pesar de que Gerard Piqu\u00e9 se mostraba indiferente al respecto, al parecer toda la critica s\u00ed le ha estado afectado, al menos un poco y as\u00ed lo dio a entender en su canal de YouTube donde dijo que esas personas que se han dedicado a juzgarlo y criticarlo \u201cson gente que, vete a saber t\u00fa, no tiene vida\u201d.<\/p>\n","protected":false},"excerpt":{"rendered":"<p>Cuando ya se pensaba que la situaci\u00f3n entre\u00a0Shakira\u00a0y\u00a0Gerard Piqu\u00e9\u00a0se calmar\u00edan un poco, sobre todo teniendo en cuenta de que la colombiana ya empez\u00f3 su mudanza a Miami, el exjugador realiz\u00f3 una entrevista donde arremeti\u00f3 contra sus detractores. Desde que explot\u00f3 todo el esc\u00e1ndalo de infidelidad, el deportista empez\u00f3 a recibir mucho odio del p\u00fablico, de hecho, muchos aseguraron que su retiro se vio alentado por todo ello, ya que cada vez que sal\u00eda a jugar era fuertemente abucheado. A pesar de que Gerard Piqu\u00e9 se mostraba indiferente al respecto, al parecer toda la critica s\u00ed le ha estado afectado, al [&hellip;]<\/p>\n","protected":false},"author":1,"featured_media":91818,"comment_status":"closed","ping_status":"closed","sticky":false,"template":"","format":"standard","meta":{"footnotes":""},"categories":[42],"tags":[],"class_list":["post-91817","post","type-post","status-publish","format-standard","has-post-thumbnail","hentry","category-espectaculos","post--single"],"yoast_head":"<!-- This site is optimized with the Yoast SEO plugin v27.4 - https:\/\/yoast.com\/product\/yoast-seo-wordpress\/ -->\n<title>\u00a1Shakira sale en defensa de sus fans latinos! - Canal 7 SLP - 2023<\/title>\n<meta name=\"robots\" content=\"index, follow, max-snippet:-1, max-image-preview:large, max-video-preview:-1\" \/>\n<link rel=\"canonical\" href=\"https:\/\/canal7slp.tv\/2023\/shakira-sale-en-defensa-de-sus-fans-latinos\/\" \/>\n<meta property=\"og:locale\" content=\"es_ES\" \/>\n<meta property=\"og:type\" content=\"article\" \/>\n<meta property=\"og:title\" content=\"\u00a1Shakira sale en defensa de sus fans latinos! - Canal 7 SLP - 2023\" \/>\n<meta property=\"og:description\" content=\"Cuando ya se pensaba que la situaci\u00f3n entre\u00a0Shakira\u00a0y\u00a0Gerard Piqu\u00e9\u00a0se calmar\u00edan un poco, sobre todo teniendo en cuenta de que la colombiana ya empez\u00f3 su mudanza a Miami, el exjugador realiz\u00f3 una entrevista donde arremeti\u00f3 contra sus detractores. Desde que explot\u00f3 todo el esc\u00e1ndalo de infidelidad, el deportista empez\u00f3 a recibir mucho odio del p\u00fablico, de hecho, muchos aseguraron que su retiro se vio alentado por todo ello, ya que cada vez que sal\u00eda a jugar era fuertemente abucheado. A pesar de que Gerard Piqu\u00e9 se mostraba indiferente al respecto, al parecer toda la critica s\u00ed le ha estado afectado, al [&hellip;]\" \/>\n<meta property=\"og:url\" content=\"https:\/\/canal7slp.tv\/2023\/shakira-sale-en-defensa-de-sus-fans-latinos\/\" \/>\n<meta property=\"og:site_name\" content=\"Canal 7 SLP - 2023\" \/>\n<meta property=\"article:publisher\" content=\"https:\/\/www.facebook.com\/noticieroscanalsiete\" \/>\n<meta property=\"article:published_time\" content=\"2023-04-03T21:02:14+00:00\" \/>\n<meta property=\"og:image\" content=\"https:\/\/canal7slp.tv\/2023\/wp-content\/uploads\/2023\/04\/photo_2023-04-03_14-59-58.jpg\" \/>\n\t<meta property=\"og:image:width\" content=\"784\" \/>\n\t<meta property=\"og:image:height\" content=\"410\" \/>\n\t<meta property=\"og:image:type\" content=\"image\/jpeg\" \/>\n<meta name=\"author\" content=\"admin\" \/>\n<meta name=\"twitter:card\" content=\"summary_large_image\" \/>\n<meta name=\"twitter:creator\" content=\"@NOTICIEROS7\" \/>\n<meta name=\"twitter:site\" content=\"@NOTICIEROS7\" \/>\n<meta name=\"twitter:label1\" content=\"Escrito por\" \/>\n\t<meta name=\"twitter:data1\" content=\"admin\" \/>\n\t<meta name=\"twitter:label2\" content=\"Tiempo de lectura\" \/>\n\t<meta name=\"twitter:data2\" content=\"1 minuto\" \/>\n<script type=\"application\/ld+json\" class=\"yoast-schema-graph\">{\"@context\":\"https:\\\/\\\/schema.org\",\"@graph\":[{\"@type\":\"Article\",\"@id\":\"https:\\\/\\\/canal7slp.tv\\\/2023\\\/shakira-sale-en-defensa-de-sus-fans-latinos\\\/#article\",\"isPartOf\":{\"@id\":\"https:\\\/\\\/canal7slp.tv\\\/2023\\\/shakira-sale-en-defensa-de-sus-fans-latinos\\\/\"},\"author\":{\"name\":\"admin\",\"@id\":\"https:\\\/\\\/canal7slp.tv\\\/2023\\\/#\\\/schema\\\/person\\\/05f61e0aa411a0a7f5c59bd6ed0b2b76\"},\"headline\":\"\u00a1Shakira sale en defensa de sus fans latinos!\",\"datePublished\":\"2023-04-03T21:02:14+00:00\",\"mainEntityOfPage\":{\"@id\":\"https:\\\/\\\/canal7slp.tv\\\/2023\\\/shakira-sale-en-defensa-de-sus-fans-latinos\\\/\"},\"wordCount\":154,\"publisher\":{\"@id\":\"https:\\\/\\\/canal7slp.tv\\\/2023\\\/#organization\"},\"image\":{\"@id\":\"https:\\\/\\\/canal7slp.tv\\\/2023\\\/shakira-sale-en-defensa-de-sus-fans-latinos\\\/#primaryimage\"},\"thumbnailUrl\":\"https:\\\/\\\/canal7slp.tv\\\/2023\\\/wp-content\\\/uploads\\\/2023\\\/04\\\/photo_2023-04-03_14-59-58.jpg\",\"articleSection\":[\"ESPECT\u00c1CULOS\"],\"inLanguage\":\"es\"},{\"@type\":\"WebPage\",\"@id\":\"https:\\\/\\\/canal7slp.tv\\\/2023\\\/shakira-sale-en-defensa-de-sus-fans-latinos\\\/\",\"url\":\"https:\\\/\\\/canal7slp.tv\\\/2023\\\/shakira-sale-en-defensa-de-sus-fans-latinos\\\/\",\"name\":\"\u00a1Shakira sale en defensa de sus fans latinos! - Canal 7 SLP - 2023\",\"isPartOf\":{\"@id\":\"https:\\\/\\\/canal7slp.tv\\\/2023\\\/#website\"},\"primaryImageOfPage\":{\"@id\":\"https:\\\/\\\/canal7slp.tv\\\/2023\\\/shakira-sale-en-defensa-de-sus-fans-latinos\\\/#primaryimage\"},\"image\":{\"@id\":\"https:\\\/\\\/canal7slp.tv\\\/2023\\\/shakira-sale-en-defensa-de-sus-fans-latinos\\\/#primaryimage\"},\"thumbnailUrl\":\"https:\\\/\\\/canal7slp.tv\\\/2023\\\/wp-content\\\/uploads\\\/2023\\\/04\\\/photo_2023-04-03_14-59-58.jpg\",\"datePublished\":\"2023-04-03T21:02:14+00:00\",\"breadcrumb\":{\"@id\":\"https:\\\/\\\/canal7slp.tv\\\/2023\\\/shakira-sale-en-defensa-de-sus-fans-latinos\\\/#breadcrumb\"},\"inLanguage\":\"es\",\"potentialAction\":[{\"@type\":\"ReadAction\",\"target\":[\"https:\\\/\\\/canal7slp.tv\\\/2023\\\/shakira-sale-en-defensa-de-sus-fans-latinos\\\/\"]}]},{\"@type\":\"ImageObject\",\"inLanguage\":\"es\",\"@id\":\"https:\\\/\\\/canal7slp.tv\\\/2023\\\/shakira-sale-en-defensa-de-sus-fans-latinos\\\/#primaryimage\",\"url\":\"https:\\\/\\\/canal7slp.tv\\\/2023\\\/wp-content\\\/uploads\\\/2023\\\/04\\\/photo_2023-04-03_14-59-58.jpg\",\"contentUrl\":\"https:\\\/\\\/canal7slp.tv\\\/2023\\\/wp-content\\\/uploads\\\/2023\\\/04\\\/photo_2023-04-03_14-59-58.jpg\",\"width\":784,\"height\":410},{\"@type\":\"BreadcrumbList\",\"@id\":\"https:\\\/\\\/canal7slp.tv\\\/2023\\\/shakira-sale-en-defensa-de-sus-fans-latinos\\\/#breadcrumb\",\"itemListElement\":[{\"@type\":\"ListItem\",\"position\":1,\"name\":\"Portada\",\"item\":\"https:\\\/\\\/canal7slp.tv\\\/2023\\\/\"},{\"@type\":\"ListItem\",\"position\":2,\"name\":\"\u00a1Shakira sale en defensa de sus fans latinos!\"}]},{\"@type\":\"WebSite\",\"@id\":\"https:\\\/\\\/canal7slp.tv\\\/2023\\\/#website\",\"url\":\"https:\\\/\\\/canal7slp.tv\\\/2023\\\/\",\"name\":\"N7 - Noticieros Canal 7\",\"description\":\"Somos Televisi\u00f3n\",\"publisher\":{\"@id\":\"https:\\\/\\\/canal7slp.tv\\\/2023\\\/#organization\"},\"potentialAction\":[{\"@type\":\"SearchAction\",\"target\":{\"@type\":\"EntryPoint\",\"urlTemplate\":\"https:\\\/\\\/canal7slp.tv\\\/2023\\\/?s={search_term_string}\"},\"query-input\":{\"@type\":\"PropertyValueSpecification\",\"valueRequired\":true,\"valueName\":\"search_term_string\"}}],\"inLanguage\":\"es\"},{\"@type\":\"Organization\",\"@id\":\"https:\\\/\\\/canal7slp.tv\\\/2023\\\/#organization\",\"name\":\"Noticieros Canal 7\",\"url\":\"https:\\\/\\\/canal7slp.tv\\\/2023\\\/\",\"logo\":{\"@type\":\"ImageObject\",\"inLanguage\":\"es\",\"@id\":\"https:\\\/\\\/canal7slp.tv\\\/2023\\\/#\\\/schema\\\/logo\\\/image\\\/\",\"url\":\"https:\\\/\\\/canal7slp.tv\\\/2023\\\/wp-content\\\/uploads\\\/2021\\\/01\\\/logo-noticieros@2x.png\",\"contentUrl\":\"https:\\\/\\\/canal7slp.tv\\\/2023\\\/wp-content\\\/uploads\\\/2021\\\/01\\\/logo-noticieros@2x.png\",\"width\":1017,\"height\":268,\"caption\":\"Noticieros Canal 7\"},\"image\":{\"@id\":\"https:\\\/\\\/canal7slp.tv\\\/2023\\\/#\\\/schema\\\/logo\\\/image\\\/\"},\"sameAs\":[\"https:\\\/\\\/www.facebook.com\\\/noticieroscanalsiete\",\"https:\\\/\\\/x.com\\\/NOTICIEROS7\",\"https:\\\/\\\/www.instagram.com\\\/canal7_slp\",\"https:\\\/\\\/www.youtube.com\\\/channel\\\/UCliiYs-gP3JfJeqdPrNdd5A\"]},{\"@type\":\"Person\",\"@id\":\"https:\\\/\\\/canal7slp.tv\\\/2023\\\/#\\\/schema\\\/person\\\/05f61e0aa411a0a7f5c59bd6ed0b2b76\",\"name\":\"admin\",\"image\":{\"@type\":\"ImageObject\",\"inLanguage\":\"es\",\"@id\":\"https:\\\/\\\/secure.gravatar.com\\\/avatar\\\/d1da498ea933582ecc2b5d72a4eac16ec41c3ec04cf2dc9d46e0b557dedfd5ff?s=96&d=mm&r=g\",\"url\":\"https:\\\/\\\/secure.gravatar.com\\\/avatar\\\/d1da498ea933582ecc2b5d72a4eac16ec41c3ec04cf2dc9d46e0b557dedfd5ff?s=96&d=mm&r=g\",\"contentUrl\":\"https:\\\/\\\/secure.gravatar.com\\\/avatar\\\/d1da498ea933582ecc2b5d72a4eac16ec41c3ec04cf2dc9d46e0b557dedfd5ff?s=96&d=mm&r=g\",\"caption\":\"admin\"},\"sameAs\":[\"https:\\\/\\\/canal7slp.tv\\\/2023\"],\"url\":\"https:\\\/\\\/canal7slp.tv\\\/2023\\\/author\\\/bicefalo\\\/\"}]}<\/script>\n<!-- \/ Yoast SEO plugin. -->","yoast_head_json":{"title":"\u00a1Shakira sale en defensa de sus fans latinos! - Canal 7 SLP - 2023","robots":{"index":"index","follow":"follow","max-snippet":"max-snippet:-1","max-image-preview":"max-image-preview:large","max-video-preview":"max-video-preview:-1"},"canonical":"https:\/\/canal7slp.tv\/2023\/shakira-sale-en-defensa-de-sus-fans-latinos\/","og_locale":"es_ES","og_type":"article","og_title":"\u00a1Shakira sale en defensa de sus fans latinos! - Canal 7 SLP - 2023","og_description":"Cuando ya se pensaba que la situaci\u00f3n entre\u00a0Shakira\u00a0y\u00a0Gerard Piqu\u00e9\u00a0se calmar\u00edan un poco, sobre todo teniendo en cuenta de que la colombiana ya empez\u00f3 su mudanza a Miami, el exjugador realiz\u00f3 una entrevista donde arremeti\u00f3 contra sus detractores. Desde que explot\u00f3 todo el esc\u00e1ndalo de infidelidad, el deportista empez\u00f3 a recibir mucho odio del p\u00fablico, de hecho, muchos aseguraron que su retiro se vio alentado por todo ello, ya que cada vez que sal\u00eda a jugar era fuertemente abucheado. A pesar de que Gerard Piqu\u00e9 se mostraba indiferente al respecto, al parecer toda la critica s\u00ed le ha estado afectado, al [&hellip;]","og_url":"https:\/\/canal7slp.tv\/2023\/shakira-sale-en-defensa-de-sus-fans-latinos\/","og_site_name":"Canal 7 SLP - 2023","article_publisher":"https:\/\/www.facebook.com\/noticieroscanalsiete","article_published_time":"2023-04-03T21:02:14+00:00","og_image":[{"width":784,"height":410,"url":"https:\/\/canal7slp.tv\/2023\/wp-content\/uploads\/2023\/04\/photo_2023-04-03_14-59-58.jpg","type":"image\/jpeg"}],"author":"admin","twitter_card":"summary_large_image","twitter_creator":"@NOTICIEROS7","twitter_site":"@NOTICIEROS7","twitter_misc":{"Escrito por":"admin","Tiempo de lectura":"1 minuto"},"schema":{"@context":"https:\/\/schema.org","@graph":[{"@type":"Article","@id":"https:\/\/canal7slp.tv\/2023\/shakira-sale-en-defensa-de-sus-fans-latinos\/#article","isPartOf":{"@id":"https:\/\/canal7slp.tv\/2023\/shakira-sale-en-defensa-de-sus-fans-latinos\/"},"author":{"name":"admin","@id":"https:\/\/canal7slp.tv\/2023\/#\/schema\/person\/05f61e0aa411a0a7f5c59bd6ed0b2b76"},"headline":"\u00a1Shakira sale en defensa de sus fans latinos!","datePublished":"2023-04-03T21:02:14+00:00","mainEntityOfPage":{"@id":"https:\/\/canal7slp.tv\/2023\/shakira-sale-en-defensa-de-sus-fans-latinos\/"},"wordCount":154,"publisher":{"@id":"https:\/\/canal7slp.tv\/2023\/#organization"},"image":{"@id":"https:\/\/canal7slp.tv\/2023\/shakira-sale-en-defensa-de-sus-fans-latinos\/#primaryimage"},"thumbnailUrl":"https:\/\/canal7slp.tv\/2023\/wp-content\/uploads\/2023\/04\/photo_2023-04-03_14-59-58.jpg","articleSection":["ESPECT\u00c1CULOS"],"inLanguage":"es"},{"@type":"WebPage","@id":"https:\/\/canal7slp.tv\/2023\/shakira-sale-en-defensa-de-sus-fans-latinos\/","url":"https:\/\/canal7slp.tv\/2023\/shakira-sale-en-defensa-de-sus-fans-latinos\/","name":"\u00a1Shakira sale en defensa de sus fans latinos! - Canal 7 SLP - 2023","isPartOf":{"@id":"https:\/\/canal7slp.tv\/2023\/#website"},"primaryImageOfPage":{"@id":"https:\/\/canal7slp.tv\/2023\/shakira-sale-en-defensa-de-sus-fans-latinos\/#primaryimage"},"image":{"@id":"https:\/\/canal7slp.tv\/2023\/shakira-sale-en-defensa-de-sus-fans-latinos\/#primaryimage"},"thumbnailUrl":"https:\/\/canal7slp.tv\/2023\/wp-content\/uploads\/2023\/04\/photo_2023-04-03_14-59-58.jpg","datePublished":"2023-04-03T21:02:14+00:00","breadcrumb":{"@id":"https:\/\/canal7slp.tv\/2023\/shakira-sale-en-defensa-de-sus-fans-latinos\/#breadcrumb"},"inLanguage":"es","potentialAction":[{"@type":"ReadAction","target":["https:\/\/canal7slp.tv\/2023\/shakira-sale-en-defensa-de-sus-fans-latinos\/"]}]},{"@type":"ImageObject","inLanguage":"es","@id":"https:\/\/canal7slp.tv\/2023\/shakira-sale-en-defensa-de-sus-fans-latinos\/#primaryimage","url":"https:\/\/canal7slp.tv\/2023\/wp-content\/uploads\/2023\/04\/photo_2023-04-03_14-59-58.jpg","contentUrl":"https:\/\/canal7slp.tv\/2023\/wp-content\/uploads\/2023\/04\/photo_2023-04-03_14-59-58.jpg","width":784,"height":410},{"@type":"BreadcrumbList","@id":"https:\/\/canal7slp.tv\/2023\/shakira-sale-en-defensa-de-sus-fans-latinos\/#breadcrumb","itemListElement":[{"@type":"ListItem","position":1,"name":"Portada","item":"https:\/\/canal7slp.tv\/2023\/"},{"@type":"ListItem","position":2,"name":"\u00a1Shakira sale en defensa de sus fans latinos!"}]},{"@type":"WebSite","@id":"https:\/\/canal7slp.tv\/2023\/#website","url":"https:\/\/canal7slp.tv\/2023\/","name":"N7 - Noticieros Canal 7","description":"Somos Televisi\u00f3n","publisher":{"@id":"https:\/\/canal7slp.tv\/2023\/#organization"},"potentialAction":[{"@type":"SearchAction","target":{"@type":"EntryPoint","urlTemplate":"https:\/\/canal7slp.tv\/2023\/?s={search_term_string}"},"query-input":{"@type":"PropertyValueSpecification","valueRequired":true,"valueName":"search_term_string"}}],"inLanguage":"es"},{"@type":"Organization","@id":"https:\/\/canal7slp.tv\/2023\/#organization","name":"Noticieros Canal 7","url":"https:\/\/canal7slp.tv\/2023\/","logo":{"@type":"ImageObject","inLanguage":"es","@id":"https:\/\/canal7slp.tv\/2023\/#\/schema\/logo\/image\/","url":"https:\/\/canal7slp.tv\/2023\/wp-content\/uploads\/2021\/01\/logo-noticieros@2x.png","contentUrl":"https:\/\/canal7slp.tv\/2023\/wp-content\/uploads\/2021\/01\/logo-noticieros@2x.png","width":1017,"height":268,"caption":"Noticieros Canal 7"},"image":{"@id":"https:\/\/canal7slp.tv\/2023\/#\/schema\/logo\/image\/"},"sameAs":["https:\/\/www.facebook.com\/noticieroscanalsiete","https:\/\/x.com\/NOTICIEROS7","https:\/\/www.instagram.com\/canal7_slp","https:\/\/www.youtube.com\/channel\/UCliiYs-gP3JfJeqdPrNdd5A"]},{"@type":"Person","@id":"https:\/\/canal7slp.tv\/2023\/#\/schema\/person\/05f61e0aa411a0a7f5c59bd6ed0b2b76","name":"admin","image":{"@type":"ImageObject","inLanguage":"es","@id":"https:\/\/secure.gravatar.com\/avatar\/d1da498ea933582ecc2b5d72a4eac16ec41c3ec04cf2dc9d46e0b557dedfd5ff?s=96&d=mm&r=g","url":"https:\/\/secure.gravatar.com\/avatar\/d1da498ea933582ecc2b5d72a4eac16ec41c3ec04cf2dc9d46e0b557dedfd5ff?s=96&d=mm&r=g","contentUrl":"https:\/\/secure.gravatar.com\/avatar\/d1da498ea933582ecc2b5d72a4eac16ec41c3ec04cf2dc9d46e0b557dedfd5ff?s=96&d=mm&r=g","caption":"admin"},"sameAs":["https:\/\/canal7slp.tv\/2023"],"url":"https:\/\/canal7slp.tv\/2023\/author\/bicefalo\/"}]}},"_links":{"self":[{"href":"https:\/\/canal7slp.tv\/2023\/wp-json\/wp\/v2\/posts\/91817","targetHints":{"allow":["GET"]}}],"collection":[{"href":"https:\/\/canal7slp.tv\/2023\/wp-json\/wp\/v2\/posts"}],"about":[{"href":"https:\/\/canal7slp.tv\/2023\/wp-json\/wp\/v2\/types\/post"}],"author":[{"embeddable":true,"href":"https:\/\/canal7slp.tv\/2023\/wp-json\/wp\/v2\/users\/1"}],"replies":[{"embeddable":true,"href":"https:\/\/canal7slp.tv\/2023\/wp-json\/wp\/v2\/comments?post=91817"}],"version-history":[{"count":1,"href":"https:\/\/canal7slp.tv\/2023\/wp-json\/wp\/v2\/posts\/91817\/revisions"}],"predecessor-version":[{"id":91820,"href":"https:\/\/canal7slp.tv\/2023\/wp-json\/wp\/v2\/posts\/91817\/revisions\/91820"}],"wp:featuredmedia":[{"embeddable":true,"href":"https:\/\/canal7slp.tv\/2023\/wp-json\/wp\/v2\/media\/91818"}],"wp:attachment":[{"href":"https:\/\/canal7slp.tv\/2023\/wp-json\/wp\/v2\/media?parent=91817"}],"wp:term":[{"taxonomy":"category","embeddable":true,"href":"https:\/\/canal7slp.tv\/2023\/wp-json\/wp\/v2\/categories?post=91817"},{"taxonomy":"post_tag","embeddable":true,"href":"https:\/\/canal7slp.tv\/2023\/wp-json\/wp\/v2\/tags?post=91817"}],"curies":[{"name":"wp","href":"https:\/\/api.w.org\/{rel}","templated":true}]}}