{"id":91783,"date":"2023-04-03T08:58:39","date_gmt":"2023-04-03T14:58:39","guid":{"rendered":"https:\/\/canal7slp.tv\/2023\/?p=91783"},"modified":"2023-04-03T08:58:39","modified_gmt":"2023-04-03T14:58:39","slug":"iglesia-no-busca-liderar-movimiento-sociales-afirma-obispo","status":"publish","type":"post","link":"https:\/\/canal7slp.tv\/2023\/iglesia-no-busca-liderar-movimiento-sociales-afirma-obispo\/","title":{"rendered":"Iglesia no busca liderar movimiento sociales, afirma Obispo"},"content":{"rendered":"<p style=\"text-align: justify;\">Matehuala.-\u00a0En conferencia de prensa, el Obispo de la Di\u00f3cesis de Matehuala, Margarito Salazar, fue cuestionado en torno al anuncio de la ampliaci\u00f3n de una empresa huevera ubicada en la zona de Vanegas y Catorce, misma que ha tenido conflictos con grupos de ejidatarios y pueblos originarios, quienes se han apoyado de un sacerdote en la zona para manifestar su rechazo a que se mantengan ah\u00ed por la contaminaci\u00f3n que generan.<\/p>\n<p style=\"text-align: justify;\">\u00abLa iglesia siempre va a buscar la justicia, la verdad, el bienestar de la comunidad, nunca va a estar luchando para que se afecte a la comunidad o se le da\u00f1e, al contrario, siempre va a estar dispuesta a apoyar, pero una cosa es apoyar y otra dirigir los movimientos\u00bb, dijo.<\/p>\n<p style=\"text-align: justify;\">El Obispo asegur\u00f3 que todos los miembros de la comunidad deben trabajar unidos para buscar la justicia, pero pidi\u00f3 que no se utilice a la iglesia como l\u00edderes del movimiento, \u00abpero no tanto que vamos a agarrar al sacerdote, porque no es nuestra misi\u00f3n, andar peleando o digiriendo como l\u00edderes buscando un prestigio en las comunidad, nuestro trabajo es de otra \u00edndole, no de andar defendiendo una postura de liderazgo social, m\u00e1s bien religioso\u00bb.<\/p>\n<p style=\"text-align: justify;\">Al final, coment\u00f3 que la comunidad tiene muy claro que su postura de rechazo, es por buscar que se garanticen los derechos de todos los habitantes, \u00abel sacerdote no tienen ninguna participaci\u00f3n con autorizaci\u00f3n de alguien, no es la iglesia la que est\u00e1 haciendo el movimiento, sino la comunidad quienes se sienten afectados\u00bb.<\/p>\n<p style=\"text-align: justify;\">Por: Jes\u00fas Valencia<\/p>\n","protected":false},"excerpt":{"rendered":"<p>Matehuala.-\u00a0En conferencia de prensa, el Obispo de la Di\u00f3cesis de Matehuala, Margarito Salazar, fue cuestionado en torno al anuncio de la ampliaci\u00f3n de una empresa huevera ubicada en la zona de Vanegas y Catorce, misma que ha tenido conflictos con grupos de ejidatarios y pueblos originarios, quienes se han apoyado de un sacerdote en la zona para manifestar su rechazo a que se mantengan ah\u00ed por la contaminaci\u00f3n que generan. \u00abLa iglesia siempre va a buscar la justicia, la verdad, el bienestar de la comunidad, nunca va a estar luchando para que se afecte a la comunidad o se le [&hellip;]<\/p>\n","protected":false},"author":2,"featured_media":91792,"comment_status":"closed","ping_status":"closed","sticky":false,"template":"","format":"video","meta":{"footnotes":""},"categories":[5,43],"tags":[],"class_list":["post-91783","post","type-post","status-publish","format-video","has-post-thumbnail","hentry","category-destacadas","category-interior","post_format-post-format-video","post--single"],"yoast_head":"<!-- This site is optimized with the Yoast SEO plugin v27.4 - https:\/\/yoast.com\/product\/yoast-seo-wordpress\/ -->\n<title>Iglesia no busca liderar movimiento sociales, afirma Obispo - Canal 7 SLP - 2023<\/title>\n<meta name=\"robots\" content=\"index, follow, max-snippet:-1, max-image-preview:large, max-video-preview:-1\" \/>\n<link rel=\"canonical\" href=\"https:\/\/canal7slp.tv\/2023\/iglesia-no-busca-liderar-movimiento-sociales-afirma-obispo\/\" \/>\n<meta property=\"og:locale\" content=\"es_ES\" \/>\n<meta property=\"og:type\" content=\"article\" \/>\n<meta property=\"og:title\" content=\"Iglesia no busca liderar movimiento sociales, afirma Obispo - Canal 7 SLP - 2023\" \/>\n<meta property=\"og:description\" content=\"Matehuala.-\u00a0En conferencia de prensa, el Obispo de la Di\u00f3cesis de Matehuala, Margarito Salazar, fue cuestionado en torno al anuncio de la ampliaci\u00f3n de una empresa huevera ubicada en la zona de Vanegas y Catorce, misma que ha tenido conflictos con grupos de ejidatarios y pueblos originarios, quienes se han apoyado de un sacerdote en la zona para manifestar su rechazo a que se mantengan ah\u00ed por la contaminaci\u00f3n que generan. \u00abLa iglesia siempre va a buscar la justicia, la verdad, el bienestar de la comunidad, nunca va a estar luchando para que se afecte a la comunidad o se le [&hellip;]\" \/>\n<meta property=\"og:url\" content=\"https:\/\/canal7slp.tv\/2023\/iglesia-no-busca-liderar-movimiento-sociales-afirma-obispo\/\" \/>\n<meta property=\"og:site_name\" content=\"Canal 7 SLP - 2023\" \/>\n<meta property=\"article:publisher\" content=\"https:\/\/www.facebook.com\/noticieroscanalsiete\" \/>\n<meta property=\"article:published_time\" content=\"2023-04-03T14:58:39+00:00\" \/>\n<meta property=\"og:image\" content=\"https:\/\/canal7slp.tv\/2023\/wp-content\/uploads\/2023\/04\/Valencia02Iglesia.jpg\" \/>\n\t<meta property=\"og:image:width\" content=\"909\" \/>\n\t<meta property=\"og:image:height\" content=\"500\" \/>\n\t<meta property=\"og:image:type\" content=\"image\/jpeg\" \/>\n<meta name=\"author\" content=\"Edici\u00f3n Web\" \/>\n<meta name=\"twitter:card\" content=\"summary_large_image\" \/>\n<meta name=\"twitter:creator\" content=\"@NOTICIEROS7\" \/>\n<meta name=\"twitter:site\" content=\"@NOTICIEROS7\" \/>\n<meta name=\"twitter:label1\" content=\"Escrito por\" \/>\n\t<meta name=\"twitter:data1\" content=\"Edici\u00f3n Web\" \/>\n\t<meta name=\"twitter:label2\" content=\"Tiempo de lectura\" \/>\n\t<meta name=\"twitter:data2\" content=\"2 minutos\" \/>\n<script type=\"application\/ld+json\" class=\"yoast-schema-graph\">{\"@context\":\"https:\\\/\\\/schema.org\",\"@graph\":[{\"@type\":\"Article\",\"@id\":\"https:\\\/\\\/canal7slp.tv\\\/2023\\\/iglesia-no-busca-liderar-movimiento-sociales-afirma-obispo\\\/#article\",\"isPartOf\":{\"@id\":\"https:\\\/\\\/canal7slp.tv\\\/2023\\\/iglesia-no-busca-liderar-movimiento-sociales-afirma-obispo\\\/\"},\"author\":{\"name\":\"Edici\u00f3n Web\",\"@id\":\"https:\\\/\\\/canal7slp.tv\\\/2023\\\/#\\\/schema\\\/person\\\/639c424e3584069003b11ae813915da6\"},\"headline\":\"Iglesia no busca liderar movimiento sociales, afirma Obispo\",\"datePublished\":\"2023-04-03T14:58:39+00:00\",\"mainEntityOfPage\":{\"@id\":\"https:\\\/\\\/canal7slp.tv\\\/2023\\\/iglesia-no-busca-liderar-movimiento-sociales-afirma-obispo\\\/\"},\"wordCount\":272,\"publisher\":{\"@id\":\"https:\\\/\\\/canal7slp.tv\\\/2023\\\/#organization\"},\"image\":{\"@id\":\"https:\\\/\\\/canal7slp.tv\\\/2023\\\/iglesia-no-busca-liderar-movimiento-sociales-afirma-obispo\\\/#primaryimage\"},\"thumbnailUrl\":\"https:\\\/\\\/canal7slp.tv\\\/2023\\\/wp-content\\\/uploads\\\/2023\\\/04\\\/Valencia02Iglesia.jpg\",\"articleSection\":[\"DESTACADAS\",\"INTERIOR DEL ESTADO\"],\"inLanguage\":\"es\"},{\"@type\":\"WebPage\",\"@id\":\"https:\\\/\\\/canal7slp.tv\\\/2023\\\/iglesia-no-busca-liderar-movimiento-sociales-afirma-obispo\\\/\",\"url\":\"https:\\\/\\\/canal7slp.tv\\\/2023\\\/iglesia-no-busca-liderar-movimiento-sociales-afirma-obispo\\\/\",\"name\":\"Iglesia no busca liderar movimiento sociales, afirma Obispo - Canal 7 SLP - 2023\",\"isPartOf\":{\"@id\":\"https:\\\/\\\/canal7slp.tv\\\/2023\\\/#website\"},\"primaryImageOfPage\":{\"@id\":\"https:\\\/\\\/canal7slp.tv\\\/2023\\\/iglesia-no-busca-liderar-movimiento-sociales-afirma-obispo\\\/#primaryimage\"},\"image\":{\"@id\":\"https:\\\/\\\/canal7slp.tv\\\/2023\\\/iglesia-no-busca-liderar-movimiento-sociales-afirma-obispo\\\/#primaryimage\"},\"thumbnailUrl\":\"https:\\\/\\\/canal7slp.tv\\\/2023\\\/wp-content\\\/uploads\\\/2023\\\/04\\\/Valencia02Iglesia.jpg\",\"datePublished\":\"2023-04-03T14:58:39+00:00\",\"breadcrumb\":{\"@id\":\"https:\\\/\\\/canal7slp.tv\\\/2023\\\/iglesia-no-busca-liderar-movimiento-sociales-afirma-obispo\\\/#breadcrumb\"},\"inLanguage\":\"es\",\"potentialAction\":[{\"@type\":\"ReadAction\",\"target\":[\"https:\\\/\\\/canal7slp.tv\\\/2023\\\/iglesia-no-busca-liderar-movimiento-sociales-afirma-obispo\\\/\"]}]},{\"@type\":\"ImageObject\",\"inLanguage\":\"es\",\"@id\":\"https:\\\/\\\/canal7slp.tv\\\/2023\\\/iglesia-no-busca-liderar-movimiento-sociales-afirma-obispo\\\/#primaryimage\",\"url\":\"https:\\\/\\\/canal7slp.tv\\\/2023\\\/wp-content\\\/uploads\\\/2023\\\/04\\\/Valencia02Iglesia.jpg\",\"contentUrl\":\"https:\\\/\\\/canal7slp.tv\\\/2023\\\/wp-content\\\/uploads\\\/2023\\\/04\\\/Valencia02Iglesia.jpg\",\"width\":909,\"height\":500},{\"@type\":\"BreadcrumbList\",\"@id\":\"https:\\\/\\\/canal7slp.tv\\\/2023\\\/iglesia-no-busca-liderar-movimiento-sociales-afirma-obispo\\\/#breadcrumb\",\"itemListElement\":[{\"@type\":\"ListItem\",\"position\":1,\"name\":\"Portada\",\"item\":\"https:\\\/\\\/canal7slp.tv\\\/2023\\\/\"},{\"@type\":\"ListItem\",\"position\":2,\"name\":\"Iglesia no busca liderar movimiento sociales, afirma Obispo\"}]},{\"@type\":\"WebSite\",\"@id\":\"https:\\\/\\\/canal7slp.tv\\\/2023\\\/#website\",\"url\":\"https:\\\/\\\/canal7slp.tv\\\/2023\\\/\",\"name\":\"N7 - Noticieros Canal 7\",\"description\":\"Somos Televisi\u00f3n\",\"publisher\":{\"@id\":\"https:\\\/\\\/canal7slp.tv\\\/2023\\\/#organization\"},\"potentialAction\":[{\"@type\":\"SearchAction\",\"target\":{\"@type\":\"EntryPoint\",\"urlTemplate\":\"https:\\\/\\\/canal7slp.tv\\\/2023\\\/?s={search_term_string}\"},\"query-input\":{\"@type\":\"PropertyValueSpecification\",\"valueRequired\":true,\"valueName\":\"search_term_string\"}}],\"inLanguage\":\"es\"},{\"@type\":\"Organization\",\"@id\":\"https:\\\/\\\/canal7slp.tv\\\/2023\\\/#organization\",\"name\":\"Noticieros Canal 7\",\"url\":\"https:\\\/\\\/canal7slp.tv\\\/2023\\\/\",\"logo\":{\"@type\":\"ImageObject\",\"inLanguage\":\"es\",\"@id\":\"https:\\\/\\\/canal7slp.tv\\\/2023\\\/#\\\/schema\\\/logo\\\/image\\\/\",\"url\":\"https:\\\/\\\/canal7slp.tv\\\/2023\\\/wp-content\\\/uploads\\\/2021\\\/01\\\/logo-noticieros@2x.png\",\"contentUrl\":\"https:\\\/\\\/canal7slp.tv\\\/2023\\\/wp-content\\\/uploads\\\/2021\\\/01\\\/logo-noticieros@2x.png\",\"width\":1017,\"height\":268,\"caption\":\"Noticieros Canal 7\"},\"image\":{\"@id\":\"https:\\\/\\\/canal7slp.tv\\\/2023\\\/#\\\/schema\\\/logo\\\/image\\\/\"},\"sameAs\":[\"https:\\\/\\\/www.facebook.com\\\/noticieroscanalsiete\",\"https:\\\/\\\/x.com\\\/NOTICIEROS7\",\"https:\\\/\\\/www.instagram.com\\\/canal7_slp\",\"https:\\\/\\\/www.youtube.com\\\/channel\\\/UCliiYs-gP3JfJeqdPrNdd5A\"]},{\"@type\":\"Person\",\"@id\":\"https:\\\/\\\/canal7slp.tv\\\/2023\\\/#\\\/schema\\\/person\\\/639c424e3584069003b11ae813915da6\",\"name\":\"Edici\u00f3n Web\",\"image\":{\"@type\":\"ImageObject\",\"inLanguage\":\"es\",\"@id\":\"https:\\\/\\\/secure.gravatar.com\\\/avatar\\\/eee448fc3f7164808013b816ba91ac7e43bbe82a70bebac296f8bc6f0addaa1a?s=96&d=mm&r=g\",\"url\":\"https:\\\/\\\/secure.gravatar.com\\\/avatar\\\/eee448fc3f7164808013b816ba91ac7e43bbe82a70bebac296f8bc6f0addaa1a?s=96&d=mm&r=g\",\"contentUrl\":\"https:\\\/\\\/secure.gravatar.com\\\/avatar\\\/eee448fc3f7164808013b816ba91ac7e43bbe82a70bebac296f8bc6f0addaa1a?s=96&d=mm&r=g\",\"caption\":\"Edici\u00f3n Web\"},\"url\":\"https:\\\/\\\/canal7slp.tv\\\/2023\\\/author\\\/edicionweb\\\/\"}]}<\/script>\n<!-- \/ Yoast SEO plugin. -->","yoast_head_json":{"title":"Iglesia no busca liderar movimiento sociales, afirma Obispo - Canal 7 SLP - 2023","robots":{"index":"index","follow":"follow","max-snippet":"max-snippet:-1","max-image-preview":"max-image-preview:large","max-video-preview":"max-video-preview:-1"},"canonical":"https:\/\/canal7slp.tv\/2023\/iglesia-no-busca-liderar-movimiento-sociales-afirma-obispo\/","og_locale":"es_ES","og_type":"article","og_title":"Iglesia no busca liderar movimiento sociales, afirma Obispo - Canal 7 SLP - 2023","og_description":"Matehuala.-\u00a0En conferencia de prensa, el Obispo de la Di\u00f3cesis de Matehuala, Margarito Salazar, fue cuestionado en torno al anuncio de la ampliaci\u00f3n de una empresa huevera ubicada en la zona de Vanegas y Catorce, misma que ha tenido conflictos con grupos de ejidatarios y pueblos originarios, quienes se han apoyado de un sacerdote en la zona para manifestar su rechazo a que se mantengan ah\u00ed por la contaminaci\u00f3n que generan. \u00abLa iglesia siempre va a buscar la justicia, la verdad, el bienestar de la comunidad, nunca va a estar luchando para que se afecte a la comunidad o se le [&hellip;]","og_url":"https:\/\/canal7slp.tv\/2023\/iglesia-no-busca-liderar-movimiento-sociales-afirma-obispo\/","og_site_name":"Canal 7 SLP - 2023","article_publisher":"https:\/\/www.facebook.com\/noticieroscanalsiete","article_published_time":"2023-04-03T14:58:39+00:00","og_image":[{"width":909,"height":500,"url":"https:\/\/canal7slp.tv\/2023\/wp-content\/uploads\/2023\/04\/Valencia02Iglesia.jpg","type":"image\/jpeg"}],"author":"Edici\u00f3n Web","twitter_card":"summary_large_image","twitter_creator":"@NOTICIEROS7","twitter_site":"@NOTICIEROS7","twitter_misc":{"Escrito por":"Edici\u00f3n Web","Tiempo de lectura":"2 minutos"},"schema":{"@context":"https:\/\/schema.org","@graph":[{"@type":"Article","@id":"https:\/\/canal7slp.tv\/2023\/iglesia-no-busca-liderar-movimiento-sociales-afirma-obispo\/#article","isPartOf":{"@id":"https:\/\/canal7slp.tv\/2023\/iglesia-no-busca-liderar-movimiento-sociales-afirma-obispo\/"},"author":{"name":"Edici\u00f3n Web","@id":"https:\/\/canal7slp.tv\/2023\/#\/schema\/person\/639c424e3584069003b11ae813915da6"},"headline":"Iglesia no busca liderar movimiento sociales, afirma Obispo","datePublished":"2023-04-03T14:58:39+00:00","mainEntityOfPage":{"@id":"https:\/\/canal7slp.tv\/2023\/iglesia-no-busca-liderar-movimiento-sociales-afirma-obispo\/"},"wordCount":272,"publisher":{"@id":"https:\/\/canal7slp.tv\/2023\/#organization"},"image":{"@id":"https:\/\/canal7slp.tv\/2023\/iglesia-no-busca-liderar-movimiento-sociales-afirma-obispo\/#primaryimage"},"thumbnailUrl":"https:\/\/canal7slp.tv\/2023\/wp-content\/uploads\/2023\/04\/Valencia02Iglesia.jpg","articleSection":["DESTACADAS","INTERIOR DEL ESTADO"],"inLanguage":"es"},{"@type":"WebPage","@id":"https:\/\/canal7slp.tv\/2023\/iglesia-no-busca-liderar-movimiento-sociales-afirma-obispo\/","url":"https:\/\/canal7slp.tv\/2023\/iglesia-no-busca-liderar-movimiento-sociales-afirma-obispo\/","name":"Iglesia no busca liderar movimiento sociales, afirma Obispo - Canal 7 SLP - 2023","isPartOf":{"@id":"https:\/\/canal7slp.tv\/2023\/#website"},"primaryImageOfPage":{"@id":"https:\/\/canal7slp.tv\/2023\/iglesia-no-busca-liderar-movimiento-sociales-afirma-obispo\/#primaryimage"},"image":{"@id":"https:\/\/canal7slp.tv\/2023\/iglesia-no-busca-liderar-movimiento-sociales-afirma-obispo\/#primaryimage"},"thumbnailUrl":"https:\/\/canal7slp.tv\/2023\/wp-content\/uploads\/2023\/04\/Valencia02Iglesia.jpg","datePublished":"2023-04-03T14:58:39+00:00","breadcrumb":{"@id":"https:\/\/canal7slp.tv\/2023\/iglesia-no-busca-liderar-movimiento-sociales-afirma-obispo\/#breadcrumb"},"inLanguage":"es","potentialAction":[{"@type":"ReadAction","target":["https:\/\/canal7slp.tv\/2023\/iglesia-no-busca-liderar-movimiento-sociales-afirma-obispo\/"]}]},{"@type":"ImageObject","inLanguage":"es","@id":"https:\/\/canal7slp.tv\/2023\/iglesia-no-busca-liderar-movimiento-sociales-afirma-obispo\/#primaryimage","url":"https:\/\/canal7slp.tv\/2023\/wp-content\/uploads\/2023\/04\/Valencia02Iglesia.jpg","contentUrl":"https:\/\/canal7slp.tv\/2023\/wp-content\/uploads\/2023\/04\/Valencia02Iglesia.jpg","width":909,"height":500},{"@type":"BreadcrumbList","@id":"https:\/\/canal7slp.tv\/2023\/iglesia-no-busca-liderar-movimiento-sociales-afirma-obispo\/#breadcrumb","itemListElement":[{"@type":"ListItem","position":1,"name":"Portada","item":"https:\/\/canal7slp.tv\/2023\/"},{"@type":"ListItem","position":2,"name":"Iglesia no busca liderar movimiento sociales, afirma Obispo"}]},{"@type":"WebSite","@id":"https:\/\/canal7slp.tv\/2023\/#website","url":"https:\/\/canal7slp.tv\/2023\/","name":"N7 - Noticieros Canal 7","description":"Somos Televisi\u00f3n","publisher":{"@id":"https:\/\/canal7slp.tv\/2023\/#organization"},"potentialAction":[{"@type":"SearchAction","target":{"@type":"EntryPoint","urlTemplate":"https:\/\/canal7slp.tv\/2023\/?s={search_term_string}"},"query-input":{"@type":"PropertyValueSpecification","valueRequired":true,"valueName":"search_term_string"}}],"inLanguage":"es"},{"@type":"Organization","@id":"https:\/\/canal7slp.tv\/2023\/#organization","name":"Noticieros Canal 7","url":"https:\/\/canal7slp.tv\/2023\/","logo":{"@type":"ImageObject","inLanguage":"es","@id":"https:\/\/canal7slp.tv\/2023\/#\/schema\/logo\/image\/","url":"https:\/\/canal7slp.tv\/2023\/wp-content\/uploads\/2021\/01\/logo-noticieros@2x.png","contentUrl":"https:\/\/canal7slp.tv\/2023\/wp-content\/uploads\/2021\/01\/logo-noticieros@2x.png","width":1017,"height":268,"caption":"Noticieros Canal 7"},"image":{"@id":"https:\/\/canal7slp.tv\/2023\/#\/schema\/logo\/image\/"},"sameAs":["https:\/\/www.facebook.com\/noticieroscanalsiete","https:\/\/x.com\/NOTICIEROS7","https:\/\/www.instagram.com\/canal7_slp","https:\/\/www.youtube.com\/channel\/UCliiYs-gP3JfJeqdPrNdd5A"]},{"@type":"Person","@id":"https:\/\/canal7slp.tv\/2023\/#\/schema\/person\/639c424e3584069003b11ae813915da6","name":"Edici\u00f3n Web","image":{"@type":"ImageObject","inLanguage":"es","@id":"https:\/\/secure.gravatar.com\/avatar\/eee448fc3f7164808013b816ba91ac7e43bbe82a70bebac296f8bc6f0addaa1a?s=96&d=mm&r=g","url":"https:\/\/secure.gravatar.com\/avatar\/eee448fc3f7164808013b816ba91ac7e43bbe82a70bebac296f8bc6f0addaa1a?s=96&d=mm&r=g","contentUrl":"https:\/\/secure.gravatar.com\/avatar\/eee448fc3f7164808013b816ba91ac7e43bbe82a70bebac296f8bc6f0addaa1a?s=96&d=mm&r=g","caption":"Edici\u00f3n Web"},"url":"https:\/\/canal7slp.tv\/2023\/author\/edicionweb\/"}]}},"_links":{"self":[{"href":"https:\/\/canal7slp.tv\/2023\/wp-json\/wp\/v2\/posts\/91783","targetHints":{"allow":["GET"]}}],"collection":[{"href":"https:\/\/canal7slp.tv\/2023\/wp-json\/wp\/v2\/posts"}],"about":[{"href":"https:\/\/canal7slp.tv\/2023\/wp-json\/wp\/v2\/types\/post"}],"author":[{"embeddable":true,"href":"https:\/\/canal7slp.tv\/2023\/wp-json\/wp\/v2\/users\/2"}],"replies":[{"embeddable":true,"href":"https:\/\/canal7slp.tv\/2023\/wp-json\/wp\/v2\/comments?post=91783"}],"version-history":[{"count":1,"href":"https:\/\/canal7slp.tv\/2023\/wp-json\/wp\/v2\/posts\/91783\/revisions"}],"predecessor-version":[{"id":91786,"href":"https:\/\/canal7slp.tv\/2023\/wp-json\/wp\/v2\/posts\/91783\/revisions\/91786"}],"wp:featuredmedia":[{"embeddable":true,"href":"https:\/\/canal7slp.tv\/2023\/wp-json\/wp\/v2\/media\/91792"}],"wp:attachment":[{"href":"https:\/\/canal7slp.tv\/2023\/wp-json\/wp\/v2\/media?parent=91783"}],"wp:term":[{"taxonomy":"category","embeddable":true,"href":"https:\/\/canal7slp.tv\/2023\/wp-json\/wp\/v2\/categories?post=91783"},{"taxonomy":"post_tag","embeddable":true,"href":"https:\/\/canal7slp.tv\/2023\/wp-json\/wp\/v2\/tags?post=91783"}],"curies":[{"name":"wp","href":"https:\/\/api.w.org\/{rel}","templated":true}]}}