{"id":91378,"date":"2023-03-29T16:27:37","date_gmt":"2023-03-29T22:27:37","guid":{"rendered":"https:\/\/canal7slp.tv\/2023\/?p=91378"},"modified":"2023-03-29T16:27:37","modified_gmt":"2023-03-29T22:27:37","slug":"onu-crea-red-de-seguimiento-de-migrantes-desaparecidos-en-america","status":"publish","type":"post","link":"https:\/\/canal7slp.tv\/2023\/onu-crea-red-de-seguimiento-de-migrantes-desaparecidos-en-america\/","title":{"rendered":"ONU crea red de seguimiento de migrantes desaparecidos en Am\u00e9rica"},"content":{"rendered":"<p style=\"text-align: justify;\">Nueva York.- La Organizaci\u00f3n Internacional para las Migraciones (OIM) de las Naciones Unidas (ONU), anunci\u00f3 la creaci\u00f3n de una red de seguimiento del n\u00famero de migrantes desaparecidos en rutas migratorias de Am\u00e9rica, a fin de analizar este creciente fen\u00f3meno.<\/p>\n<p style=\"text-align: justify;\">La red ser\u00e1 gestionada por el Global Data Institute de la OIM, que ya supervisa desde hace casi una d\u00e9cada el Proyecto Migrantes Desaparecidos.<\/p>\n<p style=\"text-align: justify;\">De acuerdo con datos del Proyecto Migrantes Desaparecidos, en 2022 fallecieron en Am\u00e9rica al menos mil 433 migrantes en ruta hacia otros lugares.<\/p>\n<p style=\"text-align: justify;\">\u00abLa falta de rutas seguras y regulares suele ser el origen de estas tragedias\u00bb, indic\u00f3 Koko Warner, director del Global Data Institute.<\/p>\n","protected":false},"excerpt":{"rendered":"<p>Nueva York.- La Organizaci\u00f3n Internacional para las Migraciones (OIM) de las Naciones Unidas (ONU), anunci\u00f3 la creaci\u00f3n de una red de seguimiento del n\u00famero de migrantes desaparecidos en rutas migratorias de Am\u00e9rica, a fin de analizar este creciente fen\u00f3meno. La red ser\u00e1 gestionada por el Global Data Institute de la OIM, que ya supervisa desde hace casi una d\u00e9cada el Proyecto Migrantes Desaparecidos. De acuerdo con datos del Proyecto Migrantes Desaparecidos, en 2022 fallecieron en Am\u00e9rica al menos mil 433 migrantes en ruta hacia otros lugares. \u00abLa falta de rutas seguras y regulares suele ser el origen de estas tragedias\u00bb, [&hellip;]<\/p>\n","protected":false},"author":2,"featured_media":91394,"comment_status":"closed","ping_status":"closed","sticky":false,"template":"","format":"standard","meta":{"footnotes":""},"categories":[44],"tags":[],"class_list":["post-91378","post","type-post","status-publish","format-standard","has-post-thumbnail","hentry","category-internacional","post--single"],"yoast_head":"<!-- This site is optimized with the Yoast SEO plugin v27.4 - https:\/\/yoast.com\/product\/yoast-seo-wordpress\/ -->\n<title>ONU crea red de seguimiento de migrantes desaparecidos en Am\u00e9rica - Canal 7 SLP - 2023<\/title>\n<meta name=\"robots\" content=\"index, follow, max-snippet:-1, max-image-preview:large, max-video-preview:-1\" \/>\n<link rel=\"canonical\" href=\"https:\/\/canal7slp.tv\/2023\/onu-crea-red-de-seguimiento-de-migrantes-desaparecidos-en-america\/\" \/>\n<meta property=\"og:locale\" content=\"es_ES\" \/>\n<meta property=\"og:type\" content=\"article\" \/>\n<meta property=\"og:title\" content=\"ONU crea red de seguimiento de migrantes desaparecidos en Am\u00e9rica - Canal 7 SLP - 2023\" \/>\n<meta property=\"og:description\" content=\"Nueva York.- La Organizaci\u00f3n Internacional para las Migraciones (OIM) de las Naciones Unidas (ONU), anunci\u00f3 la creaci\u00f3n de una red de seguimiento del n\u00famero de migrantes desaparecidos en rutas migratorias de Am\u00e9rica, a fin de analizar este creciente fen\u00f3meno. La red ser\u00e1 gestionada por el Global Data Institute de la OIM, que ya supervisa desde hace casi una d\u00e9cada el Proyecto Migrantes Desaparecidos. De acuerdo con datos del Proyecto Migrantes Desaparecidos, en 2022 fallecieron en Am\u00e9rica al menos mil 433 migrantes en ruta hacia otros lugares. \u00abLa falta de rutas seguras y regulares suele ser el origen de estas tragedias\u00bb, [&hellip;]\" \/>\n<meta property=\"og:url\" content=\"https:\/\/canal7slp.tv\/2023\/onu-crea-red-de-seguimiento-de-migrantes-desaparecidos-en-america\/\" \/>\n<meta property=\"og:site_name\" content=\"Canal 7 SLP - 2023\" \/>\n<meta property=\"article:publisher\" content=\"https:\/\/www.facebook.com\/noticieroscanalsiete\" \/>\n<meta property=\"article:published_time\" content=\"2023-03-29T22:27:37+00:00\" \/>\n<meta property=\"og:image\" content=\"https:\/\/canal7slp.tv\/2023\/wp-content\/uploads\/2023\/03\/05-24.jpg\" \/>\n\t<meta property=\"og:image:width\" content=\"790\" \/>\n\t<meta property=\"og:image:height\" content=\"400\" \/>\n\t<meta property=\"og:image:type\" content=\"image\/jpeg\" \/>\n<meta name=\"author\" content=\"Edici\u00f3n Web\" \/>\n<meta name=\"twitter:card\" content=\"summary_large_image\" \/>\n<meta name=\"twitter:creator\" content=\"@NOTICIEROS7\" \/>\n<meta name=\"twitter:site\" content=\"@NOTICIEROS7\" \/>\n<meta name=\"twitter:label1\" content=\"Escrito por\" \/>\n\t<meta name=\"twitter:data1\" content=\"Edici\u00f3n Web\" \/>\n\t<meta name=\"twitter:label2\" content=\"Tiempo de lectura\" \/>\n\t<meta name=\"twitter:data2\" content=\"1 minuto\" \/>\n<script type=\"application\/ld+json\" class=\"yoast-schema-graph\">{\"@context\":\"https:\\\/\\\/schema.org\",\"@graph\":[{\"@type\":\"Article\",\"@id\":\"https:\\\/\\\/canal7slp.tv\\\/2023\\\/onu-crea-red-de-seguimiento-de-migrantes-desaparecidos-en-america\\\/#article\",\"isPartOf\":{\"@id\":\"https:\\\/\\\/canal7slp.tv\\\/2023\\\/onu-crea-red-de-seguimiento-de-migrantes-desaparecidos-en-america\\\/\"},\"author\":{\"name\":\"Edici\u00f3n Web\",\"@id\":\"https:\\\/\\\/canal7slp.tv\\\/2023\\\/#\\\/schema\\\/person\\\/639c424e3584069003b11ae813915da6\"},\"headline\":\"ONU crea red de seguimiento de migrantes desaparecidos en Am\u00e9rica\",\"datePublished\":\"2023-03-29T22:27:37+00:00\",\"mainEntityOfPage\":{\"@id\":\"https:\\\/\\\/canal7slp.tv\\\/2023\\\/onu-crea-red-de-seguimiento-de-migrantes-desaparecidos-en-america\\\/\"},\"wordCount\":125,\"publisher\":{\"@id\":\"https:\\\/\\\/canal7slp.tv\\\/2023\\\/#organization\"},\"image\":{\"@id\":\"https:\\\/\\\/canal7slp.tv\\\/2023\\\/onu-crea-red-de-seguimiento-de-migrantes-desaparecidos-en-america\\\/#primaryimage\"},\"thumbnailUrl\":\"https:\\\/\\\/canal7slp.tv\\\/2023\\\/wp-content\\\/uploads\\\/2023\\\/03\\\/05-24.jpg\",\"articleSection\":[\"INTERNACIONALES\"],\"inLanguage\":\"es\"},{\"@type\":\"WebPage\",\"@id\":\"https:\\\/\\\/canal7slp.tv\\\/2023\\\/onu-crea-red-de-seguimiento-de-migrantes-desaparecidos-en-america\\\/\",\"url\":\"https:\\\/\\\/canal7slp.tv\\\/2023\\\/onu-crea-red-de-seguimiento-de-migrantes-desaparecidos-en-america\\\/\",\"name\":\"ONU crea red de seguimiento de migrantes desaparecidos en Am\u00e9rica - Canal 7 SLP - 2023\",\"isPartOf\":{\"@id\":\"https:\\\/\\\/canal7slp.tv\\\/2023\\\/#website\"},\"primaryImageOfPage\":{\"@id\":\"https:\\\/\\\/canal7slp.tv\\\/2023\\\/onu-crea-red-de-seguimiento-de-migrantes-desaparecidos-en-america\\\/#primaryimage\"},\"image\":{\"@id\":\"https:\\\/\\\/canal7slp.tv\\\/2023\\\/onu-crea-red-de-seguimiento-de-migrantes-desaparecidos-en-america\\\/#primaryimage\"},\"thumbnailUrl\":\"https:\\\/\\\/canal7slp.tv\\\/2023\\\/wp-content\\\/uploads\\\/2023\\\/03\\\/05-24.jpg\",\"datePublished\":\"2023-03-29T22:27:37+00:00\",\"breadcrumb\":{\"@id\":\"https:\\\/\\\/canal7slp.tv\\\/2023\\\/onu-crea-red-de-seguimiento-de-migrantes-desaparecidos-en-america\\\/#breadcrumb\"},\"inLanguage\":\"es\",\"potentialAction\":[{\"@type\":\"ReadAction\",\"target\":[\"https:\\\/\\\/canal7slp.tv\\\/2023\\\/onu-crea-red-de-seguimiento-de-migrantes-desaparecidos-en-america\\\/\"]}]},{\"@type\":\"ImageObject\",\"inLanguage\":\"es\",\"@id\":\"https:\\\/\\\/canal7slp.tv\\\/2023\\\/onu-crea-red-de-seguimiento-de-migrantes-desaparecidos-en-america\\\/#primaryimage\",\"url\":\"https:\\\/\\\/canal7slp.tv\\\/2023\\\/wp-content\\\/uploads\\\/2023\\\/03\\\/05-24.jpg\",\"contentUrl\":\"https:\\\/\\\/canal7slp.tv\\\/2023\\\/wp-content\\\/uploads\\\/2023\\\/03\\\/05-24.jpg\",\"width\":790,\"height\":400},{\"@type\":\"BreadcrumbList\",\"@id\":\"https:\\\/\\\/canal7slp.tv\\\/2023\\\/onu-crea-red-de-seguimiento-de-migrantes-desaparecidos-en-america\\\/#breadcrumb\",\"itemListElement\":[{\"@type\":\"ListItem\",\"position\":1,\"name\":\"Portada\",\"item\":\"https:\\\/\\\/canal7slp.tv\\\/2023\\\/\"},{\"@type\":\"ListItem\",\"position\":2,\"name\":\"ONU crea red de seguimiento de migrantes desaparecidos en Am\u00e9rica\"}]},{\"@type\":\"WebSite\",\"@id\":\"https:\\\/\\\/canal7slp.tv\\\/2023\\\/#website\",\"url\":\"https:\\\/\\\/canal7slp.tv\\\/2023\\\/\",\"name\":\"N7 - Noticieros Canal 7\",\"description\":\"Somos Televisi\u00f3n\",\"publisher\":{\"@id\":\"https:\\\/\\\/canal7slp.tv\\\/2023\\\/#organization\"},\"potentialAction\":[{\"@type\":\"SearchAction\",\"target\":{\"@type\":\"EntryPoint\",\"urlTemplate\":\"https:\\\/\\\/canal7slp.tv\\\/2023\\\/?s={search_term_string}\"},\"query-input\":{\"@type\":\"PropertyValueSpecification\",\"valueRequired\":true,\"valueName\":\"search_term_string\"}}],\"inLanguage\":\"es\"},{\"@type\":\"Organization\",\"@id\":\"https:\\\/\\\/canal7slp.tv\\\/2023\\\/#organization\",\"name\":\"Noticieros Canal 7\",\"url\":\"https:\\\/\\\/canal7slp.tv\\\/2023\\\/\",\"logo\":{\"@type\":\"ImageObject\",\"inLanguage\":\"es\",\"@id\":\"https:\\\/\\\/canal7slp.tv\\\/2023\\\/#\\\/schema\\\/logo\\\/image\\\/\",\"url\":\"https:\\\/\\\/canal7slp.tv\\\/2023\\\/wp-content\\\/uploads\\\/2021\\\/01\\\/logo-noticieros@2x.png\",\"contentUrl\":\"https:\\\/\\\/canal7slp.tv\\\/2023\\\/wp-content\\\/uploads\\\/2021\\\/01\\\/logo-noticieros@2x.png\",\"width\":1017,\"height\":268,\"caption\":\"Noticieros Canal 7\"},\"image\":{\"@id\":\"https:\\\/\\\/canal7slp.tv\\\/2023\\\/#\\\/schema\\\/logo\\\/image\\\/\"},\"sameAs\":[\"https:\\\/\\\/www.facebook.com\\\/noticieroscanalsiete\",\"https:\\\/\\\/x.com\\\/NOTICIEROS7\",\"https:\\\/\\\/www.instagram.com\\\/canal7_slp\",\"https:\\\/\\\/www.youtube.com\\\/channel\\\/UCliiYs-gP3JfJeqdPrNdd5A\"]},{\"@type\":\"Person\",\"@id\":\"https:\\\/\\\/canal7slp.tv\\\/2023\\\/#\\\/schema\\\/person\\\/639c424e3584069003b11ae813915da6\",\"name\":\"Edici\u00f3n Web\",\"image\":{\"@type\":\"ImageObject\",\"inLanguage\":\"es\",\"@id\":\"https:\\\/\\\/secure.gravatar.com\\\/avatar\\\/eee448fc3f7164808013b816ba91ac7e43bbe82a70bebac296f8bc6f0addaa1a?s=96&d=mm&r=g\",\"url\":\"https:\\\/\\\/secure.gravatar.com\\\/avatar\\\/eee448fc3f7164808013b816ba91ac7e43bbe82a70bebac296f8bc6f0addaa1a?s=96&d=mm&r=g\",\"contentUrl\":\"https:\\\/\\\/secure.gravatar.com\\\/avatar\\\/eee448fc3f7164808013b816ba91ac7e43bbe82a70bebac296f8bc6f0addaa1a?s=96&d=mm&r=g\",\"caption\":\"Edici\u00f3n Web\"},\"url\":\"https:\\\/\\\/canal7slp.tv\\\/2023\\\/author\\\/edicionweb\\\/\"}]}<\/script>\n<!-- \/ Yoast SEO plugin. -->","yoast_head_json":{"title":"ONU crea red de seguimiento de migrantes desaparecidos en Am\u00e9rica - Canal 7 SLP - 2023","robots":{"index":"index","follow":"follow","max-snippet":"max-snippet:-1","max-image-preview":"max-image-preview:large","max-video-preview":"max-video-preview:-1"},"canonical":"https:\/\/canal7slp.tv\/2023\/onu-crea-red-de-seguimiento-de-migrantes-desaparecidos-en-america\/","og_locale":"es_ES","og_type":"article","og_title":"ONU crea red de seguimiento de migrantes desaparecidos en Am\u00e9rica - Canal 7 SLP - 2023","og_description":"Nueva York.- La Organizaci\u00f3n Internacional para las Migraciones (OIM) de las Naciones Unidas (ONU), anunci\u00f3 la creaci\u00f3n de una red de seguimiento del n\u00famero de migrantes desaparecidos en rutas migratorias de Am\u00e9rica, a fin de analizar este creciente fen\u00f3meno. La red ser\u00e1 gestionada por el Global Data Institute de la OIM, que ya supervisa desde hace casi una d\u00e9cada el Proyecto Migrantes Desaparecidos. De acuerdo con datos del Proyecto Migrantes Desaparecidos, en 2022 fallecieron en Am\u00e9rica al menos mil 433 migrantes en ruta hacia otros lugares. \u00abLa falta de rutas seguras y regulares suele ser el origen de estas tragedias\u00bb, [&hellip;]","og_url":"https:\/\/canal7slp.tv\/2023\/onu-crea-red-de-seguimiento-de-migrantes-desaparecidos-en-america\/","og_site_name":"Canal 7 SLP - 2023","article_publisher":"https:\/\/www.facebook.com\/noticieroscanalsiete","article_published_time":"2023-03-29T22:27:37+00:00","og_image":[{"width":790,"height":400,"url":"https:\/\/canal7slp.tv\/2023\/wp-content\/uploads\/2023\/03\/05-24.jpg","type":"image\/jpeg"}],"author":"Edici\u00f3n Web","twitter_card":"summary_large_image","twitter_creator":"@NOTICIEROS7","twitter_site":"@NOTICIEROS7","twitter_misc":{"Escrito por":"Edici\u00f3n Web","Tiempo de lectura":"1 minuto"},"schema":{"@context":"https:\/\/schema.org","@graph":[{"@type":"Article","@id":"https:\/\/canal7slp.tv\/2023\/onu-crea-red-de-seguimiento-de-migrantes-desaparecidos-en-america\/#article","isPartOf":{"@id":"https:\/\/canal7slp.tv\/2023\/onu-crea-red-de-seguimiento-de-migrantes-desaparecidos-en-america\/"},"author":{"name":"Edici\u00f3n Web","@id":"https:\/\/canal7slp.tv\/2023\/#\/schema\/person\/639c424e3584069003b11ae813915da6"},"headline":"ONU crea red de seguimiento de migrantes desaparecidos en Am\u00e9rica","datePublished":"2023-03-29T22:27:37+00:00","mainEntityOfPage":{"@id":"https:\/\/canal7slp.tv\/2023\/onu-crea-red-de-seguimiento-de-migrantes-desaparecidos-en-america\/"},"wordCount":125,"publisher":{"@id":"https:\/\/canal7slp.tv\/2023\/#organization"},"image":{"@id":"https:\/\/canal7slp.tv\/2023\/onu-crea-red-de-seguimiento-de-migrantes-desaparecidos-en-america\/#primaryimage"},"thumbnailUrl":"https:\/\/canal7slp.tv\/2023\/wp-content\/uploads\/2023\/03\/05-24.jpg","articleSection":["INTERNACIONALES"],"inLanguage":"es"},{"@type":"WebPage","@id":"https:\/\/canal7slp.tv\/2023\/onu-crea-red-de-seguimiento-de-migrantes-desaparecidos-en-america\/","url":"https:\/\/canal7slp.tv\/2023\/onu-crea-red-de-seguimiento-de-migrantes-desaparecidos-en-america\/","name":"ONU crea red de seguimiento de migrantes desaparecidos en Am\u00e9rica - Canal 7 SLP - 2023","isPartOf":{"@id":"https:\/\/canal7slp.tv\/2023\/#website"},"primaryImageOfPage":{"@id":"https:\/\/canal7slp.tv\/2023\/onu-crea-red-de-seguimiento-de-migrantes-desaparecidos-en-america\/#primaryimage"},"image":{"@id":"https:\/\/canal7slp.tv\/2023\/onu-crea-red-de-seguimiento-de-migrantes-desaparecidos-en-america\/#primaryimage"},"thumbnailUrl":"https:\/\/canal7slp.tv\/2023\/wp-content\/uploads\/2023\/03\/05-24.jpg","datePublished":"2023-03-29T22:27:37+00:00","breadcrumb":{"@id":"https:\/\/canal7slp.tv\/2023\/onu-crea-red-de-seguimiento-de-migrantes-desaparecidos-en-america\/#breadcrumb"},"inLanguage":"es","potentialAction":[{"@type":"ReadAction","target":["https:\/\/canal7slp.tv\/2023\/onu-crea-red-de-seguimiento-de-migrantes-desaparecidos-en-america\/"]}]},{"@type":"ImageObject","inLanguage":"es","@id":"https:\/\/canal7slp.tv\/2023\/onu-crea-red-de-seguimiento-de-migrantes-desaparecidos-en-america\/#primaryimage","url":"https:\/\/canal7slp.tv\/2023\/wp-content\/uploads\/2023\/03\/05-24.jpg","contentUrl":"https:\/\/canal7slp.tv\/2023\/wp-content\/uploads\/2023\/03\/05-24.jpg","width":790,"height":400},{"@type":"BreadcrumbList","@id":"https:\/\/canal7slp.tv\/2023\/onu-crea-red-de-seguimiento-de-migrantes-desaparecidos-en-america\/#breadcrumb","itemListElement":[{"@type":"ListItem","position":1,"name":"Portada","item":"https:\/\/canal7slp.tv\/2023\/"},{"@type":"ListItem","position":2,"name":"ONU crea red de seguimiento de migrantes desaparecidos en Am\u00e9rica"}]},{"@type":"WebSite","@id":"https:\/\/canal7slp.tv\/2023\/#website","url":"https:\/\/canal7slp.tv\/2023\/","name":"N7 - Noticieros Canal 7","description":"Somos Televisi\u00f3n","publisher":{"@id":"https:\/\/canal7slp.tv\/2023\/#organization"},"potentialAction":[{"@type":"SearchAction","target":{"@type":"EntryPoint","urlTemplate":"https:\/\/canal7slp.tv\/2023\/?s={search_term_string}"},"query-input":{"@type":"PropertyValueSpecification","valueRequired":true,"valueName":"search_term_string"}}],"inLanguage":"es"},{"@type":"Organization","@id":"https:\/\/canal7slp.tv\/2023\/#organization","name":"Noticieros Canal 7","url":"https:\/\/canal7slp.tv\/2023\/","logo":{"@type":"ImageObject","inLanguage":"es","@id":"https:\/\/canal7slp.tv\/2023\/#\/schema\/logo\/image\/","url":"https:\/\/canal7slp.tv\/2023\/wp-content\/uploads\/2021\/01\/logo-noticieros@2x.png","contentUrl":"https:\/\/canal7slp.tv\/2023\/wp-content\/uploads\/2021\/01\/logo-noticieros@2x.png","width":1017,"height":268,"caption":"Noticieros Canal 7"},"image":{"@id":"https:\/\/canal7slp.tv\/2023\/#\/schema\/logo\/image\/"},"sameAs":["https:\/\/www.facebook.com\/noticieroscanalsiete","https:\/\/x.com\/NOTICIEROS7","https:\/\/www.instagram.com\/canal7_slp","https:\/\/www.youtube.com\/channel\/UCliiYs-gP3JfJeqdPrNdd5A"]},{"@type":"Person","@id":"https:\/\/canal7slp.tv\/2023\/#\/schema\/person\/639c424e3584069003b11ae813915da6","name":"Edici\u00f3n Web","image":{"@type":"ImageObject","inLanguage":"es","@id":"https:\/\/secure.gravatar.com\/avatar\/eee448fc3f7164808013b816ba91ac7e43bbe82a70bebac296f8bc6f0addaa1a?s=96&d=mm&r=g","url":"https:\/\/secure.gravatar.com\/avatar\/eee448fc3f7164808013b816ba91ac7e43bbe82a70bebac296f8bc6f0addaa1a?s=96&d=mm&r=g","contentUrl":"https:\/\/secure.gravatar.com\/avatar\/eee448fc3f7164808013b816ba91ac7e43bbe82a70bebac296f8bc6f0addaa1a?s=96&d=mm&r=g","caption":"Edici\u00f3n Web"},"url":"https:\/\/canal7slp.tv\/2023\/author\/edicionweb\/"}]}},"_links":{"self":[{"href":"https:\/\/canal7slp.tv\/2023\/wp-json\/wp\/v2\/posts\/91378","targetHints":{"allow":["GET"]}}],"collection":[{"href":"https:\/\/canal7slp.tv\/2023\/wp-json\/wp\/v2\/posts"}],"about":[{"href":"https:\/\/canal7slp.tv\/2023\/wp-json\/wp\/v2\/types\/post"}],"author":[{"embeddable":true,"href":"https:\/\/canal7slp.tv\/2023\/wp-json\/wp\/v2\/users\/2"}],"replies":[{"embeddable":true,"href":"https:\/\/canal7slp.tv\/2023\/wp-json\/wp\/v2\/comments?post=91378"}],"version-history":[{"count":2,"href":"https:\/\/canal7slp.tv\/2023\/wp-json\/wp\/v2\/posts\/91378\/revisions"}],"predecessor-version":[{"id":91400,"href":"https:\/\/canal7slp.tv\/2023\/wp-json\/wp\/v2\/posts\/91378\/revisions\/91400"}],"wp:featuredmedia":[{"embeddable":true,"href":"https:\/\/canal7slp.tv\/2023\/wp-json\/wp\/v2\/media\/91394"}],"wp:attachment":[{"href":"https:\/\/canal7slp.tv\/2023\/wp-json\/wp\/v2\/media?parent=91378"}],"wp:term":[{"taxonomy":"category","embeddable":true,"href":"https:\/\/canal7slp.tv\/2023\/wp-json\/wp\/v2\/categories?post=91378"},{"taxonomy":"post_tag","embeddable":true,"href":"https:\/\/canal7slp.tv\/2023\/wp-json\/wp\/v2\/tags?post=91378"}],"curies":[{"name":"wp","href":"https:\/\/api.w.org\/{rel}","templated":true}]}}