{"id":91241,"date":"2023-03-27T19:08:26","date_gmt":"2023-03-28T01:08:26","guid":{"rendered":"https:\/\/canal7slp.tv\/2023\/?p=91241"},"modified":"2023-03-27T19:08:26","modified_gmt":"2023-03-28T01:08:26","slug":"pierde-la-vida-motociclista-frente-parque-las-camelias","status":"publish","type":"post","link":"https:\/\/canal7slp.tv\/2023\/pierde-la-vida-motociclista-frente-parque-las-camelias\/","title":{"rendered":"Pierde la vida motociclista frente Parque Las Camelias"},"content":{"rendered":"<p style=\"text-align: justify;\">Matehuala.- Un tr\u00e1gico accidente dej\u00f3 una persona sin vida, a unos metros del Parque Las Camelias de Matehuala.<\/p>\n<p style=\"text-align: justify;\">Los hechos se registraron en el kil\u00f3metro 186 de la carretera 57, a la altura de la comunidad de Santa Ana, donde se report\u00f3 el accidente de una persona que circulaba a bordo de una motocicleta cuando al parecer perdi\u00f3 el control de la unidad, lo que provoc\u00f3 que chocara contra un se\u00f1alamiento vial conocido como \u2018fantasma\u2019.<\/p>\n<p style=\"text-align: justify;\">Al lugar arribaron elementos de la Cruz Roja de Matehuala quienes intentaron auxiliar a Gelasio de 45 a\u00f1os de edad, sin embargo, ya no presentaba signos vitales, por lo que fue necesario pedir el apoyo de los servicios periciales, para levantar el cuerpo y trasladarlo al servicio m\u00e9dico forense.<\/p>\n<p style=\"text-align: justify;\">De acuerdo a informaci\u00f3n extra oficial, el ahora occiso habr\u00eda perdido el control del manubrio y su motocicleta se dirigi\u00f3 hac\u00eda un costado de la carpeta asf\u00e1ltica, donde termin\u00f3 impactando en contra un se\u00f1alamiento vial quedando su cuerpo bajo la motocicleta.<\/p>\n<p style=\"text-align: justify;\">Elementos de la Polic\u00eda de Investigaci\u00f3n arribaron al lugar de los hechos para intentar dictaminar las causas que podr\u00edan haber provocado el accidente, mientras que la Guardia Nacional tom\u00f3 conocimiento del hecho y abander\u00f3 la zona mientras se llevaban a cabo las diligencias correspondientes.<\/p>\n<p>Por: Jes\u00fas Valencia<\/p>\n","protected":false},"excerpt":{"rendered":"<p>Matehuala.- Un tr\u00e1gico accidente dej\u00f3 una persona sin vida, a unos metros del Parque Las Camelias de Matehuala. Los hechos se registraron en el kil\u00f3metro 186 de la carretera 57, a la altura de la comunidad de Santa Ana, donde se report\u00f3 el accidente de una persona que circulaba a bordo de una motocicleta cuando al parecer perdi\u00f3 el control de la unidad, lo que provoc\u00f3 que chocara contra un se\u00f1alamiento vial conocido como \u2018fantasma\u2019. Al lugar arribaron elementos de la Cruz Roja de Matehuala quienes intentaron auxiliar a Gelasio de 45 a\u00f1os de edad, sin embargo, ya no presentaba [&hellip;]<\/p>\n","protected":false},"author":2,"featured_media":91246,"comment_status":"closed","ping_status":"closed","sticky":false,"template":"","format":"standard","meta":{"footnotes":""},"categories":[48],"tags":[],"class_list":["post-91241","post","type-post","status-publish","format-standard","has-post-thumbnail","hentry","category-reporte7","post--single"],"yoast_head":"<!-- This site is optimized with the Yoast SEO plugin v27.4 - https:\/\/yoast.com\/product\/yoast-seo-wordpress\/ -->\n<title>Pierde la vida motociclista frente Parque Las Camelias - Canal 7 SLP - 2023<\/title>\n<meta name=\"robots\" content=\"index, follow, max-snippet:-1, max-image-preview:large, max-video-preview:-1\" \/>\n<link rel=\"canonical\" href=\"https:\/\/canal7slp.tv\/2023\/pierde-la-vida-motociclista-frente-parque-las-camelias\/\" \/>\n<meta property=\"og:locale\" content=\"es_ES\" \/>\n<meta property=\"og:type\" content=\"article\" \/>\n<meta property=\"og:title\" content=\"Pierde la vida motociclista frente Parque Las Camelias - Canal 7 SLP - 2023\" \/>\n<meta property=\"og:description\" content=\"Matehuala.- Un tr\u00e1gico accidente dej\u00f3 una persona sin vida, a unos metros del Parque Las Camelias de Matehuala. Los hechos se registraron en el kil\u00f3metro 186 de la carretera 57, a la altura de la comunidad de Santa Ana, donde se report\u00f3 el accidente de una persona que circulaba a bordo de una motocicleta cuando al parecer perdi\u00f3 el control de la unidad, lo que provoc\u00f3 que chocara contra un se\u00f1alamiento vial conocido como \u2018fantasma\u2019. Al lugar arribaron elementos de la Cruz Roja de Matehuala quienes intentaron auxiliar a Gelasio de 45 a\u00f1os de edad, sin embargo, ya no presentaba [&hellip;]\" \/>\n<meta property=\"og:url\" content=\"https:\/\/canal7slp.tv\/2023\/pierde-la-vida-motociclista-frente-parque-las-camelias\/\" \/>\n<meta property=\"og:site_name\" content=\"Canal 7 SLP - 2023\" \/>\n<meta property=\"article:publisher\" content=\"https:\/\/www.facebook.com\/noticieroscanalsiete\" \/>\n<meta property=\"article:published_time\" content=\"2023-03-28T01:08:26+00:00\" \/>\n<meta property=\"og:image\" content=\"https:\/\/canal7slp.tv\/2023\/wp-content\/uploads\/2023\/03\/Valencia03Motociclista.jpg\" \/>\n\t<meta property=\"og:image:width\" content=\"909\" \/>\n\t<meta property=\"og:image:height\" content=\"500\" \/>\n\t<meta property=\"og:image:type\" content=\"image\/jpeg\" \/>\n<meta name=\"author\" content=\"Edici\u00f3n Web\" \/>\n<meta name=\"twitter:card\" content=\"summary_large_image\" \/>\n<meta name=\"twitter:creator\" content=\"@NOTICIEROS7\" \/>\n<meta name=\"twitter:site\" content=\"@NOTICIEROS7\" \/>\n<meta name=\"twitter:label1\" content=\"Escrito por\" \/>\n\t<meta name=\"twitter:data1\" content=\"Edici\u00f3n Web\" \/>\n\t<meta name=\"twitter:label2\" content=\"Tiempo de lectura\" \/>\n\t<meta name=\"twitter:data2\" content=\"1 minuto\" \/>\n<script type=\"application\/ld+json\" class=\"yoast-schema-graph\">{\"@context\":\"https:\\\/\\\/schema.org\",\"@graph\":[{\"@type\":\"Article\",\"@id\":\"https:\\\/\\\/canal7slp.tv\\\/2023\\\/pierde-la-vida-motociclista-frente-parque-las-camelias\\\/#article\",\"isPartOf\":{\"@id\":\"https:\\\/\\\/canal7slp.tv\\\/2023\\\/pierde-la-vida-motociclista-frente-parque-las-camelias\\\/\"},\"author\":{\"name\":\"Edici\u00f3n Web\",\"@id\":\"https:\\\/\\\/canal7slp.tv\\\/2023\\\/#\\\/schema\\\/person\\\/639c424e3584069003b11ae813915da6\"},\"headline\":\"Pierde la vida motociclista frente Parque Las Camelias\",\"datePublished\":\"2023-03-28T01:08:26+00:00\",\"mainEntityOfPage\":{\"@id\":\"https:\\\/\\\/canal7slp.tv\\\/2023\\\/pierde-la-vida-motociclista-frente-parque-las-camelias\\\/\"},\"wordCount\":232,\"publisher\":{\"@id\":\"https:\\\/\\\/canal7slp.tv\\\/2023\\\/#organization\"},\"image\":{\"@id\":\"https:\\\/\\\/canal7slp.tv\\\/2023\\\/pierde-la-vida-motociclista-frente-parque-las-camelias\\\/#primaryimage\"},\"thumbnailUrl\":\"https:\\\/\\\/canal7slp.tv\\\/2023\\\/wp-content\\\/uploads\\\/2023\\\/03\\\/Valencia03Motociclista.jpg\",\"articleSection\":[\"REPORTE 7\"],\"inLanguage\":\"es\"},{\"@type\":\"WebPage\",\"@id\":\"https:\\\/\\\/canal7slp.tv\\\/2023\\\/pierde-la-vida-motociclista-frente-parque-las-camelias\\\/\",\"url\":\"https:\\\/\\\/canal7slp.tv\\\/2023\\\/pierde-la-vida-motociclista-frente-parque-las-camelias\\\/\",\"name\":\"Pierde la vida motociclista frente Parque Las Camelias - Canal 7 SLP - 2023\",\"isPartOf\":{\"@id\":\"https:\\\/\\\/canal7slp.tv\\\/2023\\\/#website\"},\"primaryImageOfPage\":{\"@id\":\"https:\\\/\\\/canal7slp.tv\\\/2023\\\/pierde-la-vida-motociclista-frente-parque-las-camelias\\\/#primaryimage\"},\"image\":{\"@id\":\"https:\\\/\\\/canal7slp.tv\\\/2023\\\/pierde-la-vida-motociclista-frente-parque-las-camelias\\\/#primaryimage\"},\"thumbnailUrl\":\"https:\\\/\\\/canal7slp.tv\\\/2023\\\/wp-content\\\/uploads\\\/2023\\\/03\\\/Valencia03Motociclista.jpg\",\"datePublished\":\"2023-03-28T01:08:26+00:00\",\"breadcrumb\":{\"@id\":\"https:\\\/\\\/canal7slp.tv\\\/2023\\\/pierde-la-vida-motociclista-frente-parque-las-camelias\\\/#breadcrumb\"},\"inLanguage\":\"es\",\"potentialAction\":[{\"@type\":\"ReadAction\",\"target\":[\"https:\\\/\\\/canal7slp.tv\\\/2023\\\/pierde-la-vida-motociclista-frente-parque-las-camelias\\\/\"]}]},{\"@type\":\"ImageObject\",\"inLanguage\":\"es\",\"@id\":\"https:\\\/\\\/canal7slp.tv\\\/2023\\\/pierde-la-vida-motociclista-frente-parque-las-camelias\\\/#primaryimage\",\"url\":\"https:\\\/\\\/canal7slp.tv\\\/2023\\\/wp-content\\\/uploads\\\/2023\\\/03\\\/Valencia03Motociclista.jpg\",\"contentUrl\":\"https:\\\/\\\/canal7slp.tv\\\/2023\\\/wp-content\\\/uploads\\\/2023\\\/03\\\/Valencia03Motociclista.jpg\",\"width\":909,\"height\":500},{\"@type\":\"BreadcrumbList\",\"@id\":\"https:\\\/\\\/canal7slp.tv\\\/2023\\\/pierde-la-vida-motociclista-frente-parque-las-camelias\\\/#breadcrumb\",\"itemListElement\":[{\"@type\":\"ListItem\",\"position\":1,\"name\":\"Portada\",\"item\":\"https:\\\/\\\/canal7slp.tv\\\/2023\\\/\"},{\"@type\":\"ListItem\",\"position\":2,\"name\":\"Pierde la vida motociclista frente Parque Las Camelias\"}]},{\"@type\":\"WebSite\",\"@id\":\"https:\\\/\\\/canal7slp.tv\\\/2023\\\/#website\",\"url\":\"https:\\\/\\\/canal7slp.tv\\\/2023\\\/\",\"name\":\"N7 - Noticieros Canal 7\",\"description\":\"Somos Televisi\u00f3n\",\"publisher\":{\"@id\":\"https:\\\/\\\/canal7slp.tv\\\/2023\\\/#organization\"},\"potentialAction\":[{\"@type\":\"SearchAction\",\"target\":{\"@type\":\"EntryPoint\",\"urlTemplate\":\"https:\\\/\\\/canal7slp.tv\\\/2023\\\/?s={search_term_string}\"},\"query-input\":{\"@type\":\"PropertyValueSpecification\",\"valueRequired\":true,\"valueName\":\"search_term_string\"}}],\"inLanguage\":\"es\"},{\"@type\":\"Organization\",\"@id\":\"https:\\\/\\\/canal7slp.tv\\\/2023\\\/#organization\",\"name\":\"Noticieros Canal 7\",\"url\":\"https:\\\/\\\/canal7slp.tv\\\/2023\\\/\",\"logo\":{\"@type\":\"ImageObject\",\"inLanguage\":\"es\",\"@id\":\"https:\\\/\\\/canal7slp.tv\\\/2023\\\/#\\\/schema\\\/logo\\\/image\\\/\",\"url\":\"https:\\\/\\\/canal7slp.tv\\\/2023\\\/wp-content\\\/uploads\\\/2021\\\/01\\\/logo-noticieros@2x.png\",\"contentUrl\":\"https:\\\/\\\/canal7slp.tv\\\/2023\\\/wp-content\\\/uploads\\\/2021\\\/01\\\/logo-noticieros@2x.png\",\"width\":1017,\"height\":268,\"caption\":\"Noticieros Canal 7\"},\"image\":{\"@id\":\"https:\\\/\\\/canal7slp.tv\\\/2023\\\/#\\\/schema\\\/logo\\\/image\\\/\"},\"sameAs\":[\"https:\\\/\\\/www.facebook.com\\\/noticieroscanalsiete\",\"https:\\\/\\\/x.com\\\/NOTICIEROS7\",\"https:\\\/\\\/www.instagram.com\\\/canal7_slp\",\"https:\\\/\\\/www.youtube.com\\\/channel\\\/UCliiYs-gP3JfJeqdPrNdd5A\"]},{\"@type\":\"Person\",\"@id\":\"https:\\\/\\\/canal7slp.tv\\\/2023\\\/#\\\/schema\\\/person\\\/639c424e3584069003b11ae813915da6\",\"name\":\"Edici\u00f3n Web\",\"image\":{\"@type\":\"ImageObject\",\"inLanguage\":\"es\",\"@id\":\"https:\\\/\\\/secure.gravatar.com\\\/avatar\\\/eee448fc3f7164808013b816ba91ac7e43bbe82a70bebac296f8bc6f0addaa1a?s=96&d=mm&r=g\",\"url\":\"https:\\\/\\\/secure.gravatar.com\\\/avatar\\\/eee448fc3f7164808013b816ba91ac7e43bbe82a70bebac296f8bc6f0addaa1a?s=96&d=mm&r=g\",\"contentUrl\":\"https:\\\/\\\/secure.gravatar.com\\\/avatar\\\/eee448fc3f7164808013b816ba91ac7e43bbe82a70bebac296f8bc6f0addaa1a?s=96&d=mm&r=g\",\"caption\":\"Edici\u00f3n Web\"},\"url\":\"https:\\\/\\\/canal7slp.tv\\\/2023\\\/author\\\/edicionweb\\\/\"}]}<\/script>\n<!-- \/ Yoast SEO plugin. -->","yoast_head_json":{"title":"Pierde la vida motociclista frente Parque Las Camelias - Canal 7 SLP - 2023","robots":{"index":"index","follow":"follow","max-snippet":"max-snippet:-1","max-image-preview":"max-image-preview:large","max-video-preview":"max-video-preview:-1"},"canonical":"https:\/\/canal7slp.tv\/2023\/pierde-la-vida-motociclista-frente-parque-las-camelias\/","og_locale":"es_ES","og_type":"article","og_title":"Pierde la vida motociclista frente Parque Las Camelias - Canal 7 SLP - 2023","og_description":"Matehuala.- Un tr\u00e1gico accidente dej\u00f3 una persona sin vida, a unos metros del Parque Las Camelias de Matehuala. Los hechos se registraron en el kil\u00f3metro 186 de la carretera 57, a la altura de la comunidad de Santa Ana, donde se report\u00f3 el accidente de una persona que circulaba a bordo de una motocicleta cuando al parecer perdi\u00f3 el control de la unidad, lo que provoc\u00f3 que chocara contra un se\u00f1alamiento vial conocido como \u2018fantasma\u2019. Al lugar arribaron elementos de la Cruz Roja de Matehuala quienes intentaron auxiliar a Gelasio de 45 a\u00f1os de edad, sin embargo, ya no presentaba [&hellip;]","og_url":"https:\/\/canal7slp.tv\/2023\/pierde-la-vida-motociclista-frente-parque-las-camelias\/","og_site_name":"Canal 7 SLP - 2023","article_publisher":"https:\/\/www.facebook.com\/noticieroscanalsiete","article_published_time":"2023-03-28T01:08:26+00:00","og_image":[{"width":909,"height":500,"url":"https:\/\/canal7slp.tv\/2023\/wp-content\/uploads\/2023\/03\/Valencia03Motociclista.jpg","type":"image\/jpeg"}],"author":"Edici\u00f3n Web","twitter_card":"summary_large_image","twitter_creator":"@NOTICIEROS7","twitter_site":"@NOTICIEROS7","twitter_misc":{"Escrito por":"Edici\u00f3n Web","Tiempo de lectura":"1 minuto"},"schema":{"@context":"https:\/\/schema.org","@graph":[{"@type":"Article","@id":"https:\/\/canal7slp.tv\/2023\/pierde-la-vida-motociclista-frente-parque-las-camelias\/#article","isPartOf":{"@id":"https:\/\/canal7slp.tv\/2023\/pierde-la-vida-motociclista-frente-parque-las-camelias\/"},"author":{"name":"Edici\u00f3n Web","@id":"https:\/\/canal7slp.tv\/2023\/#\/schema\/person\/639c424e3584069003b11ae813915da6"},"headline":"Pierde la vida motociclista frente Parque Las Camelias","datePublished":"2023-03-28T01:08:26+00:00","mainEntityOfPage":{"@id":"https:\/\/canal7slp.tv\/2023\/pierde-la-vida-motociclista-frente-parque-las-camelias\/"},"wordCount":232,"publisher":{"@id":"https:\/\/canal7slp.tv\/2023\/#organization"},"image":{"@id":"https:\/\/canal7slp.tv\/2023\/pierde-la-vida-motociclista-frente-parque-las-camelias\/#primaryimage"},"thumbnailUrl":"https:\/\/canal7slp.tv\/2023\/wp-content\/uploads\/2023\/03\/Valencia03Motociclista.jpg","articleSection":["REPORTE 7"],"inLanguage":"es"},{"@type":"WebPage","@id":"https:\/\/canal7slp.tv\/2023\/pierde-la-vida-motociclista-frente-parque-las-camelias\/","url":"https:\/\/canal7slp.tv\/2023\/pierde-la-vida-motociclista-frente-parque-las-camelias\/","name":"Pierde la vida motociclista frente Parque Las Camelias - Canal 7 SLP - 2023","isPartOf":{"@id":"https:\/\/canal7slp.tv\/2023\/#website"},"primaryImageOfPage":{"@id":"https:\/\/canal7slp.tv\/2023\/pierde-la-vida-motociclista-frente-parque-las-camelias\/#primaryimage"},"image":{"@id":"https:\/\/canal7slp.tv\/2023\/pierde-la-vida-motociclista-frente-parque-las-camelias\/#primaryimage"},"thumbnailUrl":"https:\/\/canal7slp.tv\/2023\/wp-content\/uploads\/2023\/03\/Valencia03Motociclista.jpg","datePublished":"2023-03-28T01:08:26+00:00","breadcrumb":{"@id":"https:\/\/canal7slp.tv\/2023\/pierde-la-vida-motociclista-frente-parque-las-camelias\/#breadcrumb"},"inLanguage":"es","potentialAction":[{"@type":"ReadAction","target":["https:\/\/canal7slp.tv\/2023\/pierde-la-vida-motociclista-frente-parque-las-camelias\/"]}]},{"@type":"ImageObject","inLanguage":"es","@id":"https:\/\/canal7slp.tv\/2023\/pierde-la-vida-motociclista-frente-parque-las-camelias\/#primaryimage","url":"https:\/\/canal7slp.tv\/2023\/wp-content\/uploads\/2023\/03\/Valencia03Motociclista.jpg","contentUrl":"https:\/\/canal7slp.tv\/2023\/wp-content\/uploads\/2023\/03\/Valencia03Motociclista.jpg","width":909,"height":500},{"@type":"BreadcrumbList","@id":"https:\/\/canal7slp.tv\/2023\/pierde-la-vida-motociclista-frente-parque-las-camelias\/#breadcrumb","itemListElement":[{"@type":"ListItem","position":1,"name":"Portada","item":"https:\/\/canal7slp.tv\/2023\/"},{"@type":"ListItem","position":2,"name":"Pierde la vida motociclista frente Parque Las Camelias"}]},{"@type":"WebSite","@id":"https:\/\/canal7slp.tv\/2023\/#website","url":"https:\/\/canal7slp.tv\/2023\/","name":"N7 - Noticieros Canal 7","description":"Somos Televisi\u00f3n","publisher":{"@id":"https:\/\/canal7slp.tv\/2023\/#organization"},"potentialAction":[{"@type":"SearchAction","target":{"@type":"EntryPoint","urlTemplate":"https:\/\/canal7slp.tv\/2023\/?s={search_term_string}"},"query-input":{"@type":"PropertyValueSpecification","valueRequired":true,"valueName":"search_term_string"}}],"inLanguage":"es"},{"@type":"Organization","@id":"https:\/\/canal7slp.tv\/2023\/#organization","name":"Noticieros Canal 7","url":"https:\/\/canal7slp.tv\/2023\/","logo":{"@type":"ImageObject","inLanguage":"es","@id":"https:\/\/canal7slp.tv\/2023\/#\/schema\/logo\/image\/","url":"https:\/\/canal7slp.tv\/2023\/wp-content\/uploads\/2021\/01\/logo-noticieros@2x.png","contentUrl":"https:\/\/canal7slp.tv\/2023\/wp-content\/uploads\/2021\/01\/logo-noticieros@2x.png","width":1017,"height":268,"caption":"Noticieros Canal 7"},"image":{"@id":"https:\/\/canal7slp.tv\/2023\/#\/schema\/logo\/image\/"},"sameAs":["https:\/\/www.facebook.com\/noticieroscanalsiete","https:\/\/x.com\/NOTICIEROS7","https:\/\/www.instagram.com\/canal7_slp","https:\/\/www.youtube.com\/channel\/UCliiYs-gP3JfJeqdPrNdd5A"]},{"@type":"Person","@id":"https:\/\/canal7slp.tv\/2023\/#\/schema\/person\/639c424e3584069003b11ae813915da6","name":"Edici\u00f3n Web","image":{"@type":"ImageObject","inLanguage":"es","@id":"https:\/\/secure.gravatar.com\/avatar\/eee448fc3f7164808013b816ba91ac7e43bbe82a70bebac296f8bc6f0addaa1a?s=96&d=mm&r=g","url":"https:\/\/secure.gravatar.com\/avatar\/eee448fc3f7164808013b816ba91ac7e43bbe82a70bebac296f8bc6f0addaa1a?s=96&d=mm&r=g","contentUrl":"https:\/\/secure.gravatar.com\/avatar\/eee448fc3f7164808013b816ba91ac7e43bbe82a70bebac296f8bc6f0addaa1a?s=96&d=mm&r=g","caption":"Edici\u00f3n Web"},"url":"https:\/\/canal7slp.tv\/2023\/author\/edicionweb\/"}]}},"_links":{"self":[{"href":"https:\/\/canal7slp.tv\/2023\/wp-json\/wp\/v2\/posts\/91241","targetHints":{"allow":["GET"]}}],"collection":[{"href":"https:\/\/canal7slp.tv\/2023\/wp-json\/wp\/v2\/posts"}],"about":[{"href":"https:\/\/canal7slp.tv\/2023\/wp-json\/wp\/v2\/types\/post"}],"author":[{"embeddable":true,"href":"https:\/\/canal7slp.tv\/2023\/wp-json\/wp\/v2\/users\/2"}],"replies":[{"embeddable":true,"href":"https:\/\/canal7slp.tv\/2023\/wp-json\/wp\/v2\/comments?post=91241"}],"version-history":[{"count":2,"href":"https:\/\/canal7slp.tv\/2023\/wp-json\/wp\/v2\/posts\/91241\/revisions"}],"predecessor-version":[{"id":91247,"href":"https:\/\/canal7slp.tv\/2023\/wp-json\/wp\/v2\/posts\/91241\/revisions\/91247"}],"wp:featuredmedia":[{"embeddable":true,"href":"https:\/\/canal7slp.tv\/2023\/wp-json\/wp\/v2\/media\/91246"}],"wp:attachment":[{"href":"https:\/\/canal7slp.tv\/2023\/wp-json\/wp\/v2\/media?parent=91241"}],"wp:term":[{"taxonomy":"category","embeddable":true,"href":"https:\/\/canal7slp.tv\/2023\/wp-json\/wp\/v2\/categories?post=91241"},{"taxonomy":"post_tag","embeddable":true,"href":"https:\/\/canal7slp.tv\/2023\/wp-json\/wp\/v2\/tags?post=91241"}],"curies":[{"name":"wp","href":"https:\/\/api.w.org\/{rel}","templated":true}]}}