{"id":91160,"date":"2023-03-27T18:44:31","date_gmt":"2023-03-28T00:44:31","guid":{"rendered":"https:\/\/canal7slp.tv\/2023\/?p=91160"},"modified":"2023-03-27T18:44:31","modified_gmt":"2023-03-28T00:44:31","slug":"durante-febrero-mexico-registro-un-deficit-comercial-de-844-mdd-inegi","status":"publish","type":"post","link":"https:\/\/canal7slp.tv\/2023\/durante-febrero-mexico-registro-un-deficit-comercial-de-844-mdd-inegi\/","title":{"rendered":"Durante febrero, M\u00e9xico registr\u00f3 un d\u00e9ficit comercial de 844 mdd: INEGI"},"content":{"rendered":"<p style=\"text-align: justify;\">M\u00e9xico.- De acuerdo con datos del Instituto Nacional de Estad\u00edstica y Geograf\u00eda (Inegi), inform\u00f3 que M\u00e9xico tuvo en febrero del presente a\u00f1o un d\u00e9ficit comercial de mil 844 millones de d\u00f3lares con ca\u00eddas en las exportaciones.<\/p>\n<p style=\"text-align: justify;\">Dicha cifra se compara con el super\u00e1vit de mil 286 millones de d\u00f3lares de febrero de 2022 aunque es un d\u00e9ficit menor al de cuatro mil 125 millones de d\u00f3lares de enero pasado.<\/p>\n<p style=\"text-align: justify;\">Debido a esto, el pa\u00eds acumula un d\u00e9ficit comercial de cinco mil 969.5 millones de d\u00f3lares en lo que va de 2023.<\/p>\n<p style=\"text-align: justify;\">Cabe se\u00f1alar que tan solo en el mes de febrero, las exportaciones totales sumaron 44 mil 934.1 millones de d\u00f3lares. Este monto es inferior en 2.8 % al del mismo periodo del a\u00f1o pasado.<\/p>\n<p style=\"text-align: justify;\">Las ventas petroleras decrecieron un 19.2 % interanual y se situaron en dos mil 271.6 millones de d\u00f3lares.<\/p>\n<p style=\"text-align: justify;\">Mientras que las no petroleras se redujeron un 1.8 % hasta los 42 mil 662.5 millones de d\u00f3lares, detall\u00f3.<\/p>\n","protected":false},"excerpt":{"rendered":"<p>M\u00e9xico.- De acuerdo con datos del Instituto Nacional de Estad\u00edstica y Geograf\u00eda (Inegi), inform\u00f3 que M\u00e9xico tuvo en febrero del presente a\u00f1o un d\u00e9ficit comercial de mil 844 millones de d\u00f3lares con ca\u00eddas en las exportaciones. Dicha cifra se compara con el super\u00e1vit de mil 286 millones de d\u00f3lares de febrero de 2022 aunque es un d\u00e9ficit menor al de cuatro mil 125 millones de d\u00f3lares de enero pasado. Debido a esto, el pa\u00eds acumula un d\u00e9ficit comercial de cinco mil 969.5 millones de d\u00f3lares en lo que va de 2023. Cabe se\u00f1alar que tan solo en el mes de [&hellip;]<\/p>\n","protected":false},"author":2,"featured_media":91172,"comment_status":"closed","ping_status":"closed","sticky":false,"template":"","format":"standard","meta":{"footnotes":""},"categories":[40,46],"tags":[],"class_list":["post-91160","post","type-post","status-publish","format-standard","has-post-thumbnail","hentry","category-economia","category-nacional","post--single"],"yoast_head":"<!-- This site is optimized with the Yoast SEO plugin v27.4 - https:\/\/yoast.com\/product\/yoast-seo-wordpress\/ -->\n<title>Durante febrero, M\u00e9xico registr\u00f3 un d\u00e9ficit comercial de 844 mdd: INEGI - Canal 7 SLP - 2023<\/title>\n<meta name=\"robots\" content=\"index, follow, max-snippet:-1, max-image-preview:large, max-video-preview:-1\" \/>\n<link rel=\"canonical\" href=\"https:\/\/canal7slp.tv\/2023\/durante-febrero-mexico-registro-un-deficit-comercial-de-844-mdd-inegi\/\" \/>\n<meta property=\"og:locale\" content=\"es_ES\" \/>\n<meta property=\"og:type\" content=\"article\" \/>\n<meta property=\"og:title\" content=\"Durante febrero, M\u00e9xico registr\u00f3 un d\u00e9ficit comercial de 844 mdd: INEGI - Canal 7 SLP - 2023\" \/>\n<meta property=\"og:description\" content=\"M\u00e9xico.- De acuerdo con datos del Instituto Nacional de Estad\u00edstica y Geograf\u00eda (Inegi), inform\u00f3 que M\u00e9xico tuvo en febrero del presente a\u00f1o un d\u00e9ficit comercial de mil 844 millones de d\u00f3lares con ca\u00eddas en las exportaciones. Dicha cifra se compara con el super\u00e1vit de mil 286 millones de d\u00f3lares de febrero de 2022 aunque es un d\u00e9ficit menor al de cuatro mil 125 millones de d\u00f3lares de enero pasado. Debido a esto, el pa\u00eds acumula un d\u00e9ficit comercial de cinco mil 969.5 millones de d\u00f3lares en lo que va de 2023. Cabe se\u00f1alar que tan solo en el mes de [&hellip;]\" \/>\n<meta property=\"og:url\" content=\"https:\/\/canal7slp.tv\/2023\/durante-febrero-mexico-registro-un-deficit-comercial-de-844-mdd-inegi\/\" \/>\n<meta property=\"og:site_name\" content=\"Canal 7 SLP - 2023\" \/>\n<meta property=\"article:publisher\" content=\"https:\/\/www.facebook.com\/noticieroscanalsiete\" \/>\n<meta property=\"article:published_time\" content=\"2023-03-28T00:44:31+00:00\" \/>\n<meta property=\"og:image\" content=\"https:\/\/canal7slp.tv\/2023\/wp-content\/uploads\/2023\/03\/04-18.jpg\" \/>\n\t<meta property=\"og:image:width\" content=\"800\" \/>\n\t<meta property=\"og:image:height\" content=\"449\" \/>\n\t<meta property=\"og:image:type\" content=\"image\/jpeg\" \/>\n<meta name=\"author\" content=\"Edici\u00f3n Web\" \/>\n<meta name=\"twitter:card\" content=\"summary_large_image\" \/>\n<meta name=\"twitter:creator\" content=\"@NOTICIEROS7\" \/>\n<meta name=\"twitter:site\" content=\"@NOTICIEROS7\" \/>\n<meta name=\"twitter:label1\" content=\"Escrito por\" \/>\n\t<meta name=\"twitter:data1\" content=\"Edici\u00f3n Web\" \/>\n\t<meta name=\"twitter:label2\" content=\"Tiempo de lectura\" \/>\n\t<meta name=\"twitter:data2\" content=\"1 minuto\" \/>\n<script type=\"application\/ld+json\" class=\"yoast-schema-graph\">{\"@context\":\"https:\\\/\\\/schema.org\",\"@graph\":[{\"@type\":\"Article\",\"@id\":\"https:\\\/\\\/canal7slp.tv\\\/2023\\\/durante-febrero-mexico-registro-un-deficit-comercial-de-844-mdd-inegi\\\/#article\",\"isPartOf\":{\"@id\":\"https:\\\/\\\/canal7slp.tv\\\/2023\\\/durante-febrero-mexico-registro-un-deficit-comercial-de-844-mdd-inegi\\\/\"},\"author\":{\"name\":\"Edici\u00f3n Web\",\"@id\":\"https:\\\/\\\/canal7slp.tv\\\/2023\\\/#\\\/schema\\\/person\\\/639c424e3584069003b11ae813915da6\"},\"headline\":\"Durante febrero, M\u00e9xico registr\u00f3 un d\u00e9ficit comercial de 844 mdd: INEGI\",\"datePublished\":\"2023-03-28T00:44:31+00:00\",\"mainEntityOfPage\":{\"@id\":\"https:\\\/\\\/canal7slp.tv\\\/2023\\\/durante-febrero-mexico-registro-un-deficit-comercial-de-844-mdd-inegi\\\/\"},\"wordCount\":178,\"publisher\":{\"@id\":\"https:\\\/\\\/canal7slp.tv\\\/2023\\\/#organization\"},\"image\":{\"@id\":\"https:\\\/\\\/canal7slp.tv\\\/2023\\\/durante-febrero-mexico-registro-un-deficit-comercial-de-844-mdd-inegi\\\/#primaryimage\"},\"thumbnailUrl\":\"https:\\\/\\\/canal7slp.tv\\\/2023\\\/wp-content\\\/uploads\\\/2023\\\/03\\\/04-18.jpg\",\"articleSection\":[\"ECONOM\u00cdA\",\"NACIONALES\"],\"inLanguage\":\"es\"},{\"@type\":\"WebPage\",\"@id\":\"https:\\\/\\\/canal7slp.tv\\\/2023\\\/durante-febrero-mexico-registro-un-deficit-comercial-de-844-mdd-inegi\\\/\",\"url\":\"https:\\\/\\\/canal7slp.tv\\\/2023\\\/durante-febrero-mexico-registro-un-deficit-comercial-de-844-mdd-inegi\\\/\",\"name\":\"Durante febrero, M\u00e9xico registr\u00f3 un d\u00e9ficit comercial de 844 mdd: INEGI - Canal 7 SLP - 2023\",\"isPartOf\":{\"@id\":\"https:\\\/\\\/canal7slp.tv\\\/2023\\\/#website\"},\"primaryImageOfPage\":{\"@id\":\"https:\\\/\\\/canal7slp.tv\\\/2023\\\/durante-febrero-mexico-registro-un-deficit-comercial-de-844-mdd-inegi\\\/#primaryimage\"},\"image\":{\"@id\":\"https:\\\/\\\/canal7slp.tv\\\/2023\\\/durante-febrero-mexico-registro-un-deficit-comercial-de-844-mdd-inegi\\\/#primaryimage\"},\"thumbnailUrl\":\"https:\\\/\\\/canal7slp.tv\\\/2023\\\/wp-content\\\/uploads\\\/2023\\\/03\\\/04-18.jpg\",\"datePublished\":\"2023-03-28T00:44:31+00:00\",\"breadcrumb\":{\"@id\":\"https:\\\/\\\/canal7slp.tv\\\/2023\\\/durante-febrero-mexico-registro-un-deficit-comercial-de-844-mdd-inegi\\\/#breadcrumb\"},\"inLanguage\":\"es\",\"potentialAction\":[{\"@type\":\"ReadAction\",\"target\":[\"https:\\\/\\\/canal7slp.tv\\\/2023\\\/durante-febrero-mexico-registro-un-deficit-comercial-de-844-mdd-inegi\\\/\"]}]},{\"@type\":\"ImageObject\",\"inLanguage\":\"es\",\"@id\":\"https:\\\/\\\/canal7slp.tv\\\/2023\\\/durante-febrero-mexico-registro-un-deficit-comercial-de-844-mdd-inegi\\\/#primaryimage\",\"url\":\"https:\\\/\\\/canal7slp.tv\\\/2023\\\/wp-content\\\/uploads\\\/2023\\\/03\\\/04-18.jpg\",\"contentUrl\":\"https:\\\/\\\/canal7slp.tv\\\/2023\\\/wp-content\\\/uploads\\\/2023\\\/03\\\/04-18.jpg\",\"width\":800,\"height\":449},{\"@type\":\"BreadcrumbList\",\"@id\":\"https:\\\/\\\/canal7slp.tv\\\/2023\\\/durante-febrero-mexico-registro-un-deficit-comercial-de-844-mdd-inegi\\\/#breadcrumb\",\"itemListElement\":[{\"@type\":\"ListItem\",\"position\":1,\"name\":\"Portada\",\"item\":\"https:\\\/\\\/canal7slp.tv\\\/2023\\\/\"},{\"@type\":\"ListItem\",\"position\":2,\"name\":\"Durante febrero, M\u00e9xico registr\u00f3 un d\u00e9ficit comercial de 844 mdd: INEGI\"}]},{\"@type\":\"WebSite\",\"@id\":\"https:\\\/\\\/canal7slp.tv\\\/2023\\\/#website\",\"url\":\"https:\\\/\\\/canal7slp.tv\\\/2023\\\/\",\"name\":\"N7 - Noticieros Canal 7\",\"description\":\"Somos Televisi\u00f3n\",\"publisher\":{\"@id\":\"https:\\\/\\\/canal7slp.tv\\\/2023\\\/#organization\"},\"potentialAction\":[{\"@type\":\"SearchAction\",\"target\":{\"@type\":\"EntryPoint\",\"urlTemplate\":\"https:\\\/\\\/canal7slp.tv\\\/2023\\\/?s={search_term_string}\"},\"query-input\":{\"@type\":\"PropertyValueSpecification\",\"valueRequired\":true,\"valueName\":\"search_term_string\"}}],\"inLanguage\":\"es\"},{\"@type\":\"Organization\",\"@id\":\"https:\\\/\\\/canal7slp.tv\\\/2023\\\/#organization\",\"name\":\"Noticieros Canal 7\",\"url\":\"https:\\\/\\\/canal7slp.tv\\\/2023\\\/\",\"logo\":{\"@type\":\"ImageObject\",\"inLanguage\":\"es\",\"@id\":\"https:\\\/\\\/canal7slp.tv\\\/2023\\\/#\\\/schema\\\/logo\\\/image\\\/\",\"url\":\"https:\\\/\\\/canal7slp.tv\\\/2023\\\/wp-content\\\/uploads\\\/2021\\\/01\\\/logo-noticieros@2x.png\",\"contentUrl\":\"https:\\\/\\\/canal7slp.tv\\\/2023\\\/wp-content\\\/uploads\\\/2021\\\/01\\\/logo-noticieros@2x.png\",\"width\":1017,\"height\":268,\"caption\":\"Noticieros Canal 7\"},\"image\":{\"@id\":\"https:\\\/\\\/canal7slp.tv\\\/2023\\\/#\\\/schema\\\/logo\\\/image\\\/\"},\"sameAs\":[\"https:\\\/\\\/www.facebook.com\\\/noticieroscanalsiete\",\"https:\\\/\\\/x.com\\\/NOTICIEROS7\",\"https:\\\/\\\/www.instagram.com\\\/canal7_slp\",\"https:\\\/\\\/www.youtube.com\\\/channel\\\/UCliiYs-gP3JfJeqdPrNdd5A\"]},{\"@type\":\"Person\",\"@id\":\"https:\\\/\\\/canal7slp.tv\\\/2023\\\/#\\\/schema\\\/person\\\/639c424e3584069003b11ae813915da6\",\"name\":\"Edici\u00f3n Web\",\"image\":{\"@type\":\"ImageObject\",\"inLanguage\":\"es\",\"@id\":\"https:\\\/\\\/secure.gravatar.com\\\/avatar\\\/eee448fc3f7164808013b816ba91ac7e43bbe82a70bebac296f8bc6f0addaa1a?s=96&d=mm&r=g\",\"url\":\"https:\\\/\\\/secure.gravatar.com\\\/avatar\\\/eee448fc3f7164808013b816ba91ac7e43bbe82a70bebac296f8bc6f0addaa1a?s=96&d=mm&r=g\",\"contentUrl\":\"https:\\\/\\\/secure.gravatar.com\\\/avatar\\\/eee448fc3f7164808013b816ba91ac7e43bbe82a70bebac296f8bc6f0addaa1a?s=96&d=mm&r=g\",\"caption\":\"Edici\u00f3n Web\"},\"url\":\"https:\\\/\\\/canal7slp.tv\\\/2023\\\/author\\\/edicionweb\\\/\"}]}<\/script>\n<!-- \/ Yoast SEO plugin. -->","yoast_head_json":{"title":"Durante febrero, M\u00e9xico registr\u00f3 un d\u00e9ficit comercial de 844 mdd: INEGI - Canal 7 SLP - 2023","robots":{"index":"index","follow":"follow","max-snippet":"max-snippet:-1","max-image-preview":"max-image-preview:large","max-video-preview":"max-video-preview:-1"},"canonical":"https:\/\/canal7slp.tv\/2023\/durante-febrero-mexico-registro-un-deficit-comercial-de-844-mdd-inegi\/","og_locale":"es_ES","og_type":"article","og_title":"Durante febrero, M\u00e9xico registr\u00f3 un d\u00e9ficit comercial de 844 mdd: INEGI - Canal 7 SLP - 2023","og_description":"M\u00e9xico.- De acuerdo con datos del Instituto Nacional de Estad\u00edstica y Geograf\u00eda (Inegi), inform\u00f3 que M\u00e9xico tuvo en febrero del presente a\u00f1o un d\u00e9ficit comercial de mil 844 millones de d\u00f3lares con ca\u00eddas en las exportaciones. Dicha cifra se compara con el super\u00e1vit de mil 286 millones de d\u00f3lares de febrero de 2022 aunque es un d\u00e9ficit menor al de cuatro mil 125 millones de d\u00f3lares de enero pasado. Debido a esto, el pa\u00eds acumula un d\u00e9ficit comercial de cinco mil 969.5 millones de d\u00f3lares en lo que va de 2023. Cabe se\u00f1alar que tan solo en el mes de [&hellip;]","og_url":"https:\/\/canal7slp.tv\/2023\/durante-febrero-mexico-registro-un-deficit-comercial-de-844-mdd-inegi\/","og_site_name":"Canal 7 SLP - 2023","article_publisher":"https:\/\/www.facebook.com\/noticieroscanalsiete","article_published_time":"2023-03-28T00:44:31+00:00","og_image":[{"width":800,"height":449,"url":"https:\/\/canal7slp.tv\/2023\/wp-content\/uploads\/2023\/03\/04-18.jpg","type":"image\/jpeg"}],"author":"Edici\u00f3n Web","twitter_card":"summary_large_image","twitter_creator":"@NOTICIEROS7","twitter_site":"@NOTICIEROS7","twitter_misc":{"Escrito por":"Edici\u00f3n Web","Tiempo de lectura":"1 minuto"},"schema":{"@context":"https:\/\/schema.org","@graph":[{"@type":"Article","@id":"https:\/\/canal7slp.tv\/2023\/durante-febrero-mexico-registro-un-deficit-comercial-de-844-mdd-inegi\/#article","isPartOf":{"@id":"https:\/\/canal7slp.tv\/2023\/durante-febrero-mexico-registro-un-deficit-comercial-de-844-mdd-inegi\/"},"author":{"name":"Edici\u00f3n Web","@id":"https:\/\/canal7slp.tv\/2023\/#\/schema\/person\/639c424e3584069003b11ae813915da6"},"headline":"Durante febrero, M\u00e9xico registr\u00f3 un d\u00e9ficit comercial de 844 mdd: INEGI","datePublished":"2023-03-28T00:44:31+00:00","mainEntityOfPage":{"@id":"https:\/\/canal7slp.tv\/2023\/durante-febrero-mexico-registro-un-deficit-comercial-de-844-mdd-inegi\/"},"wordCount":178,"publisher":{"@id":"https:\/\/canal7slp.tv\/2023\/#organization"},"image":{"@id":"https:\/\/canal7slp.tv\/2023\/durante-febrero-mexico-registro-un-deficit-comercial-de-844-mdd-inegi\/#primaryimage"},"thumbnailUrl":"https:\/\/canal7slp.tv\/2023\/wp-content\/uploads\/2023\/03\/04-18.jpg","articleSection":["ECONOM\u00cdA","NACIONALES"],"inLanguage":"es"},{"@type":"WebPage","@id":"https:\/\/canal7slp.tv\/2023\/durante-febrero-mexico-registro-un-deficit-comercial-de-844-mdd-inegi\/","url":"https:\/\/canal7slp.tv\/2023\/durante-febrero-mexico-registro-un-deficit-comercial-de-844-mdd-inegi\/","name":"Durante febrero, M\u00e9xico registr\u00f3 un d\u00e9ficit comercial de 844 mdd: INEGI - Canal 7 SLP - 2023","isPartOf":{"@id":"https:\/\/canal7slp.tv\/2023\/#website"},"primaryImageOfPage":{"@id":"https:\/\/canal7slp.tv\/2023\/durante-febrero-mexico-registro-un-deficit-comercial-de-844-mdd-inegi\/#primaryimage"},"image":{"@id":"https:\/\/canal7slp.tv\/2023\/durante-febrero-mexico-registro-un-deficit-comercial-de-844-mdd-inegi\/#primaryimage"},"thumbnailUrl":"https:\/\/canal7slp.tv\/2023\/wp-content\/uploads\/2023\/03\/04-18.jpg","datePublished":"2023-03-28T00:44:31+00:00","breadcrumb":{"@id":"https:\/\/canal7slp.tv\/2023\/durante-febrero-mexico-registro-un-deficit-comercial-de-844-mdd-inegi\/#breadcrumb"},"inLanguage":"es","potentialAction":[{"@type":"ReadAction","target":["https:\/\/canal7slp.tv\/2023\/durante-febrero-mexico-registro-un-deficit-comercial-de-844-mdd-inegi\/"]}]},{"@type":"ImageObject","inLanguage":"es","@id":"https:\/\/canal7slp.tv\/2023\/durante-febrero-mexico-registro-un-deficit-comercial-de-844-mdd-inegi\/#primaryimage","url":"https:\/\/canal7slp.tv\/2023\/wp-content\/uploads\/2023\/03\/04-18.jpg","contentUrl":"https:\/\/canal7slp.tv\/2023\/wp-content\/uploads\/2023\/03\/04-18.jpg","width":800,"height":449},{"@type":"BreadcrumbList","@id":"https:\/\/canal7slp.tv\/2023\/durante-febrero-mexico-registro-un-deficit-comercial-de-844-mdd-inegi\/#breadcrumb","itemListElement":[{"@type":"ListItem","position":1,"name":"Portada","item":"https:\/\/canal7slp.tv\/2023\/"},{"@type":"ListItem","position":2,"name":"Durante febrero, M\u00e9xico registr\u00f3 un d\u00e9ficit comercial de 844 mdd: INEGI"}]},{"@type":"WebSite","@id":"https:\/\/canal7slp.tv\/2023\/#website","url":"https:\/\/canal7slp.tv\/2023\/","name":"N7 - Noticieros Canal 7","description":"Somos Televisi\u00f3n","publisher":{"@id":"https:\/\/canal7slp.tv\/2023\/#organization"},"potentialAction":[{"@type":"SearchAction","target":{"@type":"EntryPoint","urlTemplate":"https:\/\/canal7slp.tv\/2023\/?s={search_term_string}"},"query-input":{"@type":"PropertyValueSpecification","valueRequired":true,"valueName":"search_term_string"}}],"inLanguage":"es"},{"@type":"Organization","@id":"https:\/\/canal7slp.tv\/2023\/#organization","name":"Noticieros Canal 7","url":"https:\/\/canal7slp.tv\/2023\/","logo":{"@type":"ImageObject","inLanguage":"es","@id":"https:\/\/canal7slp.tv\/2023\/#\/schema\/logo\/image\/","url":"https:\/\/canal7slp.tv\/2023\/wp-content\/uploads\/2021\/01\/logo-noticieros@2x.png","contentUrl":"https:\/\/canal7slp.tv\/2023\/wp-content\/uploads\/2021\/01\/logo-noticieros@2x.png","width":1017,"height":268,"caption":"Noticieros Canal 7"},"image":{"@id":"https:\/\/canal7slp.tv\/2023\/#\/schema\/logo\/image\/"},"sameAs":["https:\/\/www.facebook.com\/noticieroscanalsiete","https:\/\/x.com\/NOTICIEROS7","https:\/\/www.instagram.com\/canal7_slp","https:\/\/www.youtube.com\/channel\/UCliiYs-gP3JfJeqdPrNdd5A"]},{"@type":"Person","@id":"https:\/\/canal7slp.tv\/2023\/#\/schema\/person\/639c424e3584069003b11ae813915da6","name":"Edici\u00f3n Web","image":{"@type":"ImageObject","inLanguage":"es","@id":"https:\/\/secure.gravatar.com\/avatar\/eee448fc3f7164808013b816ba91ac7e43bbe82a70bebac296f8bc6f0addaa1a?s=96&d=mm&r=g","url":"https:\/\/secure.gravatar.com\/avatar\/eee448fc3f7164808013b816ba91ac7e43bbe82a70bebac296f8bc6f0addaa1a?s=96&d=mm&r=g","contentUrl":"https:\/\/secure.gravatar.com\/avatar\/eee448fc3f7164808013b816ba91ac7e43bbe82a70bebac296f8bc6f0addaa1a?s=96&d=mm&r=g","caption":"Edici\u00f3n Web"},"url":"https:\/\/canal7slp.tv\/2023\/author\/edicionweb\/"}]}},"_links":{"self":[{"href":"https:\/\/canal7slp.tv\/2023\/wp-json\/wp\/v2\/posts\/91160","targetHints":{"allow":["GET"]}}],"collection":[{"href":"https:\/\/canal7slp.tv\/2023\/wp-json\/wp\/v2\/posts"}],"about":[{"href":"https:\/\/canal7slp.tv\/2023\/wp-json\/wp\/v2\/types\/post"}],"author":[{"embeddable":true,"href":"https:\/\/canal7slp.tv\/2023\/wp-json\/wp\/v2\/users\/2"}],"replies":[{"embeddable":true,"href":"https:\/\/canal7slp.tv\/2023\/wp-json\/wp\/v2\/comments?post=91160"}],"version-history":[{"count":2,"href":"https:\/\/canal7slp.tv\/2023\/wp-json\/wp\/v2\/posts\/91160\/revisions"}],"predecessor-version":[{"id":91178,"href":"https:\/\/canal7slp.tv\/2023\/wp-json\/wp\/v2\/posts\/91160\/revisions\/91178"}],"wp:featuredmedia":[{"embeddable":true,"href":"https:\/\/canal7slp.tv\/2023\/wp-json\/wp\/v2\/media\/91172"}],"wp:attachment":[{"href":"https:\/\/canal7slp.tv\/2023\/wp-json\/wp\/v2\/media?parent=91160"}],"wp:term":[{"taxonomy":"category","embeddable":true,"href":"https:\/\/canal7slp.tv\/2023\/wp-json\/wp\/v2\/categories?post=91160"},{"taxonomy":"post_tag","embeddable":true,"href":"https:\/\/canal7slp.tv\/2023\/wp-json\/wp\/v2\/tags?post=91160"}],"curies":[{"name":"wp","href":"https:\/\/api.w.org\/{rel}","templated":true}]}}