{"id":91084,"date":"2023-03-26T21:33:25","date_gmt":"2023-03-27T03:33:25","guid":{"rendered":"https:\/\/canal7slp.tv\/2023\/?p=91084"},"modified":"2023-03-26T21:33:25","modified_gmt":"2023-03-27T03:33:25","slug":"campal-en-cereso-de-michoacan-deja-20-internos-heridos-dos-graves","status":"publish","type":"post","link":"https:\/\/canal7slp.tv\/2023\/campal-en-cereso-de-michoacan-deja-20-internos-heridos-dos-graves\/","title":{"rendered":"Campal en CERESO de Michoac\u00e1n deja 20 internos heridos; dos graves"},"content":{"rendered":"<ul>\n<li>La ri\u00f1a se habr\u00eda originado durante un partido de f\u00fatbol.<\/li>\n<\/ul>\n<p style=\"text-align: justify;\">Michoac\u00e1n.- Autoridades del Sistema Penitenciario de Michoac\u00e1n informaron que este 25 de marzo se registr\u00f3 una ri\u00f1a entre reclusos del Centro de Reinserci\u00f3n Social David Franco Rodr\u00edguez.<\/p>\n<p style=\"text-align: justify;\">Derivado de este hecho 20 reclusos resultaron heridos, de los cuales resultaron con lesiones de gravedad.<\/p>\n<p style=\"text-align: justify;\">De acuerdo con datos preliminares, la trifulca inici\u00f3 por diferencias entre internos que se disputaban un partido de futbol.<\/p>\n<p style=\"text-align: justify;\">La pelea se sali\u00f3 de control e intervinieron m\u00e1s reclusos; sin embargo, intervino la autoridad penitenciaria y lograron frenar un incidente mayor.<\/p>\n","protected":false},"excerpt":{"rendered":"<p>La ri\u00f1a se habr\u00eda originado durante un partido de f\u00fatbol. Michoac\u00e1n.- Autoridades del Sistema Penitenciario de Michoac\u00e1n informaron que este 25 de marzo se registr\u00f3 una ri\u00f1a entre reclusos del Centro de Reinserci\u00f3n Social David Franco Rodr\u00edguez. Derivado de este hecho 20 reclusos resultaron heridos, de los cuales resultaron con lesiones de gravedad. De acuerdo con datos preliminares, la trifulca inici\u00f3 por diferencias entre internos que se disputaban un partido de futbol. La pelea se sali\u00f3 de control e intervinieron m\u00e1s reclusos; sin embargo, intervino la autoridad penitenciaria y lograron frenar un incidente mayor.<\/p>\n","protected":false},"author":2,"featured_media":91097,"comment_status":"closed","ping_status":"closed","sticky":false,"template":"","format":"standard","meta":{"footnotes":""},"categories":[46],"tags":[],"class_list":["post-91084","post","type-post","status-publish","format-standard","has-post-thumbnail","hentry","category-nacional","post--single"],"yoast_head":"<!-- This site is optimized with the Yoast SEO plugin v27.4 - https:\/\/yoast.com\/product\/yoast-seo-wordpress\/ -->\n<title>Campal en CERESO de Michoac\u00e1n deja 20 internos heridos; dos graves - Canal 7 SLP - 2023<\/title>\n<meta name=\"robots\" content=\"index, follow, max-snippet:-1, max-image-preview:large, max-video-preview:-1\" \/>\n<link rel=\"canonical\" href=\"https:\/\/canal7slp.tv\/2023\/campal-en-cereso-de-michoacan-deja-20-internos-heridos-dos-graves\/\" \/>\n<meta property=\"og:locale\" content=\"es_ES\" \/>\n<meta property=\"og:type\" content=\"article\" \/>\n<meta property=\"og:title\" content=\"Campal en CERESO de Michoac\u00e1n deja 20 internos heridos; dos graves - Canal 7 SLP - 2023\" \/>\n<meta property=\"og:description\" content=\"La ri\u00f1a se habr\u00eda originado durante un partido de f\u00fatbol. Michoac\u00e1n.- Autoridades del Sistema Penitenciario de Michoac\u00e1n informaron que este 25 de marzo se registr\u00f3 una ri\u00f1a entre reclusos del Centro de Reinserci\u00f3n Social David Franco Rodr\u00edguez. Derivado de este hecho 20 reclusos resultaron heridos, de los cuales resultaron con lesiones de gravedad. De acuerdo con datos preliminares, la trifulca inici\u00f3 por diferencias entre internos que se disputaban un partido de futbol. La pelea se sali\u00f3 de control e intervinieron m\u00e1s reclusos; sin embargo, intervino la autoridad penitenciaria y lograron frenar un incidente mayor.\" \/>\n<meta property=\"og:url\" content=\"https:\/\/canal7slp.tv\/2023\/campal-en-cereso-de-michoacan-deja-20-internos-heridos-dos-graves\/\" \/>\n<meta property=\"og:site_name\" content=\"Canal 7 SLP - 2023\" \/>\n<meta property=\"article:publisher\" content=\"https:\/\/www.facebook.com\/noticieroscanalsiete\" \/>\n<meta property=\"article:published_time\" content=\"2023-03-27T03:33:25+00:00\" \/>\n<meta property=\"og:image\" content=\"https:\/\/canal7slp.tv\/2023\/wp-content\/uploads\/2023\/03\/06-20.jpg\" \/>\n\t<meta property=\"og:image:width\" content=\"608\" \/>\n\t<meta property=\"og:image:height\" content=\"342\" \/>\n\t<meta property=\"og:image:type\" content=\"image\/jpeg\" \/>\n<meta name=\"author\" content=\"Edici\u00f3n Web\" \/>\n<meta name=\"twitter:card\" content=\"summary_large_image\" \/>\n<meta name=\"twitter:creator\" content=\"@NOTICIEROS7\" \/>\n<meta name=\"twitter:site\" content=\"@NOTICIEROS7\" \/>\n<meta name=\"twitter:label1\" content=\"Escrito por\" \/>\n\t<meta name=\"twitter:data1\" content=\"Edici\u00f3n Web\" \/>\n\t<meta name=\"twitter:label2\" content=\"Tiempo de lectura\" \/>\n\t<meta name=\"twitter:data2\" content=\"1 minuto\" \/>\n<script type=\"application\/ld+json\" class=\"yoast-schema-graph\">{\"@context\":\"https:\\\/\\\/schema.org\",\"@graph\":[{\"@type\":\"Article\",\"@id\":\"https:\\\/\\\/canal7slp.tv\\\/2023\\\/campal-en-cereso-de-michoacan-deja-20-internos-heridos-dos-graves\\\/#article\",\"isPartOf\":{\"@id\":\"https:\\\/\\\/canal7slp.tv\\\/2023\\\/campal-en-cereso-de-michoacan-deja-20-internos-heridos-dos-graves\\\/\"},\"author\":{\"name\":\"Edici\u00f3n Web\",\"@id\":\"https:\\\/\\\/canal7slp.tv\\\/2023\\\/#\\\/schema\\\/person\\\/639c424e3584069003b11ae813915da6\"},\"headline\":\"Campal en CERESO de Michoac\u00e1n deja 20 internos heridos; dos graves\",\"datePublished\":\"2023-03-27T03:33:25+00:00\",\"mainEntityOfPage\":{\"@id\":\"https:\\\/\\\/canal7slp.tv\\\/2023\\\/campal-en-cereso-de-michoacan-deja-20-internos-heridos-dos-graves\\\/\"},\"wordCount\":113,\"publisher\":{\"@id\":\"https:\\\/\\\/canal7slp.tv\\\/2023\\\/#organization\"},\"image\":{\"@id\":\"https:\\\/\\\/canal7slp.tv\\\/2023\\\/campal-en-cereso-de-michoacan-deja-20-internos-heridos-dos-graves\\\/#primaryimage\"},\"thumbnailUrl\":\"https:\\\/\\\/canal7slp.tv\\\/2023\\\/wp-content\\\/uploads\\\/2023\\\/03\\\/06-20.jpg\",\"articleSection\":[\"NACIONALES\"],\"inLanguage\":\"es\"},{\"@type\":\"WebPage\",\"@id\":\"https:\\\/\\\/canal7slp.tv\\\/2023\\\/campal-en-cereso-de-michoacan-deja-20-internos-heridos-dos-graves\\\/\",\"url\":\"https:\\\/\\\/canal7slp.tv\\\/2023\\\/campal-en-cereso-de-michoacan-deja-20-internos-heridos-dos-graves\\\/\",\"name\":\"Campal en CERESO de Michoac\u00e1n deja 20 internos heridos; dos graves - Canal 7 SLP - 2023\",\"isPartOf\":{\"@id\":\"https:\\\/\\\/canal7slp.tv\\\/2023\\\/#website\"},\"primaryImageOfPage\":{\"@id\":\"https:\\\/\\\/canal7slp.tv\\\/2023\\\/campal-en-cereso-de-michoacan-deja-20-internos-heridos-dos-graves\\\/#primaryimage\"},\"image\":{\"@id\":\"https:\\\/\\\/canal7slp.tv\\\/2023\\\/campal-en-cereso-de-michoacan-deja-20-internos-heridos-dos-graves\\\/#primaryimage\"},\"thumbnailUrl\":\"https:\\\/\\\/canal7slp.tv\\\/2023\\\/wp-content\\\/uploads\\\/2023\\\/03\\\/06-20.jpg\",\"datePublished\":\"2023-03-27T03:33:25+00:00\",\"breadcrumb\":{\"@id\":\"https:\\\/\\\/canal7slp.tv\\\/2023\\\/campal-en-cereso-de-michoacan-deja-20-internos-heridos-dos-graves\\\/#breadcrumb\"},\"inLanguage\":\"es\",\"potentialAction\":[{\"@type\":\"ReadAction\",\"target\":[\"https:\\\/\\\/canal7slp.tv\\\/2023\\\/campal-en-cereso-de-michoacan-deja-20-internos-heridos-dos-graves\\\/\"]}]},{\"@type\":\"ImageObject\",\"inLanguage\":\"es\",\"@id\":\"https:\\\/\\\/canal7slp.tv\\\/2023\\\/campal-en-cereso-de-michoacan-deja-20-internos-heridos-dos-graves\\\/#primaryimage\",\"url\":\"https:\\\/\\\/canal7slp.tv\\\/2023\\\/wp-content\\\/uploads\\\/2023\\\/03\\\/06-20.jpg\",\"contentUrl\":\"https:\\\/\\\/canal7slp.tv\\\/2023\\\/wp-content\\\/uploads\\\/2023\\\/03\\\/06-20.jpg\",\"width\":608,\"height\":342},{\"@type\":\"BreadcrumbList\",\"@id\":\"https:\\\/\\\/canal7slp.tv\\\/2023\\\/campal-en-cereso-de-michoacan-deja-20-internos-heridos-dos-graves\\\/#breadcrumb\",\"itemListElement\":[{\"@type\":\"ListItem\",\"position\":1,\"name\":\"Portada\",\"item\":\"https:\\\/\\\/canal7slp.tv\\\/2023\\\/\"},{\"@type\":\"ListItem\",\"position\":2,\"name\":\"Campal en CERESO de Michoac\u00e1n deja 20 internos heridos; dos graves\"}]},{\"@type\":\"WebSite\",\"@id\":\"https:\\\/\\\/canal7slp.tv\\\/2023\\\/#website\",\"url\":\"https:\\\/\\\/canal7slp.tv\\\/2023\\\/\",\"name\":\"N7 - Noticieros Canal 7\",\"description\":\"Somos Televisi\u00f3n\",\"publisher\":{\"@id\":\"https:\\\/\\\/canal7slp.tv\\\/2023\\\/#organization\"},\"potentialAction\":[{\"@type\":\"SearchAction\",\"target\":{\"@type\":\"EntryPoint\",\"urlTemplate\":\"https:\\\/\\\/canal7slp.tv\\\/2023\\\/?s={search_term_string}\"},\"query-input\":{\"@type\":\"PropertyValueSpecification\",\"valueRequired\":true,\"valueName\":\"search_term_string\"}}],\"inLanguage\":\"es\"},{\"@type\":\"Organization\",\"@id\":\"https:\\\/\\\/canal7slp.tv\\\/2023\\\/#organization\",\"name\":\"Noticieros Canal 7\",\"url\":\"https:\\\/\\\/canal7slp.tv\\\/2023\\\/\",\"logo\":{\"@type\":\"ImageObject\",\"inLanguage\":\"es\",\"@id\":\"https:\\\/\\\/canal7slp.tv\\\/2023\\\/#\\\/schema\\\/logo\\\/image\\\/\",\"url\":\"https:\\\/\\\/canal7slp.tv\\\/2023\\\/wp-content\\\/uploads\\\/2021\\\/01\\\/logo-noticieros@2x.png\",\"contentUrl\":\"https:\\\/\\\/canal7slp.tv\\\/2023\\\/wp-content\\\/uploads\\\/2021\\\/01\\\/logo-noticieros@2x.png\",\"width\":1017,\"height\":268,\"caption\":\"Noticieros Canal 7\"},\"image\":{\"@id\":\"https:\\\/\\\/canal7slp.tv\\\/2023\\\/#\\\/schema\\\/logo\\\/image\\\/\"},\"sameAs\":[\"https:\\\/\\\/www.facebook.com\\\/noticieroscanalsiete\",\"https:\\\/\\\/x.com\\\/NOTICIEROS7\",\"https:\\\/\\\/www.instagram.com\\\/canal7_slp\",\"https:\\\/\\\/www.youtube.com\\\/channel\\\/UCliiYs-gP3JfJeqdPrNdd5A\"]},{\"@type\":\"Person\",\"@id\":\"https:\\\/\\\/canal7slp.tv\\\/2023\\\/#\\\/schema\\\/person\\\/639c424e3584069003b11ae813915da6\",\"name\":\"Edici\u00f3n Web\",\"image\":{\"@type\":\"ImageObject\",\"inLanguage\":\"es\",\"@id\":\"https:\\\/\\\/secure.gravatar.com\\\/avatar\\\/eee448fc3f7164808013b816ba91ac7e43bbe82a70bebac296f8bc6f0addaa1a?s=96&d=mm&r=g\",\"url\":\"https:\\\/\\\/secure.gravatar.com\\\/avatar\\\/eee448fc3f7164808013b816ba91ac7e43bbe82a70bebac296f8bc6f0addaa1a?s=96&d=mm&r=g\",\"contentUrl\":\"https:\\\/\\\/secure.gravatar.com\\\/avatar\\\/eee448fc3f7164808013b816ba91ac7e43bbe82a70bebac296f8bc6f0addaa1a?s=96&d=mm&r=g\",\"caption\":\"Edici\u00f3n Web\"},\"url\":\"https:\\\/\\\/canal7slp.tv\\\/2023\\\/author\\\/edicionweb\\\/\"}]}<\/script>\n<!-- \/ Yoast SEO plugin. -->","yoast_head_json":{"title":"Campal en CERESO de Michoac\u00e1n deja 20 internos heridos; dos graves - Canal 7 SLP - 2023","robots":{"index":"index","follow":"follow","max-snippet":"max-snippet:-1","max-image-preview":"max-image-preview:large","max-video-preview":"max-video-preview:-1"},"canonical":"https:\/\/canal7slp.tv\/2023\/campal-en-cereso-de-michoacan-deja-20-internos-heridos-dos-graves\/","og_locale":"es_ES","og_type":"article","og_title":"Campal en CERESO de Michoac\u00e1n deja 20 internos heridos; dos graves - Canal 7 SLP - 2023","og_description":"La ri\u00f1a se habr\u00eda originado durante un partido de f\u00fatbol. Michoac\u00e1n.- Autoridades del Sistema Penitenciario de Michoac\u00e1n informaron que este 25 de marzo se registr\u00f3 una ri\u00f1a entre reclusos del Centro de Reinserci\u00f3n Social David Franco Rodr\u00edguez. Derivado de este hecho 20 reclusos resultaron heridos, de los cuales resultaron con lesiones de gravedad. De acuerdo con datos preliminares, la trifulca inici\u00f3 por diferencias entre internos que se disputaban un partido de futbol. La pelea se sali\u00f3 de control e intervinieron m\u00e1s reclusos; sin embargo, intervino la autoridad penitenciaria y lograron frenar un incidente mayor.","og_url":"https:\/\/canal7slp.tv\/2023\/campal-en-cereso-de-michoacan-deja-20-internos-heridos-dos-graves\/","og_site_name":"Canal 7 SLP - 2023","article_publisher":"https:\/\/www.facebook.com\/noticieroscanalsiete","article_published_time":"2023-03-27T03:33:25+00:00","og_image":[{"width":608,"height":342,"url":"https:\/\/canal7slp.tv\/2023\/wp-content\/uploads\/2023\/03\/06-20.jpg","type":"image\/jpeg"}],"author":"Edici\u00f3n Web","twitter_card":"summary_large_image","twitter_creator":"@NOTICIEROS7","twitter_site":"@NOTICIEROS7","twitter_misc":{"Escrito por":"Edici\u00f3n Web","Tiempo de lectura":"1 minuto"},"schema":{"@context":"https:\/\/schema.org","@graph":[{"@type":"Article","@id":"https:\/\/canal7slp.tv\/2023\/campal-en-cereso-de-michoacan-deja-20-internos-heridos-dos-graves\/#article","isPartOf":{"@id":"https:\/\/canal7slp.tv\/2023\/campal-en-cereso-de-michoacan-deja-20-internos-heridos-dos-graves\/"},"author":{"name":"Edici\u00f3n Web","@id":"https:\/\/canal7slp.tv\/2023\/#\/schema\/person\/639c424e3584069003b11ae813915da6"},"headline":"Campal en CERESO de Michoac\u00e1n deja 20 internos heridos; dos graves","datePublished":"2023-03-27T03:33:25+00:00","mainEntityOfPage":{"@id":"https:\/\/canal7slp.tv\/2023\/campal-en-cereso-de-michoacan-deja-20-internos-heridos-dos-graves\/"},"wordCount":113,"publisher":{"@id":"https:\/\/canal7slp.tv\/2023\/#organization"},"image":{"@id":"https:\/\/canal7slp.tv\/2023\/campal-en-cereso-de-michoacan-deja-20-internos-heridos-dos-graves\/#primaryimage"},"thumbnailUrl":"https:\/\/canal7slp.tv\/2023\/wp-content\/uploads\/2023\/03\/06-20.jpg","articleSection":["NACIONALES"],"inLanguage":"es"},{"@type":"WebPage","@id":"https:\/\/canal7slp.tv\/2023\/campal-en-cereso-de-michoacan-deja-20-internos-heridos-dos-graves\/","url":"https:\/\/canal7slp.tv\/2023\/campal-en-cereso-de-michoacan-deja-20-internos-heridos-dos-graves\/","name":"Campal en CERESO de Michoac\u00e1n deja 20 internos heridos; dos graves - Canal 7 SLP - 2023","isPartOf":{"@id":"https:\/\/canal7slp.tv\/2023\/#website"},"primaryImageOfPage":{"@id":"https:\/\/canal7slp.tv\/2023\/campal-en-cereso-de-michoacan-deja-20-internos-heridos-dos-graves\/#primaryimage"},"image":{"@id":"https:\/\/canal7slp.tv\/2023\/campal-en-cereso-de-michoacan-deja-20-internos-heridos-dos-graves\/#primaryimage"},"thumbnailUrl":"https:\/\/canal7slp.tv\/2023\/wp-content\/uploads\/2023\/03\/06-20.jpg","datePublished":"2023-03-27T03:33:25+00:00","breadcrumb":{"@id":"https:\/\/canal7slp.tv\/2023\/campal-en-cereso-de-michoacan-deja-20-internos-heridos-dos-graves\/#breadcrumb"},"inLanguage":"es","potentialAction":[{"@type":"ReadAction","target":["https:\/\/canal7slp.tv\/2023\/campal-en-cereso-de-michoacan-deja-20-internos-heridos-dos-graves\/"]}]},{"@type":"ImageObject","inLanguage":"es","@id":"https:\/\/canal7slp.tv\/2023\/campal-en-cereso-de-michoacan-deja-20-internos-heridos-dos-graves\/#primaryimage","url":"https:\/\/canal7slp.tv\/2023\/wp-content\/uploads\/2023\/03\/06-20.jpg","contentUrl":"https:\/\/canal7slp.tv\/2023\/wp-content\/uploads\/2023\/03\/06-20.jpg","width":608,"height":342},{"@type":"BreadcrumbList","@id":"https:\/\/canal7slp.tv\/2023\/campal-en-cereso-de-michoacan-deja-20-internos-heridos-dos-graves\/#breadcrumb","itemListElement":[{"@type":"ListItem","position":1,"name":"Portada","item":"https:\/\/canal7slp.tv\/2023\/"},{"@type":"ListItem","position":2,"name":"Campal en CERESO de Michoac\u00e1n deja 20 internos heridos; dos graves"}]},{"@type":"WebSite","@id":"https:\/\/canal7slp.tv\/2023\/#website","url":"https:\/\/canal7slp.tv\/2023\/","name":"N7 - Noticieros Canal 7","description":"Somos Televisi\u00f3n","publisher":{"@id":"https:\/\/canal7slp.tv\/2023\/#organization"},"potentialAction":[{"@type":"SearchAction","target":{"@type":"EntryPoint","urlTemplate":"https:\/\/canal7slp.tv\/2023\/?s={search_term_string}"},"query-input":{"@type":"PropertyValueSpecification","valueRequired":true,"valueName":"search_term_string"}}],"inLanguage":"es"},{"@type":"Organization","@id":"https:\/\/canal7slp.tv\/2023\/#organization","name":"Noticieros Canal 7","url":"https:\/\/canal7slp.tv\/2023\/","logo":{"@type":"ImageObject","inLanguage":"es","@id":"https:\/\/canal7slp.tv\/2023\/#\/schema\/logo\/image\/","url":"https:\/\/canal7slp.tv\/2023\/wp-content\/uploads\/2021\/01\/logo-noticieros@2x.png","contentUrl":"https:\/\/canal7slp.tv\/2023\/wp-content\/uploads\/2021\/01\/logo-noticieros@2x.png","width":1017,"height":268,"caption":"Noticieros Canal 7"},"image":{"@id":"https:\/\/canal7slp.tv\/2023\/#\/schema\/logo\/image\/"},"sameAs":["https:\/\/www.facebook.com\/noticieroscanalsiete","https:\/\/x.com\/NOTICIEROS7","https:\/\/www.instagram.com\/canal7_slp","https:\/\/www.youtube.com\/channel\/UCliiYs-gP3JfJeqdPrNdd5A"]},{"@type":"Person","@id":"https:\/\/canal7slp.tv\/2023\/#\/schema\/person\/639c424e3584069003b11ae813915da6","name":"Edici\u00f3n Web","image":{"@type":"ImageObject","inLanguage":"es","@id":"https:\/\/secure.gravatar.com\/avatar\/eee448fc3f7164808013b816ba91ac7e43bbe82a70bebac296f8bc6f0addaa1a?s=96&d=mm&r=g","url":"https:\/\/secure.gravatar.com\/avatar\/eee448fc3f7164808013b816ba91ac7e43bbe82a70bebac296f8bc6f0addaa1a?s=96&d=mm&r=g","contentUrl":"https:\/\/secure.gravatar.com\/avatar\/eee448fc3f7164808013b816ba91ac7e43bbe82a70bebac296f8bc6f0addaa1a?s=96&d=mm&r=g","caption":"Edici\u00f3n Web"},"url":"https:\/\/canal7slp.tv\/2023\/author\/edicionweb\/"}]}},"_links":{"self":[{"href":"https:\/\/canal7slp.tv\/2023\/wp-json\/wp\/v2\/posts\/91084","targetHints":{"allow":["GET"]}}],"collection":[{"href":"https:\/\/canal7slp.tv\/2023\/wp-json\/wp\/v2\/posts"}],"about":[{"href":"https:\/\/canal7slp.tv\/2023\/wp-json\/wp\/v2\/types\/post"}],"author":[{"embeddable":true,"href":"https:\/\/canal7slp.tv\/2023\/wp-json\/wp\/v2\/users\/2"}],"replies":[{"embeddable":true,"href":"https:\/\/canal7slp.tv\/2023\/wp-json\/wp\/v2\/comments?post=91084"}],"version-history":[{"count":3,"href":"https:\/\/canal7slp.tv\/2023\/wp-json\/wp\/v2\/posts\/91084\/revisions"}],"predecessor-version":[{"id":91118,"href":"https:\/\/canal7slp.tv\/2023\/wp-json\/wp\/v2\/posts\/91084\/revisions\/91118"}],"wp:featuredmedia":[{"embeddable":true,"href":"https:\/\/canal7slp.tv\/2023\/wp-json\/wp\/v2\/media\/91097"}],"wp:attachment":[{"href":"https:\/\/canal7slp.tv\/2023\/wp-json\/wp\/v2\/media?parent=91084"}],"wp:term":[{"taxonomy":"category","embeddable":true,"href":"https:\/\/canal7slp.tv\/2023\/wp-json\/wp\/v2\/categories?post=91084"},{"taxonomy":"post_tag","embeddable":true,"href":"https:\/\/canal7slp.tv\/2023\/wp-json\/wp\/v2\/tags?post=91084"}],"curies":[{"name":"wp","href":"https:\/\/api.w.org\/{rel}","templated":true}]}}