{"id":91081,"date":"2023-03-26T21:25:15","date_gmt":"2023-03-27T03:25:15","guid":{"rendered":"https:\/\/canal7slp.tv\/2023\/?p=91081"},"modified":"2023-03-26T21:25:15","modified_gmt":"2023-03-27T03:25:15","slug":"angelica-maria-albanil-de-edomex-sepultada-en-obra-donde-trabajaba","status":"publish","type":"post","link":"https:\/\/canal7slp.tv\/2023\/angelica-maria-albanil-de-edomex-sepultada-en-obra-donde-trabajaba\/","title":{"rendered":"Ang\u00e9lica Mar\u00eda, alba\u00f1il de Edomex sepultada en obra donde trabajaba"},"content":{"rendered":"<ul style=\"text-align: justify;\">\n<li>Fue asesinada por sus mismos compa\u00f1eros.<\/li>\n<\/ul>\n<p style=\"text-align: justify;\">Chimalhuac\u00e1n.- Ang\u00e9lica Mar\u00eda Magnolia Santiago Hern\u00e1ndez, de 29 a\u00f1os, fue encontrada sin vida en la obra en la que trabajaba en el municipio de Chimalhuac\u00e1n en el Estado de M\u00e9xico.<\/p>\n<p style=\"text-align: justify;\">Cabe se\u00f1alar que el cuerpo de la v\u00edctima estaba enterrada en la obra en la que trabajaba.<\/p>\n<p style=\"text-align: justify;\">De acuerdo con las primeras pesquisas, Ang\u00e9lica Mar\u00eda fue asesinada luego de que 2 sujetos quisieron abusar de ella. A fin para ocultar el cad\u00e1ver, la sepultaron en la obra y con una bolsa de pl\u00e1stico en la cabeza.<\/p>\n<p style=\"text-align: justify;\">Medios locales se\u00f1alaron que Santiago Hern\u00e1ndez fue a trabajar el pasado 18 de marzo en la construcci\u00f3n en la que trabajaba como alba\u00f1il. Pero al no regresar a su casa, su familia comenz\u00f3 la b\u00fasqueda -el reporte de desaparici\u00f3n fue levantado un d\u00eda despu\u00e9s-.<\/p>\n<p style=\"text-align: justify;\">Su esposo indic\u00f3 que la familia de Ang\u00e9lica Mar\u00eda fue a preguntarle al patr\u00f3n, un hombre identificado como Ignacio -alias \u201cEl Chaparro\u201d- sobre el paradero de la mujer y \u00e9l les dijo que al mediod\u00eda le pag\u00f3 y se fue.<\/p>\n<p style=\"text-align: justify;\">No obstante, al esposo de la v\u00edctima le dijo que ella le hab\u00eda pedido permiso para salir m\u00e1s temprano porque ten\u00eda cosas que hacer.<\/p>\n<p style=\"text-align: justify;\">A su vez, el marido de la v\u00edctima, Cristian pregunto a vecinos del lugar. Los cuales le comentaron que vieron entrar a la mujer a la obra pero ya no salir. Aunado a esto, le indicaron que la noche del d\u00eda de los hechos, vieron al jefe de la obra regresar acompa\u00f1ado por 2 de sus chalanes al sitio.<\/p>\n<p style=\"text-align: justify;\">La Fiscal\u00eda General de Justicia estatal (FGJEM) inici\u00f3 una carpeta de investigaci\u00f3n por delitos vinculados a la desaparici\u00f3n de personas.<\/p>\n<p style=\"text-align: justify;\">Posteriormente detuvieron a Ignacio \u201cN\u201d y Jos\u00e9 \u201cN\u201d, uno de sus ayudantes, por su probable responsabilidad en los hechos, aunque un tercero se encuentra pr\u00f3fugo.<\/p>\n","protected":false},"excerpt":{"rendered":"<p>Fue asesinada por sus mismos compa\u00f1eros. Chimalhuac\u00e1n.- Ang\u00e9lica Mar\u00eda Magnolia Santiago Hern\u00e1ndez, de 29 a\u00f1os, fue encontrada sin vida en la obra en la que trabajaba en el municipio de Chimalhuac\u00e1n en el Estado de M\u00e9xico. Cabe se\u00f1alar que el cuerpo de la v\u00edctima estaba enterrada en la obra en la que trabajaba. De acuerdo con las primeras pesquisas, Ang\u00e9lica Mar\u00eda fue asesinada luego de que 2 sujetos quisieron abusar de ella. A fin para ocultar el cad\u00e1ver, la sepultaron en la obra y con una bolsa de pl\u00e1stico en la cabeza. Medios locales se\u00f1alaron que Santiago Hern\u00e1ndez fue a [&hellip;]<\/p>\n","protected":false},"author":2,"featured_media":91096,"comment_status":"closed","ping_status":"closed","sticky":false,"template":"","format":"standard","meta":{"footnotes":""},"categories":[46],"tags":[],"class_list":["post-91081","post","type-post","status-publish","format-standard","has-post-thumbnail","hentry","category-nacional","post--single"],"yoast_head":"<!-- This site is optimized with the Yoast SEO plugin v27.4 - https:\/\/yoast.com\/product\/yoast-seo-wordpress\/ -->\n<title>Ang\u00e9lica Mar\u00eda, alba\u00f1il de Edomex sepultada en obra donde trabajaba - Canal 7 SLP - 2023<\/title>\n<meta name=\"robots\" content=\"index, follow, max-snippet:-1, max-image-preview:large, max-video-preview:-1\" \/>\n<link rel=\"canonical\" href=\"https:\/\/canal7slp.tv\/2023\/angelica-maria-albanil-de-edomex-sepultada-en-obra-donde-trabajaba\/\" \/>\n<meta property=\"og:locale\" content=\"es_ES\" \/>\n<meta property=\"og:type\" content=\"article\" \/>\n<meta property=\"og:title\" content=\"Ang\u00e9lica Mar\u00eda, alba\u00f1il de Edomex sepultada en obra donde trabajaba - Canal 7 SLP - 2023\" \/>\n<meta property=\"og:description\" content=\"Fue asesinada por sus mismos compa\u00f1eros. Chimalhuac\u00e1n.- Ang\u00e9lica Mar\u00eda Magnolia Santiago Hern\u00e1ndez, de 29 a\u00f1os, fue encontrada sin vida en la obra en la que trabajaba en el municipio de Chimalhuac\u00e1n en el Estado de M\u00e9xico. Cabe se\u00f1alar que el cuerpo de la v\u00edctima estaba enterrada en la obra en la que trabajaba. De acuerdo con las primeras pesquisas, Ang\u00e9lica Mar\u00eda fue asesinada luego de que 2 sujetos quisieron abusar de ella. A fin para ocultar el cad\u00e1ver, la sepultaron en la obra y con una bolsa de pl\u00e1stico en la cabeza. Medios locales se\u00f1alaron que Santiago Hern\u00e1ndez fue a [&hellip;]\" \/>\n<meta property=\"og:url\" content=\"https:\/\/canal7slp.tv\/2023\/angelica-maria-albanil-de-edomex-sepultada-en-obra-donde-trabajaba\/\" \/>\n<meta property=\"og:site_name\" content=\"Canal 7 SLP - 2023\" \/>\n<meta property=\"article:publisher\" content=\"https:\/\/www.facebook.com\/noticieroscanalsiete\" \/>\n<meta property=\"article:published_time\" content=\"2023-03-27T03:25:15+00:00\" \/>\n<meta property=\"og:image\" content=\"https:\/\/canal7slp.tv\/2023\/wp-content\/uploads\/2023\/03\/04-17.jpg\" \/>\n\t<meta property=\"og:image:width\" content=\"768\" \/>\n\t<meta property=\"og:image:height\" content=\"484\" \/>\n\t<meta property=\"og:image:type\" content=\"image\/jpeg\" \/>\n<meta name=\"author\" content=\"Edici\u00f3n Web\" \/>\n<meta name=\"twitter:card\" content=\"summary_large_image\" \/>\n<meta name=\"twitter:creator\" content=\"@NOTICIEROS7\" \/>\n<meta name=\"twitter:site\" content=\"@NOTICIEROS7\" \/>\n<meta name=\"twitter:label1\" content=\"Escrito por\" \/>\n\t<meta name=\"twitter:data1\" content=\"Edici\u00f3n Web\" \/>\n\t<meta name=\"twitter:label2\" content=\"Tiempo de lectura\" \/>\n\t<meta name=\"twitter:data2\" content=\"2 minutos\" \/>\n<script type=\"application\/ld+json\" class=\"yoast-schema-graph\">{\"@context\":\"https:\\\/\\\/schema.org\",\"@graph\":[{\"@type\":\"Article\",\"@id\":\"https:\\\/\\\/canal7slp.tv\\\/2023\\\/angelica-maria-albanil-de-edomex-sepultada-en-obra-donde-trabajaba\\\/#article\",\"isPartOf\":{\"@id\":\"https:\\\/\\\/canal7slp.tv\\\/2023\\\/angelica-maria-albanil-de-edomex-sepultada-en-obra-donde-trabajaba\\\/\"},\"author\":{\"name\":\"Edici\u00f3n Web\",\"@id\":\"https:\\\/\\\/canal7slp.tv\\\/2023\\\/#\\\/schema\\\/person\\\/639c424e3584069003b11ae813915da6\"},\"headline\":\"Ang\u00e9lica Mar\u00eda, alba\u00f1il de Edomex sepultada en obra donde trabajaba\",\"datePublished\":\"2023-03-27T03:25:15+00:00\",\"mainEntityOfPage\":{\"@id\":\"https:\\\/\\\/canal7slp.tv\\\/2023\\\/angelica-maria-albanil-de-edomex-sepultada-en-obra-donde-trabajaba\\\/\"},\"wordCount\":352,\"publisher\":{\"@id\":\"https:\\\/\\\/canal7slp.tv\\\/2023\\\/#organization\"},\"image\":{\"@id\":\"https:\\\/\\\/canal7slp.tv\\\/2023\\\/angelica-maria-albanil-de-edomex-sepultada-en-obra-donde-trabajaba\\\/#primaryimage\"},\"thumbnailUrl\":\"https:\\\/\\\/canal7slp.tv\\\/2023\\\/wp-content\\\/uploads\\\/2023\\\/03\\\/04-17.jpg\",\"articleSection\":[\"NACIONALES\"],\"inLanguage\":\"es\"},{\"@type\":\"WebPage\",\"@id\":\"https:\\\/\\\/canal7slp.tv\\\/2023\\\/angelica-maria-albanil-de-edomex-sepultada-en-obra-donde-trabajaba\\\/\",\"url\":\"https:\\\/\\\/canal7slp.tv\\\/2023\\\/angelica-maria-albanil-de-edomex-sepultada-en-obra-donde-trabajaba\\\/\",\"name\":\"Ang\u00e9lica Mar\u00eda, alba\u00f1il de Edomex sepultada en obra donde trabajaba - Canal 7 SLP - 2023\",\"isPartOf\":{\"@id\":\"https:\\\/\\\/canal7slp.tv\\\/2023\\\/#website\"},\"primaryImageOfPage\":{\"@id\":\"https:\\\/\\\/canal7slp.tv\\\/2023\\\/angelica-maria-albanil-de-edomex-sepultada-en-obra-donde-trabajaba\\\/#primaryimage\"},\"image\":{\"@id\":\"https:\\\/\\\/canal7slp.tv\\\/2023\\\/angelica-maria-albanil-de-edomex-sepultada-en-obra-donde-trabajaba\\\/#primaryimage\"},\"thumbnailUrl\":\"https:\\\/\\\/canal7slp.tv\\\/2023\\\/wp-content\\\/uploads\\\/2023\\\/03\\\/04-17.jpg\",\"datePublished\":\"2023-03-27T03:25:15+00:00\",\"breadcrumb\":{\"@id\":\"https:\\\/\\\/canal7slp.tv\\\/2023\\\/angelica-maria-albanil-de-edomex-sepultada-en-obra-donde-trabajaba\\\/#breadcrumb\"},\"inLanguage\":\"es\",\"potentialAction\":[{\"@type\":\"ReadAction\",\"target\":[\"https:\\\/\\\/canal7slp.tv\\\/2023\\\/angelica-maria-albanil-de-edomex-sepultada-en-obra-donde-trabajaba\\\/\"]}]},{\"@type\":\"ImageObject\",\"inLanguage\":\"es\",\"@id\":\"https:\\\/\\\/canal7slp.tv\\\/2023\\\/angelica-maria-albanil-de-edomex-sepultada-en-obra-donde-trabajaba\\\/#primaryimage\",\"url\":\"https:\\\/\\\/canal7slp.tv\\\/2023\\\/wp-content\\\/uploads\\\/2023\\\/03\\\/04-17.jpg\",\"contentUrl\":\"https:\\\/\\\/canal7slp.tv\\\/2023\\\/wp-content\\\/uploads\\\/2023\\\/03\\\/04-17.jpg\",\"width\":768,\"height\":484},{\"@type\":\"BreadcrumbList\",\"@id\":\"https:\\\/\\\/canal7slp.tv\\\/2023\\\/angelica-maria-albanil-de-edomex-sepultada-en-obra-donde-trabajaba\\\/#breadcrumb\",\"itemListElement\":[{\"@type\":\"ListItem\",\"position\":1,\"name\":\"Portada\",\"item\":\"https:\\\/\\\/canal7slp.tv\\\/2023\\\/\"},{\"@type\":\"ListItem\",\"position\":2,\"name\":\"Ang\u00e9lica Mar\u00eda, alba\u00f1il de Edomex sepultada en obra donde trabajaba\"}]},{\"@type\":\"WebSite\",\"@id\":\"https:\\\/\\\/canal7slp.tv\\\/2023\\\/#website\",\"url\":\"https:\\\/\\\/canal7slp.tv\\\/2023\\\/\",\"name\":\"N7 - Noticieros Canal 7\",\"description\":\"Somos Televisi\u00f3n\",\"publisher\":{\"@id\":\"https:\\\/\\\/canal7slp.tv\\\/2023\\\/#organization\"},\"potentialAction\":[{\"@type\":\"SearchAction\",\"target\":{\"@type\":\"EntryPoint\",\"urlTemplate\":\"https:\\\/\\\/canal7slp.tv\\\/2023\\\/?s={search_term_string}\"},\"query-input\":{\"@type\":\"PropertyValueSpecification\",\"valueRequired\":true,\"valueName\":\"search_term_string\"}}],\"inLanguage\":\"es\"},{\"@type\":\"Organization\",\"@id\":\"https:\\\/\\\/canal7slp.tv\\\/2023\\\/#organization\",\"name\":\"Noticieros Canal 7\",\"url\":\"https:\\\/\\\/canal7slp.tv\\\/2023\\\/\",\"logo\":{\"@type\":\"ImageObject\",\"inLanguage\":\"es\",\"@id\":\"https:\\\/\\\/canal7slp.tv\\\/2023\\\/#\\\/schema\\\/logo\\\/image\\\/\",\"url\":\"https:\\\/\\\/canal7slp.tv\\\/2023\\\/wp-content\\\/uploads\\\/2021\\\/01\\\/logo-noticieros@2x.png\",\"contentUrl\":\"https:\\\/\\\/canal7slp.tv\\\/2023\\\/wp-content\\\/uploads\\\/2021\\\/01\\\/logo-noticieros@2x.png\",\"width\":1017,\"height\":268,\"caption\":\"Noticieros Canal 7\"},\"image\":{\"@id\":\"https:\\\/\\\/canal7slp.tv\\\/2023\\\/#\\\/schema\\\/logo\\\/image\\\/\"},\"sameAs\":[\"https:\\\/\\\/www.facebook.com\\\/noticieroscanalsiete\",\"https:\\\/\\\/x.com\\\/NOTICIEROS7\",\"https:\\\/\\\/www.instagram.com\\\/canal7_slp\",\"https:\\\/\\\/www.youtube.com\\\/channel\\\/UCliiYs-gP3JfJeqdPrNdd5A\"]},{\"@type\":\"Person\",\"@id\":\"https:\\\/\\\/canal7slp.tv\\\/2023\\\/#\\\/schema\\\/person\\\/639c424e3584069003b11ae813915da6\",\"name\":\"Edici\u00f3n Web\",\"image\":{\"@type\":\"ImageObject\",\"inLanguage\":\"es\",\"@id\":\"https:\\\/\\\/secure.gravatar.com\\\/avatar\\\/eee448fc3f7164808013b816ba91ac7e43bbe82a70bebac296f8bc6f0addaa1a?s=96&d=mm&r=g\",\"url\":\"https:\\\/\\\/secure.gravatar.com\\\/avatar\\\/eee448fc3f7164808013b816ba91ac7e43bbe82a70bebac296f8bc6f0addaa1a?s=96&d=mm&r=g\",\"contentUrl\":\"https:\\\/\\\/secure.gravatar.com\\\/avatar\\\/eee448fc3f7164808013b816ba91ac7e43bbe82a70bebac296f8bc6f0addaa1a?s=96&d=mm&r=g\",\"caption\":\"Edici\u00f3n Web\"},\"url\":\"https:\\\/\\\/canal7slp.tv\\\/2023\\\/author\\\/edicionweb\\\/\"}]}<\/script>\n<!-- \/ Yoast SEO plugin. -->","yoast_head_json":{"title":"Ang\u00e9lica Mar\u00eda, alba\u00f1il de Edomex sepultada en obra donde trabajaba - Canal 7 SLP - 2023","robots":{"index":"index","follow":"follow","max-snippet":"max-snippet:-1","max-image-preview":"max-image-preview:large","max-video-preview":"max-video-preview:-1"},"canonical":"https:\/\/canal7slp.tv\/2023\/angelica-maria-albanil-de-edomex-sepultada-en-obra-donde-trabajaba\/","og_locale":"es_ES","og_type":"article","og_title":"Ang\u00e9lica Mar\u00eda, alba\u00f1il de Edomex sepultada en obra donde trabajaba - Canal 7 SLP - 2023","og_description":"Fue asesinada por sus mismos compa\u00f1eros. Chimalhuac\u00e1n.- Ang\u00e9lica Mar\u00eda Magnolia Santiago Hern\u00e1ndez, de 29 a\u00f1os, fue encontrada sin vida en la obra en la que trabajaba en el municipio de Chimalhuac\u00e1n en el Estado de M\u00e9xico. Cabe se\u00f1alar que el cuerpo de la v\u00edctima estaba enterrada en la obra en la que trabajaba. De acuerdo con las primeras pesquisas, Ang\u00e9lica Mar\u00eda fue asesinada luego de que 2 sujetos quisieron abusar de ella. A fin para ocultar el cad\u00e1ver, la sepultaron en la obra y con una bolsa de pl\u00e1stico en la cabeza. Medios locales se\u00f1alaron que Santiago Hern\u00e1ndez fue a [&hellip;]","og_url":"https:\/\/canal7slp.tv\/2023\/angelica-maria-albanil-de-edomex-sepultada-en-obra-donde-trabajaba\/","og_site_name":"Canal 7 SLP - 2023","article_publisher":"https:\/\/www.facebook.com\/noticieroscanalsiete","article_published_time":"2023-03-27T03:25:15+00:00","og_image":[{"width":768,"height":484,"url":"https:\/\/canal7slp.tv\/2023\/wp-content\/uploads\/2023\/03\/04-17.jpg","type":"image\/jpeg"}],"author":"Edici\u00f3n Web","twitter_card":"summary_large_image","twitter_creator":"@NOTICIEROS7","twitter_site":"@NOTICIEROS7","twitter_misc":{"Escrito por":"Edici\u00f3n Web","Tiempo de lectura":"2 minutos"},"schema":{"@context":"https:\/\/schema.org","@graph":[{"@type":"Article","@id":"https:\/\/canal7slp.tv\/2023\/angelica-maria-albanil-de-edomex-sepultada-en-obra-donde-trabajaba\/#article","isPartOf":{"@id":"https:\/\/canal7slp.tv\/2023\/angelica-maria-albanil-de-edomex-sepultada-en-obra-donde-trabajaba\/"},"author":{"name":"Edici\u00f3n Web","@id":"https:\/\/canal7slp.tv\/2023\/#\/schema\/person\/639c424e3584069003b11ae813915da6"},"headline":"Ang\u00e9lica Mar\u00eda, alba\u00f1il de Edomex sepultada en obra donde trabajaba","datePublished":"2023-03-27T03:25:15+00:00","mainEntityOfPage":{"@id":"https:\/\/canal7slp.tv\/2023\/angelica-maria-albanil-de-edomex-sepultada-en-obra-donde-trabajaba\/"},"wordCount":352,"publisher":{"@id":"https:\/\/canal7slp.tv\/2023\/#organization"},"image":{"@id":"https:\/\/canal7slp.tv\/2023\/angelica-maria-albanil-de-edomex-sepultada-en-obra-donde-trabajaba\/#primaryimage"},"thumbnailUrl":"https:\/\/canal7slp.tv\/2023\/wp-content\/uploads\/2023\/03\/04-17.jpg","articleSection":["NACIONALES"],"inLanguage":"es"},{"@type":"WebPage","@id":"https:\/\/canal7slp.tv\/2023\/angelica-maria-albanil-de-edomex-sepultada-en-obra-donde-trabajaba\/","url":"https:\/\/canal7slp.tv\/2023\/angelica-maria-albanil-de-edomex-sepultada-en-obra-donde-trabajaba\/","name":"Ang\u00e9lica Mar\u00eda, alba\u00f1il de Edomex sepultada en obra donde trabajaba - Canal 7 SLP - 2023","isPartOf":{"@id":"https:\/\/canal7slp.tv\/2023\/#website"},"primaryImageOfPage":{"@id":"https:\/\/canal7slp.tv\/2023\/angelica-maria-albanil-de-edomex-sepultada-en-obra-donde-trabajaba\/#primaryimage"},"image":{"@id":"https:\/\/canal7slp.tv\/2023\/angelica-maria-albanil-de-edomex-sepultada-en-obra-donde-trabajaba\/#primaryimage"},"thumbnailUrl":"https:\/\/canal7slp.tv\/2023\/wp-content\/uploads\/2023\/03\/04-17.jpg","datePublished":"2023-03-27T03:25:15+00:00","breadcrumb":{"@id":"https:\/\/canal7slp.tv\/2023\/angelica-maria-albanil-de-edomex-sepultada-en-obra-donde-trabajaba\/#breadcrumb"},"inLanguage":"es","potentialAction":[{"@type":"ReadAction","target":["https:\/\/canal7slp.tv\/2023\/angelica-maria-albanil-de-edomex-sepultada-en-obra-donde-trabajaba\/"]}]},{"@type":"ImageObject","inLanguage":"es","@id":"https:\/\/canal7slp.tv\/2023\/angelica-maria-albanil-de-edomex-sepultada-en-obra-donde-trabajaba\/#primaryimage","url":"https:\/\/canal7slp.tv\/2023\/wp-content\/uploads\/2023\/03\/04-17.jpg","contentUrl":"https:\/\/canal7slp.tv\/2023\/wp-content\/uploads\/2023\/03\/04-17.jpg","width":768,"height":484},{"@type":"BreadcrumbList","@id":"https:\/\/canal7slp.tv\/2023\/angelica-maria-albanil-de-edomex-sepultada-en-obra-donde-trabajaba\/#breadcrumb","itemListElement":[{"@type":"ListItem","position":1,"name":"Portada","item":"https:\/\/canal7slp.tv\/2023\/"},{"@type":"ListItem","position":2,"name":"Ang\u00e9lica Mar\u00eda, alba\u00f1il de Edomex sepultada en obra donde trabajaba"}]},{"@type":"WebSite","@id":"https:\/\/canal7slp.tv\/2023\/#website","url":"https:\/\/canal7slp.tv\/2023\/","name":"N7 - Noticieros Canal 7","description":"Somos Televisi\u00f3n","publisher":{"@id":"https:\/\/canal7slp.tv\/2023\/#organization"},"potentialAction":[{"@type":"SearchAction","target":{"@type":"EntryPoint","urlTemplate":"https:\/\/canal7slp.tv\/2023\/?s={search_term_string}"},"query-input":{"@type":"PropertyValueSpecification","valueRequired":true,"valueName":"search_term_string"}}],"inLanguage":"es"},{"@type":"Organization","@id":"https:\/\/canal7slp.tv\/2023\/#organization","name":"Noticieros Canal 7","url":"https:\/\/canal7slp.tv\/2023\/","logo":{"@type":"ImageObject","inLanguage":"es","@id":"https:\/\/canal7slp.tv\/2023\/#\/schema\/logo\/image\/","url":"https:\/\/canal7slp.tv\/2023\/wp-content\/uploads\/2021\/01\/logo-noticieros@2x.png","contentUrl":"https:\/\/canal7slp.tv\/2023\/wp-content\/uploads\/2021\/01\/logo-noticieros@2x.png","width":1017,"height":268,"caption":"Noticieros Canal 7"},"image":{"@id":"https:\/\/canal7slp.tv\/2023\/#\/schema\/logo\/image\/"},"sameAs":["https:\/\/www.facebook.com\/noticieroscanalsiete","https:\/\/x.com\/NOTICIEROS7","https:\/\/www.instagram.com\/canal7_slp","https:\/\/www.youtube.com\/channel\/UCliiYs-gP3JfJeqdPrNdd5A"]},{"@type":"Person","@id":"https:\/\/canal7slp.tv\/2023\/#\/schema\/person\/639c424e3584069003b11ae813915da6","name":"Edici\u00f3n Web","image":{"@type":"ImageObject","inLanguage":"es","@id":"https:\/\/secure.gravatar.com\/avatar\/eee448fc3f7164808013b816ba91ac7e43bbe82a70bebac296f8bc6f0addaa1a?s=96&d=mm&r=g","url":"https:\/\/secure.gravatar.com\/avatar\/eee448fc3f7164808013b816ba91ac7e43bbe82a70bebac296f8bc6f0addaa1a?s=96&d=mm&r=g","contentUrl":"https:\/\/secure.gravatar.com\/avatar\/eee448fc3f7164808013b816ba91ac7e43bbe82a70bebac296f8bc6f0addaa1a?s=96&d=mm&r=g","caption":"Edici\u00f3n Web"},"url":"https:\/\/canal7slp.tv\/2023\/author\/edicionweb\/"}]}},"_links":{"self":[{"href":"https:\/\/canal7slp.tv\/2023\/wp-json\/wp\/v2\/posts\/91081","targetHints":{"allow":["GET"]}}],"collection":[{"href":"https:\/\/canal7slp.tv\/2023\/wp-json\/wp\/v2\/posts"}],"about":[{"href":"https:\/\/canal7slp.tv\/2023\/wp-json\/wp\/v2\/types\/post"}],"author":[{"embeddable":true,"href":"https:\/\/canal7slp.tv\/2023\/wp-json\/wp\/v2\/users\/2"}],"replies":[{"embeddable":true,"href":"https:\/\/canal7slp.tv\/2023\/wp-json\/wp\/v2\/comments?post=91081"}],"version-history":[{"count":3,"href":"https:\/\/canal7slp.tv\/2023\/wp-json\/wp\/v2\/posts\/91081\/revisions"}],"predecessor-version":[{"id":91116,"href":"https:\/\/canal7slp.tv\/2023\/wp-json\/wp\/v2\/posts\/91081\/revisions\/91116"}],"wp:featuredmedia":[{"embeddable":true,"href":"https:\/\/canal7slp.tv\/2023\/wp-json\/wp\/v2\/media\/91096"}],"wp:attachment":[{"href":"https:\/\/canal7slp.tv\/2023\/wp-json\/wp\/v2\/media?parent=91081"}],"wp:term":[{"taxonomy":"category","embeddable":true,"href":"https:\/\/canal7slp.tv\/2023\/wp-json\/wp\/v2\/categories?post=91081"},{"taxonomy":"post_tag","embeddable":true,"href":"https:\/\/canal7slp.tv\/2023\/wp-json\/wp\/v2\/tags?post=91081"}],"curies":[{"name":"wp","href":"https:\/\/api.w.org\/{rel}","templated":true}]}}