{"id":91078,"date":"2023-03-26T21:20:18","date_gmt":"2023-03-27T03:20:18","guid":{"rendered":"https:\/\/canal7slp.tv\/2023\/?p=91078"},"modified":"2023-03-26T21:20:18","modified_gmt":"2023-03-27T03:20:18","slug":"presidencia-impugnara-suspension-del-plan-b-de-amlo","status":"publish","type":"post","link":"https:\/\/canal7slp.tv\/2023\/presidencia-impugnara-suspension-del-plan-b-de-amlo\/","title":{"rendered":"Presidencia impugnar\u00e1 suspensi\u00f3n del Plan B de AMLO"},"content":{"rendered":"<p style=\"text-align: justify;\">M\u00e9xico.- La Consejer\u00eda Jur\u00eddica del Ejecutivo Federal (CJEF) dio a conocer que impugnar\u00e1 la decisi\u00f3n de Javier Laynez Potisek, ministro de la Suprema Corte de Justicia de la Naci\u00f3n (SCJN), de admitir la controversia constitucional que interpuso el Instituto Nacional Electoral (INE) y suspender la aplicaci\u00f3n del \u201cPlan B\u201d de la Reforma Electoral.<\/p>\n<p style=\"text-align: justify;\">Por medio de un comunicado, la CJEF acus\u00f3 al ministro de arrancar hojas a la Constituci\u00f3n y que desconoce las reglas del procedimiento que regula las controversias constitucionales.<\/p>\n<p style=\"text-align: justify;\">Asimismo, el organismo asever\u00f3 que no es com\u00fan que -en un viernes por la noche y sin notificar formalmente a las autoridades- la corte anuncie p\u00fablicamente una determinaci\u00f3n tan relevante.<\/p>\n<p style=\"text-align: justify;\">Aunado que tampoco es normal que sea admitido a tr\u00e1mite una controversia constitucional en materia electoral porque, afirm\u00f3, la Constituci\u00f3n no lo permite.<\/p>\n<p style=\"text-align: justify;\">\u00abPorque la Constituci\u00f3n no lo permite y, menos a\u00fan, hab\u00eda ocurrido en la historia de nuestro pa\u00eds que un s\u00f3lo juez constitucional dejara sin efectos la totalidad de una ley electoral aprobada leg\u00edtimamente por el Poder Legislativo y ordenara revivir las disposiciones derogadas, lo cual s\u00f3lo puede determinarse, en su caso, mediante una sentencia definitiva aprobada por al menos ocho ministros\u00bb, detalla el documento.<\/p>\n<p style=\"text-align: justify;\">\u00abEs decir, se trata de r\u00e9gimen de excepci\u00f3n que modifica los precedentes jurisprudenciales en la materia y anula por completo la presunci\u00f3n de validez constitucional que toda norma general posee, ya que la ley constituye la expresi\u00f3n de la voluntad popular a trav\u00e9s de sus representantes electos democr\u00e1ticamente\u00bb, se\u00f1ala el comunicado.<\/p>\n","protected":false},"excerpt":{"rendered":"<p>M\u00e9xico.- La Consejer\u00eda Jur\u00eddica del Ejecutivo Federal (CJEF) dio a conocer que impugnar\u00e1 la decisi\u00f3n de Javier Laynez Potisek, ministro de la Suprema Corte de Justicia de la Naci\u00f3n (SCJN), de admitir la controversia constitucional que interpuso el Instituto Nacional Electoral (INE) y suspender la aplicaci\u00f3n del \u201cPlan B\u201d de la Reforma Electoral. Por medio de un comunicado, la CJEF acus\u00f3 al ministro de arrancar hojas a la Constituci\u00f3n y que desconoce las reglas del procedimiento que regula las controversias constitucionales. Asimismo, el organismo asever\u00f3 que no es com\u00fan que -en un viernes por la noche y sin notificar formalmente [&hellip;]<\/p>\n","protected":false},"author":2,"featured_media":91093,"comment_status":"closed","ping_status":"closed","sticky":false,"template":"","format":"standard","meta":{"footnotes":""},"categories":[46],"tags":[],"class_list":["post-91078","post","type-post","status-publish","format-standard","has-post-thumbnail","hentry","category-nacional","post--single"],"yoast_head":"<!-- This site is optimized with the Yoast SEO plugin v27.4 - https:\/\/yoast.com\/product\/yoast-seo-wordpress\/ -->\n<title>Presidencia impugnar\u00e1 suspensi\u00f3n del Plan B de AMLO - Canal 7 SLP - 2023<\/title>\n<meta name=\"robots\" content=\"index, follow, max-snippet:-1, max-image-preview:large, max-video-preview:-1\" \/>\n<link rel=\"canonical\" href=\"https:\/\/canal7slp.tv\/2023\/presidencia-impugnara-suspension-del-plan-b-de-amlo\/\" \/>\n<meta property=\"og:locale\" content=\"es_ES\" \/>\n<meta property=\"og:type\" content=\"article\" \/>\n<meta property=\"og:title\" content=\"Presidencia impugnar\u00e1 suspensi\u00f3n del Plan B de AMLO - Canal 7 SLP - 2023\" \/>\n<meta property=\"og:description\" content=\"M\u00e9xico.- La Consejer\u00eda Jur\u00eddica del Ejecutivo Federal (CJEF) dio a conocer que impugnar\u00e1 la decisi\u00f3n de Javier Laynez Potisek, ministro de la Suprema Corte de Justicia de la Naci\u00f3n (SCJN), de admitir la controversia constitucional que interpuso el Instituto Nacional Electoral (INE) y suspender la aplicaci\u00f3n del \u201cPlan B\u201d de la Reforma Electoral. Por medio de un comunicado, la CJEF acus\u00f3 al ministro de arrancar hojas a la Constituci\u00f3n y que desconoce las reglas del procedimiento que regula las controversias constitucionales. Asimismo, el organismo asever\u00f3 que no es com\u00fan que -en un viernes por la noche y sin notificar formalmente [&hellip;]\" \/>\n<meta property=\"og:url\" content=\"https:\/\/canal7slp.tv\/2023\/presidencia-impugnara-suspension-del-plan-b-de-amlo\/\" \/>\n<meta property=\"og:site_name\" content=\"Canal 7 SLP - 2023\" \/>\n<meta property=\"article:publisher\" content=\"https:\/\/www.facebook.com\/noticieroscanalsiete\" \/>\n<meta property=\"article:published_time\" content=\"2023-03-27T03:20:18+00:00\" \/>\n<meta property=\"og:image\" content=\"https:\/\/canal7slp.tv\/2023\/wp-content\/uploads\/2023\/03\/01_SCJN.jpg\" \/>\n\t<meta property=\"og:image:width\" content=\"1199\" \/>\n\t<meta property=\"og:image:height\" content=\"714\" \/>\n\t<meta property=\"og:image:type\" content=\"image\/jpeg\" \/>\n<meta name=\"author\" content=\"Edici\u00f3n Web\" \/>\n<meta name=\"twitter:card\" content=\"summary_large_image\" \/>\n<meta name=\"twitter:creator\" content=\"@NOTICIEROS7\" \/>\n<meta name=\"twitter:site\" content=\"@NOTICIEROS7\" \/>\n<meta name=\"twitter:label1\" content=\"Escrito por\" \/>\n\t<meta name=\"twitter:data1\" content=\"Edici\u00f3n Web\" \/>\n\t<meta name=\"twitter:label2\" content=\"Tiempo de lectura\" \/>\n\t<meta name=\"twitter:data2\" content=\"2 minutos\" \/>\n<script type=\"application\/ld+json\" class=\"yoast-schema-graph\">{\"@context\":\"https:\\\/\\\/schema.org\",\"@graph\":[{\"@type\":\"Article\",\"@id\":\"https:\\\/\\\/canal7slp.tv\\\/2023\\\/presidencia-impugnara-suspension-del-plan-b-de-amlo\\\/#article\",\"isPartOf\":{\"@id\":\"https:\\\/\\\/canal7slp.tv\\\/2023\\\/presidencia-impugnara-suspension-del-plan-b-de-amlo\\\/\"},\"author\":{\"name\":\"Edici\u00f3n Web\",\"@id\":\"https:\\\/\\\/canal7slp.tv\\\/2023\\\/#\\\/schema\\\/person\\\/639c424e3584069003b11ae813915da6\"},\"headline\":\"Presidencia impugnar\u00e1 suspensi\u00f3n del Plan B de AMLO\",\"datePublished\":\"2023-03-27T03:20:18+00:00\",\"mainEntityOfPage\":{\"@id\":\"https:\\\/\\\/canal7slp.tv\\\/2023\\\/presidencia-impugnara-suspension-del-plan-b-de-amlo\\\/\"},\"wordCount\":285,\"publisher\":{\"@id\":\"https:\\\/\\\/canal7slp.tv\\\/2023\\\/#organization\"},\"image\":{\"@id\":\"https:\\\/\\\/canal7slp.tv\\\/2023\\\/presidencia-impugnara-suspension-del-plan-b-de-amlo\\\/#primaryimage\"},\"thumbnailUrl\":\"https:\\\/\\\/canal7slp.tv\\\/2023\\\/wp-content\\\/uploads\\\/2023\\\/03\\\/01_SCJN.jpg\",\"articleSection\":[\"NACIONALES\"],\"inLanguage\":\"es\"},{\"@type\":\"WebPage\",\"@id\":\"https:\\\/\\\/canal7slp.tv\\\/2023\\\/presidencia-impugnara-suspension-del-plan-b-de-amlo\\\/\",\"url\":\"https:\\\/\\\/canal7slp.tv\\\/2023\\\/presidencia-impugnara-suspension-del-plan-b-de-amlo\\\/\",\"name\":\"Presidencia impugnar\u00e1 suspensi\u00f3n del Plan B de AMLO - Canal 7 SLP - 2023\",\"isPartOf\":{\"@id\":\"https:\\\/\\\/canal7slp.tv\\\/2023\\\/#website\"},\"primaryImageOfPage\":{\"@id\":\"https:\\\/\\\/canal7slp.tv\\\/2023\\\/presidencia-impugnara-suspension-del-plan-b-de-amlo\\\/#primaryimage\"},\"image\":{\"@id\":\"https:\\\/\\\/canal7slp.tv\\\/2023\\\/presidencia-impugnara-suspension-del-plan-b-de-amlo\\\/#primaryimage\"},\"thumbnailUrl\":\"https:\\\/\\\/canal7slp.tv\\\/2023\\\/wp-content\\\/uploads\\\/2023\\\/03\\\/01_SCJN.jpg\",\"datePublished\":\"2023-03-27T03:20:18+00:00\",\"breadcrumb\":{\"@id\":\"https:\\\/\\\/canal7slp.tv\\\/2023\\\/presidencia-impugnara-suspension-del-plan-b-de-amlo\\\/#breadcrumb\"},\"inLanguage\":\"es\",\"potentialAction\":[{\"@type\":\"ReadAction\",\"target\":[\"https:\\\/\\\/canal7slp.tv\\\/2023\\\/presidencia-impugnara-suspension-del-plan-b-de-amlo\\\/\"]}]},{\"@type\":\"ImageObject\",\"inLanguage\":\"es\",\"@id\":\"https:\\\/\\\/canal7slp.tv\\\/2023\\\/presidencia-impugnara-suspension-del-plan-b-de-amlo\\\/#primaryimage\",\"url\":\"https:\\\/\\\/canal7slp.tv\\\/2023\\\/wp-content\\\/uploads\\\/2023\\\/03\\\/01_SCJN.jpg\",\"contentUrl\":\"https:\\\/\\\/canal7slp.tv\\\/2023\\\/wp-content\\\/uploads\\\/2023\\\/03\\\/01_SCJN.jpg\",\"width\":1199,\"height\":714},{\"@type\":\"BreadcrumbList\",\"@id\":\"https:\\\/\\\/canal7slp.tv\\\/2023\\\/presidencia-impugnara-suspension-del-plan-b-de-amlo\\\/#breadcrumb\",\"itemListElement\":[{\"@type\":\"ListItem\",\"position\":1,\"name\":\"Portada\",\"item\":\"https:\\\/\\\/canal7slp.tv\\\/2023\\\/\"},{\"@type\":\"ListItem\",\"position\":2,\"name\":\"Presidencia impugnar\u00e1 suspensi\u00f3n del Plan B de AMLO\"}]},{\"@type\":\"WebSite\",\"@id\":\"https:\\\/\\\/canal7slp.tv\\\/2023\\\/#website\",\"url\":\"https:\\\/\\\/canal7slp.tv\\\/2023\\\/\",\"name\":\"N7 - Noticieros Canal 7\",\"description\":\"Somos Televisi\u00f3n\",\"publisher\":{\"@id\":\"https:\\\/\\\/canal7slp.tv\\\/2023\\\/#organization\"},\"potentialAction\":[{\"@type\":\"SearchAction\",\"target\":{\"@type\":\"EntryPoint\",\"urlTemplate\":\"https:\\\/\\\/canal7slp.tv\\\/2023\\\/?s={search_term_string}\"},\"query-input\":{\"@type\":\"PropertyValueSpecification\",\"valueRequired\":true,\"valueName\":\"search_term_string\"}}],\"inLanguage\":\"es\"},{\"@type\":\"Organization\",\"@id\":\"https:\\\/\\\/canal7slp.tv\\\/2023\\\/#organization\",\"name\":\"Noticieros Canal 7\",\"url\":\"https:\\\/\\\/canal7slp.tv\\\/2023\\\/\",\"logo\":{\"@type\":\"ImageObject\",\"inLanguage\":\"es\",\"@id\":\"https:\\\/\\\/canal7slp.tv\\\/2023\\\/#\\\/schema\\\/logo\\\/image\\\/\",\"url\":\"https:\\\/\\\/canal7slp.tv\\\/2023\\\/wp-content\\\/uploads\\\/2021\\\/01\\\/logo-noticieros@2x.png\",\"contentUrl\":\"https:\\\/\\\/canal7slp.tv\\\/2023\\\/wp-content\\\/uploads\\\/2021\\\/01\\\/logo-noticieros@2x.png\",\"width\":1017,\"height\":268,\"caption\":\"Noticieros Canal 7\"},\"image\":{\"@id\":\"https:\\\/\\\/canal7slp.tv\\\/2023\\\/#\\\/schema\\\/logo\\\/image\\\/\"},\"sameAs\":[\"https:\\\/\\\/www.facebook.com\\\/noticieroscanalsiete\",\"https:\\\/\\\/x.com\\\/NOTICIEROS7\",\"https:\\\/\\\/www.instagram.com\\\/canal7_slp\",\"https:\\\/\\\/www.youtube.com\\\/channel\\\/UCliiYs-gP3JfJeqdPrNdd5A\"]},{\"@type\":\"Person\",\"@id\":\"https:\\\/\\\/canal7slp.tv\\\/2023\\\/#\\\/schema\\\/person\\\/639c424e3584069003b11ae813915da6\",\"name\":\"Edici\u00f3n Web\",\"image\":{\"@type\":\"ImageObject\",\"inLanguage\":\"es\",\"@id\":\"https:\\\/\\\/secure.gravatar.com\\\/avatar\\\/eee448fc3f7164808013b816ba91ac7e43bbe82a70bebac296f8bc6f0addaa1a?s=96&d=mm&r=g\",\"url\":\"https:\\\/\\\/secure.gravatar.com\\\/avatar\\\/eee448fc3f7164808013b816ba91ac7e43bbe82a70bebac296f8bc6f0addaa1a?s=96&d=mm&r=g\",\"contentUrl\":\"https:\\\/\\\/secure.gravatar.com\\\/avatar\\\/eee448fc3f7164808013b816ba91ac7e43bbe82a70bebac296f8bc6f0addaa1a?s=96&d=mm&r=g\",\"caption\":\"Edici\u00f3n Web\"},\"url\":\"https:\\\/\\\/canal7slp.tv\\\/2023\\\/author\\\/edicionweb\\\/\"}]}<\/script>\n<!-- \/ Yoast SEO plugin. -->","yoast_head_json":{"title":"Presidencia impugnar\u00e1 suspensi\u00f3n del Plan B de AMLO - Canal 7 SLP - 2023","robots":{"index":"index","follow":"follow","max-snippet":"max-snippet:-1","max-image-preview":"max-image-preview:large","max-video-preview":"max-video-preview:-1"},"canonical":"https:\/\/canal7slp.tv\/2023\/presidencia-impugnara-suspension-del-plan-b-de-amlo\/","og_locale":"es_ES","og_type":"article","og_title":"Presidencia impugnar\u00e1 suspensi\u00f3n del Plan B de AMLO - Canal 7 SLP - 2023","og_description":"M\u00e9xico.- La Consejer\u00eda Jur\u00eddica del Ejecutivo Federal (CJEF) dio a conocer que impugnar\u00e1 la decisi\u00f3n de Javier Laynez Potisek, ministro de la Suprema Corte de Justicia de la Naci\u00f3n (SCJN), de admitir la controversia constitucional que interpuso el Instituto Nacional Electoral (INE) y suspender la aplicaci\u00f3n del \u201cPlan B\u201d de la Reforma Electoral. Por medio de un comunicado, la CJEF acus\u00f3 al ministro de arrancar hojas a la Constituci\u00f3n y que desconoce las reglas del procedimiento que regula las controversias constitucionales. Asimismo, el organismo asever\u00f3 que no es com\u00fan que -en un viernes por la noche y sin notificar formalmente [&hellip;]","og_url":"https:\/\/canal7slp.tv\/2023\/presidencia-impugnara-suspension-del-plan-b-de-amlo\/","og_site_name":"Canal 7 SLP - 2023","article_publisher":"https:\/\/www.facebook.com\/noticieroscanalsiete","article_published_time":"2023-03-27T03:20:18+00:00","og_image":[{"width":1199,"height":714,"url":"https:\/\/canal7slp.tv\/2023\/wp-content\/uploads\/2023\/03\/01_SCJN.jpg","type":"image\/jpeg"}],"author":"Edici\u00f3n Web","twitter_card":"summary_large_image","twitter_creator":"@NOTICIEROS7","twitter_site":"@NOTICIEROS7","twitter_misc":{"Escrito por":"Edici\u00f3n Web","Tiempo de lectura":"2 minutos"},"schema":{"@context":"https:\/\/schema.org","@graph":[{"@type":"Article","@id":"https:\/\/canal7slp.tv\/2023\/presidencia-impugnara-suspension-del-plan-b-de-amlo\/#article","isPartOf":{"@id":"https:\/\/canal7slp.tv\/2023\/presidencia-impugnara-suspension-del-plan-b-de-amlo\/"},"author":{"name":"Edici\u00f3n Web","@id":"https:\/\/canal7slp.tv\/2023\/#\/schema\/person\/639c424e3584069003b11ae813915da6"},"headline":"Presidencia impugnar\u00e1 suspensi\u00f3n del Plan B de AMLO","datePublished":"2023-03-27T03:20:18+00:00","mainEntityOfPage":{"@id":"https:\/\/canal7slp.tv\/2023\/presidencia-impugnara-suspension-del-plan-b-de-amlo\/"},"wordCount":285,"publisher":{"@id":"https:\/\/canal7slp.tv\/2023\/#organization"},"image":{"@id":"https:\/\/canal7slp.tv\/2023\/presidencia-impugnara-suspension-del-plan-b-de-amlo\/#primaryimage"},"thumbnailUrl":"https:\/\/canal7slp.tv\/2023\/wp-content\/uploads\/2023\/03\/01_SCJN.jpg","articleSection":["NACIONALES"],"inLanguage":"es"},{"@type":"WebPage","@id":"https:\/\/canal7slp.tv\/2023\/presidencia-impugnara-suspension-del-plan-b-de-amlo\/","url":"https:\/\/canal7slp.tv\/2023\/presidencia-impugnara-suspension-del-plan-b-de-amlo\/","name":"Presidencia impugnar\u00e1 suspensi\u00f3n del Plan B de AMLO - Canal 7 SLP - 2023","isPartOf":{"@id":"https:\/\/canal7slp.tv\/2023\/#website"},"primaryImageOfPage":{"@id":"https:\/\/canal7slp.tv\/2023\/presidencia-impugnara-suspension-del-plan-b-de-amlo\/#primaryimage"},"image":{"@id":"https:\/\/canal7slp.tv\/2023\/presidencia-impugnara-suspension-del-plan-b-de-amlo\/#primaryimage"},"thumbnailUrl":"https:\/\/canal7slp.tv\/2023\/wp-content\/uploads\/2023\/03\/01_SCJN.jpg","datePublished":"2023-03-27T03:20:18+00:00","breadcrumb":{"@id":"https:\/\/canal7slp.tv\/2023\/presidencia-impugnara-suspension-del-plan-b-de-amlo\/#breadcrumb"},"inLanguage":"es","potentialAction":[{"@type":"ReadAction","target":["https:\/\/canal7slp.tv\/2023\/presidencia-impugnara-suspension-del-plan-b-de-amlo\/"]}]},{"@type":"ImageObject","inLanguage":"es","@id":"https:\/\/canal7slp.tv\/2023\/presidencia-impugnara-suspension-del-plan-b-de-amlo\/#primaryimage","url":"https:\/\/canal7slp.tv\/2023\/wp-content\/uploads\/2023\/03\/01_SCJN.jpg","contentUrl":"https:\/\/canal7slp.tv\/2023\/wp-content\/uploads\/2023\/03\/01_SCJN.jpg","width":1199,"height":714},{"@type":"BreadcrumbList","@id":"https:\/\/canal7slp.tv\/2023\/presidencia-impugnara-suspension-del-plan-b-de-amlo\/#breadcrumb","itemListElement":[{"@type":"ListItem","position":1,"name":"Portada","item":"https:\/\/canal7slp.tv\/2023\/"},{"@type":"ListItem","position":2,"name":"Presidencia impugnar\u00e1 suspensi\u00f3n del Plan B de AMLO"}]},{"@type":"WebSite","@id":"https:\/\/canal7slp.tv\/2023\/#website","url":"https:\/\/canal7slp.tv\/2023\/","name":"N7 - Noticieros Canal 7","description":"Somos Televisi\u00f3n","publisher":{"@id":"https:\/\/canal7slp.tv\/2023\/#organization"},"potentialAction":[{"@type":"SearchAction","target":{"@type":"EntryPoint","urlTemplate":"https:\/\/canal7slp.tv\/2023\/?s={search_term_string}"},"query-input":{"@type":"PropertyValueSpecification","valueRequired":true,"valueName":"search_term_string"}}],"inLanguage":"es"},{"@type":"Organization","@id":"https:\/\/canal7slp.tv\/2023\/#organization","name":"Noticieros Canal 7","url":"https:\/\/canal7slp.tv\/2023\/","logo":{"@type":"ImageObject","inLanguage":"es","@id":"https:\/\/canal7slp.tv\/2023\/#\/schema\/logo\/image\/","url":"https:\/\/canal7slp.tv\/2023\/wp-content\/uploads\/2021\/01\/logo-noticieros@2x.png","contentUrl":"https:\/\/canal7slp.tv\/2023\/wp-content\/uploads\/2021\/01\/logo-noticieros@2x.png","width":1017,"height":268,"caption":"Noticieros Canal 7"},"image":{"@id":"https:\/\/canal7slp.tv\/2023\/#\/schema\/logo\/image\/"},"sameAs":["https:\/\/www.facebook.com\/noticieroscanalsiete","https:\/\/x.com\/NOTICIEROS7","https:\/\/www.instagram.com\/canal7_slp","https:\/\/www.youtube.com\/channel\/UCliiYs-gP3JfJeqdPrNdd5A"]},{"@type":"Person","@id":"https:\/\/canal7slp.tv\/2023\/#\/schema\/person\/639c424e3584069003b11ae813915da6","name":"Edici\u00f3n Web","image":{"@type":"ImageObject","inLanguage":"es","@id":"https:\/\/secure.gravatar.com\/avatar\/eee448fc3f7164808013b816ba91ac7e43bbe82a70bebac296f8bc6f0addaa1a?s=96&d=mm&r=g","url":"https:\/\/secure.gravatar.com\/avatar\/eee448fc3f7164808013b816ba91ac7e43bbe82a70bebac296f8bc6f0addaa1a?s=96&d=mm&r=g","contentUrl":"https:\/\/secure.gravatar.com\/avatar\/eee448fc3f7164808013b816ba91ac7e43bbe82a70bebac296f8bc6f0addaa1a?s=96&d=mm&r=g","caption":"Edici\u00f3n Web"},"url":"https:\/\/canal7slp.tv\/2023\/author\/edicionweb\/"}]}},"_links":{"self":[{"href":"https:\/\/canal7slp.tv\/2023\/wp-json\/wp\/v2\/posts\/91078","targetHints":{"allow":["GET"]}}],"collection":[{"href":"https:\/\/canal7slp.tv\/2023\/wp-json\/wp\/v2\/posts"}],"about":[{"href":"https:\/\/canal7slp.tv\/2023\/wp-json\/wp\/v2\/types\/post"}],"author":[{"embeddable":true,"href":"https:\/\/canal7slp.tv\/2023\/wp-json\/wp\/v2\/users\/2"}],"replies":[{"embeddable":true,"href":"https:\/\/canal7slp.tv\/2023\/wp-json\/wp\/v2\/comments?post=91078"}],"version-history":[{"count":3,"href":"https:\/\/canal7slp.tv\/2023\/wp-json\/wp\/v2\/posts\/91078\/revisions"}],"predecessor-version":[{"id":91114,"href":"https:\/\/canal7slp.tv\/2023\/wp-json\/wp\/v2\/posts\/91078\/revisions\/91114"}],"wp:featuredmedia":[{"embeddable":true,"href":"https:\/\/canal7slp.tv\/2023\/wp-json\/wp\/v2\/media\/91093"}],"wp:attachment":[{"href":"https:\/\/canal7slp.tv\/2023\/wp-json\/wp\/v2\/media?parent=91078"}],"wp:term":[{"taxonomy":"category","embeddable":true,"href":"https:\/\/canal7slp.tv\/2023\/wp-json\/wp\/v2\/categories?post=91078"},{"taxonomy":"post_tag","embeddable":true,"href":"https:\/\/canal7slp.tv\/2023\/wp-json\/wp\/v2\/tags?post=91078"}],"curies":[{"name":"wp","href":"https:\/\/api.w.org\/{rel}","templated":true}]}}