{"id":91050,"date":"2023-03-26T09:38:10","date_gmt":"2023-03-26T15:38:10","guid":{"rendered":"https:\/\/canal7slp.tv\/2023\/?p=91050"},"modified":"2023-03-26T09:38:10","modified_gmt":"2023-03-26T15:38:10","slug":"scjn-freno-plan-b-de-amlo","status":"publish","type":"post","link":"https:\/\/canal7slp.tv\/2023\/scjn-freno-plan-b-de-amlo\/","title":{"rendered":"SCJN fren\u00f3 Plan B de AMLO"},"content":{"rendered":"<ul>\n<li>Fue admitida controversia del INE y ahora el presidente lo atribuye a \u00abla mafia del poder\u00bb.<\/li>\n<\/ul>\n<p style=\"text-align: justify;\">M\u00e9xico.- Javier Laynez Potisek, ministro de la Suprema Corte de Justicia de la Naci\u00f3n (SCJN), otorg\u00f3 una suspensi\u00f3n indefinida contra el \u201cPlan B\u201d de la Reforma Electoral. Esto, tras recibir una controversia constitucional por parte del Instituto Nacional Electoral (INE).<\/p>\n<p style=\"text-align: justify;\">Con esto, la SCJN fren\u00f3 los cambios a diversas leyes electorales.<\/p>\n<p style=\"text-align: justify;\">Por medio de un comunicado, la SCJN detall\u00f3 que \u201cEl ministro instructor concedi\u00f3 la suspensi\u00f3n solicitada por el INE respecto de todos los art\u00edculos impugnados del decreto para efecto de que las cosas se mantengan en el estado en el que hoy se encuentran y rijan las disposiciones vigentes antes de la respectiva reforma\u201d.<\/p>\n<p style=\"text-align: justify;\">Es importante mencionar el que INE se\u00f1al\u00f3 que el Plan B crea condiciones que merman la autonom\u00eda del Instituto y su capacidad para ejercer las funciones que dicta la Constituci\u00f3n. Asimismo, la reforma desequilibra el modelo de comunicaci\u00f3n social y perjudica la equidad en la contienda.<\/p>\n<p style=\"text-align: justify;\">Cabe se\u00f1alar que la determinaci\u00f3n de Laynez Potisek se da porque el decreto no s\u00f3lo contiene normas de car\u00e1cter general, sino tambi\u00e9n de actos concretos de aplicaci\u00f3n sobre los cuales la suspensi\u00f3n general se concede.<\/p>\n<p style=\"text-align: justify;\">Asimismo, la Suprema Corte justific\u00f3 que existen precedentes donde se suspenden leyes por su posibilidad de vulnerar de manera irreparable los Derechos Humanos.<\/p>\n<p style=\"text-align: justify;\">\u201cEn el caso que nos ocupa se trata de la posible violaci\u00f3n a los derechos pol\u00edtico-electorales de la ciudadan\u00eda\u201d, se indic\u00f3 en el documento referido.<\/p>\n","protected":false},"excerpt":{"rendered":"<p>Fue admitida controversia del INE y ahora el presidente lo atribuye a \u00abla mafia del poder\u00bb. M\u00e9xico.- Javier Laynez Potisek, ministro de la Suprema Corte de Justicia de la Naci\u00f3n (SCJN), otorg\u00f3 una suspensi\u00f3n indefinida contra el \u201cPlan B\u201d de la Reforma Electoral. Esto, tras recibir una controversia constitucional por parte del Instituto Nacional Electoral (INE). Con esto, la SCJN fren\u00f3 los cambios a diversas leyes electorales. Por medio de un comunicado, la SCJN detall\u00f3 que \u201cEl ministro instructor concedi\u00f3 la suspensi\u00f3n solicitada por el INE respecto de todos los art\u00edculos impugnados del decreto para efecto de que las cosas [&hellip;]<\/p>\n","protected":false},"author":2,"featured_media":91051,"comment_status":"closed","ping_status":"closed","sticky":false,"template":"","format":"standard","meta":{"footnotes":""},"categories":[46],"tags":[],"class_list":["post-91050","post","type-post","status-publish","format-standard","has-post-thumbnail","hentry","category-nacional","post--single"],"yoast_head":"<!-- This site is optimized with the Yoast SEO plugin v27.4 - https:\/\/yoast.com\/product\/yoast-seo-wordpress\/ -->\n<title>SCJN fren\u00f3 Plan B de AMLO - Canal 7 SLP - 2023<\/title>\n<meta name=\"robots\" content=\"index, follow, max-snippet:-1, max-image-preview:large, max-video-preview:-1\" \/>\n<link rel=\"canonical\" href=\"https:\/\/canal7slp.tv\/2023\/scjn-freno-plan-b-de-amlo\/\" \/>\n<meta property=\"og:locale\" content=\"es_ES\" \/>\n<meta property=\"og:type\" content=\"article\" \/>\n<meta property=\"og:title\" content=\"SCJN fren\u00f3 Plan B de AMLO - Canal 7 SLP - 2023\" \/>\n<meta property=\"og:description\" content=\"Fue admitida controversia del INE y ahora el presidente lo atribuye a \u00abla mafia del poder\u00bb. M\u00e9xico.- Javier Laynez Potisek, ministro de la Suprema Corte de Justicia de la Naci\u00f3n (SCJN), otorg\u00f3 una suspensi\u00f3n indefinida contra el \u201cPlan B\u201d de la Reforma Electoral. Esto, tras recibir una controversia constitucional por parte del Instituto Nacional Electoral (INE). Con esto, la SCJN fren\u00f3 los cambios a diversas leyes electorales. Por medio de un comunicado, la SCJN detall\u00f3 que \u201cEl ministro instructor concedi\u00f3 la suspensi\u00f3n solicitada por el INE respecto de todos los art\u00edculos impugnados del decreto para efecto de que las cosas [&hellip;]\" \/>\n<meta property=\"og:url\" content=\"https:\/\/canal7slp.tv\/2023\/scjn-freno-plan-b-de-amlo\/\" \/>\n<meta property=\"og:site_name\" content=\"Canal 7 SLP - 2023\" \/>\n<meta property=\"article:publisher\" content=\"https:\/\/www.facebook.com\/noticieroscanalsiete\" \/>\n<meta property=\"article:published_time\" content=\"2023-03-26T15:38:10+00:00\" \/>\n<meta property=\"og:image\" content=\"https:\/\/canal7slp.tv\/2023\/wp-content\/uploads\/2023\/03\/02-22.jpg\" \/>\n\t<meta property=\"og:image:width\" content=\"900\" \/>\n\t<meta property=\"og:image:height\" content=\"506\" \/>\n\t<meta property=\"og:image:type\" content=\"image\/jpeg\" \/>\n<meta name=\"author\" content=\"Edici\u00f3n Web\" \/>\n<meta name=\"twitter:card\" content=\"summary_large_image\" \/>\n<meta name=\"twitter:creator\" content=\"@NOTICIEROS7\" \/>\n<meta name=\"twitter:site\" content=\"@NOTICIEROS7\" \/>\n<meta name=\"twitter:label1\" content=\"Escrito por\" \/>\n\t<meta name=\"twitter:data1\" content=\"Edici\u00f3n Web\" \/>\n\t<meta name=\"twitter:label2\" content=\"Tiempo de lectura\" \/>\n\t<meta name=\"twitter:data2\" content=\"2 minutos\" \/>\n<script type=\"application\/ld+json\" class=\"yoast-schema-graph\">{\"@context\":\"https:\\\/\\\/schema.org\",\"@graph\":[{\"@type\":\"Article\",\"@id\":\"https:\\\/\\\/canal7slp.tv\\\/2023\\\/scjn-freno-plan-b-de-amlo\\\/#article\",\"isPartOf\":{\"@id\":\"https:\\\/\\\/canal7slp.tv\\\/2023\\\/scjn-freno-plan-b-de-amlo\\\/\"},\"author\":{\"name\":\"Edici\u00f3n Web\",\"@id\":\"https:\\\/\\\/canal7slp.tv\\\/2023\\\/#\\\/schema\\\/person\\\/639c424e3584069003b11ae813915da6\"},\"headline\":\"SCJN fren\u00f3 Plan B de AMLO\",\"datePublished\":\"2023-03-26T15:38:10+00:00\",\"mainEntityOfPage\":{\"@id\":\"https:\\\/\\\/canal7slp.tv\\\/2023\\\/scjn-freno-plan-b-de-amlo\\\/\"},\"wordCount\":276,\"publisher\":{\"@id\":\"https:\\\/\\\/canal7slp.tv\\\/2023\\\/#organization\"},\"image\":{\"@id\":\"https:\\\/\\\/canal7slp.tv\\\/2023\\\/scjn-freno-plan-b-de-amlo\\\/#primaryimage\"},\"thumbnailUrl\":\"https:\\\/\\\/canal7slp.tv\\\/2023\\\/wp-content\\\/uploads\\\/2023\\\/03\\\/02-22.jpg\",\"articleSection\":[\"NACIONALES\"],\"inLanguage\":\"es\"},{\"@type\":\"WebPage\",\"@id\":\"https:\\\/\\\/canal7slp.tv\\\/2023\\\/scjn-freno-plan-b-de-amlo\\\/\",\"url\":\"https:\\\/\\\/canal7slp.tv\\\/2023\\\/scjn-freno-plan-b-de-amlo\\\/\",\"name\":\"SCJN fren\u00f3 Plan B de AMLO - Canal 7 SLP - 2023\",\"isPartOf\":{\"@id\":\"https:\\\/\\\/canal7slp.tv\\\/2023\\\/#website\"},\"primaryImageOfPage\":{\"@id\":\"https:\\\/\\\/canal7slp.tv\\\/2023\\\/scjn-freno-plan-b-de-amlo\\\/#primaryimage\"},\"image\":{\"@id\":\"https:\\\/\\\/canal7slp.tv\\\/2023\\\/scjn-freno-plan-b-de-amlo\\\/#primaryimage\"},\"thumbnailUrl\":\"https:\\\/\\\/canal7slp.tv\\\/2023\\\/wp-content\\\/uploads\\\/2023\\\/03\\\/02-22.jpg\",\"datePublished\":\"2023-03-26T15:38:10+00:00\",\"breadcrumb\":{\"@id\":\"https:\\\/\\\/canal7slp.tv\\\/2023\\\/scjn-freno-plan-b-de-amlo\\\/#breadcrumb\"},\"inLanguage\":\"es\",\"potentialAction\":[{\"@type\":\"ReadAction\",\"target\":[\"https:\\\/\\\/canal7slp.tv\\\/2023\\\/scjn-freno-plan-b-de-amlo\\\/\"]}]},{\"@type\":\"ImageObject\",\"inLanguage\":\"es\",\"@id\":\"https:\\\/\\\/canal7slp.tv\\\/2023\\\/scjn-freno-plan-b-de-amlo\\\/#primaryimage\",\"url\":\"https:\\\/\\\/canal7slp.tv\\\/2023\\\/wp-content\\\/uploads\\\/2023\\\/03\\\/02-22.jpg\",\"contentUrl\":\"https:\\\/\\\/canal7slp.tv\\\/2023\\\/wp-content\\\/uploads\\\/2023\\\/03\\\/02-22.jpg\",\"width\":900,\"height\":506},{\"@type\":\"BreadcrumbList\",\"@id\":\"https:\\\/\\\/canal7slp.tv\\\/2023\\\/scjn-freno-plan-b-de-amlo\\\/#breadcrumb\",\"itemListElement\":[{\"@type\":\"ListItem\",\"position\":1,\"name\":\"Portada\",\"item\":\"https:\\\/\\\/canal7slp.tv\\\/2023\\\/\"},{\"@type\":\"ListItem\",\"position\":2,\"name\":\"SCJN fren\u00f3 Plan B de AMLO\"}]},{\"@type\":\"WebSite\",\"@id\":\"https:\\\/\\\/canal7slp.tv\\\/2023\\\/#website\",\"url\":\"https:\\\/\\\/canal7slp.tv\\\/2023\\\/\",\"name\":\"N7 - Noticieros Canal 7\",\"description\":\"Somos Televisi\u00f3n\",\"publisher\":{\"@id\":\"https:\\\/\\\/canal7slp.tv\\\/2023\\\/#organization\"},\"potentialAction\":[{\"@type\":\"SearchAction\",\"target\":{\"@type\":\"EntryPoint\",\"urlTemplate\":\"https:\\\/\\\/canal7slp.tv\\\/2023\\\/?s={search_term_string}\"},\"query-input\":{\"@type\":\"PropertyValueSpecification\",\"valueRequired\":true,\"valueName\":\"search_term_string\"}}],\"inLanguage\":\"es\"},{\"@type\":\"Organization\",\"@id\":\"https:\\\/\\\/canal7slp.tv\\\/2023\\\/#organization\",\"name\":\"Noticieros Canal 7\",\"url\":\"https:\\\/\\\/canal7slp.tv\\\/2023\\\/\",\"logo\":{\"@type\":\"ImageObject\",\"inLanguage\":\"es\",\"@id\":\"https:\\\/\\\/canal7slp.tv\\\/2023\\\/#\\\/schema\\\/logo\\\/image\\\/\",\"url\":\"https:\\\/\\\/canal7slp.tv\\\/2023\\\/wp-content\\\/uploads\\\/2021\\\/01\\\/logo-noticieros@2x.png\",\"contentUrl\":\"https:\\\/\\\/canal7slp.tv\\\/2023\\\/wp-content\\\/uploads\\\/2021\\\/01\\\/logo-noticieros@2x.png\",\"width\":1017,\"height\":268,\"caption\":\"Noticieros Canal 7\"},\"image\":{\"@id\":\"https:\\\/\\\/canal7slp.tv\\\/2023\\\/#\\\/schema\\\/logo\\\/image\\\/\"},\"sameAs\":[\"https:\\\/\\\/www.facebook.com\\\/noticieroscanalsiete\",\"https:\\\/\\\/x.com\\\/NOTICIEROS7\",\"https:\\\/\\\/www.instagram.com\\\/canal7_slp\",\"https:\\\/\\\/www.youtube.com\\\/channel\\\/UCliiYs-gP3JfJeqdPrNdd5A\"]},{\"@type\":\"Person\",\"@id\":\"https:\\\/\\\/canal7slp.tv\\\/2023\\\/#\\\/schema\\\/person\\\/639c424e3584069003b11ae813915da6\",\"name\":\"Edici\u00f3n Web\",\"image\":{\"@type\":\"ImageObject\",\"inLanguage\":\"es\",\"@id\":\"https:\\\/\\\/secure.gravatar.com\\\/avatar\\\/eee448fc3f7164808013b816ba91ac7e43bbe82a70bebac296f8bc6f0addaa1a?s=96&d=mm&r=g\",\"url\":\"https:\\\/\\\/secure.gravatar.com\\\/avatar\\\/eee448fc3f7164808013b816ba91ac7e43bbe82a70bebac296f8bc6f0addaa1a?s=96&d=mm&r=g\",\"contentUrl\":\"https:\\\/\\\/secure.gravatar.com\\\/avatar\\\/eee448fc3f7164808013b816ba91ac7e43bbe82a70bebac296f8bc6f0addaa1a?s=96&d=mm&r=g\",\"caption\":\"Edici\u00f3n Web\"},\"url\":\"https:\\\/\\\/canal7slp.tv\\\/2023\\\/author\\\/edicionweb\\\/\"}]}<\/script>\n<!-- \/ Yoast SEO plugin. -->","yoast_head_json":{"title":"SCJN fren\u00f3 Plan B de AMLO - Canal 7 SLP - 2023","robots":{"index":"index","follow":"follow","max-snippet":"max-snippet:-1","max-image-preview":"max-image-preview:large","max-video-preview":"max-video-preview:-1"},"canonical":"https:\/\/canal7slp.tv\/2023\/scjn-freno-plan-b-de-amlo\/","og_locale":"es_ES","og_type":"article","og_title":"SCJN fren\u00f3 Plan B de AMLO - Canal 7 SLP - 2023","og_description":"Fue admitida controversia del INE y ahora el presidente lo atribuye a \u00abla mafia del poder\u00bb. M\u00e9xico.- Javier Laynez Potisek, ministro de la Suprema Corte de Justicia de la Naci\u00f3n (SCJN), otorg\u00f3 una suspensi\u00f3n indefinida contra el \u201cPlan B\u201d de la Reforma Electoral. Esto, tras recibir una controversia constitucional por parte del Instituto Nacional Electoral (INE). Con esto, la SCJN fren\u00f3 los cambios a diversas leyes electorales. Por medio de un comunicado, la SCJN detall\u00f3 que \u201cEl ministro instructor concedi\u00f3 la suspensi\u00f3n solicitada por el INE respecto de todos los art\u00edculos impugnados del decreto para efecto de que las cosas [&hellip;]","og_url":"https:\/\/canal7slp.tv\/2023\/scjn-freno-plan-b-de-amlo\/","og_site_name":"Canal 7 SLP - 2023","article_publisher":"https:\/\/www.facebook.com\/noticieroscanalsiete","article_published_time":"2023-03-26T15:38:10+00:00","og_image":[{"width":900,"height":506,"url":"https:\/\/canal7slp.tv\/2023\/wp-content\/uploads\/2023\/03\/02-22.jpg","type":"image\/jpeg"}],"author":"Edici\u00f3n Web","twitter_card":"summary_large_image","twitter_creator":"@NOTICIEROS7","twitter_site":"@NOTICIEROS7","twitter_misc":{"Escrito por":"Edici\u00f3n Web","Tiempo de lectura":"2 minutos"},"schema":{"@context":"https:\/\/schema.org","@graph":[{"@type":"Article","@id":"https:\/\/canal7slp.tv\/2023\/scjn-freno-plan-b-de-amlo\/#article","isPartOf":{"@id":"https:\/\/canal7slp.tv\/2023\/scjn-freno-plan-b-de-amlo\/"},"author":{"name":"Edici\u00f3n Web","@id":"https:\/\/canal7slp.tv\/2023\/#\/schema\/person\/639c424e3584069003b11ae813915da6"},"headline":"SCJN fren\u00f3 Plan B de AMLO","datePublished":"2023-03-26T15:38:10+00:00","mainEntityOfPage":{"@id":"https:\/\/canal7slp.tv\/2023\/scjn-freno-plan-b-de-amlo\/"},"wordCount":276,"publisher":{"@id":"https:\/\/canal7slp.tv\/2023\/#organization"},"image":{"@id":"https:\/\/canal7slp.tv\/2023\/scjn-freno-plan-b-de-amlo\/#primaryimage"},"thumbnailUrl":"https:\/\/canal7slp.tv\/2023\/wp-content\/uploads\/2023\/03\/02-22.jpg","articleSection":["NACIONALES"],"inLanguage":"es"},{"@type":"WebPage","@id":"https:\/\/canal7slp.tv\/2023\/scjn-freno-plan-b-de-amlo\/","url":"https:\/\/canal7slp.tv\/2023\/scjn-freno-plan-b-de-amlo\/","name":"SCJN fren\u00f3 Plan B de AMLO - Canal 7 SLP - 2023","isPartOf":{"@id":"https:\/\/canal7slp.tv\/2023\/#website"},"primaryImageOfPage":{"@id":"https:\/\/canal7slp.tv\/2023\/scjn-freno-plan-b-de-amlo\/#primaryimage"},"image":{"@id":"https:\/\/canal7slp.tv\/2023\/scjn-freno-plan-b-de-amlo\/#primaryimage"},"thumbnailUrl":"https:\/\/canal7slp.tv\/2023\/wp-content\/uploads\/2023\/03\/02-22.jpg","datePublished":"2023-03-26T15:38:10+00:00","breadcrumb":{"@id":"https:\/\/canal7slp.tv\/2023\/scjn-freno-plan-b-de-amlo\/#breadcrumb"},"inLanguage":"es","potentialAction":[{"@type":"ReadAction","target":["https:\/\/canal7slp.tv\/2023\/scjn-freno-plan-b-de-amlo\/"]}]},{"@type":"ImageObject","inLanguage":"es","@id":"https:\/\/canal7slp.tv\/2023\/scjn-freno-plan-b-de-amlo\/#primaryimage","url":"https:\/\/canal7slp.tv\/2023\/wp-content\/uploads\/2023\/03\/02-22.jpg","contentUrl":"https:\/\/canal7slp.tv\/2023\/wp-content\/uploads\/2023\/03\/02-22.jpg","width":900,"height":506},{"@type":"BreadcrumbList","@id":"https:\/\/canal7slp.tv\/2023\/scjn-freno-plan-b-de-amlo\/#breadcrumb","itemListElement":[{"@type":"ListItem","position":1,"name":"Portada","item":"https:\/\/canal7slp.tv\/2023\/"},{"@type":"ListItem","position":2,"name":"SCJN fren\u00f3 Plan B de AMLO"}]},{"@type":"WebSite","@id":"https:\/\/canal7slp.tv\/2023\/#website","url":"https:\/\/canal7slp.tv\/2023\/","name":"N7 - Noticieros Canal 7","description":"Somos Televisi\u00f3n","publisher":{"@id":"https:\/\/canal7slp.tv\/2023\/#organization"},"potentialAction":[{"@type":"SearchAction","target":{"@type":"EntryPoint","urlTemplate":"https:\/\/canal7slp.tv\/2023\/?s={search_term_string}"},"query-input":{"@type":"PropertyValueSpecification","valueRequired":true,"valueName":"search_term_string"}}],"inLanguage":"es"},{"@type":"Organization","@id":"https:\/\/canal7slp.tv\/2023\/#organization","name":"Noticieros Canal 7","url":"https:\/\/canal7slp.tv\/2023\/","logo":{"@type":"ImageObject","inLanguage":"es","@id":"https:\/\/canal7slp.tv\/2023\/#\/schema\/logo\/image\/","url":"https:\/\/canal7slp.tv\/2023\/wp-content\/uploads\/2021\/01\/logo-noticieros@2x.png","contentUrl":"https:\/\/canal7slp.tv\/2023\/wp-content\/uploads\/2021\/01\/logo-noticieros@2x.png","width":1017,"height":268,"caption":"Noticieros Canal 7"},"image":{"@id":"https:\/\/canal7slp.tv\/2023\/#\/schema\/logo\/image\/"},"sameAs":["https:\/\/www.facebook.com\/noticieroscanalsiete","https:\/\/x.com\/NOTICIEROS7","https:\/\/www.instagram.com\/canal7_slp","https:\/\/www.youtube.com\/channel\/UCliiYs-gP3JfJeqdPrNdd5A"]},{"@type":"Person","@id":"https:\/\/canal7slp.tv\/2023\/#\/schema\/person\/639c424e3584069003b11ae813915da6","name":"Edici\u00f3n Web","image":{"@type":"ImageObject","inLanguage":"es","@id":"https:\/\/secure.gravatar.com\/avatar\/eee448fc3f7164808013b816ba91ac7e43bbe82a70bebac296f8bc6f0addaa1a?s=96&d=mm&r=g","url":"https:\/\/secure.gravatar.com\/avatar\/eee448fc3f7164808013b816ba91ac7e43bbe82a70bebac296f8bc6f0addaa1a?s=96&d=mm&r=g","contentUrl":"https:\/\/secure.gravatar.com\/avatar\/eee448fc3f7164808013b816ba91ac7e43bbe82a70bebac296f8bc6f0addaa1a?s=96&d=mm&r=g","caption":"Edici\u00f3n Web"},"url":"https:\/\/canal7slp.tv\/2023\/author\/edicionweb\/"}]}},"_links":{"self":[{"href":"https:\/\/canal7slp.tv\/2023\/wp-json\/wp\/v2\/posts\/91050","targetHints":{"allow":["GET"]}}],"collection":[{"href":"https:\/\/canal7slp.tv\/2023\/wp-json\/wp\/v2\/posts"}],"about":[{"href":"https:\/\/canal7slp.tv\/2023\/wp-json\/wp\/v2\/types\/post"}],"author":[{"embeddable":true,"href":"https:\/\/canal7slp.tv\/2023\/wp-json\/wp\/v2\/users\/2"}],"replies":[{"embeddable":true,"href":"https:\/\/canal7slp.tv\/2023\/wp-json\/wp\/v2\/comments?post=91050"}],"version-history":[{"count":2,"href":"https:\/\/canal7slp.tv\/2023\/wp-json\/wp\/v2\/posts\/91050\/revisions"}],"predecessor-version":[{"id":91061,"href":"https:\/\/canal7slp.tv\/2023\/wp-json\/wp\/v2\/posts\/91050\/revisions\/91061"}],"wp:featuredmedia":[{"embeddable":true,"href":"https:\/\/canal7slp.tv\/2023\/wp-json\/wp\/v2\/media\/91051"}],"wp:attachment":[{"href":"https:\/\/canal7slp.tv\/2023\/wp-json\/wp\/v2\/media?parent=91050"}],"wp:term":[{"taxonomy":"category","embeddable":true,"href":"https:\/\/canal7slp.tv\/2023\/wp-json\/wp\/v2\/categories?post=91050"},{"taxonomy":"post_tag","embeddable":true,"href":"https:\/\/canal7slp.tv\/2023\/wp-json\/wp\/v2\/tags?post=91050"}],"curies":[{"name":"wp","href":"https:\/\/api.w.org\/{rel}","templated":true}]}}