{"id":91030,"date":"2023-03-25T16:38:36","date_gmt":"2023-03-25T22:38:36","guid":{"rendered":"https:\/\/canal7slp.tv\/2023\/?p=91030"},"modified":"2023-03-25T16:38:36","modified_gmt":"2023-03-25T22:38:36","slug":"vislumbra-uaslp-a-la-coara-como-facultad-en-un-futuro-cercano","status":"publish","type":"post","link":"https:\/\/canal7slp.tv\/2023\/vislumbra-uaslp-a-la-coara-como-facultad-en-un-futuro-cercano\/","title":{"rendered":"Vislumbra UASLP a la COARA como facultad, en un futuro cercano"},"content":{"rendered":"<p style=\"text-align: justify;\">Matehuala- Tras asistir a la inauguraci\u00f3n de Marketics 2023, en la Coordinaci\u00f3n Acad\u00e9mica Regi\u00f3n Altiplano, el Rector de la Universidad Aut\u00f3noma de San Luis Potos\u00ed, Alejandro Javier Zerme\u00f1o Guerra, destac\u00f3 que se lleven a cabo congresos de nivel internacional en la zona.<\/p>\n<p style=\"text-align: justify;\">\u00abYo creo que ha sido un trabajo muy arduo que ha hecho este campus en Matehuala y que por supuesto viene a fortalecer la educaci\u00f3n que tienen nuestros estudiantes, yo creo que es un gran esfuerzo de los maestros y de los alumnos, es muy satisfactorio para la universidad que todos pongan de su parte para que esto sea un \u00e9xito\u00bb, dijo.<\/p>\n<p style=\"text-align: justify;\">Para Zerme\u00f1o Guerra la COARA se ha convertido en uno de los campus m\u00e1s importantes de la universidad, \u00abyo vislumbro que est\u00e1 Coordinaci\u00f3n pase a ser facultad, espero verlo pronto, creo que re\u00fanen todas las condiciones para poder ser una facultad, ya tienen grandes avances en posgrado y creo que eso nos va a llevar a que sea una facultad\u00bb.<\/p>\n<p style=\"text-align: justify;\">Al ser cuestionado sobre las situaciones de inseguridad que se han vivido en el campus, el Rector de la Universidad, coment\u00f3 al respecto, \u00abaqu\u00ed se han hecho acciones interesantes que fueron ejemplares para los otros campus, como la revisi\u00f3n de mochilas, al principio se detectaron cosas no correctas y ahora cada vez que se hacen son menos las cosas indebidas que se encuentran, creo que la comunidad se ha dado cuenta que pueden estar tranquilos y seguros, dentro de lo que cabe, en ning\u00fan lugar del mundo puedes estar cien por ciento seguro, pero creo que la universidad ofrece bastante tranquilidad \u00ab.<\/p>\n<p>Por: Jes\u00fas Valencia<\/p>\n","protected":false},"excerpt":{"rendered":"<p>Matehuala- Tras asistir a la inauguraci\u00f3n de Marketics 2023, en la Coordinaci\u00f3n Acad\u00e9mica Regi\u00f3n Altiplano, el Rector de la Universidad Aut\u00f3noma de San Luis Potos\u00ed, Alejandro Javier Zerme\u00f1o Guerra, destac\u00f3 que se lleven a cabo congresos de nivel internacional en la zona. \u00abYo creo que ha sido un trabajo muy arduo que ha hecho este campus en Matehuala y que por supuesto viene a fortalecer la educaci\u00f3n que tienen nuestros estudiantes, yo creo que es un gran esfuerzo de los maestros y de los alumnos, es muy satisfactorio para la universidad que todos pongan de su parte para que esto [&hellip;]<\/p>\n","protected":false},"author":2,"featured_media":91032,"comment_status":"closed","ping_status":"closed","sticky":false,"template":"","format":"video","meta":{"footnotes":""},"categories":[5,43],"tags":[],"class_list":["post-91030","post","type-post","status-publish","format-video","has-post-thumbnail","hentry","category-destacadas","category-interior","post_format-post-format-video","post--single"],"yoast_head":"<!-- This site is optimized with the Yoast SEO plugin v27.4 - https:\/\/yoast.com\/product\/yoast-seo-wordpress\/ -->\n<title>Vislumbra UASLP a la COARA como facultad, en un futuro cercano - Canal 7 SLP - 2023<\/title>\n<meta name=\"robots\" content=\"index, follow, max-snippet:-1, max-image-preview:large, max-video-preview:-1\" \/>\n<link rel=\"canonical\" href=\"https:\/\/canal7slp.tv\/2023\/vislumbra-uaslp-a-la-coara-como-facultad-en-un-futuro-cercano\/\" \/>\n<meta property=\"og:locale\" content=\"es_ES\" \/>\n<meta property=\"og:type\" content=\"article\" \/>\n<meta property=\"og:title\" content=\"Vislumbra UASLP a la COARA como facultad, en un futuro cercano - Canal 7 SLP - 2023\" \/>\n<meta property=\"og:description\" content=\"Matehuala- Tras asistir a la inauguraci\u00f3n de Marketics 2023, en la Coordinaci\u00f3n Acad\u00e9mica Regi\u00f3n Altiplano, el Rector de la Universidad Aut\u00f3noma de San Luis Potos\u00ed, Alejandro Javier Zerme\u00f1o Guerra, destac\u00f3 que se lleven a cabo congresos de nivel internacional en la zona. \u00abYo creo que ha sido un trabajo muy arduo que ha hecho este campus en Matehuala y que por supuesto viene a fortalecer la educaci\u00f3n que tienen nuestros estudiantes, yo creo que es un gran esfuerzo de los maestros y de los alumnos, es muy satisfactorio para la universidad que todos pongan de su parte para que esto [&hellip;]\" \/>\n<meta property=\"og:url\" content=\"https:\/\/canal7slp.tv\/2023\/vislumbra-uaslp-a-la-coara-como-facultad-en-un-futuro-cercano\/\" \/>\n<meta property=\"og:site_name\" content=\"Canal 7 SLP - 2023\" \/>\n<meta property=\"article:publisher\" content=\"https:\/\/www.facebook.com\/noticieroscanalsiete\" \/>\n<meta property=\"article:published_time\" content=\"2023-03-25T22:38:36+00:00\" \/>\n<meta property=\"og:image\" content=\"https:\/\/canal7slp.tv\/2023\/wp-content\/uploads\/2023\/03\/Valencia02UASLP.jpg\" \/>\n\t<meta property=\"og:image:width\" content=\"909\" \/>\n\t<meta property=\"og:image:height\" content=\"500\" \/>\n\t<meta property=\"og:image:type\" content=\"image\/jpeg\" \/>\n<meta name=\"author\" content=\"Edici\u00f3n Web\" \/>\n<meta name=\"twitter:card\" content=\"summary_large_image\" \/>\n<meta name=\"twitter:creator\" content=\"@NOTICIEROS7\" \/>\n<meta name=\"twitter:site\" content=\"@NOTICIEROS7\" \/>\n<meta name=\"twitter:label1\" content=\"Escrito por\" \/>\n\t<meta name=\"twitter:data1\" content=\"Edici\u00f3n Web\" \/>\n\t<meta name=\"twitter:label2\" content=\"Tiempo de lectura\" \/>\n\t<meta name=\"twitter:data2\" content=\"2 minutos\" \/>\n<script type=\"application\/ld+json\" class=\"yoast-schema-graph\">{\"@context\":\"https:\\\/\\\/schema.org\",\"@graph\":[{\"@type\":\"Article\",\"@id\":\"https:\\\/\\\/canal7slp.tv\\\/2023\\\/vislumbra-uaslp-a-la-coara-como-facultad-en-un-futuro-cercano\\\/#article\",\"isPartOf\":{\"@id\":\"https:\\\/\\\/canal7slp.tv\\\/2023\\\/vislumbra-uaslp-a-la-coara-como-facultad-en-un-futuro-cercano\\\/\"},\"author\":{\"name\":\"Edici\u00f3n Web\",\"@id\":\"https:\\\/\\\/canal7slp.tv\\\/2023\\\/#\\\/schema\\\/person\\\/639c424e3584069003b11ae813915da6\"},\"headline\":\"Vislumbra UASLP a la COARA como facultad, en un futuro cercano\",\"datePublished\":\"2023-03-25T22:38:36+00:00\",\"mainEntityOfPage\":{\"@id\":\"https:\\\/\\\/canal7slp.tv\\\/2023\\\/vislumbra-uaslp-a-la-coara-como-facultad-en-un-futuro-cercano\\\/\"},\"wordCount\":292,\"publisher\":{\"@id\":\"https:\\\/\\\/canal7slp.tv\\\/2023\\\/#organization\"},\"image\":{\"@id\":\"https:\\\/\\\/canal7slp.tv\\\/2023\\\/vislumbra-uaslp-a-la-coara-como-facultad-en-un-futuro-cercano\\\/#primaryimage\"},\"thumbnailUrl\":\"https:\\\/\\\/canal7slp.tv\\\/2023\\\/wp-content\\\/uploads\\\/2023\\\/03\\\/Valencia02UASLP.jpg\",\"articleSection\":[\"DESTACADAS\",\"INTERIOR DEL ESTADO\"],\"inLanguage\":\"es\"},{\"@type\":\"WebPage\",\"@id\":\"https:\\\/\\\/canal7slp.tv\\\/2023\\\/vislumbra-uaslp-a-la-coara-como-facultad-en-un-futuro-cercano\\\/\",\"url\":\"https:\\\/\\\/canal7slp.tv\\\/2023\\\/vislumbra-uaslp-a-la-coara-como-facultad-en-un-futuro-cercano\\\/\",\"name\":\"Vislumbra UASLP a la COARA como facultad, en un futuro cercano - Canal 7 SLP - 2023\",\"isPartOf\":{\"@id\":\"https:\\\/\\\/canal7slp.tv\\\/2023\\\/#website\"},\"primaryImageOfPage\":{\"@id\":\"https:\\\/\\\/canal7slp.tv\\\/2023\\\/vislumbra-uaslp-a-la-coara-como-facultad-en-un-futuro-cercano\\\/#primaryimage\"},\"image\":{\"@id\":\"https:\\\/\\\/canal7slp.tv\\\/2023\\\/vislumbra-uaslp-a-la-coara-como-facultad-en-un-futuro-cercano\\\/#primaryimage\"},\"thumbnailUrl\":\"https:\\\/\\\/canal7slp.tv\\\/2023\\\/wp-content\\\/uploads\\\/2023\\\/03\\\/Valencia02UASLP.jpg\",\"datePublished\":\"2023-03-25T22:38:36+00:00\",\"breadcrumb\":{\"@id\":\"https:\\\/\\\/canal7slp.tv\\\/2023\\\/vislumbra-uaslp-a-la-coara-como-facultad-en-un-futuro-cercano\\\/#breadcrumb\"},\"inLanguage\":\"es\",\"potentialAction\":[{\"@type\":\"ReadAction\",\"target\":[\"https:\\\/\\\/canal7slp.tv\\\/2023\\\/vislumbra-uaslp-a-la-coara-como-facultad-en-un-futuro-cercano\\\/\"]}]},{\"@type\":\"ImageObject\",\"inLanguage\":\"es\",\"@id\":\"https:\\\/\\\/canal7slp.tv\\\/2023\\\/vislumbra-uaslp-a-la-coara-como-facultad-en-un-futuro-cercano\\\/#primaryimage\",\"url\":\"https:\\\/\\\/canal7slp.tv\\\/2023\\\/wp-content\\\/uploads\\\/2023\\\/03\\\/Valencia02UASLP.jpg\",\"contentUrl\":\"https:\\\/\\\/canal7slp.tv\\\/2023\\\/wp-content\\\/uploads\\\/2023\\\/03\\\/Valencia02UASLP.jpg\",\"width\":909,\"height\":500},{\"@type\":\"BreadcrumbList\",\"@id\":\"https:\\\/\\\/canal7slp.tv\\\/2023\\\/vislumbra-uaslp-a-la-coara-como-facultad-en-un-futuro-cercano\\\/#breadcrumb\",\"itemListElement\":[{\"@type\":\"ListItem\",\"position\":1,\"name\":\"Portada\",\"item\":\"https:\\\/\\\/canal7slp.tv\\\/2023\\\/\"},{\"@type\":\"ListItem\",\"position\":2,\"name\":\"Vislumbra UASLP a la COARA como facultad, en un futuro cercano\"}]},{\"@type\":\"WebSite\",\"@id\":\"https:\\\/\\\/canal7slp.tv\\\/2023\\\/#website\",\"url\":\"https:\\\/\\\/canal7slp.tv\\\/2023\\\/\",\"name\":\"N7 - Noticieros Canal 7\",\"description\":\"Somos Televisi\u00f3n\",\"publisher\":{\"@id\":\"https:\\\/\\\/canal7slp.tv\\\/2023\\\/#organization\"},\"potentialAction\":[{\"@type\":\"SearchAction\",\"target\":{\"@type\":\"EntryPoint\",\"urlTemplate\":\"https:\\\/\\\/canal7slp.tv\\\/2023\\\/?s={search_term_string}\"},\"query-input\":{\"@type\":\"PropertyValueSpecification\",\"valueRequired\":true,\"valueName\":\"search_term_string\"}}],\"inLanguage\":\"es\"},{\"@type\":\"Organization\",\"@id\":\"https:\\\/\\\/canal7slp.tv\\\/2023\\\/#organization\",\"name\":\"Noticieros Canal 7\",\"url\":\"https:\\\/\\\/canal7slp.tv\\\/2023\\\/\",\"logo\":{\"@type\":\"ImageObject\",\"inLanguage\":\"es\",\"@id\":\"https:\\\/\\\/canal7slp.tv\\\/2023\\\/#\\\/schema\\\/logo\\\/image\\\/\",\"url\":\"https:\\\/\\\/canal7slp.tv\\\/2023\\\/wp-content\\\/uploads\\\/2021\\\/01\\\/logo-noticieros@2x.png\",\"contentUrl\":\"https:\\\/\\\/canal7slp.tv\\\/2023\\\/wp-content\\\/uploads\\\/2021\\\/01\\\/logo-noticieros@2x.png\",\"width\":1017,\"height\":268,\"caption\":\"Noticieros Canal 7\"},\"image\":{\"@id\":\"https:\\\/\\\/canal7slp.tv\\\/2023\\\/#\\\/schema\\\/logo\\\/image\\\/\"},\"sameAs\":[\"https:\\\/\\\/www.facebook.com\\\/noticieroscanalsiete\",\"https:\\\/\\\/x.com\\\/NOTICIEROS7\",\"https:\\\/\\\/www.instagram.com\\\/canal7_slp\",\"https:\\\/\\\/www.youtube.com\\\/channel\\\/UCliiYs-gP3JfJeqdPrNdd5A\"]},{\"@type\":\"Person\",\"@id\":\"https:\\\/\\\/canal7slp.tv\\\/2023\\\/#\\\/schema\\\/person\\\/639c424e3584069003b11ae813915da6\",\"name\":\"Edici\u00f3n Web\",\"image\":{\"@type\":\"ImageObject\",\"inLanguage\":\"es\",\"@id\":\"https:\\\/\\\/secure.gravatar.com\\\/avatar\\\/eee448fc3f7164808013b816ba91ac7e43bbe82a70bebac296f8bc6f0addaa1a?s=96&d=mm&r=g\",\"url\":\"https:\\\/\\\/secure.gravatar.com\\\/avatar\\\/eee448fc3f7164808013b816ba91ac7e43bbe82a70bebac296f8bc6f0addaa1a?s=96&d=mm&r=g\",\"contentUrl\":\"https:\\\/\\\/secure.gravatar.com\\\/avatar\\\/eee448fc3f7164808013b816ba91ac7e43bbe82a70bebac296f8bc6f0addaa1a?s=96&d=mm&r=g\",\"caption\":\"Edici\u00f3n Web\"},\"url\":\"https:\\\/\\\/canal7slp.tv\\\/2023\\\/author\\\/edicionweb\\\/\"}]}<\/script>\n<!-- \/ Yoast SEO plugin. -->","yoast_head_json":{"title":"Vislumbra UASLP a la COARA como facultad, en un futuro cercano - Canal 7 SLP - 2023","robots":{"index":"index","follow":"follow","max-snippet":"max-snippet:-1","max-image-preview":"max-image-preview:large","max-video-preview":"max-video-preview:-1"},"canonical":"https:\/\/canal7slp.tv\/2023\/vislumbra-uaslp-a-la-coara-como-facultad-en-un-futuro-cercano\/","og_locale":"es_ES","og_type":"article","og_title":"Vislumbra UASLP a la COARA como facultad, en un futuro cercano - Canal 7 SLP - 2023","og_description":"Matehuala- Tras asistir a la inauguraci\u00f3n de Marketics 2023, en la Coordinaci\u00f3n Acad\u00e9mica Regi\u00f3n Altiplano, el Rector de la Universidad Aut\u00f3noma de San Luis Potos\u00ed, Alejandro Javier Zerme\u00f1o Guerra, destac\u00f3 que se lleven a cabo congresos de nivel internacional en la zona. \u00abYo creo que ha sido un trabajo muy arduo que ha hecho este campus en Matehuala y que por supuesto viene a fortalecer la educaci\u00f3n que tienen nuestros estudiantes, yo creo que es un gran esfuerzo de los maestros y de los alumnos, es muy satisfactorio para la universidad que todos pongan de su parte para que esto [&hellip;]","og_url":"https:\/\/canal7slp.tv\/2023\/vislumbra-uaslp-a-la-coara-como-facultad-en-un-futuro-cercano\/","og_site_name":"Canal 7 SLP - 2023","article_publisher":"https:\/\/www.facebook.com\/noticieroscanalsiete","article_published_time":"2023-03-25T22:38:36+00:00","og_image":[{"width":909,"height":500,"url":"https:\/\/canal7slp.tv\/2023\/wp-content\/uploads\/2023\/03\/Valencia02UASLP.jpg","type":"image\/jpeg"}],"author":"Edici\u00f3n Web","twitter_card":"summary_large_image","twitter_creator":"@NOTICIEROS7","twitter_site":"@NOTICIEROS7","twitter_misc":{"Escrito por":"Edici\u00f3n Web","Tiempo de lectura":"2 minutos"},"schema":{"@context":"https:\/\/schema.org","@graph":[{"@type":"Article","@id":"https:\/\/canal7slp.tv\/2023\/vislumbra-uaslp-a-la-coara-como-facultad-en-un-futuro-cercano\/#article","isPartOf":{"@id":"https:\/\/canal7slp.tv\/2023\/vislumbra-uaslp-a-la-coara-como-facultad-en-un-futuro-cercano\/"},"author":{"name":"Edici\u00f3n Web","@id":"https:\/\/canal7slp.tv\/2023\/#\/schema\/person\/639c424e3584069003b11ae813915da6"},"headline":"Vislumbra UASLP a la COARA como facultad, en un futuro cercano","datePublished":"2023-03-25T22:38:36+00:00","mainEntityOfPage":{"@id":"https:\/\/canal7slp.tv\/2023\/vislumbra-uaslp-a-la-coara-como-facultad-en-un-futuro-cercano\/"},"wordCount":292,"publisher":{"@id":"https:\/\/canal7slp.tv\/2023\/#organization"},"image":{"@id":"https:\/\/canal7slp.tv\/2023\/vislumbra-uaslp-a-la-coara-como-facultad-en-un-futuro-cercano\/#primaryimage"},"thumbnailUrl":"https:\/\/canal7slp.tv\/2023\/wp-content\/uploads\/2023\/03\/Valencia02UASLP.jpg","articleSection":["DESTACADAS","INTERIOR DEL ESTADO"],"inLanguage":"es"},{"@type":"WebPage","@id":"https:\/\/canal7slp.tv\/2023\/vislumbra-uaslp-a-la-coara-como-facultad-en-un-futuro-cercano\/","url":"https:\/\/canal7slp.tv\/2023\/vislumbra-uaslp-a-la-coara-como-facultad-en-un-futuro-cercano\/","name":"Vislumbra UASLP a la COARA como facultad, en un futuro cercano - Canal 7 SLP - 2023","isPartOf":{"@id":"https:\/\/canal7slp.tv\/2023\/#website"},"primaryImageOfPage":{"@id":"https:\/\/canal7slp.tv\/2023\/vislumbra-uaslp-a-la-coara-como-facultad-en-un-futuro-cercano\/#primaryimage"},"image":{"@id":"https:\/\/canal7slp.tv\/2023\/vislumbra-uaslp-a-la-coara-como-facultad-en-un-futuro-cercano\/#primaryimage"},"thumbnailUrl":"https:\/\/canal7slp.tv\/2023\/wp-content\/uploads\/2023\/03\/Valencia02UASLP.jpg","datePublished":"2023-03-25T22:38:36+00:00","breadcrumb":{"@id":"https:\/\/canal7slp.tv\/2023\/vislumbra-uaslp-a-la-coara-como-facultad-en-un-futuro-cercano\/#breadcrumb"},"inLanguage":"es","potentialAction":[{"@type":"ReadAction","target":["https:\/\/canal7slp.tv\/2023\/vislumbra-uaslp-a-la-coara-como-facultad-en-un-futuro-cercano\/"]}]},{"@type":"ImageObject","inLanguage":"es","@id":"https:\/\/canal7slp.tv\/2023\/vislumbra-uaslp-a-la-coara-como-facultad-en-un-futuro-cercano\/#primaryimage","url":"https:\/\/canal7slp.tv\/2023\/wp-content\/uploads\/2023\/03\/Valencia02UASLP.jpg","contentUrl":"https:\/\/canal7slp.tv\/2023\/wp-content\/uploads\/2023\/03\/Valencia02UASLP.jpg","width":909,"height":500},{"@type":"BreadcrumbList","@id":"https:\/\/canal7slp.tv\/2023\/vislumbra-uaslp-a-la-coara-como-facultad-en-un-futuro-cercano\/#breadcrumb","itemListElement":[{"@type":"ListItem","position":1,"name":"Portada","item":"https:\/\/canal7slp.tv\/2023\/"},{"@type":"ListItem","position":2,"name":"Vislumbra UASLP a la COARA como facultad, en un futuro cercano"}]},{"@type":"WebSite","@id":"https:\/\/canal7slp.tv\/2023\/#website","url":"https:\/\/canal7slp.tv\/2023\/","name":"N7 - Noticieros Canal 7","description":"Somos Televisi\u00f3n","publisher":{"@id":"https:\/\/canal7slp.tv\/2023\/#organization"},"potentialAction":[{"@type":"SearchAction","target":{"@type":"EntryPoint","urlTemplate":"https:\/\/canal7slp.tv\/2023\/?s={search_term_string}"},"query-input":{"@type":"PropertyValueSpecification","valueRequired":true,"valueName":"search_term_string"}}],"inLanguage":"es"},{"@type":"Organization","@id":"https:\/\/canal7slp.tv\/2023\/#organization","name":"Noticieros Canal 7","url":"https:\/\/canal7slp.tv\/2023\/","logo":{"@type":"ImageObject","inLanguage":"es","@id":"https:\/\/canal7slp.tv\/2023\/#\/schema\/logo\/image\/","url":"https:\/\/canal7slp.tv\/2023\/wp-content\/uploads\/2021\/01\/logo-noticieros@2x.png","contentUrl":"https:\/\/canal7slp.tv\/2023\/wp-content\/uploads\/2021\/01\/logo-noticieros@2x.png","width":1017,"height":268,"caption":"Noticieros Canal 7"},"image":{"@id":"https:\/\/canal7slp.tv\/2023\/#\/schema\/logo\/image\/"},"sameAs":["https:\/\/www.facebook.com\/noticieroscanalsiete","https:\/\/x.com\/NOTICIEROS7","https:\/\/www.instagram.com\/canal7_slp","https:\/\/www.youtube.com\/channel\/UCliiYs-gP3JfJeqdPrNdd5A"]},{"@type":"Person","@id":"https:\/\/canal7slp.tv\/2023\/#\/schema\/person\/639c424e3584069003b11ae813915da6","name":"Edici\u00f3n Web","image":{"@type":"ImageObject","inLanguage":"es","@id":"https:\/\/secure.gravatar.com\/avatar\/eee448fc3f7164808013b816ba91ac7e43bbe82a70bebac296f8bc6f0addaa1a?s=96&d=mm&r=g","url":"https:\/\/secure.gravatar.com\/avatar\/eee448fc3f7164808013b816ba91ac7e43bbe82a70bebac296f8bc6f0addaa1a?s=96&d=mm&r=g","contentUrl":"https:\/\/secure.gravatar.com\/avatar\/eee448fc3f7164808013b816ba91ac7e43bbe82a70bebac296f8bc6f0addaa1a?s=96&d=mm&r=g","caption":"Edici\u00f3n Web"},"url":"https:\/\/canal7slp.tv\/2023\/author\/edicionweb\/"}]}},"_links":{"self":[{"href":"https:\/\/canal7slp.tv\/2023\/wp-json\/wp\/v2\/posts\/91030","targetHints":{"allow":["GET"]}}],"collection":[{"href":"https:\/\/canal7slp.tv\/2023\/wp-json\/wp\/v2\/posts"}],"about":[{"href":"https:\/\/canal7slp.tv\/2023\/wp-json\/wp\/v2\/types\/post"}],"author":[{"embeddable":true,"href":"https:\/\/canal7slp.tv\/2023\/wp-json\/wp\/v2\/users\/2"}],"replies":[{"embeddable":true,"href":"https:\/\/canal7slp.tv\/2023\/wp-json\/wp\/v2\/comments?post=91030"}],"version-history":[{"count":1,"href":"https:\/\/canal7slp.tv\/2023\/wp-json\/wp\/v2\/posts\/91030\/revisions"}],"predecessor-version":[{"id":91033,"href":"https:\/\/canal7slp.tv\/2023\/wp-json\/wp\/v2\/posts\/91030\/revisions\/91033"}],"wp:featuredmedia":[{"embeddable":true,"href":"https:\/\/canal7slp.tv\/2023\/wp-json\/wp\/v2\/media\/91032"}],"wp:attachment":[{"href":"https:\/\/canal7slp.tv\/2023\/wp-json\/wp\/v2\/media?parent=91030"}],"wp:term":[{"taxonomy":"category","embeddable":true,"href":"https:\/\/canal7slp.tv\/2023\/wp-json\/wp\/v2\/categories?post=91030"},{"taxonomy":"post_tag","embeddable":true,"href":"https:\/\/canal7slp.tv\/2023\/wp-json\/wp\/v2\/tags?post=91030"}],"curies":[{"name":"wp","href":"https:\/\/api.w.org\/{rel}","templated":true}]}}