{"id":91026,"date":"2023-03-25T16:32:47","date_gmt":"2023-03-25T22:32:47","guid":{"rendered":"https:\/\/canal7slp.tv\/2023\/?p=91026"},"modified":"2023-03-25T16:32:47","modified_gmt":"2023-03-25T22:32:47","slug":"arranca-rehabilitacion-del-parque-del-meteorito-en-charcas","status":"publish","type":"post","link":"https:\/\/canal7slp.tv\/2023\/arranca-rehabilitacion-del-parque-del-meteorito-en-charcas\/","title":{"rendered":"Arranca rehabilitaci\u00f3n del Parque del Meteorito en Charcas"},"content":{"rendered":"<p style=\"text-align: justify;\">Charcas.- Tras asistir a una gira en el Altiplano Potosino, por Venado, Moctezuma y Charcas, el Gobernador del Estado, Ricardo Gallardo, llev\u00f3 a cabo el arranque de las obras de remodelaci\u00f3n del Parque del Meteorito en el municipio charquense, donde volvi\u00f3 a hacer eco de la herencia maldita.<\/p>\n<p style=\"text-align: justify;\">\u00abEste parque, si se le puede llamar parque porque parece un terregal, es como dec\u00eda la Presidenta, la herencia maldita, aqu\u00ed hay mucho dinero que se gastaron, pero que no lo invirtieron, se lo robaron, hay un parque acu\u00e1tico sin agua, imag\u00ednense, nunca hab\u00eda visto un parque acu\u00e1tico sin agua y un museo del meteorito donde se gastaron m\u00e1s de veinte millones de pesos y ya se est\u00e1 cayendo la porquer\u00eda\u00bb, dijo.<\/p>\n<p style=\"text-align: justify;\">Ricardo Gallardo acus\u00f3 a la administraci\u00f3n anterior de las condiciones en las que se encuentran el Parque del Meteorito, \u00ablos dinosaurios de antorcha, esos son los que nos dejaron este desmadre, eso se acab\u00f3, vamos a traer dinosaurios de la prehistoria, tama\u00f1o real\u00bb.<\/p>\n<p style=\"text-align: justify;\">Al final, el Gobernador anunci\u00f3 un nuevo proyecto para Charcas, \u00abtienen un problema porque ya no tienen donde tirar la basura, hice un compromiso con su Presidenta Municipal y vamos a realizar un relleno sanitario para Charcas\u00bb.<\/p>\n<p>Por: Jes\u00fas Valencia<\/p>\n","protected":false},"excerpt":{"rendered":"<p>Charcas.- Tras asistir a una gira en el Altiplano Potosino, por Venado, Moctezuma y Charcas, el Gobernador del Estado, Ricardo Gallardo, llev\u00f3 a cabo el arranque de las obras de remodelaci\u00f3n del Parque del Meteorito en el municipio charquense, donde volvi\u00f3 a hacer eco de la herencia maldita. \u00abEste parque, si se le puede llamar parque porque parece un terregal, es como dec\u00eda la Presidenta, la herencia maldita, aqu\u00ed hay mucho dinero que se gastaron, pero que no lo invirtieron, se lo robaron, hay un parque acu\u00e1tico sin agua, imag\u00ednense, nunca hab\u00eda visto un parque acu\u00e1tico sin agua y un [&hellip;]<\/p>\n","protected":false},"author":2,"featured_media":91027,"comment_status":"closed","ping_status":"closed","sticky":false,"template":"","format":"video","meta":{"footnotes":""},"categories":[5,43],"tags":[],"class_list":["post-91026","post","type-post","status-publish","format-video","has-post-thumbnail","hentry","category-destacadas","category-interior","post_format-post-format-video","post--single"],"yoast_head":"<!-- This site is optimized with the Yoast SEO plugin v27.4 - https:\/\/yoast.com\/product\/yoast-seo-wordpress\/ -->\n<title>Arranca rehabilitaci\u00f3n del Parque del Meteorito en Charcas - Canal 7 SLP - 2023<\/title>\n<meta name=\"robots\" content=\"index, follow, max-snippet:-1, max-image-preview:large, max-video-preview:-1\" \/>\n<link rel=\"canonical\" href=\"https:\/\/canal7slp.tv\/2023\/arranca-rehabilitacion-del-parque-del-meteorito-en-charcas\/\" \/>\n<meta property=\"og:locale\" content=\"es_ES\" \/>\n<meta property=\"og:type\" content=\"article\" \/>\n<meta property=\"og:title\" content=\"Arranca rehabilitaci\u00f3n del Parque del Meteorito en Charcas - Canal 7 SLP - 2023\" \/>\n<meta property=\"og:description\" content=\"Charcas.- Tras asistir a una gira en el Altiplano Potosino, por Venado, Moctezuma y Charcas, el Gobernador del Estado, Ricardo Gallardo, llev\u00f3 a cabo el arranque de las obras de remodelaci\u00f3n del Parque del Meteorito en el municipio charquense, donde volvi\u00f3 a hacer eco de la herencia maldita. \u00abEste parque, si se le puede llamar parque porque parece un terregal, es como dec\u00eda la Presidenta, la herencia maldita, aqu\u00ed hay mucho dinero que se gastaron, pero que no lo invirtieron, se lo robaron, hay un parque acu\u00e1tico sin agua, imag\u00ednense, nunca hab\u00eda visto un parque acu\u00e1tico sin agua y un [&hellip;]\" \/>\n<meta property=\"og:url\" content=\"https:\/\/canal7slp.tv\/2023\/arranca-rehabilitacion-del-parque-del-meteorito-en-charcas\/\" \/>\n<meta property=\"og:site_name\" content=\"Canal 7 SLP - 2023\" \/>\n<meta property=\"article:publisher\" content=\"https:\/\/www.facebook.com\/noticieroscanalsiete\" \/>\n<meta property=\"article:published_time\" content=\"2023-03-25T22:32:47+00:00\" \/>\n<meta property=\"og:image\" content=\"https:\/\/canal7slp.tv\/2023\/wp-content\/uploads\/2023\/03\/Valencia01Parque.jpg\" \/>\n\t<meta property=\"og:image:width\" content=\"640\" \/>\n\t<meta property=\"og:image:height\" content=\"352\" \/>\n\t<meta property=\"og:image:type\" content=\"image\/jpeg\" \/>\n<meta name=\"author\" content=\"Edici\u00f3n Web\" \/>\n<meta name=\"twitter:card\" content=\"summary_large_image\" \/>\n<meta name=\"twitter:creator\" content=\"@NOTICIEROS7\" \/>\n<meta name=\"twitter:site\" content=\"@NOTICIEROS7\" \/>\n<meta name=\"twitter:label1\" content=\"Escrito por\" \/>\n\t<meta name=\"twitter:data1\" content=\"Edici\u00f3n Web\" \/>\n\t<meta name=\"twitter:label2\" content=\"Tiempo de lectura\" \/>\n\t<meta name=\"twitter:data2\" content=\"1 minuto\" \/>\n<script type=\"application\/ld+json\" class=\"yoast-schema-graph\">{\"@context\":\"https:\\\/\\\/schema.org\",\"@graph\":[{\"@type\":\"Article\",\"@id\":\"https:\\\/\\\/canal7slp.tv\\\/2023\\\/arranca-rehabilitacion-del-parque-del-meteorito-en-charcas\\\/#article\",\"isPartOf\":{\"@id\":\"https:\\\/\\\/canal7slp.tv\\\/2023\\\/arranca-rehabilitacion-del-parque-del-meteorito-en-charcas\\\/\"},\"author\":{\"name\":\"Edici\u00f3n Web\",\"@id\":\"https:\\\/\\\/canal7slp.tv\\\/2023\\\/#\\\/schema\\\/person\\\/639c424e3584069003b11ae813915da6\"},\"headline\":\"Arranca rehabilitaci\u00f3n del Parque del Meteorito en Charcas\",\"datePublished\":\"2023-03-25T22:32:47+00:00\",\"mainEntityOfPage\":{\"@id\":\"https:\\\/\\\/canal7slp.tv\\\/2023\\\/arranca-rehabilitacion-del-parque-del-meteorito-en-charcas\\\/\"},\"wordCount\":224,\"publisher\":{\"@id\":\"https:\\\/\\\/canal7slp.tv\\\/2023\\\/#organization\"},\"image\":{\"@id\":\"https:\\\/\\\/canal7slp.tv\\\/2023\\\/arranca-rehabilitacion-del-parque-del-meteorito-en-charcas\\\/#primaryimage\"},\"thumbnailUrl\":\"https:\\\/\\\/canal7slp.tv\\\/2023\\\/wp-content\\\/uploads\\\/2023\\\/03\\\/Valencia01Parque.jpg\",\"articleSection\":[\"DESTACADAS\",\"INTERIOR DEL ESTADO\"],\"inLanguage\":\"es\"},{\"@type\":\"WebPage\",\"@id\":\"https:\\\/\\\/canal7slp.tv\\\/2023\\\/arranca-rehabilitacion-del-parque-del-meteorito-en-charcas\\\/\",\"url\":\"https:\\\/\\\/canal7slp.tv\\\/2023\\\/arranca-rehabilitacion-del-parque-del-meteorito-en-charcas\\\/\",\"name\":\"Arranca rehabilitaci\u00f3n del Parque del Meteorito en Charcas - Canal 7 SLP - 2023\",\"isPartOf\":{\"@id\":\"https:\\\/\\\/canal7slp.tv\\\/2023\\\/#website\"},\"primaryImageOfPage\":{\"@id\":\"https:\\\/\\\/canal7slp.tv\\\/2023\\\/arranca-rehabilitacion-del-parque-del-meteorito-en-charcas\\\/#primaryimage\"},\"image\":{\"@id\":\"https:\\\/\\\/canal7slp.tv\\\/2023\\\/arranca-rehabilitacion-del-parque-del-meteorito-en-charcas\\\/#primaryimage\"},\"thumbnailUrl\":\"https:\\\/\\\/canal7slp.tv\\\/2023\\\/wp-content\\\/uploads\\\/2023\\\/03\\\/Valencia01Parque.jpg\",\"datePublished\":\"2023-03-25T22:32:47+00:00\",\"breadcrumb\":{\"@id\":\"https:\\\/\\\/canal7slp.tv\\\/2023\\\/arranca-rehabilitacion-del-parque-del-meteorito-en-charcas\\\/#breadcrumb\"},\"inLanguage\":\"es\",\"potentialAction\":[{\"@type\":\"ReadAction\",\"target\":[\"https:\\\/\\\/canal7slp.tv\\\/2023\\\/arranca-rehabilitacion-del-parque-del-meteorito-en-charcas\\\/\"]}]},{\"@type\":\"ImageObject\",\"inLanguage\":\"es\",\"@id\":\"https:\\\/\\\/canal7slp.tv\\\/2023\\\/arranca-rehabilitacion-del-parque-del-meteorito-en-charcas\\\/#primaryimage\",\"url\":\"https:\\\/\\\/canal7slp.tv\\\/2023\\\/wp-content\\\/uploads\\\/2023\\\/03\\\/Valencia01Parque.jpg\",\"contentUrl\":\"https:\\\/\\\/canal7slp.tv\\\/2023\\\/wp-content\\\/uploads\\\/2023\\\/03\\\/Valencia01Parque.jpg\",\"width\":640,\"height\":352},{\"@type\":\"BreadcrumbList\",\"@id\":\"https:\\\/\\\/canal7slp.tv\\\/2023\\\/arranca-rehabilitacion-del-parque-del-meteorito-en-charcas\\\/#breadcrumb\",\"itemListElement\":[{\"@type\":\"ListItem\",\"position\":1,\"name\":\"Portada\",\"item\":\"https:\\\/\\\/canal7slp.tv\\\/2023\\\/\"},{\"@type\":\"ListItem\",\"position\":2,\"name\":\"Arranca rehabilitaci\u00f3n del Parque del Meteorito en Charcas\"}]},{\"@type\":\"WebSite\",\"@id\":\"https:\\\/\\\/canal7slp.tv\\\/2023\\\/#website\",\"url\":\"https:\\\/\\\/canal7slp.tv\\\/2023\\\/\",\"name\":\"N7 - Noticieros Canal 7\",\"description\":\"Somos Televisi\u00f3n\",\"publisher\":{\"@id\":\"https:\\\/\\\/canal7slp.tv\\\/2023\\\/#organization\"},\"potentialAction\":[{\"@type\":\"SearchAction\",\"target\":{\"@type\":\"EntryPoint\",\"urlTemplate\":\"https:\\\/\\\/canal7slp.tv\\\/2023\\\/?s={search_term_string}\"},\"query-input\":{\"@type\":\"PropertyValueSpecification\",\"valueRequired\":true,\"valueName\":\"search_term_string\"}}],\"inLanguage\":\"es\"},{\"@type\":\"Organization\",\"@id\":\"https:\\\/\\\/canal7slp.tv\\\/2023\\\/#organization\",\"name\":\"Noticieros Canal 7\",\"url\":\"https:\\\/\\\/canal7slp.tv\\\/2023\\\/\",\"logo\":{\"@type\":\"ImageObject\",\"inLanguage\":\"es\",\"@id\":\"https:\\\/\\\/canal7slp.tv\\\/2023\\\/#\\\/schema\\\/logo\\\/image\\\/\",\"url\":\"https:\\\/\\\/canal7slp.tv\\\/2023\\\/wp-content\\\/uploads\\\/2021\\\/01\\\/logo-noticieros@2x.png\",\"contentUrl\":\"https:\\\/\\\/canal7slp.tv\\\/2023\\\/wp-content\\\/uploads\\\/2021\\\/01\\\/logo-noticieros@2x.png\",\"width\":1017,\"height\":268,\"caption\":\"Noticieros Canal 7\"},\"image\":{\"@id\":\"https:\\\/\\\/canal7slp.tv\\\/2023\\\/#\\\/schema\\\/logo\\\/image\\\/\"},\"sameAs\":[\"https:\\\/\\\/www.facebook.com\\\/noticieroscanalsiete\",\"https:\\\/\\\/x.com\\\/NOTICIEROS7\",\"https:\\\/\\\/www.instagram.com\\\/canal7_slp\",\"https:\\\/\\\/www.youtube.com\\\/channel\\\/UCliiYs-gP3JfJeqdPrNdd5A\"]},{\"@type\":\"Person\",\"@id\":\"https:\\\/\\\/canal7slp.tv\\\/2023\\\/#\\\/schema\\\/person\\\/639c424e3584069003b11ae813915da6\",\"name\":\"Edici\u00f3n Web\",\"image\":{\"@type\":\"ImageObject\",\"inLanguage\":\"es\",\"@id\":\"https:\\\/\\\/secure.gravatar.com\\\/avatar\\\/eee448fc3f7164808013b816ba91ac7e43bbe82a70bebac296f8bc6f0addaa1a?s=96&d=mm&r=g\",\"url\":\"https:\\\/\\\/secure.gravatar.com\\\/avatar\\\/eee448fc3f7164808013b816ba91ac7e43bbe82a70bebac296f8bc6f0addaa1a?s=96&d=mm&r=g\",\"contentUrl\":\"https:\\\/\\\/secure.gravatar.com\\\/avatar\\\/eee448fc3f7164808013b816ba91ac7e43bbe82a70bebac296f8bc6f0addaa1a?s=96&d=mm&r=g\",\"caption\":\"Edici\u00f3n Web\"},\"url\":\"https:\\\/\\\/canal7slp.tv\\\/2023\\\/author\\\/edicionweb\\\/\"}]}<\/script>\n<!-- \/ Yoast SEO plugin. -->","yoast_head_json":{"title":"Arranca rehabilitaci\u00f3n del Parque del Meteorito en Charcas - Canal 7 SLP - 2023","robots":{"index":"index","follow":"follow","max-snippet":"max-snippet:-1","max-image-preview":"max-image-preview:large","max-video-preview":"max-video-preview:-1"},"canonical":"https:\/\/canal7slp.tv\/2023\/arranca-rehabilitacion-del-parque-del-meteorito-en-charcas\/","og_locale":"es_ES","og_type":"article","og_title":"Arranca rehabilitaci\u00f3n del Parque del Meteorito en Charcas - Canal 7 SLP - 2023","og_description":"Charcas.- Tras asistir a una gira en el Altiplano Potosino, por Venado, Moctezuma y Charcas, el Gobernador del Estado, Ricardo Gallardo, llev\u00f3 a cabo el arranque de las obras de remodelaci\u00f3n del Parque del Meteorito en el municipio charquense, donde volvi\u00f3 a hacer eco de la herencia maldita. \u00abEste parque, si se le puede llamar parque porque parece un terregal, es como dec\u00eda la Presidenta, la herencia maldita, aqu\u00ed hay mucho dinero que se gastaron, pero que no lo invirtieron, se lo robaron, hay un parque acu\u00e1tico sin agua, imag\u00ednense, nunca hab\u00eda visto un parque acu\u00e1tico sin agua y un [&hellip;]","og_url":"https:\/\/canal7slp.tv\/2023\/arranca-rehabilitacion-del-parque-del-meteorito-en-charcas\/","og_site_name":"Canal 7 SLP - 2023","article_publisher":"https:\/\/www.facebook.com\/noticieroscanalsiete","article_published_time":"2023-03-25T22:32:47+00:00","og_image":[{"width":640,"height":352,"url":"https:\/\/canal7slp.tv\/2023\/wp-content\/uploads\/2023\/03\/Valencia01Parque.jpg","type":"image\/jpeg"}],"author":"Edici\u00f3n Web","twitter_card":"summary_large_image","twitter_creator":"@NOTICIEROS7","twitter_site":"@NOTICIEROS7","twitter_misc":{"Escrito por":"Edici\u00f3n Web","Tiempo de lectura":"1 minuto"},"schema":{"@context":"https:\/\/schema.org","@graph":[{"@type":"Article","@id":"https:\/\/canal7slp.tv\/2023\/arranca-rehabilitacion-del-parque-del-meteorito-en-charcas\/#article","isPartOf":{"@id":"https:\/\/canal7slp.tv\/2023\/arranca-rehabilitacion-del-parque-del-meteorito-en-charcas\/"},"author":{"name":"Edici\u00f3n Web","@id":"https:\/\/canal7slp.tv\/2023\/#\/schema\/person\/639c424e3584069003b11ae813915da6"},"headline":"Arranca rehabilitaci\u00f3n del Parque del Meteorito en Charcas","datePublished":"2023-03-25T22:32:47+00:00","mainEntityOfPage":{"@id":"https:\/\/canal7slp.tv\/2023\/arranca-rehabilitacion-del-parque-del-meteorito-en-charcas\/"},"wordCount":224,"publisher":{"@id":"https:\/\/canal7slp.tv\/2023\/#organization"},"image":{"@id":"https:\/\/canal7slp.tv\/2023\/arranca-rehabilitacion-del-parque-del-meteorito-en-charcas\/#primaryimage"},"thumbnailUrl":"https:\/\/canal7slp.tv\/2023\/wp-content\/uploads\/2023\/03\/Valencia01Parque.jpg","articleSection":["DESTACADAS","INTERIOR DEL ESTADO"],"inLanguage":"es"},{"@type":"WebPage","@id":"https:\/\/canal7slp.tv\/2023\/arranca-rehabilitacion-del-parque-del-meteorito-en-charcas\/","url":"https:\/\/canal7slp.tv\/2023\/arranca-rehabilitacion-del-parque-del-meteorito-en-charcas\/","name":"Arranca rehabilitaci\u00f3n del Parque del Meteorito en Charcas - Canal 7 SLP - 2023","isPartOf":{"@id":"https:\/\/canal7slp.tv\/2023\/#website"},"primaryImageOfPage":{"@id":"https:\/\/canal7slp.tv\/2023\/arranca-rehabilitacion-del-parque-del-meteorito-en-charcas\/#primaryimage"},"image":{"@id":"https:\/\/canal7slp.tv\/2023\/arranca-rehabilitacion-del-parque-del-meteorito-en-charcas\/#primaryimage"},"thumbnailUrl":"https:\/\/canal7slp.tv\/2023\/wp-content\/uploads\/2023\/03\/Valencia01Parque.jpg","datePublished":"2023-03-25T22:32:47+00:00","breadcrumb":{"@id":"https:\/\/canal7slp.tv\/2023\/arranca-rehabilitacion-del-parque-del-meteorito-en-charcas\/#breadcrumb"},"inLanguage":"es","potentialAction":[{"@type":"ReadAction","target":["https:\/\/canal7slp.tv\/2023\/arranca-rehabilitacion-del-parque-del-meteorito-en-charcas\/"]}]},{"@type":"ImageObject","inLanguage":"es","@id":"https:\/\/canal7slp.tv\/2023\/arranca-rehabilitacion-del-parque-del-meteorito-en-charcas\/#primaryimage","url":"https:\/\/canal7slp.tv\/2023\/wp-content\/uploads\/2023\/03\/Valencia01Parque.jpg","contentUrl":"https:\/\/canal7slp.tv\/2023\/wp-content\/uploads\/2023\/03\/Valencia01Parque.jpg","width":640,"height":352},{"@type":"BreadcrumbList","@id":"https:\/\/canal7slp.tv\/2023\/arranca-rehabilitacion-del-parque-del-meteorito-en-charcas\/#breadcrumb","itemListElement":[{"@type":"ListItem","position":1,"name":"Portada","item":"https:\/\/canal7slp.tv\/2023\/"},{"@type":"ListItem","position":2,"name":"Arranca rehabilitaci\u00f3n del Parque del Meteorito en Charcas"}]},{"@type":"WebSite","@id":"https:\/\/canal7slp.tv\/2023\/#website","url":"https:\/\/canal7slp.tv\/2023\/","name":"N7 - Noticieros Canal 7","description":"Somos Televisi\u00f3n","publisher":{"@id":"https:\/\/canal7slp.tv\/2023\/#organization"},"potentialAction":[{"@type":"SearchAction","target":{"@type":"EntryPoint","urlTemplate":"https:\/\/canal7slp.tv\/2023\/?s={search_term_string}"},"query-input":{"@type":"PropertyValueSpecification","valueRequired":true,"valueName":"search_term_string"}}],"inLanguage":"es"},{"@type":"Organization","@id":"https:\/\/canal7slp.tv\/2023\/#organization","name":"Noticieros Canal 7","url":"https:\/\/canal7slp.tv\/2023\/","logo":{"@type":"ImageObject","inLanguage":"es","@id":"https:\/\/canal7slp.tv\/2023\/#\/schema\/logo\/image\/","url":"https:\/\/canal7slp.tv\/2023\/wp-content\/uploads\/2021\/01\/logo-noticieros@2x.png","contentUrl":"https:\/\/canal7slp.tv\/2023\/wp-content\/uploads\/2021\/01\/logo-noticieros@2x.png","width":1017,"height":268,"caption":"Noticieros Canal 7"},"image":{"@id":"https:\/\/canal7slp.tv\/2023\/#\/schema\/logo\/image\/"},"sameAs":["https:\/\/www.facebook.com\/noticieroscanalsiete","https:\/\/x.com\/NOTICIEROS7","https:\/\/www.instagram.com\/canal7_slp","https:\/\/www.youtube.com\/channel\/UCliiYs-gP3JfJeqdPrNdd5A"]},{"@type":"Person","@id":"https:\/\/canal7slp.tv\/2023\/#\/schema\/person\/639c424e3584069003b11ae813915da6","name":"Edici\u00f3n Web","image":{"@type":"ImageObject","inLanguage":"es","@id":"https:\/\/secure.gravatar.com\/avatar\/eee448fc3f7164808013b816ba91ac7e43bbe82a70bebac296f8bc6f0addaa1a?s=96&d=mm&r=g","url":"https:\/\/secure.gravatar.com\/avatar\/eee448fc3f7164808013b816ba91ac7e43bbe82a70bebac296f8bc6f0addaa1a?s=96&d=mm&r=g","contentUrl":"https:\/\/secure.gravatar.com\/avatar\/eee448fc3f7164808013b816ba91ac7e43bbe82a70bebac296f8bc6f0addaa1a?s=96&d=mm&r=g","caption":"Edici\u00f3n Web"},"url":"https:\/\/canal7slp.tv\/2023\/author\/edicionweb\/"}]}},"_links":{"self":[{"href":"https:\/\/canal7slp.tv\/2023\/wp-json\/wp\/v2\/posts\/91026","targetHints":{"allow":["GET"]}}],"collection":[{"href":"https:\/\/canal7slp.tv\/2023\/wp-json\/wp\/v2\/posts"}],"about":[{"href":"https:\/\/canal7slp.tv\/2023\/wp-json\/wp\/v2\/types\/post"}],"author":[{"embeddable":true,"href":"https:\/\/canal7slp.tv\/2023\/wp-json\/wp\/v2\/users\/2"}],"replies":[{"embeddable":true,"href":"https:\/\/canal7slp.tv\/2023\/wp-json\/wp\/v2\/comments?post=91026"}],"version-history":[{"count":1,"href":"https:\/\/canal7slp.tv\/2023\/wp-json\/wp\/v2\/posts\/91026\/revisions"}],"predecessor-version":[{"id":91029,"href":"https:\/\/canal7slp.tv\/2023\/wp-json\/wp\/v2\/posts\/91026\/revisions\/91029"}],"wp:featuredmedia":[{"embeddable":true,"href":"https:\/\/canal7slp.tv\/2023\/wp-json\/wp\/v2\/media\/91027"}],"wp:attachment":[{"href":"https:\/\/canal7slp.tv\/2023\/wp-json\/wp\/v2\/media?parent=91026"}],"wp:term":[{"taxonomy":"category","embeddable":true,"href":"https:\/\/canal7slp.tv\/2023\/wp-json\/wp\/v2\/categories?post=91026"},{"taxonomy":"post_tag","embeddable":true,"href":"https:\/\/canal7slp.tv\/2023\/wp-json\/wp\/v2\/tags?post=91026"}],"curies":[{"name":"wp","href":"https:\/\/api.w.org\/{rel}","templated":true}]}}