{"id":91023,"date":"2023-03-25T16:19:25","date_gmt":"2023-03-25T22:19:25","guid":{"rendered":"https:\/\/canal7slp.tv\/2023\/?p=91023"},"modified":"2023-03-25T16:19:25","modified_gmt":"2023-03-25T22:19:25","slug":"vinculan-a-proceso-a-sujeto-por-acoso-sexual-y-contra-la-identidad-de-las-personas","status":"publish","type":"post","link":"https:\/\/canal7slp.tv\/2023\/vinculan-a-proceso-a-sujeto-por-acoso-sexual-y-contra-la-identidad-de-las-personas\/","title":{"rendered":"Vinculan a proceso a sujeto por acoso sexual y contra la identidad de las personas"},"content":{"rendered":"<p style=\"text-align: justify;\">SLP.- Litigadores de la Unidad de Protecci\u00f3n a Migrantes, Grupos Vulnerables y la Diversidad Sexual, Periodistas y Personas Defensoras de los Derechos Humanos, obtuvieron la vinculaci\u00f3n a proceso de un hombre se\u00f1alado por los delitos de acoso sexual y contra la identidad de las personas.<\/p>\n<p style=\"text-align: justify;\">Fue en la audiencia inicial, tras escuchar los argumentos con los que contaba la Fiscal\u00eda Especializada en Materia de Derechos Humanos, que el Juez de Control, inform\u00f3 a Al\u00e1n \u201cN\u201d que existen elementos para que continuara las etapas que marca el sistema penal.<\/p>\n<p style=\"text-align: justify;\">Este individuo habr\u00eda acechado a la v\u00edctima, quien fue su pareja sentimental, enviando mensajes de odio, amenazas de muerte e informaci\u00f3n de \u00edndole personal a trav\u00e9s de un tel\u00e9fono celular.<\/p>\n<p style=\"text-align: justify;\">Adem\u00e1s de suplantar su identidad con la finalidad de obtener informaci\u00f3n privada.<\/p>\n<p style=\"text-align: justify;\">Tambi\u00e9n utiliz\u00f3 una red social para citar a personas en el domicilio del agraviado, provocando una afectaci\u00f3n psicol\u00f3gica.<\/p>\n<p style=\"text-align: justify;\">Con los datos de prueba de la Fiscal\u00eda General del Estado (FGE) se judicializ\u00f3 el caso, llevando al se\u00f1alado ante la justicia a trav\u00e9s de una orden de aprehensi\u00f3n.<\/p>\n","protected":false},"excerpt":{"rendered":"<p>SLP.- Litigadores de la Unidad de Protecci\u00f3n a Migrantes, Grupos Vulnerables y la Diversidad Sexual, Periodistas y Personas Defensoras de los Derechos Humanos, obtuvieron la vinculaci\u00f3n a proceso de un hombre se\u00f1alado por los delitos de acoso sexual y contra la identidad de las personas. Fue en la audiencia inicial, tras escuchar los argumentos con los que contaba la Fiscal\u00eda Especializada en Materia de Derechos Humanos, que el Juez de Control, inform\u00f3 a Al\u00e1n \u201cN\u201d que existen elementos para que continuara las etapas que marca el sistema penal. Este individuo habr\u00eda acechado a la v\u00edctima, quien fue su pareja sentimental, [&hellip;]<\/p>\n","protected":false},"author":2,"featured_media":91024,"comment_status":"closed","ping_status":"closed","sticky":false,"template":"","format":"standard","meta":{"footnotes":""},"categories":[48],"tags":[],"class_list":["post-91023","post","type-post","status-publish","format-standard","has-post-thumbnail","hentry","category-reporte7","post--single"],"yoast_head":"<!-- This site is optimized with the Yoast SEO plugin v27.4 - https:\/\/yoast.com\/product\/yoast-seo-wordpress\/ -->\n<title>Vinculan a proceso a sujeto por acoso sexual y contra la identidad de las personas - Canal 7 SLP - 2023<\/title>\n<meta name=\"robots\" content=\"index, follow, max-snippet:-1, max-image-preview:large, max-video-preview:-1\" \/>\n<link rel=\"canonical\" href=\"https:\/\/canal7slp.tv\/2023\/vinculan-a-proceso-a-sujeto-por-acoso-sexual-y-contra-la-identidad-de-las-personas\/\" \/>\n<meta property=\"og:locale\" content=\"es_ES\" \/>\n<meta property=\"og:type\" content=\"article\" \/>\n<meta property=\"og:title\" content=\"Vinculan a proceso a sujeto por acoso sexual y contra la identidad de las personas - Canal 7 SLP - 2023\" \/>\n<meta property=\"og:description\" content=\"SLP.- Litigadores de la Unidad de Protecci\u00f3n a Migrantes, Grupos Vulnerables y la Diversidad Sexual, Periodistas y Personas Defensoras de los Derechos Humanos, obtuvieron la vinculaci\u00f3n a proceso de un hombre se\u00f1alado por los delitos de acoso sexual y contra la identidad de las personas. Fue en la audiencia inicial, tras escuchar los argumentos con los que contaba la Fiscal\u00eda Especializada en Materia de Derechos Humanos, que el Juez de Control, inform\u00f3 a Al\u00e1n \u201cN\u201d que existen elementos para que continuara las etapas que marca el sistema penal. Este individuo habr\u00eda acechado a la v\u00edctima, quien fue su pareja sentimental, [&hellip;]\" \/>\n<meta property=\"og:url\" content=\"https:\/\/canal7slp.tv\/2023\/vinculan-a-proceso-a-sujeto-por-acoso-sexual-y-contra-la-identidad-de-las-personas\/\" \/>\n<meta property=\"og:site_name\" content=\"Canal 7 SLP - 2023\" \/>\n<meta property=\"article:publisher\" content=\"https:\/\/www.facebook.com\/noticieroscanalsiete\" \/>\n<meta property=\"article:published_time\" content=\"2023-03-25T22:19:25+00:00\" \/>\n<meta property=\"og:image\" content=\"https:\/\/canal7slp.tv\/2023\/wp-content\/uploads\/2023\/03\/zz4b-3.png\" \/>\n\t<meta property=\"og:image:width\" content=\"524\" \/>\n\t<meta property=\"og:image:height\" content=\"384\" \/>\n\t<meta property=\"og:image:type\" content=\"image\/png\" \/>\n<meta name=\"author\" content=\"Edici\u00f3n Web\" \/>\n<meta name=\"twitter:card\" content=\"summary_large_image\" \/>\n<meta name=\"twitter:creator\" content=\"@NOTICIEROS7\" \/>\n<meta name=\"twitter:site\" content=\"@NOTICIEROS7\" \/>\n<meta name=\"twitter:label1\" content=\"Escrito por\" \/>\n\t<meta name=\"twitter:data1\" content=\"Edici\u00f3n Web\" \/>\n\t<meta name=\"twitter:label2\" content=\"Tiempo de lectura\" \/>\n\t<meta name=\"twitter:data2\" content=\"1 minuto\" \/>\n<script type=\"application\/ld+json\" class=\"yoast-schema-graph\">{\"@context\":\"https:\\\/\\\/schema.org\",\"@graph\":[{\"@type\":\"Article\",\"@id\":\"https:\\\/\\\/canal7slp.tv\\\/2023\\\/vinculan-a-proceso-a-sujeto-por-acoso-sexual-y-contra-la-identidad-de-las-personas\\\/#article\",\"isPartOf\":{\"@id\":\"https:\\\/\\\/canal7slp.tv\\\/2023\\\/vinculan-a-proceso-a-sujeto-por-acoso-sexual-y-contra-la-identidad-de-las-personas\\\/\"},\"author\":{\"name\":\"Edici\u00f3n Web\",\"@id\":\"https:\\\/\\\/canal7slp.tv\\\/2023\\\/#\\\/schema\\\/person\\\/639c424e3584069003b11ae813915da6\"},\"headline\":\"Vinculan a proceso a sujeto por acoso sexual y contra la identidad de las personas\",\"datePublished\":\"2023-03-25T22:19:25+00:00\",\"mainEntityOfPage\":{\"@id\":\"https:\\\/\\\/canal7slp.tv\\\/2023\\\/vinculan-a-proceso-a-sujeto-por-acoso-sexual-y-contra-la-identidad-de-las-personas\\\/\"},\"wordCount\":212,\"publisher\":{\"@id\":\"https:\\\/\\\/canal7slp.tv\\\/2023\\\/#organization\"},\"image\":{\"@id\":\"https:\\\/\\\/canal7slp.tv\\\/2023\\\/vinculan-a-proceso-a-sujeto-por-acoso-sexual-y-contra-la-identidad-de-las-personas\\\/#primaryimage\"},\"thumbnailUrl\":\"https:\\\/\\\/canal7slp.tv\\\/2023\\\/wp-content\\\/uploads\\\/2023\\\/03\\\/zz4b-3.png\",\"articleSection\":[\"REPORTE 7\"],\"inLanguage\":\"es\"},{\"@type\":\"WebPage\",\"@id\":\"https:\\\/\\\/canal7slp.tv\\\/2023\\\/vinculan-a-proceso-a-sujeto-por-acoso-sexual-y-contra-la-identidad-de-las-personas\\\/\",\"url\":\"https:\\\/\\\/canal7slp.tv\\\/2023\\\/vinculan-a-proceso-a-sujeto-por-acoso-sexual-y-contra-la-identidad-de-las-personas\\\/\",\"name\":\"Vinculan a proceso a sujeto por acoso sexual y contra la identidad de las personas - Canal 7 SLP - 2023\",\"isPartOf\":{\"@id\":\"https:\\\/\\\/canal7slp.tv\\\/2023\\\/#website\"},\"primaryImageOfPage\":{\"@id\":\"https:\\\/\\\/canal7slp.tv\\\/2023\\\/vinculan-a-proceso-a-sujeto-por-acoso-sexual-y-contra-la-identidad-de-las-personas\\\/#primaryimage\"},\"image\":{\"@id\":\"https:\\\/\\\/canal7slp.tv\\\/2023\\\/vinculan-a-proceso-a-sujeto-por-acoso-sexual-y-contra-la-identidad-de-las-personas\\\/#primaryimage\"},\"thumbnailUrl\":\"https:\\\/\\\/canal7slp.tv\\\/2023\\\/wp-content\\\/uploads\\\/2023\\\/03\\\/zz4b-3.png\",\"datePublished\":\"2023-03-25T22:19:25+00:00\",\"breadcrumb\":{\"@id\":\"https:\\\/\\\/canal7slp.tv\\\/2023\\\/vinculan-a-proceso-a-sujeto-por-acoso-sexual-y-contra-la-identidad-de-las-personas\\\/#breadcrumb\"},\"inLanguage\":\"es\",\"potentialAction\":[{\"@type\":\"ReadAction\",\"target\":[\"https:\\\/\\\/canal7slp.tv\\\/2023\\\/vinculan-a-proceso-a-sujeto-por-acoso-sexual-y-contra-la-identidad-de-las-personas\\\/\"]}]},{\"@type\":\"ImageObject\",\"inLanguage\":\"es\",\"@id\":\"https:\\\/\\\/canal7slp.tv\\\/2023\\\/vinculan-a-proceso-a-sujeto-por-acoso-sexual-y-contra-la-identidad-de-las-personas\\\/#primaryimage\",\"url\":\"https:\\\/\\\/canal7slp.tv\\\/2023\\\/wp-content\\\/uploads\\\/2023\\\/03\\\/zz4b-3.png\",\"contentUrl\":\"https:\\\/\\\/canal7slp.tv\\\/2023\\\/wp-content\\\/uploads\\\/2023\\\/03\\\/zz4b-3.png\",\"width\":524,\"height\":384},{\"@type\":\"BreadcrumbList\",\"@id\":\"https:\\\/\\\/canal7slp.tv\\\/2023\\\/vinculan-a-proceso-a-sujeto-por-acoso-sexual-y-contra-la-identidad-de-las-personas\\\/#breadcrumb\",\"itemListElement\":[{\"@type\":\"ListItem\",\"position\":1,\"name\":\"Portada\",\"item\":\"https:\\\/\\\/canal7slp.tv\\\/2023\\\/\"},{\"@type\":\"ListItem\",\"position\":2,\"name\":\"Vinculan a proceso a sujeto por acoso sexual y contra la identidad de las personas\"}]},{\"@type\":\"WebSite\",\"@id\":\"https:\\\/\\\/canal7slp.tv\\\/2023\\\/#website\",\"url\":\"https:\\\/\\\/canal7slp.tv\\\/2023\\\/\",\"name\":\"N7 - Noticieros Canal 7\",\"description\":\"Somos Televisi\u00f3n\",\"publisher\":{\"@id\":\"https:\\\/\\\/canal7slp.tv\\\/2023\\\/#organization\"},\"potentialAction\":[{\"@type\":\"SearchAction\",\"target\":{\"@type\":\"EntryPoint\",\"urlTemplate\":\"https:\\\/\\\/canal7slp.tv\\\/2023\\\/?s={search_term_string}\"},\"query-input\":{\"@type\":\"PropertyValueSpecification\",\"valueRequired\":true,\"valueName\":\"search_term_string\"}}],\"inLanguage\":\"es\"},{\"@type\":\"Organization\",\"@id\":\"https:\\\/\\\/canal7slp.tv\\\/2023\\\/#organization\",\"name\":\"Noticieros Canal 7\",\"url\":\"https:\\\/\\\/canal7slp.tv\\\/2023\\\/\",\"logo\":{\"@type\":\"ImageObject\",\"inLanguage\":\"es\",\"@id\":\"https:\\\/\\\/canal7slp.tv\\\/2023\\\/#\\\/schema\\\/logo\\\/image\\\/\",\"url\":\"https:\\\/\\\/canal7slp.tv\\\/2023\\\/wp-content\\\/uploads\\\/2021\\\/01\\\/logo-noticieros@2x.png\",\"contentUrl\":\"https:\\\/\\\/canal7slp.tv\\\/2023\\\/wp-content\\\/uploads\\\/2021\\\/01\\\/logo-noticieros@2x.png\",\"width\":1017,\"height\":268,\"caption\":\"Noticieros Canal 7\"},\"image\":{\"@id\":\"https:\\\/\\\/canal7slp.tv\\\/2023\\\/#\\\/schema\\\/logo\\\/image\\\/\"},\"sameAs\":[\"https:\\\/\\\/www.facebook.com\\\/noticieroscanalsiete\",\"https:\\\/\\\/x.com\\\/NOTICIEROS7\",\"https:\\\/\\\/www.instagram.com\\\/canal7_slp\",\"https:\\\/\\\/www.youtube.com\\\/channel\\\/UCliiYs-gP3JfJeqdPrNdd5A\"]},{\"@type\":\"Person\",\"@id\":\"https:\\\/\\\/canal7slp.tv\\\/2023\\\/#\\\/schema\\\/person\\\/639c424e3584069003b11ae813915da6\",\"name\":\"Edici\u00f3n Web\",\"image\":{\"@type\":\"ImageObject\",\"inLanguage\":\"es\",\"@id\":\"https:\\\/\\\/secure.gravatar.com\\\/avatar\\\/eee448fc3f7164808013b816ba91ac7e43bbe82a70bebac296f8bc6f0addaa1a?s=96&d=mm&r=g\",\"url\":\"https:\\\/\\\/secure.gravatar.com\\\/avatar\\\/eee448fc3f7164808013b816ba91ac7e43bbe82a70bebac296f8bc6f0addaa1a?s=96&d=mm&r=g\",\"contentUrl\":\"https:\\\/\\\/secure.gravatar.com\\\/avatar\\\/eee448fc3f7164808013b816ba91ac7e43bbe82a70bebac296f8bc6f0addaa1a?s=96&d=mm&r=g\",\"caption\":\"Edici\u00f3n Web\"},\"url\":\"https:\\\/\\\/canal7slp.tv\\\/2023\\\/author\\\/edicionweb\\\/\"}]}<\/script>\n<!-- \/ Yoast SEO plugin. -->","yoast_head_json":{"title":"Vinculan a proceso a sujeto por acoso sexual y contra la identidad de las personas - Canal 7 SLP - 2023","robots":{"index":"index","follow":"follow","max-snippet":"max-snippet:-1","max-image-preview":"max-image-preview:large","max-video-preview":"max-video-preview:-1"},"canonical":"https:\/\/canal7slp.tv\/2023\/vinculan-a-proceso-a-sujeto-por-acoso-sexual-y-contra-la-identidad-de-las-personas\/","og_locale":"es_ES","og_type":"article","og_title":"Vinculan a proceso a sujeto por acoso sexual y contra la identidad de las personas - Canal 7 SLP - 2023","og_description":"SLP.- Litigadores de la Unidad de Protecci\u00f3n a Migrantes, Grupos Vulnerables y la Diversidad Sexual, Periodistas y Personas Defensoras de los Derechos Humanos, obtuvieron la vinculaci\u00f3n a proceso de un hombre se\u00f1alado por los delitos de acoso sexual y contra la identidad de las personas. Fue en la audiencia inicial, tras escuchar los argumentos con los que contaba la Fiscal\u00eda Especializada en Materia de Derechos Humanos, que el Juez de Control, inform\u00f3 a Al\u00e1n \u201cN\u201d que existen elementos para que continuara las etapas que marca el sistema penal. Este individuo habr\u00eda acechado a la v\u00edctima, quien fue su pareja sentimental, [&hellip;]","og_url":"https:\/\/canal7slp.tv\/2023\/vinculan-a-proceso-a-sujeto-por-acoso-sexual-y-contra-la-identidad-de-las-personas\/","og_site_name":"Canal 7 SLP - 2023","article_publisher":"https:\/\/www.facebook.com\/noticieroscanalsiete","article_published_time":"2023-03-25T22:19:25+00:00","og_image":[{"width":524,"height":384,"url":"https:\/\/canal7slp.tv\/2023\/wp-content\/uploads\/2023\/03\/zz4b-3.png","type":"image\/png"}],"author":"Edici\u00f3n Web","twitter_card":"summary_large_image","twitter_creator":"@NOTICIEROS7","twitter_site":"@NOTICIEROS7","twitter_misc":{"Escrito por":"Edici\u00f3n Web","Tiempo de lectura":"1 minuto"},"schema":{"@context":"https:\/\/schema.org","@graph":[{"@type":"Article","@id":"https:\/\/canal7slp.tv\/2023\/vinculan-a-proceso-a-sujeto-por-acoso-sexual-y-contra-la-identidad-de-las-personas\/#article","isPartOf":{"@id":"https:\/\/canal7slp.tv\/2023\/vinculan-a-proceso-a-sujeto-por-acoso-sexual-y-contra-la-identidad-de-las-personas\/"},"author":{"name":"Edici\u00f3n Web","@id":"https:\/\/canal7slp.tv\/2023\/#\/schema\/person\/639c424e3584069003b11ae813915da6"},"headline":"Vinculan a proceso a sujeto por acoso sexual y contra la identidad de las personas","datePublished":"2023-03-25T22:19:25+00:00","mainEntityOfPage":{"@id":"https:\/\/canal7slp.tv\/2023\/vinculan-a-proceso-a-sujeto-por-acoso-sexual-y-contra-la-identidad-de-las-personas\/"},"wordCount":212,"publisher":{"@id":"https:\/\/canal7slp.tv\/2023\/#organization"},"image":{"@id":"https:\/\/canal7slp.tv\/2023\/vinculan-a-proceso-a-sujeto-por-acoso-sexual-y-contra-la-identidad-de-las-personas\/#primaryimage"},"thumbnailUrl":"https:\/\/canal7slp.tv\/2023\/wp-content\/uploads\/2023\/03\/zz4b-3.png","articleSection":["REPORTE 7"],"inLanguage":"es"},{"@type":"WebPage","@id":"https:\/\/canal7slp.tv\/2023\/vinculan-a-proceso-a-sujeto-por-acoso-sexual-y-contra-la-identidad-de-las-personas\/","url":"https:\/\/canal7slp.tv\/2023\/vinculan-a-proceso-a-sujeto-por-acoso-sexual-y-contra-la-identidad-de-las-personas\/","name":"Vinculan a proceso a sujeto por acoso sexual y contra la identidad de las personas - Canal 7 SLP - 2023","isPartOf":{"@id":"https:\/\/canal7slp.tv\/2023\/#website"},"primaryImageOfPage":{"@id":"https:\/\/canal7slp.tv\/2023\/vinculan-a-proceso-a-sujeto-por-acoso-sexual-y-contra-la-identidad-de-las-personas\/#primaryimage"},"image":{"@id":"https:\/\/canal7slp.tv\/2023\/vinculan-a-proceso-a-sujeto-por-acoso-sexual-y-contra-la-identidad-de-las-personas\/#primaryimage"},"thumbnailUrl":"https:\/\/canal7slp.tv\/2023\/wp-content\/uploads\/2023\/03\/zz4b-3.png","datePublished":"2023-03-25T22:19:25+00:00","breadcrumb":{"@id":"https:\/\/canal7slp.tv\/2023\/vinculan-a-proceso-a-sujeto-por-acoso-sexual-y-contra-la-identidad-de-las-personas\/#breadcrumb"},"inLanguage":"es","potentialAction":[{"@type":"ReadAction","target":["https:\/\/canal7slp.tv\/2023\/vinculan-a-proceso-a-sujeto-por-acoso-sexual-y-contra-la-identidad-de-las-personas\/"]}]},{"@type":"ImageObject","inLanguage":"es","@id":"https:\/\/canal7slp.tv\/2023\/vinculan-a-proceso-a-sujeto-por-acoso-sexual-y-contra-la-identidad-de-las-personas\/#primaryimage","url":"https:\/\/canal7slp.tv\/2023\/wp-content\/uploads\/2023\/03\/zz4b-3.png","contentUrl":"https:\/\/canal7slp.tv\/2023\/wp-content\/uploads\/2023\/03\/zz4b-3.png","width":524,"height":384},{"@type":"BreadcrumbList","@id":"https:\/\/canal7slp.tv\/2023\/vinculan-a-proceso-a-sujeto-por-acoso-sexual-y-contra-la-identidad-de-las-personas\/#breadcrumb","itemListElement":[{"@type":"ListItem","position":1,"name":"Portada","item":"https:\/\/canal7slp.tv\/2023\/"},{"@type":"ListItem","position":2,"name":"Vinculan a proceso a sujeto por acoso sexual y contra la identidad de las personas"}]},{"@type":"WebSite","@id":"https:\/\/canal7slp.tv\/2023\/#website","url":"https:\/\/canal7slp.tv\/2023\/","name":"N7 - Noticieros Canal 7","description":"Somos Televisi\u00f3n","publisher":{"@id":"https:\/\/canal7slp.tv\/2023\/#organization"},"potentialAction":[{"@type":"SearchAction","target":{"@type":"EntryPoint","urlTemplate":"https:\/\/canal7slp.tv\/2023\/?s={search_term_string}"},"query-input":{"@type":"PropertyValueSpecification","valueRequired":true,"valueName":"search_term_string"}}],"inLanguage":"es"},{"@type":"Organization","@id":"https:\/\/canal7slp.tv\/2023\/#organization","name":"Noticieros Canal 7","url":"https:\/\/canal7slp.tv\/2023\/","logo":{"@type":"ImageObject","inLanguage":"es","@id":"https:\/\/canal7slp.tv\/2023\/#\/schema\/logo\/image\/","url":"https:\/\/canal7slp.tv\/2023\/wp-content\/uploads\/2021\/01\/logo-noticieros@2x.png","contentUrl":"https:\/\/canal7slp.tv\/2023\/wp-content\/uploads\/2021\/01\/logo-noticieros@2x.png","width":1017,"height":268,"caption":"Noticieros Canal 7"},"image":{"@id":"https:\/\/canal7slp.tv\/2023\/#\/schema\/logo\/image\/"},"sameAs":["https:\/\/www.facebook.com\/noticieroscanalsiete","https:\/\/x.com\/NOTICIEROS7","https:\/\/www.instagram.com\/canal7_slp","https:\/\/www.youtube.com\/channel\/UCliiYs-gP3JfJeqdPrNdd5A"]},{"@type":"Person","@id":"https:\/\/canal7slp.tv\/2023\/#\/schema\/person\/639c424e3584069003b11ae813915da6","name":"Edici\u00f3n Web","image":{"@type":"ImageObject","inLanguage":"es","@id":"https:\/\/secure.gravatar.com\/avatar\/eee448fc3f7164808013b816ba91ac7e43bbe82a70bebac296f8bc6f0addaa1a?s=96&d=mm&r=g","url":"https:\/\/secure.gravatar.com\/avatar\/eee448fc3f7164808013b816ba91ac7e43bbe82a70bebac296f8bc6f0addaa1a?s=96&d=mm&r=g","contentUrl":"https:\/\/secure.gravatar.com\/avatar\/eee448fc3f7164808013b816ba91ac7e43bbe82a70bebac296f8bc6f0addaa1a?s=96&d=mm&r=g","caption":"Edici\u00f3n Web"},"url":"https:\/\/canal7slp.tv\/2023\/author\/edicionweb\/"}]}},"_links":{"self":[{"href":"https:\/\/canal7slp.tv\/2023\/wp-json\/wp\/v2\/posts\/91023","targetHints":{"allow":["GET"]}}],"collection":[{"href":"https:\/\/canal7slp.tv\/2023\/wp-json\/wp\/v2\/posts"}],"about":[{"href":"https:\/\/canal7slp.tv\/2023\/wp-json\/wp\/v2\/types\/post"}],"author":[{"embeddable":true,"href":"https:\/\/canal7slp.tv\/2023\/wp-json\/wp\/v2\/users\/2"}],"replies":[{"embeddable":true,"href":"https:\/\/canal7slp.tv\/2023\/wp-json\/wp\/v2\/comments?post=91023"}],"version-history":[{"count":1,"href":"https:\/\/canal7slp.tv\/2023\/wp-json\/wp\/v2\/posts\/91023\/revisions"}],"predecessor-version":[{"id":91025,"href":"https:\/\/canal7slp.tv\/2023\/wp-json\/wp\/v2\/posts\/91023\/revisions\/91025"}],"wp:featuredmedia":[{"embeddable":true,"href":"https:\/\/canal7slp.tv\/2023\/wp-json\/wp\/v2\/media\/91024"}],"wp:attachment":[{"href":"https:\/\/canal7slp.tv\/2023\/wp-json\/wp\/v2\/media?parent=91023"}],"wp:term":[{"taxonomy":"category","embeddable":true,"href":"https:\/\/canal7slp.tv\/2023\/wp-json\/wp\/v2\/categories?post=91023"},{"taxonomy":"post_tag","embeddable":true,"href":"https:\/\/canal7slp.tv\/2023\/wp-json\/wp\/v2\/tags?post=91023"}],"curies":[{"name":"wp","href":"https:\/\/api.w.org\/{rel}","templated":true}]}}