{"id":91016,"date":"2023-03-25T15:52:22","date_gmt":"2023-03-25T21:52:22","guid":{"rendered":"https:\/\/canal7slp.tv\/2023\/?p=91016"},"modified":"2023-03-25T15:52:22","modified_gmt":"2023-03-25T21:52:22","slug":"capturan-a-imputado-de-violacion-en-tampacan","status":"publish","type":"post","link":"https:\/\/canal7slp.tv\/2023\/capturan-a-imputado-de-violacion-en-tampacan\/","title":{"rendered":"Capturan a imputado de violaci\u00f3n en Tampac\u00e1n"},"content":{"rendered":"<p style=\"text-align: justify;\">SLP.- Elementos de la Polic\u00eda de Investigaci\u00f3n (PDI) de la Fiscal\u00eda General del Estado (FGE) llevaron a cabo la detenci\u00f3n de un sujeto por contar con una orden de aprehensi\u00f3n por el delito de violaci\u00f3n agravada.<\/p>\n<p style=\"text-align: justify;\">Habr\u00eda sido al interior de un domicilio que se encuentra en Tampac\u00e1n, donde Maximino \u201cN\u201d, supuestamente aprovech\u00f3 que la v\u00edctima se quedaba bajo su resguardo, para violentarla sexualmente.<\/p>\n<p>Tras conocer los hechos del primero de junio de 2021, el agente del Ministerio P\u00fablico judicializ\u00f3 la carpeta de investigaci\u00f3n y solicit\u00f3 al Juez de Control el mandamiento antes indicado.<\/p>\n<p>Una vez ubicado el imputado, fue asegurado por la PDI e ingresado al centro penitenciario de la zona, a fin de que se defina su situaci\u00f3n jur\u00eddica en la audiencia inicial.<\/p>\n","protected":false},"excerpt":{"rendered":"<p>SLP.- Elementos de la Polic\u00eda de Investigaci\u00f3n (PDI) de la Fiscal\u00eda General del Estado (FGE) llevaron a cabo la detenci\u00f3n de un sujeto por contar con una orden de aprehensi\u00f3n por el delito de violaci\u00f3n agravada. Habr\u00eda sido al interior de un domicilio que se encuentra en Tampac\u00e1n, donde Maximino \u201cN\u201d, supuestamente aprovech\u00f3 que la v\u00edctima se quedaba bajo su resguardo, para violentarla sexualmente. Tras conocer los hechos del primero de junio de 2021, el agente del Ministerio P\u00fablico judicializ\u00f3 la carpeta de investigaci\u00f3n y solicit\u00f3 al Juez de Control el mandamiento antes indicado. Una vez ubicado el imputado, fue [&hellip;]<\/p>\n","protected":false},"author":2,"featured_media":91017,"comment_status":"closed","ping_status":"closed","sticky":false,"template":"","format":"standard","meta":{"footnotes":""},"categories":[48],"tags":[],"class_list":["post-91016","post","type-post","status-publish","format-standard","has-post-thumbnail","hentry","category-reporte7","post--single"],"yoast_head":"<!-- This site is optimized with the Yoast SEO plugin v27.4 - https:\/\/yoast.com\/product\/yoast-seo-wordpress\/ -->\n<title>Capturan a imputado de violaci\u00f3n en Tampac\u00e1n - Canal 7 SLP - 2023<\/title>\n<meta name=\"robots\" content=\"index, follow, max-snippet:-1, max-image-preview:large, max-video-preview:-1\" \/>\n<link rel=\"canonical\" href=\"https:\/\/canal7slp.tv\/2023\/capturan-a-imputado-de-violacion-en-tampacan\/\" \/>\n<meta property=\"og:locale\" content=\"es_ES\" \/>\n<meta property=\"og:type\" content=\"article\" \/>\n<meta property=\"og:title\" content=\"Capturan a imputado de violaci\u00f3n en Tampac\u00e1n - Canal 7 SLP - 2023\" \/>\n<meta property=\"og:description\" content=\"SLP.- Elementos de la Polic\u00eda de Investigaci\u00f3n (PDI) de la Fiscal\u00eda General del Estado (FGE) llevaron a cabo la detenci\u00f3n de un sujeto por contar con una orden de aprehensi\u00f3n por el delito de violaci\u00f3n agravada. Habr\u00eda sido al interior de un domicilio que se encuentra en Tampac\u00e1n, donde Maximino \u201cN\u201d, supuestamente aprovech\u00f3 que la v\u00edctima se quedaba bajo su resguardo, para violentarla sexualmente. Tras conocer los hechos del primero de junio de 2021, el agente del Ministerio P\u00fablico judicializ\u00f3 la carpeta de investigaci\u00f3n y solicit\u00f3 al Juez de Control el mandamiento antes indicado. Una vez ubicado el imputado, fue [&hellip;]\" \/>\n<meta property=\"og:url\" content=\"https:\/\/canal7slp.tv\/2023\/capturan-a-imputado-de-violacion-en-tampacan\/\" \/>\n<meta property=\"og:site_name\" content=\"Canal 7 SLP - 2023\" \/>\n<meta property=\"article:publisher\" content=\"https:\/\/www.facebook.com\/noticieroscanalsiete\" \/>\n<meta property=\"article:published_time\" content=\"2023-03-25T21:52:22+00:00\" \/>\n<meta property=\"og:image\" content=\"https:\/\/canal7slp.tv\/2023\/wp-content\/uploads\/2023\/03\/zz2b-5.png\" \/>\n\t<meta property=\"og:image:width\" content=\"584\" \/>\n\t<meta property=\"og:image:height\" content=\"402\" \/>\n\t<meta property=\"og:image:type\" content=\"image\/png\" \/>\n<meta name=\"author\" content=\"Edici\u00f3n Web\" \/>\n<meta name=\"twitter:card\" content=\"summary_large_image\" \/>\n<meta name=\"twitter:creator\" content=\"@NOTICIEROS7\" \/>\n<meta name=\"twitter:site\" content=\"@NOTICIEROS7\" \/>\n<meta name=\"twitter:label1\" content=\"Escrito por\" \/>\n\t<meta name=\"twitter:data1\" content=\"Edici\u00f3n Web\" \/>\n\t<meta name=\"twitter:label2\" content=\"Tiempo de lectura\" \/>\n\t<meta name=\"twitter:data2\" content=\"1 minuto\" \/>\n<script type=\"application\/ld+json\" class=\"yoast-schema-graph\">{\"@context\":\"https:\\\/\\\/schema.org\",\"@graph\":[{\"@type\":\"Article\",\"@id\":\"https:\\\/\\\/canal7slp.tv\\\/2023\\\/capturan-a-imputado-de-violacion-en-tampacan\\\/#article\",\"isPartOf\":{\"@id\":\"https:\\\/\\\/canal7slp.tv\\\/2023\\\/capturan-a-imputado-de-violacion-en-tampacan\\\/\"},\"author\":{\"name\":\"Edici\u00f3n Web\",\"@id\":\"https:\\\/\\\/canal7slp.tv\\\/2023\\\/#\\\/schema\\\/person\\\/639c424e3584069003b11ae813915da6\"},\"headline\":\"Capturan a imputado de violaci\u00f3n en Tampac\u00e1n\",\"datePublished\":\"2023-03-25T21:52:22+00:00\",\"mainEntityOfPage\":{\"@id\":\"https:\\\/\\\/canal7slp.tv\\\/2023\\\/capturan-a-imputado-de-violacion-en-tampacan\\\/\"},\"wordCount\":147,\"publisher\":{\"@id\":\"https:\\\/\\\/canal7slp.tv\\\/2023\\\/#organization\"},\"image\":{\"@id\":\"https:\\\/\\\/canal7slp.tv\\\/2023\\\/capturan-a-imputado-de-violacion-en-tampacan\\\/#primaryimage\"},\"thumbnailUrl\":\"https:\\\/\\\/canal7slp.tv\\\/2023\\\/wp-content\\\/uploads\\\/2023\\\/03\\\/zz2b-5.png\",\"articleSection\":[\"REPORTE 7\"],\"inLanguage\":\"es\"},{\"@type\":\"WebPage\",\"@id\":\"https:\\\/\\\/canal7slp.tv\\\/2023\\\/capturan-a-imputado-de-violacion-en-tampacan\\\/\",\"url\":\"https:\\\/\\\/canal7slp.tv\\\/2023\\\/capturan-a-imputado-de-violacion-en-tampacan\\\/\",\"name\":\"Capturan a imputado de violaci\u00f3n en Tampac\u00e1n - Canal 7 SLP - 2023\",\"isPartOf\":{\"@id\":\"https:\\\/\\\/canal7slp.tv\\\/2023\\\/#website\"},\"primaryImageOfPage\":{\"@id\":\"https:\\\/\\\/canal7slp.tv\\\/2023\\\/capturan-a-imputado-de-violacion-en-tampacan\\\/#primaryimage\"},\"image\":{\"@id\":\"https:\\\/\\\/canal7slp.tv\\\/2023\\\/capturan-a-imputado-de-violacion-en-tampacan\\\/#primaryimage\"},\"thumbnailUrl\":\"https:\\\/\\\/canal7slp.tv\\\/2023\\\/wp-content\\\/uploads\\\/2023\\\/03\\\/zz2b-5.png\",\"datePublished\":\"2023-03-25T21:52:22+00:00\",\"breadcrumb\":{\"@id\":\"https:\\\/\\\/canal7slp.tv\\\/2023\\\/capturan-a-imputado-de-violacion-en-tampacan\\\/#breadcrumb\"},\"inLanguage\":\"es\",\"potentialAction\":[{\"@type\":\"ReadAction\",\"target\":[\"https:\\\/\\\/canal7slp.tv\\\/2023\\\/capturan-a-imputado-de-violacion-en-tampacan\\\/\"]}]},{\"@type\":\"ImageObject\",\"inLanguage\":\"es\",\"@id\":\"https:\\\/\\\/canal7slp.tv\\\/2023\\\/capturan-a-imputado-de-violacion-en-tampacan\\\/#primaryimage\",\"url\":\"https:\\\/\\\/canal7slp.tv\\\/2023\\\/wp-content\\\/uploads\\\/2023\\\/03\\\/zz2b-5.png\",\"contentUrl\":\"https:\\\/\\\/canal7slp.tv\\\/2023\\\/wp-content\\\/uploads\\\/2023\\\/03\\\/zz2b-5.png\",\"width\":584,\"height\":402},{\"@type\":\"BreadcrumbList\",\"@id\":\"https:\\\/\\\/canal7slp.tv\\\/2023\\\/capturan-a-imputado-de-violacion-en-tampacan\\\/#breadcrumb\",\"itemListElement\":[{\"@type\":\"ListItem\",\"position\":1,\"name\":\"Portada\",\"item\":\"https:\\\/\\\/canal7slp.tv\\\/2023\\\/\"},{\"@type\":\"ListItem\",\"position\":2,\"name\":\"Capturan a imputado de violaci\u00f3n en Tampac\u00e1n\"}]},{\"@type\":\"WebSite\",\"@id\":\"https:\\\/\\\/canal7slp.tv\\\/2023\\\/#website\",\"url\":\"https:\\\/\\\/canal7slp.tv\\\/2023\\\/\",\"name\":\"N7 - Noticieros Canal 7\",\"description\":\"Somos Televisi\u00f3n\",\"publisher\":{\"@id\":\"https:\\\/\\\/canal7slp.tv\\\/2023\\\/#organization\"},\"potentialAction\":[{\"@type\":\"SearchAction\",\"target\":{\"@type\":\"EntryPoint\",\"urlTemplate\":\"https:\\\/\\\/canal7slp.tv\\\/2023\\\/?s={search_term_string}\"},\"query-input\":{\"@type\":\"PropertyValueSpecification\",\"valueRequired\":true,\"valueName\":\"search_term_string\"}}],\"inLanguage\":\"es\"},{\"@type\":\"Organization\",\"@id\":\"https:\\\/\\\/canal7slp.tv\\\/2023\\\/#organization\",\"name\":\"Noticieros Canal 7\",\"url\":\"https:\\\/\\\/canal7slp.tv\\\/2023\\\/\",\"logo\":{\"@type\":\"ImageObject\",\"inLanguage\":\"es\",\"@id\":\"https:\\\/\\\/canal7slp.tv\\\/2023\\\/#\\\/schema\\\/logo\\\/image\\\/\",\"url\":\"https:\\\/\\\/canal7slp.tv\\\/2023\\\/wp-content\\\/uploads\\\/2021\\\/01\\\/logo-noticieros@2x.png\",\"contentUrl\":\"https:\\\/\\\/canal7slp.tv\\\/2023\\\/wp-content\\\/uploads\\\/2021\\\/01\\\/logo-noticieros@2x.png\",\"width\":1017,\"height\":268,\"caption\":\"Noticieros Canal 7\"},\"image\":{\"@id\":\"https:\\\/\\\/canal7slp.tv\\\/2023\\\/#\\\/schema\\\/logo\\\/image\\\/\"},\"sameAs\":[\"https:\\\/\\\/www.facebook.com\\\/noticieroscanalsiete\",\"https:\\\/\\\/x.com\\\/NOTICIEROS7\",\"https:\\\/\\\/www.instagram.com\\\/canal7_slp\",\"https:\\\/\\\/www.youtube.com\\\/channel\\\/UCliiYs-gP3JfJeqdPrNdd5A\"]},{\"@type\":\"Person\",\"@id\":\"https:\\\/\\\/canal7slp.tv\\\/2023\\\/#\\\/schema\\\/person\\\/639c424e3584069003b11ae813915da6\",\"name\":\"Edici\u00f3n Web\",\"image\":{\"@type\":\"ImageObject\",\"inLanguage\":\"es\",\"@id\":\"https:\\\/\\\/secure.gravatar.com\\\/avatar\\\/eee448fc3f7164808013b816ba91ac7e43bbe82a70bebac296f8bc6f0addaa1a?s=96&d=mm&r=g\",\"url\":\"https:\\\/\\\/secure.gravatar.com\\\/avatar\\\/eee448fc3f7164808013b816ba91ac7e43bbe82a70bebac296f8bc6f0addaa1a?s=96&d=mm&r=g\",\"contentUrl\":\"https:\\\/\\\/secure.gravatar.com\\\/avatar\\\/eee448fc3f7164808013b816ba91ac7e43bbe82a70bebac296f8bc6f0addaa1a?s=96&d=mm&r=g\",\"caption\":\"Edici\u00f3n Web\"},\"url\":\"https:\\\/\\\/canal7slp.tv\\\/2023\\\/author\\\/edicionweb\\\/\"}]}<\/script>\n<!-- \/ Yoast SEO plugin. -->","yoast_head_json":{"title":"Capturan a imputado de violaci\u00f3n en Tampac\u00e1n - Canal 7 SLP - 2023","robots":{"index":"index","follow":"follow","max-snippet":"max-snippet:-1","max-image-preview":"max-image-preview:large","max-video-preview":"max-video-preview:-1"},"canonical":"https:\/\/canal7slp.tv\/2023\/capturan-a-imputado-de-violacion-en-tampacan\/","og_locale":"es_ES","og_type":"article","og_title":"Capturan a imputado de violaci\u00f3n en Tampac\u00e1n - Canal 7 SLP - 2023","og_description":"SLP.- Elementos de la Polic\u00eda de Investigaci\u00f3n (PDI) de la Fiscal\u00eda General del Estado (FGE) llevaron a cabo la detenci\u00f3n de un sujeto por contar con una orden de aprehensi\u00f3n por el delito de violaci\u00f3n agravada. Habr\u00eda sido al interior de un domicilio que se encuentra en Tampac\u00e1n, donde Maximino \u201cN\u201d, supuestamente aprovech\u00f3 que la v\u00edctima se quedaba bajo su resguardo, para violentarla sexualmente. Tras conocer los hechos del primero de junio de 2021, el agente del Ministerio P\u00fablico judicializ\u00f3 la carpeta de investigaci\u00f3n y solicit\u00f3 al Juez de Control el mandamiento antes indicado. Una vez ubicado el imputado, fue [&hellip;]","og_url":"https:\/\/canal7slp.tv\/2023\/capturan-a-imputado-de-violacion-en-tampacan\/","og_site_name":"Canal 7 SLP - 2023","article_publisher":"https:\/\/www.facebook.com\/noticieroscanalsiete","article_published_time":"2023-03-25T21:52:22+00:00","og_image":[{"width":584,"height":402,"url":"https:\/\/canal7slp.tv\/2023\/wp-content\/uploads\/2023\/03\/zz2b-5.png","type":"image\/png"}],"author":"Edici\u00f3n Web","twitter_card":"summary_large_image","twitter_creator":"@NOTICIEROS7","twitter_site":"@NOTICIEROS7","twitter_misc":{"Escrito por":"Edici\u00f3n Web","Tiempo de lectura":"1 minuto"},"schema":{"@context":"https:\/\/schema.org","@graph":[{"@type":"Article","@id":"https:\/\/canal7slp.tv\/2023\/capturan-a-imputado-de-violacion-en-tampacan\/#article","isPartOf":{"@id":"https:\/\/canal7slp.tv\/2023\/capturan-a-imputado-de-violacion-en-tampacan\/"},"author":{"name":"Edici\u00f3n Web","@id":"https:\/\/canal7slp.tv\/2023\/#\/schema\/person\/639c424e3584069003b11ae813915da6"},"headline":"Capturan a imputado de violaci\u00f3n en Tampac\u00e1n","datePublished":"2023-03-25T21:52:22+00:00","mainEntityOfPage":{"@id":"https:\/\/canal7slp.tv\/2023\/capturan-a-imputado-de-violacion-en-tampacan\/"},"wordCount":147,"publisher":{"@id":"https:\/\/canal7slp.tv\/2023\/#organization"},"image":{"@id":"https:\/\/canal7slp.tv\/2023\/capturan-a-imputado-de-violacion-en-tampacan\/#primaryimage"},"thumbnailUrl":"https:\/\/canal7slp.tv\/2023\/wp-content\/uploads\/2023\/03\/zz2b-5.png","articleSection":["REPORTE 7"],"inLanguage":"es"},{"@type":"WebPage","@id":"https:\/\/canal7slp.tv\/2023\/capturan-a-imputado-de-violacion-en-tampacan\/","url":"https:\/\/canal7slp.tv\/2023\/capturan-a-imputado-de-violacion-en-tampacan\/","name":"Capturan a imputado de violaci\u00f3n en Tampac\u00e1n - Canal 7 SLP - 2023","isPartOf":{"@id":"https:\/\/canal7slp.tv\/2023\/#website"},"primaryImageOfPage":{"@id":"https:\/\/canal7slp.tv\/2023\/capturan-a-imputado-de-violacion-en-tampacan\/#primaryimage"},"image":{"@id":"https:\/\/canal7slp.tv\/2023\/capturan-a-imputado-de-violacion-en-tampacan\/#primaryimage"},"thumbnailUrl":"https:\/\/canal7slp.tv\/2023\/wp-content\/uploads\/2023\/03\/zz2b-5.png","datePublished":"2023-03-25T21:52:22+00:00","breadcrumb":{"@id":"https:\/\/canal7slp.tv\/2023\/capturan-a-imputado-de-violacion-en-tampacan\/#breadcrumb"},"inLanguage":"es","potentialAction":[{"@type":"ReadAction","target":["https:\/\/canal7slp.tv\/2023\/capturan-a-imputado-de-violacion-en-tampacan\/"]}]},{"@type":"ImageObject","inLanguage":"es","@id":"https:\/\/canal7slp.tv\/2023\/capturan-a-imputado-de-violacion-en-tampacan\/#primaryimage","url":"https:\/\/canal7slp.tv\/2023\/wp-content\/uploads\/2023\/03\/zz2b-5.png","contentUrl":"https:\/\/canal7slp.tv\/2023\/wp-content\/uploads\/2023\/03\/zz2b-5.png","width":584,"height":402},{"@type":"BreadcrumbList","@id":"https:\/\/canal7slp.tv\/2023\/capturan-a-imputado-de-violacion-en-tampacan\/#breadcrumb","itemListElement":[{"@type":"ListItem","position":1,"name":"Portada","item":"https:\/\/canal7slp.tv\/2023\/"},{"@type":"ListItem","position":2,"name":"Capturan a imputado de violaci\u00f3n en Tampac\u00e1n"}]},{"@type":"WebSite","@id":"https:\/\/canal7slp.tv\/2023\/#website","url":"https:\/\/canal7slp.tv\/2023\/","name":"N7 - Noticieros Canal 7","description":"Somos Televisi\u00f3n","publisher":{"@id":"https:\/\/canal7slp.tv\/2023\/#organization"},"potentialAction":[{"@type":"SearchAction","target":{"@type":"EntryPoint","urlTemplate":"https:\/\/canal7slp.tv\/2023\/?s={search_term_string}"},"query-input":{"@type":"PropertyValueSpecification","valueRequired":true,"valueName":"search_term_string"}}],"inLanguage":"es"},{"@type":"Organization","@id":"https:\/\/canal7slp.tv\/2023\/#organization","name":"Noticieros Canal 7","url":"https:\/\/canal7slp.tv\/2023\/","logo":{"@type":"ImageObject","inLanguage":"es","@id":"https:\/\/canal7slp.tv\/2023\/#\/schema\/logo\/image\/","url":"https:\/\/canal7slp.tv\/2023\/wp-content\/uploads\/2021\/01\/logo-noticieros@2x.png","contentUrl":"https:\/\/canal7slp.tv\/2023\/wp-content\/uploads\/2021\/01\/logo-noticieros@2x.png","width":1017,"height":268,"caption":"Noticieros Canal 7"},"image":{"@id":"https:\/\/canal7slp.tv\/2023\/#\/schema\/logo\/image\/"},"sameAs":["https:\/\/www.facebook.com\/noticieroscanalsiete","https:\/\/x.com\/NOTICIEROS7","https:\/\/www.instagram.com\/canal7_slp","https:\/\/www.youtube.com\/channel\/UCliiYs-gP3JfJeqdPrNdd5A"]},{"@type":"Person","@id":"https:\/\/canal7slp.tv\/2023\/#\/schema\/person\/639c424e3584069003b11ae813915da6","name":"Edici\u00f3n Web","image":{"@type":"ImageObject","inLanguage":"es","@id":"https:\/\/secure.gravatar.com\/avatar\/eee448fc3f7164808013b816ba91ac7e43bbe82a70bebac296f8bc6f0addaa1a?s=96&d=mm&r=g","url":"https:\/\/secure.gravatar.com\/avatar\/eee448fc3f7164808013b816ba91ac7e43bbe82a70bebac296f8bc6f0addaa1a?s=96&d=mm&r=g","contentUrl":"https:\/\/secure.gravatar.com\/avatar\/eee448fc3f7164808013b816ba91ac7e43bbe82a70bebac296f8bc6f0addaa1a?s=96&d=mm&r=g","caption":"Edici\u00f3n Web"},"url":"https:\/\/canal7slp.tv\/2023\/author\/edicionweb\/"}]}},"_links":{"self":[{"href":"https:\/\/canal7slp.tv\/2023\/wp-json\/wp\/v2\/posts\/91016","targetHints":{"allow":["GET"]}}],"collection":[{"href":"https:\/\/canal7slp.tv\/2023\/wp-json\/wp\/v2\/posts"}],"about":[{"href":"https:\/\/canal7slp.tv\/2023\/wp-json\/wp\/v2\/types\/post"}],"author":[{"embeddable":true,"href":"https:\/\/canal7slp.tv\/2023\/wp-json\/wp\/v2\/users\/2"}],"replies":[{"embeddable":true,"href":"https:\/\/canal7slp.tv\/2023\/wp-json\/wp\/v2\/comments?post=91016"}],"version-history":[{"count":1,"href":"https:\/\/canal7slp.tv\/2023\/wp-json\/wp\/v2\/posts\/91016\/revisions"}],"predecessor-version":[{"id":91018,"href":"https:\/\/canal7slp.tv\/2023\/wp-json\/wp\/v2\/posts\/91016\/revisions\/91018"}],"wp:featuredmedia":[{"embeddable":true,"href":"https:\/\/canal7slp.tv\/2023\/wp-json\/wp\/v2\/media\/91017"}],"wp:attachment":[{"href":"https:\/\/canal7slp.tv\/2023\/wp-json\/wp\/v2\/media?parent=91016"}],"wp:term":[{"taxonomy":"category","embeddable":true,"href":"https:\/\/canal7slp.tv\/2023\/wp-json\/wp\/v2\/categories?post=91016"},{"taxonomy":"post_tag","embeddable":true,"href":"https:\/\/canal7slp.tv\/2023\/wp-json\/wp\/v2\/tags?post=91016"}],"curies":[{"name":"wp","href":"https:\/\/api.w.org\/{rel}","templated":true}]}}