{"id":91012,"date":"2023-03-25T15:49:18","date_gmt":"2023-03-25T21:49:18","guid":{"rendered":"https:\/\/canal7slp.tv\/2023\/?p=91012"},"modified":"2023-03-25T15:49:18","modified_gmt":"2023-03-25T21:49:18","slug":"por-robo-a-tienda-de-abarrotes-de-slp-detienen-a-sujeto","status":"publish","type":"post","link":"https:\/\/canal7slp.tv\/2023\/por-robo-a-tienda-de-abarrotes-de-slp-detienen-a-sujeto\/","title":{"rendered":"Por robo a tienda de abarrotes de SLP, detienen a sujeto"},"content":{"rendered":"<p style=\"text-align: justify;\">SLP.-\u00a0Por estar posiblemente relacionado al robo a una tienda de abarrotes, la Polic\u00eda de Investigaci\u00f3n (PDI) ejecut\u00f3 una orden de aprehensi\u00f3n a un individuo en San Luis Potos\u00ed.<\/p>\n<p style=\"text-align: justify;\">Luego de la denuncia interpuesta por la parte afectada, el personal de la Fiscal\u00eda General del Estado (FGE) abri\u00f3 una carpeta de investigaci\u00f3n por lo acontecido el 20 de julio de 2022.<\/p>\n<p style=\"text-align: justify;\">Seg\u00fan los datos obtenidos, este hombre junto otros sujetos, ingres\u00f3 a un comercio que se ubica en la calle Mec\u00e1nica y efectuaron el robo.<\/p>\n<p style=\"text-align: justify;\">La PDI recolect\u00f3 informaci\u00f3n y varios datos de prueba con los que se pudo identificar a uno de los part\u00edcipes de nombre Juan \u201cN\u201d.<\/p>\n<p style=\"text-align: justify;\">Fue la Unidad de Investigaci\u00f3n de Robo a Casa Habitaci\u00f3n, Industria y Comercio la que solicit\u00f3 al Juez de Control el mandamiento judicial por el delito de robo calificado contra el imputado de 24 a\u00f1os.<\/p>\n<p style=\"text-align: justify;\">Los agentes investigadores comenzaron la b\u00fasqueda del joven y lo ubicaron en calles de la colonia Las Piedras, perteneciente a la capital.<\/p>\n<p style=\"text-align: justify;\">Fue llevado al penal de La Pila, en espera de que se concrete la audiencia inicial.<\/p>\n","protected":false},"excerpt":{"rendered":"<p>SLP.-\u00a0Por estar posiblemente relacionado al robo a una tienda de abarrotes, la Polic\u00eda de Investigaci\u00f3n (PDI) ejecut\u00f3 una orden de aprehensi\u00f3n a un individuo en San Luis Potos\u00ed. Luego de la denuncia interpuesta por la parte afectada, el personal de la Fiscal\u00eda General del Estado (FGE) abri\u00f3 una carpeta de investigaci\u00f3n por lo acontecido el 20 de julio de 2022. Seg\u00fan los datos obtenidos, este hombre junto otros sujetos, ingres\u00f3 a un comercio que se ubica en la calle Mec\u00e1nica y efectuaron el robo. La PDI recolect\u00f3 informaci\u00f3n y varios datos de prueba con los que se pudo identificar a [&hellip;]<\/p>\n","protected":false},"author":2,"featured_media":91014,"comment_status":"closed","ping_status":"closed","sticky":false,"template":"","format":"standard","meta":{"footnotes":""},"categories":[48],"tags":[],"class_list":["post-91012","post","type-post","status-publish","format-standard","has-post-thumbnail","hentry","category-reporte7","post--single"],"yoast_head":"<!-- This site is optimized with the Yoast SEO plugin v27.4 - https:\/\/yoast.com\/product\/yoast-seo-wordpress\/ -->\n<title>Por robo a tienda de abarrotes de SLP, detienen a sujeto - Canal 7 SLP - 2023<\/title>\n<meta name=\"robots\" content=\"index, follow, max-snippet:-1, max-image-preview:large, max-video-preview:-1\" \/>\n<link rel=\"canonical\" href=\"https:\/\/canal7slp.tv\/2023\/por-robo-a-tienda-de-abarrotes-de-slp-detienen-a-sujeto\/\" \/>\n<meta property=\"og:locale\" content=\"es_ES\" \/>\n<meta property=\"og:type\" content=\"article\" \/>\n<meta property=\"og:title\" content=\"Por robo a tienda de abarrotes de SLP, detienen a sujeto - Canal 7 SLP - 2023\" \/>\n<meta property=\"og:description\" content=\"SLP.-\u00a0Por estar posiblemente relacionado al robo a una tienda de abarrotes, la Polic\u00eda de Investigaci\u00f3n (PDI) ejecut\u00f3 una orden de aprehensi\u00f3n a un individuo en San Luis Potos\u00ed. Luego de la denuncia interpuesta por la parte afectada, el personal de la Fiscal\u00eda General del Estado (FGE) abri\u00f3 una carpeta de investigaci\u00f3n por lo acontecido el 20 de julio de 2022. Seg\u00fan los datos obtenidos, este hombre junto otros sujetos, ingres\u00f3 a un comercio que se ubica en la calle Mec\u00e1nica y efectuaron el robo. La PDI recolect\u00f3 informaci\u00f3n y varios datos de prueba con los que se pudo identificar a [&hellip;]\" \/>\n<meta property=\"og:url\" content=\"https:\/\/canal7slp.tv\/2023\/por-robo-a-tienda-de-abarrotes-de-slp-detienen-a-sujeto\/\" \/>\n<meta property=\"og:site_name\" content=\"Canal 7 SLP - 2023\" \/>\n<meta property=\"article:publisher\" content=\"https:\/\/www.facebook.com\/noticieroscanalsiete\" \/>\n<meta property=\"article:published_time\" content=\"2023-03-25T21:49:18+00:00\" \/>\n<meta property=\"og:image\" content=\"https:\/\/canal7slp.tv\/2023\/wp-content\/uploads\/2023\/03\/zz1b-7.png\" \/>\n\t<meta property=\"og:image:width\" content=\"548\" \/>\n\t<meta property=\"og:image:height\" content=\"402\" \/>\n\t<meta property=\"og:image:type\" content=\"image\/png\" \/>\n<meta name=\"author\" content=\"Edici\u00f3n Web\" \/>\n<meta name=\"twitter:card\" content=\"summary_large_image\" \/>\n<meta name=\"twitter:creator\" content=\"@NOTICIEROS7\" \/>\n<meta name=\"twitter:site\" content=\"@NOTICIEROS7\" \/>\n<meta name=\"twitter:label1\" content=\"Escrito por\" \/>\n\t<meta name=\"twitter:data1\" content=\"Edici\u00f3n Web\" \/>\n\t<meta name=\"twitter:label2\" content=\"Tiempo de lectura\" \/>\n\t<meta name=\"twitter:data2\" content=\"1 minuto\" \/>\n<script type=\"application\/ld+json\" class=\"yoast-schema-graph\">{\"@context\":\"https:\\\/\\\/schema.org\",\"@graph\":[{\"@type\":\"Article\",\"@id\":\"https:\\\/\\\/canal7slp.tv\\\/2023\\\/por-robo-a-tienda-de-abarrotes-de-slp-detienen-a-sujeto\\\/#article\",\"isPartOf\":{\"@id\":\"https:\\\/\\\/canal7slp.tv\\\/2023\\\/por-robo-a-tienda-de-abarrotes-de-slp-detienen-a-sujeto\\\/\"},\"author\":{\"name\":\"Edici\u00f3n Web\",\"@id\":\"https:\\\/\\\/canal7slp.tv\\\/2023\\\/#\\\/schema\\\/person\\\/639c424e3584069003b11ae813915da6\"},\"headline\":\"Por robo a tienda de abarrotes de SLP, detienen a sujeto\",\"datePublished\":\"2023-03-25T21:49:18+00:00\",\"mainEntityOfPage\":{\"@id\":\"https:\\\/\\\/canal7slp.tv\\\/2023\\\/por-robo-a-tienda-de-abarrotes-de-slp-detienen-a-sujeto\\\/\"},\"wordCount\":204,\"publisher\":{\"@id\":\"https:\\\/\\\/canal7slp.tv\\\/2023\\\/#organization\"},\"image\":{\"@id\":\"https:\\\/\\\/canal7slp.tv\\\/2023\\\/por-robo-a-tienda-de-abarrotes-de-slp-detienen-a-sujeto\\\/#primaryimage\"},\"thumbnailUrl\":\"https:\\\/\\\/canal7slp.tv\\\/2023\\\/wp-content\\\/uploads\\\/2023\\\/03\\\/zz1b-7.png\",\"articleSection\":[\"REPORTE 7\"],\"inLanguage\":\"es\"},{\"@type\":\"WebPage\",\"@id\":\"https:\\\/\\\/canal7slp.tv\\\/2023\\\/por-robo-a-tienda-de-abarrotes-de-slp-detienen-a-sujeto\\\/\",\"url\":\"https:\\\/\\\/canal7slp.tv\\\/2023\\\/por-robo-a-tienda-de-abarrotes-de-slp-detienen-a-sujeto\\\/\",\"name\":\"Por robo a tienda de abarrotes de SLP, detienen a sujeto - Canal 7 SLP - 2023\",\"isPartOf\":{\"@id\":\"https:\\\/\\\/canal7slp.tv\\\/2023\\\/#website\"},\"primaryImageOfPage\":{\"@id\":\"https:\\\/\\\/canal7slp.tv\\\/2023\\\/por-robo-a-tienda-de-abarrotes-de-slp-detienen-a-sujeto\\\/#primaryimage\"},\"image\":{\"@id\":\"https:\\\/\\\/canal7slp.tv\\\/2023\\\/por-robo-a-tienda-de-abarrotes-de-slp-detienen-a-sujeto\\\/#primaryimage\"},\"thumbnailUrl\":\"https:\\\/\\\/canal7slp.tv\\\/2023\\\/wp-content\\\/uploads\\\/2023\\\/03\\\/zz1b-7.png\",\"datePublished\":\"2023-03-25T21:49:18+00:00\",\"breadcrumb\":{\"@id\":\"https:\\\/\\\/canal7slp.tv\\\/2023\\\/por-robo-a-tienda-de-abarrotes-de-slp-detienen-a-sujeto\\\/#breadcrumb\"},\"inLanguage\":\"es\",\"potentialAction\":[{\"@type\":\"ReadAction\",\"target\":[\"https:\\\/\\\/canal7slp.tv\\\/2023\\\/por-robo-a-tienda-de-abarrotes-de-slp-detienen-a-sujeto\\\/\"]}]},{\"@type\":\"ImageObject\",\"inLanguage\":\"es\",\"@id\":\"https:\\\/\\\/canal7slp.tv\\\/2023\\\/por-robo-a-tienda-de-abarrotes-de-slp-detienen-a-sujeto\\\/#primaryimage\",\"url\":\"https:\\\/\\\/canal7slp.tv\\\/2023\\\/wp-content\\\/uploads\\\/2023\\\/03\\\/zz1b-7.png\",\"contentUrl\":\"https:\\\/\\\/canal7slp.tv\\\/2023\\\/wp-content\\\/uploads\\\/2023\\\/03\\\/zz1b-7.png\",\"width\":548,\"height\":402},{\"@type\":\"BreadcrumbList\",\"@id\":\"https:\\\/\\\/canal7slp.tv\\\/2023\\\/por-robo-a-tienda-de-abarrotes-de-slp-detienen-a-sujeto\\\/#breadcrumb\",\"itemListElement\":[{\"@type\":\"ListItem\",\"position\":1,\"name\":\"Portada\",\"item\":\"https:\\\/\\\/canal7slp.tv\\\/2023\\\/\"},{\"@type\":\"ListItem\",\"position\":2,\"name\":\"Por robo a tienda de abarrotes de SLP, detienen a sujeto\"}]},{\"@type\":\"WebSite\",\"@id\":\"https:\\\/\\\/canal7slp.tv\\\/2023\\\/#website\",\"url\":\"https:\\\/\\\/canal7slp.tv\\\/2023\\\/\",\"name\":\"N7 - Noticieros Canal 7\",\"description\":\"Somos Televisi\u00f3n\",\"publisher\":{\"@id\":\"https:\\\/\\\/canal7slp.tv\\\/2023\\\/#organization\"},\"potentialAction\":[{\"@type\":\"SearchAction\",\"target\":{\"@type\":\"EntryPoint\",\"urlTemplate\":\"https:\\\/\\\/canal7slp.tv\\\/2023\\\/?s={search_term_string}\"},\"query-input\":{\"@type\":\"PropertyValueSpecification\",\"valueRequired\":true,\"valueName\":\"search_term_string\"}}],\"inLanguage\":\"es\"},{\"@type\":\"Organization\",\"@id\":\"https:\\\/\\\/canal7slp.tv\\\/2023\\\/#organization\",\"name\":\"Noticieros Canal 7\",\"url\":\"https:\\\/\\\/canal7slp.tv\\\/2023\\\/\",\"logo\":{\"@type\":\"ImageObject\",\"inLanguage\":\"es\",\"@id\":\"https:\\\/\\\/canal7slp.tv\\\/2023\\\/#\\\/schema\\\/logo\\\/image\\\/\",\"url\":\"https:\\\/\\\/canal7slp.tv\\\/2023\\\/wp-content\\\/uploads\\\/2021\\\/01\\\/logo-noticieros@2x.png\",\"contentUrl\":\"https:\\\/\\\/canal7slp.tv\\\/2023\\\/wp-content\\\/uploads\\\/2021\\\/01\\\/logo-noticieros@2x.png\",\"width\":1017,\"height\":268,\"caption\":\"Noticieros Canal 7\"},\"image\":{\"@id\":\"https:\\\/\\\/canal7slp.tv\\\/2023\\\/#\\\/schema\\\/logo\\\/image\\\/\"},\"sameAs\":[\"https:\\\/\\\/www.facebook.com\\\/noticieroscanalsiete\",\"https:\\\/\\\/x.com\\\/NOTICIEROS7\",\"https:\\\/\\\/www.instagram.com\\\/canal7_slp\",\"https:\\\/\\\/www.youtube.com\\\/channel\\\/UCliiYs-gP3JfJeqdPrNdd5A\"]},{\"@type\":\"Person\",\"@id\":\"https:\\\/\\\/canal7slp.tv\\\/2023\\\/#\\\/schema\\\/person\\\/639c424e3584069003b11ae813915da6\",\"name\":\"Edici\u00f3n Web\",\"image\":{\"@type\":\"ImageObject\",\"inLanguage\":\"es\",\"@id\":\"https:\\\/\\\/secure.gravatar.com\\\/avatar\\\/eee448fc3f7164808013b816ba91ac7e43bbe82a70bebac296f8bc6f0addaa1a?s=96&d=mm&r=g\",\"url\":\"https:\\\/\\\/secure.gravatar.com\\\/avatar\\\/eee448fc3f7164808013b816ba91ac7e43bbe82a70bebac296f8bc6f0addaa1a?s=96&d=mm&r=g\",\"contentUrl\":\"https:\\\/\\\/secure.gravatar.com\\\/avatar\\\/eee448fc3f7164808013b816ba91ac7e43bbe82a70bebac296f8bc6f0addaa1a?s=96&d=mm&r=g\",\"caption\":\"Edici\u00f3n Web\"},\"url\":\"https:\\\/\\\/canal7slp.tv\\\/2023\\\/author\\\/edicionweb\\\/\"}]}<\/script>\n<!-- \/ Yoast SEO plugin. -->","yoast_head_json":{"title":"Por robo a tienda de abarrotes de SLP, detienen a sujeto - Canal 7 SLP - 2023","robots":{"index":"index","follow":"follow","max-snippet":"max-snippet:-1","max-image-preview":"max-image-preview:large","max-video-preview":"max-video-preview:-1"},"canonical":"https:\/\/canal7slp.tv\/2023\/por-robo-a-tienda-de-abarrotes-de-slp-detienen-a-sujeto\/","og_locale":"es_ES","og_type":"article","og_title":"Por robo a tienda de abarrotes de SLP, detienen a sujeto - Canal 7 SLP - 2023","og_description":"SLP.-\u00a0Por estar posiblemente relacionado al robo a una tienda de abarrotes, la Polic\u00eda de Investigaci\u00f3n (PDI) ejecut\u00f3 una orden de aprehensi\u00f3n a un individuo en San Luis Potos\u00ed. Luego de la denuncia interpuesta por la parte afectada, el personal de la Fiscal\u00eda General del Estado (FGE) abri\u00f3 una carpeta de investigaci\u00f3n por lo acontecido el 20 de julio de 2022. Seg\u00fan los datos obtenidos, este hombre junto otros sujetos, ingres\u00f3 a un comercio que se ubica en la calle Mec\u00e1nica y efectuaron el robo. La PDI recolect\u00f3 informaci\u00f3n y varios datos de prueba con los que se pudo identificar a [&hellip;]","og_url":"https:\/\/canal7slp.tv\/2023\/por-robo-a-tienda-de-abarrotes-de-slp-detienen-a-sujeto\/","og_site_name":"Canal 7 SLP - 2023","article_publisher":"https:\/\/www.facebook.com\/noticieroscanalsiete","article_published_time":"2023-03-25T21:49:18+00:00","og_image":[{"width":548,"height":402,"url":"https:\/\/canal7slp.tv\/2023\/wp-content\/uploads\/2023\/03\/zz1b-7.png","type":"image\/png"}],"author":"Edici\u00f3n Web","twitter_card":"summary_large_image","twitter_creator":"@NOTICIEROS7","twitter_site":"@NOTICIEROS7","twitter_misc":{"Escrito por":"Edici\u00f3n Web","Tiempo de lectura":"1 minuto"},"schema":{"@context":"https:\/\/schema.org","@graph":[{"@type":"Article","@id":"https:\/\/canal7slp.tv\/2023\/por-robo-a-tienda-de-abarrotes-de-slp-detienen-a-sujeto\/#article","isPartOf":{"@id":"https:\/\/canal7slp.tv\/2023\/por-robo-a-tienda-de-abarrotes-de-slp-detienen-a-sujeto\/"},"author":{"name":"Edici\u00f3n Web","@id":"https:\/\/canal7slp.tv\/2023\/#\/schema\/person\/639c424e3584069003b11ae813915da6"},"headline":"Por robo a tienda de abarrotes de SLP, detienen a sujeto","datePublished":"2023-03-25T21:49:18+00:00","mainEntityOfPage":{"@id":"https:\/\/canal7slp.tv\/2023\/por-robo-a-tienda-de-abarrotes-de-slp-detienen-a-sujeto\/"},"wordCount":204,"publisher":{"@id":"https:\/\/canal7slp.tv\/2023\/#organization"},"image":{"@id":"https:\/\/canal7slp.tv\/2023\/por-robo-a-tienda-de-abarrotes-de-slp-detienen-a-sujeto\/#primaryimage"},"thumbnailUrl":"https:\/\/canal7slp.tv\/2023\/wp-content\/uploads\/2023\/03\/zz1b-7.png","articleSection":["REPORTE 7"],"inLanguage":"es"},{"@type":"WebPage","@id":"https:\/\/canal7slp.tv\/2023\/por-robo-a-tienda-de-abarrotes-de-slp-detienen-a-sujeto\/","url":"https:\/\/canal7slp.tv\/2023\/por-robo-a-tienda-de-abarrotes-de-slp-detienen-a-sujeto\/","name":"Por robo a tienda de abarrotes de SLP, detienen a sujeto - Canal 7 SLP - 2023","isPartOf":{"@id":"https:\/\/canal7slp.tv\/2023\/#website"},"primaryImageOfPage":{"@id":"https:\/\/canal7slp.tv\/2023\/por-robo-a-tienda-de-abarrotes-de-slp-detienen-a-sujeto\/#primaryimage"},"image":{"@id":"https:\/\/canal7slp.tv\/2023\/por-robo-a-tienda-de-abarrotes-de-slp-detienen-a-sujeto\/#primaryimage"},"thumbnailUrl":"https:\/\/canal7slp.tv\/2023\/wp-content\/uploads\/2023\/03\/zz1b-7.png","datePublished":"2023-03-25T21:49:18+00:00","breadcrumb":{"@id":"https:\/\/canal7slp.tv\/2023\/por-robo-a-tienda-de-abarrotes-de-slp-detienen-a-sujeto\/#breadcrumb"},"inLanguage":"es","potentialAction":[{"@type":"ReadAction","target":["https:\/\/canal7slp.tv\/2023\/por-robo-a-tienda-de-abarrotes-de-slp-detienen-a-sujeto\/"]}]},{"@type":"ImageObject","inLanguage":"es","@id":"https:\/\/canal7slp.tv\/2023\/por-robo-a-tienda-de-abarrotes-de-slp-detienen-a-sujeto\/#primaryimage","url":"https:\/\/canal7slp.tv\/2023\/wp-content\/uploads\/2023\/03\/zz1b-7.png","contentUrl":"https:\/\/canal7slp.tv\/2023\/wp-content\/uploads\/2023\/03\/zz1b-7.png","width":548,"height":402},{"@type":"BreadcrumbList","@id":"https:\/\/canal7slp.tv\/2023\/por-robo-a-tienda-de-abarrotes-de-slp-detienen-a-sujeto\/#breadcrumb","itemListElement":[{"@type":"ListItem","position":1,"name":"Portada","item":"https:\/\/canal7slp.tv\/2023\/"},{"@type":"ListItem","position":2,"name":"Por robo a tienda de abarrotes de SLP, detienen a sujeto"}]},{"@type":"WebSite","@id":"https:\/\/canal7slp.tv\/2023\/#website","url":"https:\/\/canal7slp.tv\/2023\/","name":"N7 - Noticieros Canal 7","description":"Somos Televisi\u00f3n","publisher":{"@id":"https:\/\/canal7slp.tv\/2023\/#organization"},"potentialAction":[{"@type":"SearchAction","target":{"@type":"EntryPoint","urlTemplate":"https:\/\/canal7slp.tv\/2023\/?s={search_term_string}"},"query-input":{"@type":"PropertyValueSpecification","valueRequired":true,"valueName":"search_term_string"}}],"inLanguage":"es"},{"@type":"Organization","@id":"https:\/\/canal7slp.tv\/2023\/#organization","name":"Noticieros Canal 7","url":"https:\/\/canal7slp.tv\/2023\/","logo":{"@type":"ImageObject","inLanguage":"es","@id":"https:\/\/canal7slp.tv\/2023\/#\/schema\/logo\/image\/","url":"https:\/\/canal7slp.tv\/2023\/wp-content\/uploads\/2021\/01\/logo-noticieros@2x.png","contentUrl":"https:\/\/canal7slp.tv\/2023\/wp-content\/uploads\/2021\/01\/logo-noticieros@2x.png","width":1017,"height":268,"caption":"Noticieros Canal 7"},"image":{"@id":"https:\/\/canal7slp.tv\/2023\/#\/schema\/logo\/image\/"},"sameAs":["https:\/\/www.facebook.com\/noticieroscanalsiete","https:\/\/x.com\/NOTICIEROS7","https:\/\/www.instagram.com\/canal7_slp","https:\/\/www.youtube.com\/channel\/UCliiYs-gP3JfJeqdPrNdd5A"]},{"@type":"Person","@id":"https:\/\/canal7slp.tv\/2023\/#\/schema\/person\/639c424e3584069003b11ae813915da6","name":"Edici\u00f3n Web","image":{"@type":"ImageObject","inLanguage":"es","@id":"https:\/\/secure.gravatar.com\/avatar\/eee448fc3f7164808013b816ba91ac7e43bbe82a70bebac296f8bc6f0addaa1a?s=96&d=mm&r=g","url":"https:\/\/secure.gravatar.com\/avatar\/eee448fc3f7164808013b816ba91ac7e43bbe82a70bebac296f8bc6f0addaa1a?s=96&d=mm&r=g","contentUrl":"https:\/\/secure.gravatar.com\/avatar\/eee448fc3f7164808013b816ba91ac7e43bbe82a70bebac296f8bc6f0addaa1a?s=96&d=mm&r=g","caption":"Edici\u00f3n Web"},"url":"https:\/\/canal7slp.tv\/2023\/author\/edicionweb\/"}]}},"_links":{"self":[{"href":"https:\/\/canal7slp.tv\/2023\/wp-json\/wp\/v2\/posts\/91012","targetHints":{"allow":["GET"]}}],"collection":[{"href":"https:\/\/canal7slp.tv\/2023\/wp-json\/wp\/v2\/posts"}],"about":[{"href":"https:\/\/canal7slp.tv\/2023\/wp-json\/wp\/v2\/types\/post"}],"author":[{"embeddable":true,"href":"https:\/\/canal7slp.tv\/2023\/wp-json\/wp\/v2\/users\/2"}],"replies":[{"embeddable":true,"href":"https:\/\/canal7slp.tv\/2023\/wp-json\/wp\/v2\/comments?post=91012"}],"version-history":[{"count":1,"href":"https:\/\/canal7slp.tv\/2023\/wp-json\/wp\/v2\/posts\/91012\/revisions"}],"predecessor-version":[{"id":91015,"href":"https:\/\/canal7slp.tv\/2023\/wp-json\/wp\/v2\/posts\/91012\/revisions\/91015"}],"wp:featuredmedia":[{"embeddable":true,"href":"https:\/\/canal7slp.tv\/2023\/wp-json\/wp\/v2\/media\/91014"}],"wp:attachment":[{"href":"https:\/\/canal7slp.tv\/2023\/wp-json\/wp\/v2\/media?parent=91012"}],"wp:term":[{"taxonomy":"category","embeddable":true,"href":"https:\/\/canal7slp.tv\/2023\/wp-json\/wp\/v2\/categories?post=91012"},{"taxonomy":"post_tag","embeddable":true,"href":"https:\/\/canal7slp.tv\/2023\/wp-json\/wp\/v2\/tags?post=91012"}],"curies":[{"name":"wp","href":"https:\/\/api.w.org\/{rel}","templated":true}]}}