{"id":90802,"date":"2023-03-23T17:03:07","date_gmt":"2023-03-23T23:03:07","guid":{"rendered":"https:\/\/canal7slp.tv\/2023\/?p=90802"},"modified":"2023-03-23T17:03:07","modified_gmt":"2023-03-23T23:03:07","slug":"nueve-policias-son-arrestados-por-caso-ayotzinapa","status":"publish","type":"post","link":"https:\/\/canal7slp.tv\/2023\/nueve-policias-son-arrestados-por-caso-ayotzinapa\/","title":{"rendered":"Nueve polic\u00edas son arrestados por caso Ayotzinapa"},"content":{"rendered":"<p style=\"text-align: justify;\">M\u00e9xico.- Elementos de la Fiscal\u00eda General de la Rep\u00fablica (FGR), adscritos a la Agencia de Investigaci\u00f3n Criminal, detuvieron a 7 polic\u00edas estatales de Guerrero por su presunta responsabilidad en la desaparici\u00f3n de los 43 normalistas de Ayotzinapa.<\/p>\n<p style=\"text-align: justify;\">Se trata de:<\/p>\n<ul style=\"text-align: justify;\">\n<li>Alberto Ch\u00e1vez \u00c1lvarez<\/li>\n<li>Juan Dur\u00e1n Mosso<\/li>\n<li>Lorenzo Bello Hern\u00e1ndez<\/li>\n<li>Noel Baltazar G\u00f3mez<\/li>\n<li>Pablo Jim\u00e9nez Morales<\/li>\n<li>Ramiro Alvarado S\u00e1nchez<\/li>\n<li>Sandra Gerardo Gallardo<\/li>\n<\/ul>\n<p style=\"text-align: justify;\">Asimismo, la Secretar\u00eda de Seguridad de Guerrero inform\u00f3 que tambi\u00e9n se fueron arrestados 2 agentes polic\u00edacos del municipio de Iguala por el mismo caso.<\/p>\n<p style=\"text-align: justify;\">Cabe se\u00f1alar que desde 2022, no se hab\u00edan registrado detenciones relacionadas con la desaparici\u00f3n de los normalistas.<\/p>\n","protected":false},"excerpt":{"rendered":"<p>M\u00e9xico.- Elementos de la Fiscal\u00eda General de la Rep\u00fablica (FGR), adscritos a la Agencia de Investigaci\u00f3n Criminal, detuvieron a 7 polic\u00edas estatales de Guerrero por su presunta responsabilidad en la desaparici\u00f3n de los 43 normalistas de Ayotzinapa. Se trata de: Alberto Ch\u00e1vez \u00c1lvarez Juan Dur\u00e1n Mosso Lorenzo Bello Hern\u00e1ndez Noel Baltazar G\u00f3mez Pablo Jim\u00e9nez Morales Ramiro Alvarado S\u00e1nchez Sandra Gerardo Gallardo Asimismo, la Secretar\u00eda de Seguridad de Guerrero inform\u00f3 que tambi\u00e9n se fueron arrestados 2 agentes polic\u00edacos del municipio de Iguala por el mismo caso. Cabe se\u00f1alar que desde 2022, no se hab\u00edan registrado detenciones relacionadas con la desaparici\u00f3n de [&hellip;]<\/p>\n","protected":false},"author":2,"featured_media":90816,"comment_status":"closed","ping_status":"closed","sticky":false,"template":"","format":"standard","meta":{"footnotes":""},"categories":[46],"tags":[],"class_list":["post-90802","post","type-post","status-publish","format-standard","has-post-thumbnail","hentry","category-nacional","post--single"],"yoast_head":"<!-- This site is optimized with the Yoast SEO plugin v27.4 - https:\/\/yoast.com\/product\/yoast-seo-wordpress\/ -->\n<title>Nueve polic\u00edas son arrestados por caso Ayotzinapa - Canal 7 SLP - 2023<\/title>\n<meta name=\"robots\" content=\"index, follow, max-snippet:-1, max-image-preview:large, max-video-preview:-1\" \/>\n<link rel=\"canonical\" href=\"https:\/\/canal7slp.tv\/2023\/nueve-policias-son-arrestados-por-caso-ayotzinapa\/\" \/>\n<meta property=\"og:locale\" content=\"es_ES\" \/>\n<meta property=\"og:type\" content=\"article\" \/>\n<meta property=\"og:title\" content=\"Nueve polic\u00edas son arrestados por caso Ayotzinapa - Canal 7 SLP - 2023\" \/>\n<meta property=\"og:description\" content=\"M\u00e9xico.- Elementos de la Fiscal\u00eda General de la Rep\u00fablica (FGR), adscritos a la Agencia de Investigaci\u00f3n Criminal, detuvieron a 7 polic\u00edas estatales de Guerrero por su presunta responsabilidad en la desaparici\u00f3n de los 43 normalistas de Ayotzinapa. Se trata de: Alberto Ch\u00e1vez \u00c1lvarez Juan Dur\u00e1n Mosso Lorenzo Bello Hern\u00e1ndez Noel Baltazar G\u00f3mez Pablo Jim\u00e9nez Morales Ramiro Alvarado S\u00e1nchez Sandra Gerardo Gallardo Asimismo, la Secretar\u00eda de Seguridad de Guerrero inform\u00f3 que tambi\u00e9n se fueron arrestados 2 agentes polic\u00edacos del municipio de Iguala por el mismo caso. Cabe se\u00f1alar que desde 2022, no se hab\u00edan registrado detenciones relacionadas con la desaparici\u00f3n de [&hellip;]\" \/>\n<meta property=\"og:url\" content=\"https:\/\/canal7slp.tv\/2023\/nueve-policias-son-arrestados-por-caso-ayotzinapa\/\" \/>\n<meta property=\"og:site_name\" content=\"Canal 7 SLP - 2023\" \/>\n<meta property=\"article:publisher\" content=\"https:\/\/www.facebook.com\/noticieroscanalsiete\" \/>\n<meta property=\"article:published_time\" content=\"2023-03-23T23:03:07+00:00\" \/>\n<meta property=\"og:image\" content=\"https:\/\/canal7slp.tv\/2023\/wp-content\/uploads\/2023\/03\/04-16.jpg\" \/>\n\t<meta property=\"og:image:width\" content=\"940\" \/>\n\t<meta property=\"og:image:height\" content=\"529\" \/>\n\t<meta property=\"og:image:type\" content=\"image\/jpeg\" \/>\n<meta name=\"author\" content=\"Edici\u00f3n Web\" \/>\n<meta name=\"twitter:card\" content=\"summary_large_image\" \/>\n<meta name=\"twitter:creator\" content=\"@NOTICIEROS7\" \/>\n<meta name=\"twitter:site\" content=\"@NOTICIEROS7\" \/>\n<meta name=\"twitter:label1\" content=\"Escrito por\" \/>\n\t<meta name=\"twitter:data1\" content=\"Edici\u00f3n Web\" \/>\n\t<meta name=\"twitter:label2\" content=\"Tiempo de lectura\" \/>\n\t<meta name=\"twitter:data2\" content=\"1 minuto\" \/>\n<script type=\"application\/ld+json\" class=\"yoast-schema-graph\">{\"@context\":\"https:\\\/\\\/schema.org\",\"@graph\":[{\"@type\":\"Article\",\"@id\":\"https:\\\/\\\/canal7slp.tv\\\/2023\\\/nueve-policias-son-arrestados-por-caso-ayotzinapa\\\/#article\",\"isPartOf\":{\"@id\":\"https:\\\/\\\/canal7slp.tv\\\/2023\\\/nueve-policias-son-arrestados-por-caso-ayotzinapa\\\/\"},\"author\":{\"name\":\"Edici\u00f3n Web\",\"@id\":\"https:\\\/\\\/canal7slp.tv\\\/2023\\\/#\\\/schema\\\/person\\\/639c424e3584069003b11ae813915da6\"},\"headline\":\"Nueve polic\u00edas son arrestados por caso Ayotzinapa\",\"datePublished\":\"2023-03-23T23:03:07+00:00\",\"mainEntityOfPage\":{\"@id\":\"https:\\\/\\\/canal7slp.tv\\\/2023\\\/nueve-policias-son-arrestados-por-caso-ayotzinapa\\\/\"},\"wordCount\":125,\"publisher\":{\"@id\":\"https:\\\/\\\/canal7slp.tv\\\/2023\\\/#organization\"},\"image\":{\"@id\":\"https:\\\/\\\/canal7slp.tv\\\/2023\\\/nueve-policias-son-arrestados-por-caso-ayotzinapa\\\/#primaryimage\"},\"thumbnailUrl\":\"https:\\\/\\\/canal7slp.tv\\\/2023\\\/wp-content\\\/uploads\\\/2023\\\/03\\\/04-16.jpg\",\"articleSection\":[\"NACIONALES\"],\"inLanguage\":\"es\"},{\"@type\":\"WebPage\",\"@id\":\"https:\\\/\\\/canal7slp.tv\\\/2023\\\/nueve-policias-son-arrestados-por-caso-ayotzinapa\\\/\",\"url\":\"https:\\\/\\\/canal7slp.tv\\\/2023\\\/nueve-policias-son-arrestados-por-caso-ayotzinapa\\\/\",\"name\":\"Nueve polic\u00edas son arrestados por caso Ayotzinapa - Canal 7 SLP - 2023\",\"isPartOf\":{\"@id\":\"https:\\\/\\\/canal7slp.tv\\\/2023\\\/#website\"},\"primaryImageOfPage\":{\"@id\":\"https:\\\/\\\/canal7slp.tv\\\/2023\\\/nueve-policias-son-arrestados-por-caso-ayotzinapa\\\/#primaryimage\"},\"image\":{\"@id\":\"https:\\\/\\\/canal7slp.tv\\\/2023\\\/nueve-policias-son-arrestados-por-caso-ayotzinapa\\\/#primaryimage\"},\"thumbnailUrl\":\"https:\\\/\\\/canal7slp.tv\\\/2023\\\/wp-content\\\/uploads\\\/2023\\\/03\\\/04-16.jpg\",\"datePublished\":\"2023-03-23T23:03:07+00:00\",\"breadcrumb\":{\"@id\":\"https:\\\/\\\/canal7slp.tv\\\/2023\\\/nueve-policias-son-arrestados-por-caso-ayotzinapa\\\/#breadcrumb\"},\"inLanguage\":\"es\",\"potentialAction\":[{\"@type\":\"ReadAction\",\"target\":[\"https:\\\/\\\/canal7slp.tv\\\/2023\\\/nueve-policias-son-arrestados-por-caso-ayotzinapa\\\/\"]}]},{\"@type\":\"ImageObject\",\"inLanguage\":\"es\",\"@id\":\"https:\\\/\\\/canal7slp.tv\\\/2023\\\/nueve-policias-son-arrestados-por-caso-ayotzinapa\\\/#primaryimage\",\"url\":\"https:\\\/\\\/canal7slp.tv\\\/2023\\\/wp-content\\\/uploads\\\/2023\\\/03\\\/04-16.jpg\",\"contentUrl\":\"https:\\\/\\\/canal7slp.tv\\\/2023\\\/wp-content\\\/uploads\\\/2023\\\/03\\\/04-16.jpg\",\"width\":940,\"height\":529},{\"@type\":\"BreadcrumbList\",\"@id\":\"https:\\\/\\\/canal7slp.tv\\\/2023\\\/nueve-policias-son-arrestados-por-caso-ayotzinapa\\\/#breadcrumb\",\"itemListElement\":[{\"@type\":\"ListItem\",\"position\":1,\"name\":\"Portada\",\"item\":\"https:\\\/\\\/canal7slp.tv\\\/2023\\\/\"},{\"@type\":\"ListItem\",\"position\":2,\"name\":\"Nueve polic\u00edas son arrestados por caso Ayotzinapa\"}]},{\"@type\":\"WebSite\",\"@id\":\"https:\\\/\\\/canal7slp.tv\\\/2023\\\/#website\",\"url\":\"https:\\\/\\\/canal7slp.tv\\\/2023\\\/\",\"name\":\"N7 - Noticieros Canal 7\",\"description\":\"Somos Televisi\u00f3n\",\"publisher\":{\"@id\":\"https:\\\/\\\/canal7slp.tv\\\/2023\\\/#organization\"},\"potentialAction\":[{\"@type\":\"SearchAction\",\"target\":{\"@type\":\"EntryPoint\",\"urlTemplate\":\"https:\\\/\\\/canal7slp.tv\\\/2023\\\/?s={search_term_string}\"},\"query-input\":{\"@type\":\"PropertyValueSpecification\",\"valueRequired\":true,\"valueName\":\"search_term_string\"}}],\"inLanguage\":\"es\"},{\"@type\":\"Organization\",\"@id\":\"https:\\\/\\\/canal7slp.tv\\\/2023\\\/#organization\",\"name\":\"Noticieros Canal 7\",\"url\":\"https:\\\/\\\/canal7slp.tv\\\/2023\\\/\",\"logo\":{\"@type\":\"ImageObject\",\"inLanguage\":\"es\",\"@id\":\"https:\\\/\\\/canal7slp.tv\\\/2023\\\/#\\\/schema\\\/logo\\\/image\\\/\",\"url\":\"https:\\\/\\\/canal7slp.tv\\\/2023\\\/wp-content\\\/uploads\\\/2021\\\/01\\\/logo-noticieros@2x.png\",\"contentUrl\":\"https:\\\/\\\/canal7slp.tv\\\/2023\\\/wp-content\\\/uploads\\\/2021\\\/01\\\/logo-noticieros@2x.png\",\"width\":1017,\"height\":268,\"caption\":\"Noticieros Canal 7\"},\"image\":{\"@id\":\"https:\\\/\\\/canal7slp.tv\\\/2023\\\/#\\\/schema\\\/logo\\\/image\\\/\"},\"sameAs\":[\"https:\\\/\\\/www.facebook.com\\\/noticieroscanalsiete\",\"https:\\\/\\\/x.com\\\/NOTICIEROS7\",\"https:\\\/\\\/www.instagram.com\\\/canal7_slp\",\"https:\\\/\\\/www.youtube.com\\\/channel\\\/UCliiYs-gP3JfJeqdPrNdd5A\"]},{\"@type\":\"Person\",\"@id\":\"https:\\\/\\\/canal7slp.tv\\\/2023\\\/#\\\/schema\\\/person\\\/639c424e3584069003b11ae813915da6\",\"name\":\"Edici\u00f3n Web\",\"image\":{\"@type\":\"ImageObject\",\"inLanguage\":\"es\",\"@id\":\"https:\\\/\\\/secure.gravatar.com\\\/avatar\\\/eee448fc3f7164808013b816ba91ac7e43bbe82a70bebac296f8bc6f0addaa1a?s=96&d=mm&r=g\",\"url\":\"https:\\\/\\\/secure.gravatar.com\\\/avatar\\\/eee448fc3f7164808013b816ba91ac7e43bbe82a70bebac296f8bc6f0addaa1a?s=96&d=mm&r=g\",\"contentUrl\":\"https:\\\/\\\/secure.gravatar.com\\\/avatar\\\/eee448fc3f7164808013b816ba91ac7e43bbe82a70bebac296f8bc6f0addaa1a?s=96&d=mm&r=g\",\"caption\":\"Edici\u00f3n Web\"},\"url\":\"https:\\\/\\\/canal7slp.tv\\\/2023\\\/author\\\/edicionweb\\\/\"}]}<\/script>\n<!-- \/ Yoast SEO plugin. -->","yoast_head_json":{"title":"Nueve polic\u00edas son arrestados por caso Ayotzinapa - Canal 7 SLP - 2023","robots":{"index":"index","follow":"follow","max-snippet":"max-snippet:-1","max-image-preview":"max-image-preview:large","max-video-preview":"max-video-preview:-1"},"canonical":"https:\/\/canal7slp.tv\/2023\/nueve-policias-son-arrestados-por-caso-ayotzinapa\/","og_locale":"es_ES","og_type":"article","og_title":"Nueve polic\u00edas son arrestados por caso Ayotzinapa - Canal 7 SLP - 2023","og_description":"M\u00e9xico.- Elementos de la Fiscal\u00eda General de la Rep\u00fablica (FGR), adscritos a la Agencia de Investigaci\u00f3n Criminal, detuvieron a 7 polic\u00edas estatales de Guerrero por su presunta responsabilidad en la desaparici\u00f3n de los 43 normalistas de Ayotzinapa. Se trata de: Alberto Ch\u00e1vez \u00c1lvarez Juan Dur\u00e1n Mosso Lorenzo Bello Hern\u00e1ndez Noel Baltazar G\u00f3mez Pablo Jim\u00e9nez Morales Ramiro Alvarado S\u00e1nchez Sandra Gerardo Gallardo Asimismo, la Secretar\u00eda de Seguridad de Guerrero inform\u00f3 que tambi\u00e9n se fueron arrestados 2 agentes polic\u00edacos del municipio de Iguala por el mismo caso. Cabe se\u00f1alar que desde 2022, no se hab\u00edan registrado detenciones relacionadas con la desaparici\u00f3n de [&hellip;]","og_url":"https:\/\/canal7slp.tv\/2023\/nueve-policias-son-arrestados-por-caso-ayotzinapa\/","og_site_name":"Canal 7 SLP - 2023","article_publisher":"https:\/\/www.facebook.com\/noticieroscanalsiete","article_published_time":"2023-03-23T23:03:07+00:00","og_image":[{"width":940,"height":529,"url":"https:\/\/canal7slp.tv\/2023\/wp-content\/uploads\/2023\/03\/04-16.jpg","type":"image\/jpeg"}],"author":"Edici\u00f3n Web","twitter_card":"summary_large_image","twitter_creator":"@NOTICIEROS7","twitter_site":"@NOTICIEROS7","twitter_misc":{"Escrito por":"Edici\u00f3n Web","Tiempo de lectura":"1 minuto"},"schema":{"@context":"https:\/\/schema.org","@graph":[{"@type":"Article","@id":"https:\/\/canal7slp.tv\/2023\/nueve-policias-son-arrestados-por-caso-ayotzinapa\/#article","isPartOf":{"@id":"https:\/\/canal7slp.tv\/2023\/nueve-policias-son-arrestados-por-caso-ayotzinapa\/"},"author":{"name":"Edici\u00f3n Web","@id":"https:\/\/canal7slp.tv\/2023\/#\/schema\/person\/639c424e3584069003b11ae813915da6"},"headline":"Nueve polic\u00edas son arrestados por caso Ayotzinapa","datePublished":"2023-03-23T23:03:07+00:00","mainEntityOfPage":{"@id":"https:\/\/canal7slp.tv\/2023\/nueve-policias-son-arrestados-por-caso-ayotzinapa\/"},"wordCount":125,"publisher":{"@id":"https:\/\/canal7slp.tv\/2023\/#organization"},"image":{"@id":"https:\/\/canal7slp.tv\/2023\/nueve-policias-son-arrestados-por-caso-ayotzinapa\/#primaryimage"},"thumbnailUrl":"https:\/\/canal7slp.tv\/2023\/wp-content\/uploads\/2023\/03\/04-16.jpg","articleSection":["NACIONALES"],"inLanguage":"es"},{"@type":"WebPage","@id":"https:\/\/canal7slp.tv\/2023\/nueve-policias-son-arrestados-por-caso-ayotzinapa\/","url":"https:\/\/canal7slp.tv\/2023\/nueve-policias-son-arrestados-por-caso-ayotzinapa\/","name":"Nueve polic\u00edas son arrestados por caso Ayotzinapa - Canal 7 SLP - 2023","isPartOf":{"@id":"https:\/\/canal7slp.tv\/2023\/#website"},"primaryImageOfPage":{"@id":"https:\/\/canal7slp.tv\/2023\/nueve-policias-son-arrestados-por-caso-ayotzinapa\/#primaryimage"},"image":{"@id":"https:\/\/canal7slp.tv\/2023\/nueve-policias-son-arrestados-por-caso-ayotzinapa\/#primaryimage"},"thumbnailUrl":"https:\/\/canal7slp.tv\/2023\/wp-content\/uploads\/2023\/03\/04-16.jpg","datePublished":"2023-03-23T23:03:07+00:00","breadcrumb":{"@id":"https:\/\/canal7slp.tv\/2023\/nueve-policias-son-arrestados-por-caso-ayotzinapa\/#breadcrumb"},"inLanguage":"es","potentialAction":[{"@type":"ReadAction","target":["https:\/\/canal7slp.tv\/2023\/nueve-policias-son-arrestados-por-caso-ayotzinapa\/"]}]},{"@type":"ImageObject","inLanguage":"es","@id":"https:\/\/canal7slp.tv\/2023\/nueve-policias-son-arrestados-por-caso-ayotzinapa\/#primaryimage","url":"https:\/\/canal7slp.tv\/2023\/wp-content\/uploads\/2023\/03\/04-16.jpg","contentUrl":"https:\/\/canal7slp.tv\/2023\/wp-content\/uploads\/2023\/03\/04-16.jpg","width":940,"height":529},{"@type":"BreadcrumbList","@id":"https:\/\/canal7slp.tv\/2023\/nueve-policias-son-arrestados-por-caso-ayotzinapa\/#breadcrumb","itemListElement":[{"@type":"ListItem","position":1,"name":"Portada","item":"https:\/\/canal7slp.tv\/2023\/"},{"@type":"ListItem","position":2,"name":"Nueve polic\u00edas son arrestados por caso Ayotzinapa"}]},{"@type":"WebSite","@id":"https:\/\/canal7slp.tv\/2023\/#website","url":"https:\/\/canal7slp.tv\/2023\/","name":"N7 - Noticieros Canal 7","description":"Somos Televisi\u00f3n","publisher":{"@id":"https:\/\/canal7slp.tv\/2023\/#organization"},"potentialAction":[{"@type":"SearchAction","target":{"@type":"EntryPoint","urlTemplate":"https:\/\/canal7slp.tv\/2023\/?s={search_term_string}"},"query-input":{"@type":"PropertyValueSpecification","valueRequired":true,"valueName":"search_term_string"}}],"inLanguage":"es"},{"@type":"Organization","@id":"https:\/\/canal7slp.tv\/2023\/#organization","name":"Noticieros Canal 7","url":"https:\/\/canal7slp.tv\/2023\/","logo":{"@type":"ImageObject","inLanguage":"es","@id":"https:\/\/canal7slp.tv\/2023\/#\/schema\/logo\/image\/","url":"https:\/\/canal7slp.tv\/2023\/wp-content\/uploads\/2021\/01\/logo-noticieros@2x.png","contentUrl":"https:\/\/canal7slp.tv\/2023\/wp-content\/uploads\/2021\/01\/logo-noticieros@2x.png","width":1017,"height":268,"caption":"Noticieros Canal 7"},"image":{"@id":"https:\/\/canal7slp.tv\/2023\/#\/schema\/logo\/image\/"},"sameAs":["https:\/\/www.facebook.com\/noticieroscanalsiete","https:\/\/x.com\/NOTICIEROS7","https:\/\/www.instagram.com\/canal7_slp","https:\/\/www.youtube.com\/channel\/UCliiYs-gP3JfJeqdPrNdd5A"]},{"@type":"Person","@id":"https:\/\/canal7slp.tv\/2023\/#\/schema\/person\/639c424e3584069003b11ae813915da6","name":"Edici\u00f3n Web","image":{"@type":"ImageObject","inLanguage":"es","@id":"https:\/\/secure.gravatar.com\/avatar\/eee448fc3f7164808013b816ba91ac7e43bbe82a70bebac296f8bc6f0addaa1a?s=96&d=mm&r=g","url":"https:\/\/secure.gravatar.com\/avatar\/eee448fc3f7164808013b816ba91ac7e43bbe82a70bebac296f8bc6f0addaa1a?s=96&d=mm&r=g","contentUrl":"https:\/\/secure.gravatar.com\/avatar\/eee448fc3f7164808013b816ba91ac7e43bbe82a70bebac296f8bc6f0addaa1a?s=96&d=mm&r=g","caption":"Edici\u00f3n Web"},"url":"https:\/\/canal7slp.tv\/2023\/author\/edicionweb\/"}]}},"_links":{"self":[{"href":"https:\/\/canal7slp.tv\/2023\/wp-json\/wp\/v2\/posts\/90802","targetHints":{"allow":["GET"]}}],"collection":[{"href":"https:\/\/canal7slp.tv\/2023\/wp-json\/wp\/v2\/posts"}],"about":[{"href":"https:\/\/canal7slp.tv\/2023\/wp-json\/wp\/v2\/types\/post"}],"author":[{"embeddable":true,"href":"https:\/\/canal7slp.tv\/2023\/wp-json\/wp\/v2\/users\/2"}],"replies":[{"embeddable":true,"href":"https:\/\/canal7slp.tv\/2023\/wp-json\/wp\/v2\/comments?post=90802"}],"version-history":[{"count":2,"href":"https:\/\/canal7slp.tv\/2023\/wp-json\/wp\/v2\/posts\/90802\/revisions"}],"predecessor-version":[{"id":90823,"href":"https:\/\/canal7slp.tv\/2023\/wp-json\/wp\/v2\/posts\/90802\/revisions\/90823"}],"wp:featuredmedia":[{"embeddable":true,"href":"https:\/\/canal7slp.tv\/2023\/wp-json\/wp\/v2\/media\/90816"}],"wp:attachment":[{"href":"https:\/\/canal7slp.tv\/2023\/wp-json\/wp\/v2\/media?parent=90802"}],"wp:term":[{"taxonomy":"category","embeddable":true,"href":"https:\/\/canal7slp.tv\/2023\/wp-json\/wp\/v2\/categories?post=90802"},{"taxonomy":"post_tag","embeddable":true,"href":"https:\/\/canal7slp.tv\/2023\/wp-json\/wp\/v2\/tags?post=90802"}],"curies":[{"name":"wp","href":"https:\/\/api.w.org\/{rel}","templated":true}]}}