{"id":90801,"date":"2023-03-23T17:03:08","date_gmt":"2023-03-23T23:03:08","guid":{"rendered":"https:\/\/canal7slp.tv\/2023\/?p=90801"},"modified":"2023-03-23T17:03:08","modified_gmt":"2023-03-23T23:03:08","slug":"presidencia-amplia-plazo-para-regularizar-autos-chocolate","status":"publish","type":"post","link":"https:\/\/canal7slp.tv\/2023\/presidencia-amplia-plazo-para-regularizar-autos-chocolate\/","title":{"rendered":"Presidencia ampl\u00eda plazo para regularizar autos chocolate"},"content":{"rendered":"<p style=\"text-align: justify;\">M\u00e9xico.- El Presidente Andr\u00e9s Manuel L\u00f3pez Obrador anunci\u00f3 la ampliaci\u00f3n, que consta de 3 meses, al plazo para la regularizaci\u00f3n de autos extranjeros irregulares.<\/p>\n<p style=\"text-align: justify;\">El mandatario indic\u00f3 que con esto, se ayuda en el tema de seguridad; ya que puntualiz\u00f3 que hay delitos que se cometen en estos veh\u00edculos y no se puede identificar a sus due\u00f1os.<\/p>\n<p style=\"text-align: justify;\">\u00abSe va a ampliar el plazo para la regularizaci\u00f3n de los carros extranjeros tres meses m\u00e1s, pero ya en firme se ampl\u00eda tres meses la regularizaci\u00f3n de carros extranjeros. Esto se hace porque nos ayuda en el tema de la seguridad, el tener le registro. Hay delitos que se cometen en estos veh\u00edculos y no podemos identificar a sus aut\u00e9nticos due\u00f1os porque no est\u00e1n registrados porque los ingresaron y luego los vendieron, cambi\u00f3 de propietario y luego se los roban y le dan mal uso\u00bb, declar\u00f3.<\/p>\n<p style=\"text-align: justify;\">\u00abAl mismo tiempo ayuda mucho la gente porque son veh\u00edculos que se pueden comprar a bajo precio y se usan para llevar a los hijos de la escuela o para labores de campos -en el caso de camionetas- y no son caros para la gente\u00bb, agreg\u00f3 L\u00f3pez Obrador.<\/p>\n<p style=\"text-align: justify;\">Asimismo, detall\u00f3 que las cuotas que se cobran para esta regularizaci\u00f3n ayuda a que gobiernos estatales y municipales obtengan ingresos para arreglar calles y que no tengan baches.<\/p>\n","protected":false},"excerpt":{"rendered":"<p>M\u00e9xico.- El Presidente Andr\u00e9s Manuel L\u00f3pez Obrador anunci\u00f3 la ampliaci\u00f3n, que consta de 3 meses, al plazo para la regularizaci\u00f3n de autos extranjeros irregulares. El mandatario indic\u00f3 que con esto, se ayuda en el tema de seguridad; ya que puntualiz\u00f3 que hay delitos que se cometen en estos veh\u00edculos y no se puede identificar a sus due\u00f1os. \u00abSe va a ampliar el plazo para la regularizaci\u00f3n de los carros extranjeros tres meses m\u00e1s, pero ya en firme se ampl\u00eda tres meses la regularizaci\u00f3n de carros extranjeros. Esto se hace porque nos ayuda en el tema de la seguridad, el tener [&hellip;]<\/p>\n","protected":false},"author":2,"featured_media":90815,"comment_status":"closed","ping_status":"closed","sticky":false,"template":"","format":"standard","meta":{"footnotes":""},"categories":[40,46],"tags":[],"class_list":["post-90801","post","type-post","status-publish","format-standard","has-post-thumbnail","hentry","category-economia","category-nacional","post--single"],"yoast_head":"<!-- This site is optimized with the Yoast SEO plugin v27.4 - https:\/\/yoast.com\/product\/yoast-seo-wordpress\/ -->\n<title>Presidencia ampl\u00eda plazo para regularizar autos chocolate - Canal 7 SLP - 2023<\/title>\n<meta name=\"robots\" content=\"index, follow, max-snippet:-1, max-image-preview:large, max-video-preview:-1\" \/>\n<link rel=\"canonical\" href=\"https:\/\/canal7slp.tv\/2023\/presidencia-amplia-plazo-para-regularizar-autos-chocolate\/\" \/>\n<meta property=\"og:locale\" content=\"es_ES\" \/>\n<meta property=\"og:type\" content=\"article\" \/>\n<meta property=\"og:title\" content=\"Presidencia ampl\u00eda plazo para regularizar autos chocolate - Canal 7 SLP - 2023\" \/>\n<meta property=\"og:description\" content=\"M\u00e9xico.- El Presidente Andr\u00e9s Manuel L\u00f3pez Obrador anunci\u00f3 la ampliaci\u00f3n, que consta de 3 meses, al plazo para la regularizaci\u00f3n de autos extranjeros irregulares. El mandatario indic\u00f3 que con esto, se ayuda en el tema de seguridad; ya que puntualiz\u00f3 que hay delitos que se cometen en estos veh\u00edculos y no se puede identificar a sus due\u00f1os. \u00abSe va a ampliar el plazo para la regularizaci\u00f3n de los carros extranjeros tres meses m\u00e1s, pero ya en firme se ampl\u00eda tres meses la regularizaci\u00f3n de carros extranjeros. Esto se hace porque nos ayuda en el tema de la seguridad, el tener [&hellip;]\" \/>\n<meta property=\"og:url\" content=\"https:\/\/canal7slp.tv\/2023\/presidencia-amplia-plazo-para-regularizar-autos-chocolate\/\" \/>\n<meta property=\"og:site_name\" content=\"Canal 7 SLP - 2023\" \/>\n<meta property=\"article:publisher\" content=\"https:\/\/www.facebook.com\/noticieroscanalsiete\" \/>\n<meta property=\"article:published_time\" content=\"2023-03-23T23:03:08+00:00\" \/>\n<meta property=\"og:image\" content=\"https:\/\/canal7slp.tv\/2023\/wp-content\/uploads\/2023\/03\/03-19.jpg\" \/>\n\t<meta property=\"og:image:width\" content=\"620\" \/>\n\t<meta property=\"og:image:height\" content=\"413\" \/>\n\t<meta property=\"og:image:type\" content=\"image\/jpeg\" \/>\n<meta name=\"author\" content=\"Edici\u00f3n Web\" \/>\n<meta name=\"twitter:card\" content=\"summary_large_image\" \/>\n<meta name=\"twitter:creator\" content=\"@NOTICIEROS7\" \/>\n<meta name=\"twitter:site\" content=\"@NOTICIEROS7\" \/>\n<meta name=\"twitter:label1\" content=\"Escrito por\" \/>\n\t<meta name=\"twitter:data1\" content=\"Edici\u00f3n Web\" \/>\n\t<meta name=\"twitter:label2\" content=\"Tiempo de lectura\" \/>\n\t<meta name=\"twitter:data2\" content=\"2 minutos\" \/>\n<script type=\"application\/ld+json\" class=\"yoast-schema-graph\">{\"@context\":\"https:\\\/\\\/schema.org\",\"@graph\":[{\"@type\":\"Article\",\"@id\":\"https:\\\/\\\/canal7slp.tv\\\/2023\\\/presidencia-amplia-plazo-para-regularizar-autos-chocolate\\\/#article\",\"isPartOf\":{\"@id\":\"https:\\\/\\\/canal7slp.tv\\\/2023\\\/presidencia-amplia-plazo-para-regularizar-autos-chocolate\\\/\"},\"author\":{\"name\":\"Edici\u00f3n Web\",\"@id\":\"https:\\\/\\\/canal7slp.tv\\\/2023\\\/#\\\/schema\\\/person\\\/639c424e3584069003b11ae813915da6\"},\"headline\":\"Presidencia ampl\u00eda plazo para regularizar autos chocolate\",\"datePublished\":\"2023-03-23T23:03:08+00:00\",\"mainEntityOfPage\":{\"@id\":\"https:\\\/\\\/canal7slp.tv\\\/2023\\\/presidencia-amplia-plazo-para-regularizar-autos-chocolate\\\/\"},\"wordCount\":245,\"publisher\":{\"@id\":\"https:\\\/\\\/canal7slp.tv\\\/2023\\\/#organization\"},\"image\":{\"@id\":\"https:\\\/\\\/canal7slp.tv\\\/2023\\\/presidencia-amplia-plazo-para-regularizar-autos-chocolate\\\/#primaryimage\"},\"thumbnailUrl\":\"https:\\\/\\\/canal7slp.tv\\\/2023\\\/wp-content\\\/uploads\\\/2023\\\/03\\\/03-19.jpg\",\"articleSection\":[\"ECONOM\u00cdA\",\"NACIONALES\"],\"inLanguage\":\"es\"},{\"@type\":\"WebPage\",\"@id\":\"https:\\\/\\\/canal7slp.tv\\\/2023\\\/presidencia-amplia-plazo-para-regularizar-autos-chocolate\\\/\",\"url\":\"https:\\\/\\\/canal7slp.tv\\\/2023\\\/presidencia-amplia-plazo-para-regularizar-autos-chocolate\\\/\",\"name\":\"Presidencia ampl\u00eda plazo para regularizar autos chocolate - Canal 7 SLP - 2023\",\"isPartOf\":{\"@id\":\"https:\\\/\\\/canal7slp.tv\\\/2023\\\/#website\"},\"primaryImageOfPage\":{\"@id\":\"https:\\\/\\\/canal7slp.tv\\\/2023\\\/presidencia-amplia-plazo-para-regularizar-autos-chocolate\\\/#primaryimage\"},\"image\":{\"@id\":\"https:\\\/\\\/canal7slp.tv\\\/2023\\\/presidencia-amplia-plazo-para-regularizar-autos-chocolate\\\/#primaryimage\"},\"thumbnailUrl\":\"https:\\\/\\\/canal7slp.tv\\\/2023\\\/wp-content\\\/uploads\\\/2023\\\/03\\\/03-19.jpg\",\"datePublished\":\"2023-03-23T23:03:08+00:00\",\"breadcrumb\":{\"@id\":\"https:\\\/\\\/canal7slp.tv\\\/2023\\\/presidencia-amplia-plazo-para-regularizar-autos-chocolate\\\/#breadcrumb\"},\"inLanguage\":\"es\",\"potentialAction\":[{\"@type\":\"ReadAction\",\"target\":[\"https:\\\/\\\/canal7slp.tv\\\/2023\\\/presidencia-amplia-plazo-para-regularizar-autos-chocolate\\\/\"]}]},{\"@type\":\"ImageObject\",\"inLanguage\":\"es\",\"@id\":\"https:\\\/\\\/canal7slp.tv\\\/2023\\\/presidencia-amplia-plazo-para-regularizar-autos-chocolate\\\/#primaryimage\",\"url\":\"https:\\\/\\\/canal7slp.tv\\\/2023\\\/wp-content\\\/uploads\\\/2023\\\/03\\\/03-19.jpg\",\"contentUrl\":\"https:\\\/\\\/canal7slp.tv\\\/2023\\\/wp-content\\\/uploads\\\/2023\\\/03\\\/03-19.jpg\",\"width\":620,\"height\":413,\"caption\":\"autos carros chocolate ensenada\"},{\"@type\":\"BreadcrumbList\",\"@id\":\"https:\\\/\\\/canal7slp.tv\\\/2023\\\/presidencia-amplia-plazo-para-regularizar-autos-chocolate\\\/#breadcrumb\",\"itemListElement\":[{\"@type\":\"ListItem\",\"position\":1,\"name\":\"Portada\",\"item\":\"https:\\\/\\\/canal7slp.tv\\\/2023\\\/\"},{\"@type\":\"ListItem\",\"position\":2,\"name\":\"Presidencia ampl\u00eda plazo para regularizar autos chocolate\"}]},{\"@type\":\"WebSite\",\"@id\":\"https:\\\/\\\/canal7slp.tv\\\/2023\\\/#website\",\"url\":\"https:\\\/\\\/canal7slp.tv\\\/2023\\\/\",\"name\":\"N7 - Noticieros Canal 7\",\"description\":\"Somos Televisi\u00f3n\",\"publisher\":{\"@id\":\"https:\\\/\\\/canal7slp.tv\\\/2023\\\/#organization\"},\"potentialAction\":[{\"@type\":\"SearchAction\",\"target\":{\"@type\":\"EntryPoint\",\"urlTemplate\":\"https:\\\/\\\/canal7slp.tv\\\/2023\\\/?s={search_term_string}\"},\"query-input\":{\"@type\":\"PropertyValueSpecification\",\"valueRequired\":true,\"valueName\":\"search_term_string\"}}],\"inLanguage\":\"es\"},{\"@type\":\"Organization\",\"@id\":\"https:\\\/\\\/canal7slp.tv\\\/2023\\\/#organization\",\"name\":\"Noticieros Canal 7\",\"url\":\"https:\\\/\\\/canal7slp.tv\\\/2023\\\/\",\"logo\":{\"@type\":\"ImageObject\",\"inLanguage\":\"es\",\"@id\":\"https:\\\/\\\/canal7slp.tv\\\/2023\\\/#\\\/schema\\\/logo\\\/image\\\/\",\"url\":\"https:\\\/\\\/canal7slp.tv\\\/2023\\\/wp-content\\\/uploads\\\/2021\\\/01\\\/logo-noticieros@2x.png\",\"contentUrl\":\"https:\\\/\\\/canal7slp.tv\\\/2023\\\/wp-content\\\/uploads\\\/2021\\\/01\\\/logo-noticieros@2x.png\",\"width\":1017,\"height\":268,\"caption\":\"Noticieros Canal 7\"},\"image\":{\"@id\":\"https:\\\/\\\/canal7slp.tv\\\/2023\\\/#\\\/schema\\\/logo\\\/image\\\/\"},\"sameAs\":[\"https:\\\/\\\/www.facebook.com\\\/noticieroscanalsiete\",\"https:\\\/\\\/x.com\\\/NOTICIEROS7\",\"https:\\\/\\\/www.instagram.com\\\/canal7_slp\",\"https:\\\/\\\/www.youtube.com\\\/channel\\\/UCliiYs-gP3JfJeqdPrNdd5A\"]},{\"@type\":\"Person\",\"@id\":\"https:\\\/\\\/canal7slp.tv\\\/2023\\\/#\\\/schema\\\/person\\\/639c424e3584069003b11ae813915da6\",\"name\":\"Edici\u00f3n Web\",\"image\":{\"@type\":\"ImageObject\",\"inLanguage\":\"es\",\"@id\":\"https:\\\/\\\/secure.gravatar.com\\\/avatar\\\/eee448fc3f7164808013b816ba91ac7e43bbe82a70bebac296f8bc6f0addaa1a?s=96&d=mm&r=g\",\"url\":\"https:\\\/\\\/secure.gravatar.com\\\/avatar\\\/eee448fc3f7164808013b816ba91ac7e43bbe82a70bebac296f8bc6f0addaa1a?s=96&d=mm&r=g\",\"contentUrl\":\"https:\\\/\\\/secure.gravatar.com\\\/avatar\\\/eee448fc3f7164808013b816ba91ac7e43bbe82a70bebac296f8bc6f0addaa1a?s=96&d=mm&r=g\",\"caption\":\"Edici\u00f3n Web\"},\"url\":\"https:\\\/\\\/canal7slp.tv\\\/2023\\\/author\\\/edicionweb\\\/\"}]}<\/script>\n<!-- \/ Yoast SEO plugin. -->","yoast_head_json":{"title":"Presidencia ampl\u00eda plazo para regularizar autos chocolate - Canal 7 SLP - 2023","robots":{"index":"index","follow":"follow","max-snippet":"max-snippet:-1","max-image-preview":"max-image-preview:large","max-video-preview":"max-video-preview:-1"},"canonical":"https:\/\/canal7slp.tv\/2023\/presidencia-amplia-plazo-para-regularizar-autos-chocolate\/","og_locale":"es_ES","og_type":"article","og_title":"Presidencia ampl\u00eda plazo para regularizar autos chocolate - Canal 7 SLP - 2023","og_description":"M\u00e9xico.- El Presidente Andr\u00e9s Manuel L\u00f3pez Obrador anunci\u00f3 la ampliaci\u00f3n, que consta de 3 meses, al plazo para la regularizaci\u00f3n de autos extranjeros irregulares. El mandatario indic\u00f3 que con esto, se ayuda en el tema de seguridad; ya que puntualiz\u00f3 que hay delitos que se cometen en estos veh\u00edculos y no se puede identificar a sus due\u00f1os. \u00abSe va a ampliar el plazo para la regularizaci\u00f3n de los carros extranjeros tres meses m\u00e1s, pero ya en firme se ampl\u00eda tres meses la regularizaci\u00f3n de carros extranjeros. Esto se hace porque nos ayuda en el tema de la seguridad, el tener [&hellip;]","og_url":"https:\/\/canal7slp.tv\/2023\/presidencia-amplia-plazo-para-regularizar-autos-chocolate\/","og_site_name":"Canal 7 SLP - 2023","article_publisher":"https:\/\/www.facebook.com\/noticieroscanalsiete","article_published_time":"2023-03-23T23:03:08+00:00","og_image":[{"width":620,"height":413,"url":"https:\/\/canal7slp.tv\/2023\/wp-content\/uploads\/2023\/03\/03-19.jpg","type":"image\/jpeg"}],"author":"Edici\u00f3n Web","twitter_card":"summary_large_image","twitter_creator":"@NOTICIEROS7","twitter_site":"@NOTICIEROS7","twitter_misc":{"Escrito por":"Edici\u00f3n Web","Tiempo de lectura":"2 minutos"},"schema":{"@context":"https:\/\/schema.org","@graph":[{"@type":"Article","@id":"https:\/\/canal7slp.tv\/2023\/presidencia-amplia-plazo-para-regularizar-autos-chocolate\/#article","isPartOf":{"@id":"https:\/\/canal7slp.tv\/2023\/presidencia-amplia-plazo-para-regularizar-autos-chocolate\/"},"author":{"name":"Edici\u00f3n Web","@id":"https:\/\/canal7slp.tv\/2023\/#\/schema\/person\/639c424e3584069003b11ae813915da6"},"headline":"Presidencia ampl\u00eda plazo para regularizar autos chocolate","datePublished":"2023-03-23T23:03:08+00:00","mainEntityOfPage":{"@id":"https:\/\/canal7slp.tv\/2023\/presidencia-amplia-plazo-para-regularizar-autos-chocolate\/"},"wordCount":245,"publisher":{"@id":"https:\/\/canal7slp.tv\/2023\/#organization"},"image":{"@id":"https:\/\/canal7slp.tv\/2023\/presidencia-amplia-plazo-para-regularizar-autos-chocolate\/#primaryimage"},"thumbnailUrl":"https:\/\/canal7slp.tv\/2023\/wp-content\/uploads\/2023\/03\/03-19.jpg","articleSection":["ECONOM\u00cdA","NACIONALES"],"inLanguage":"es"},{"@type":"WebPage","@id":"https:\/\/canal7slp.tv\/2023\/presidencia-amplia-plazo-para-regularizar-autos-chocolate\/","url":"https:\/\/canal7slp.tv\/2023\/presidencia-amplia-plazo-para-regularizar-autos-chocolate\/","name":"Presidencia ampl\u00eda plazo para regularizar autos chocolate - Canal 7 SLP - 2023","isPartOf":{"@id":"https:\/\/canal7slp.tv\/2023\/#website"},"primaryImageOfPage":{"@id":"https:\/\/canal7slp.tv\/2023\/presidencia-amplia-plazo-para-regularizar-autos-chocolate\/#primaryimage"},"image":{"@id":"https:\/\/canal7slp.tv\/2023\/presidencia-amplia-plazo-para-regularizar-autos-chocolate\/#primaryimage"},"thumbnailUrl":"https:\/\/canal7slp.tv\/2023\/wp-content\/uploads\/2023\/03\/03-19.jpg","datePublished":"2023-03-23T23:03:08+00:00","breadcrumb":{"@id":"https:\/\/canal7slp.tv\/2023\/presidencia-amplia-plazo-para-regularizar-autos-chocolate\/#breadcrumb"},"inLanguage":"es","potentialAction":[{"@type":"ReadAction","target":["https:\/\/canal7slp.tv\/2023\/presidencia-amplia-plazo-para-regularizar-autos-chocolate\/"]}]},{"@type":"ImageObject","inLanguage":"es","@id":"https:\/\/canal7slp.tv\/2023\/presidencia-amplia-plazo-para-regularizar-autos-chocolate\/#primaryimage","url":"https:\/\/canal7slp.tv\/2023\/wp-content\/uploads\/2023\/03\/03-19.jpg","contentUrl":"https:\/\/canal7slp.tv\/2023\/wp-content\/uploads\/2023\/03\/03-19.jpg","width":620,"height":413,"caption":"autos carros chocolate ensenada"},{"@type":"BreadcrumbList","@id":"https:\/\/canal7slp.tv\/2023\/presidencia-amplia-plazo-para-regularizar-autos-chocolate\/#breadcrumb","itemListElement":[{"@type":"ListItem","position":1,"name":"Portada","item":"https:\/\/canal7slp.tv\/2023\/"},{"@type":"ListItem","position":2,"name":"Presidencia ampl\u00eda plazo para regularizar autos chocolate"}]},{"@type":"WebSite","@id":"https:\/\/canal7slp.tv\/2023\/#website","url":"https:\/\/canal7slp.tv\/2023\/","name":"N7 - Noticieros Canal 7","description":"Somos Televisi\u00f3n","publisher":{"@id":"https:\/\/canal7slp.tv\/2023\/#organization"},"potentialAction":[{"@type":"SearchAction","target":{"@type":"EntryPoint","urlTemplate":"https:\/\/canal7slp.tv\/2023\/?s={search_term_string}"},"query-input":{"@type":"PropertyValueSpecification","valueRequired":true,"valueName":"search_term_string"}}],"inLanguage":"es"},{"@type":"Organization","@id":"https:\/\/canal7slp.tv\/2023\/#organization","name":"Noticieros Canal 7","url":"https:\/\/canal7slp.tv\/2023\/","logo":{"@type":"ImageObject","inLanguage":"es","@id":"https:\/\/canal7slp.tv\/2023\/#\/schema\/logo\/image\/","url":"https:\/\/canal7slp.tv\/2023\/wp-content\/uploads\/2021\/01\/logo-noticieros@2x.png","contentUrl":"https:\/\/canal7slp.tv\/2023\/wp-content\/uploads\/2021\/01\/logo-noticieros@2x.png","width":1017,"height":268,"caption":"Noticieros Canal 7"},"image":{"@id":"https:\/\/canal7slp.tv\/2023\/#\/schema\/logo\/image\/"},"sameAs":["https:\/\/www.facebook.com\/noticieroscanalsiete","https:\/\/x.com\/NOTICIEROS7","https:\/\/www.instagram.com\/canal7_slp","https:\/\/www.youtube.com\/channel\/UCliiYs-gP3JfJeqdPrNdd5A"]},{"@type":"Person","@id":"https:\/\/canal7slp.tv\/2023\/#\/schema\/person\/639c424e3584069003b11ae813915da6","name":"Edici\u00f3n Web","image":{"@type":"ImageObject","inLanguage":"es","@id":"https:\/\/secure.gravatar.com\/avatar\/eee448fc3f7164808013b816ba91ac7e43bbe82a70bebac296f8bc6f0addaa1a?s=96&d=mm&r=g","url":"https:\/\/secure.gravatar.com\/avatar\/eee448fc3f7164808013b816ba91ac7e43bbe82a70bebac296f8bc6f0addaa1a?s=96&d=mm&r=g","contentUrl":"https:\/\/secure.gravatar.com\/avatar\/eee448fc3f7164808013b816ba91ac7e43bbe82a70bebac296f8bc6f0addaa1a?s=96&d=mm&r=g","caption":"Edici\u00f3n Web"},"url":"https:\/\/canal7slp.tv\/2023\/author\/edicionweb\/"}]}},"_links":{"self":[{"href":"https:\/\/canal7slp.tv\/2023\/wp-json\/wp\/v2\/posts\/90801","targetHints":{"allow":["GET"]}}],"collection":[{"href":"https:\/\/canal7slp.tv\/2023\/wp-json\/wp\/v2\/posts"}],"about":[{"href":"https:\/\/canal7slp.tv\/2023\/wp-json\/wp\/v2\/types\/post"}],"author":[{"embeddable":true,"href":"https:\/\/canal7slp.tv\/2023\/wp-json\/wp\/v2\/users\/2"}],"replies":[{"embeddable":true,"href":"https:\/\/canal7slp.tv\/2023\/wp-json\/wp\/v2\/comments?post=90801"}],"version-history":[{"count":2,"href":"https:\/\/canal7slp.tv\/2023\/wp-json\/wp\/v2\/posts\/90801\/revisions"}],"predecessor-version":[{"id":90822,"href":"https:\/\/canal7slp.tv\/2023\/wp-json\/wp\/v2\/posts\/90801\/revisions\/90822"}],"wp:featuredmedia":[{"embeddable":true,"href":"https:\/\/canal7slp.tv\/2023\/wp-json\/wp\/v2\/media\/90815"}],"wp:attachment":[{"href":"https:\/\/canal7slp.tv\/2023\/wp-json\/wp\/v2\/media?parent=90801"}],"wp:term":[{"taxonomy":"category","embeddable":true,"href":"https:\/\/canal7slp.tv\/2023\/wp-json\/wp\/v2\/categories?post=90801"},{"taxonomy":"post_tag","embeddable":true,"href":"https:\/\/canal7slp.tv\/2023\/wp-json\/wp\/v2\/tags?post=90801"}],"curies":[{"name":"wp","href":"https:\/\/api.w.org\/{rel}","templated":true}]}}