{"id":90800,"date":"2023-03-23T17:03:07","date_gmt":"2023-03-23T23:03:07","guid":{"rendered":"https:\/\/canal7slp.tv\/2023\/?p=90800"},"modified":"2023-03-23T17:03:07","modified_gmt":"2023-03-23T23:03:07","slug":"guinea-ecuatorial-confirma-mas-casos-del-virus-de-marburgo","status":"publish","type":"post","link":"https:\/\/canal7slp.tv\/2023\/guinea-ecuatorial-confirma-mas-casos-del-virus-de-marburgo\/","title":{"rendered":"Guinea Ecuatorial confirma m\u00e1s casos del virus de Marburgo"},"content":{"rendered":"<p style=\"text-align: justify;\">Malabo.- Guinea Ecuatorial ha confirmado otros 8 casos del virus de Marburgo.<\/p>\n<p style=\"text-align: justify;\">Cabe se\u00f1alar que es una enfermedad caracterizada por una fiebre hemorr\u00e1gica letal, para la cual no hay vacuna autorizada ni tratamiento.<\/p>\n<p style=\"text-align: justify;\">La Organizaci\u00f3n Mundial de la Salud (OMS) se\u00f1al\u00f3 que, con estos casos, dicho pa\u00eds acumula 9 casos del brote declarado en febrero<\/p>\n<p style=\"text-align: justify;\">Cabe se\u00f1alar que actualmente en \u00c1frica hay dos brotes conocidos de Marburgo. Tanzania report\u00f3 esta semana ocho casos, con cinco decesos, incluyendo el de un trabajador sanitario.<\/p>\n<p style=\"text-align: justify;\">\u00abNuestro equipo de gen\u00f3mica de pat\u00f3genos secuenciar\u00e1 muestras de ambos lugares y comprobar\u00e1 si hay relaci\u00f3n entre los dos brotes actuales\u00bb, declar\u00f3 Ahmed Ogwell, director en funciones de los Centros para el Control y Prevenci\u00f3n de Enfermedades de \u00c1frica.<\/p>\n<p style=\"text-align: justify;\">As\u00ed mismo, la OMS detall\u00f3 que los nuevos casos en Guinea Ecuatorial se detectaron en las provincias de Kie Ntem, Litoral y Centro Sur.<\/p>\n","protected":false},"excerpt":{"rendered":"<p>Malabo.- Guinea Ecuatorial ha confirmado otros 8 casos del virus de Marburgo. Cabe se\u00f1alar que es una enfermedad caracterizada por una fiebre hemorr\u00e1gica letal, para la cual no hay vacuna autorizada ni tratamiento. La Organizaci\u00f3n Mundial de la Salud (OMS) se\u00f1al\u00f3 que, con estos casos, dicho pa\u00eds acumula 9 casos del brote declarado en febrero Cabe se\u00f1alar que actualmente en \u00c1frica hay dos brotes conocidos de Marburgo. Tanzania report\u00f3 esta semana ocho casos, con cinco decesos, incluyendo el de un trabajador sanitario. \u00abNuestro equipo de gen\u00f3mica de pat\u00f3genos secuenciar\u00e1 muestras de ambos lugares y comprobar\u00e1 si hay relaci\u00f3n entre los [&hellip;]<\/p>\n","protected":false},"author":2,"featured_media":90814,"comment_status":"closed","ping_status":"closed","sticky":false,"template":"","format":"standard","meta":{"footnotes":""},"categories":[44],"tags":[],"class_list":["post-90800","post","type-post","status-publish","format-standard","has-post-thumbnail","hentry","category-internacional","post--single"],"yoast_head":"<!-- This site is optimized with the Yoast SEO plugin v27.4 - https:\/\/yoast.com\/product\/yoast-seo-wordpress\/ -->\n<title>Guinea Ecuatorial confirma m\u00e1s casos del virus de Marburgo - Canal 7 SLP - 2023<\/title>\n<meta name=\"robots\" content=\"index, follow, max-snippet:-1, max-image-preview:large, max-video-preview:-1\" \/>\n<link rel=\"canonical\" href=\"https:\/\/canal7slp.tv\/2023\/guinea-ecuatorial-confirma-mas-casos-del-virus-de-marburgo\/\" \/>\n<meta property=\"og:locale\" content=\"es_ES\" \/>\n<meta property=\"og:type\" content=\"article\" \/>\n<meta property=\"og:title\" content=\"Guinea Ecuatorial confirma m\u00e1s casos del virus de Marburgo - Canal 7 SLP - 2023\" \/>\n<meta property=\"og:description\" content=\"Malabo.- Guinea Ecuatorial ha confirmado otros 8 casos del virus de Marburgo. Cabe se\u00f1alar que es una enfermedad caracterizada por una fiebre hemorr\u00e1gica letal, para la cual no hay vacuna autorizada ni tratamiento. La Organizaci\u00f3n Mundial de la Salud (OMS) se\u00f1al\u00f3 que, con estos casos, dicho pa\u00eds acumula 9 casos del brote declarado en febrero Cabe se\u00f1alar que actualmente en \u00c1frica hay dos brotes conocidos de Marburgo. Tanzania report\u00f3 esta semana ocho casos, con cinco decesos, incluyendo el de un trabajador sanitario. \u00abNuestro equipo de gen\u00f3mica de pat\u00f3genos secuenciar\u00e1 muestras de ambos lugares y comprobar\u00e1 si hay relaci\u00f3n entre los [&hellip;]\" \/>\n<meta property=\"og:url\" content=\"https:\/\/canal7slp.tv\/2023\/guinea-ecuatorial-confirma-mas-casos-del-virus-de-marburgo\/\" \/>\n<meta property=\"og:site_name\" content=\"Canal 7 SLP - 2023\" \/>\n<meta property=\"article:publisher\" content=\"https:\/\/www.facebook.com\/noticieroscanalsiete\" \/>\n<meta property=\"article:published_time\" content=\"2023-03-23T23:03:07+00:00\" \/>\n<meta property=\"og:image\" content=\"https:\/\/canal7slp.tv\/2023\/wp-content\/uploads\/2023\/03\/02-20.jpg\" \/>\n\t<meta property=\"og:image:width\" content=\"1024\" \/>\n\t<meta property=\"og:image:height\" content=\"576\" \/>\n\t<meta property=\"og:image:type\" content=\"image\/jpeg\" \/>\n<meta name=\"author\" content=\"Edici\u00f3n Web\" \/>\n<meta name=\"twitter:card\" content=\"summary_large_image\" \/>\n<meta name=\"twitter:creator\" content=\"@NOTICIEROS7\" \/>\n<meta name=\"twitter:site\" content=\"@NOTICIEROS7\" \/>\n<meta name=\"twitter:label1\" content=\"Escrito por\" \/>\n\t<meta name=\"twitter:data1\" content=\"Edici\u00f3n Web\" \/>\n\t<meta name=\"twitter:label2\" content=\"Tiempo de lectura\" \/>\n\t<meta name=\"twitter:data2\" content=\"1 minuto\" \/>\n<script type=\"application\/ld+json\" class=\"yoast-schema-graph\">{\"@context\":\"https:\\\/\\\/schema.org\",\"@graph\":[{\"@type\":\"Article\",\"@id\":\"https:\\\/\\\/canal7slp.tv\\\/2023\\\/guinea-ecuatorial-confirma-mas-casos-del-virus-de-marburgo\\\/#article\",\"isPartOf\":{\"@id\":\"https:\\\/\\\/canal7slp.tv\\\/2023\\\/guinea-ecuatorial-confirma-mas-casos-del-virus-de-marburgo\\\/\"},\"author\":{\"name\":\"Edici\u00f3n Web\",\"@id\":\"https:\\\/\\\/canal7slp.tv\\\/2023\\\/#\\\/schema\\\/person\\\/639c424e3584069003b11ae813915da6\"},\"headline\":\"Guinea Ecuatorial confirma m\u00e1s casos del virus de Marburgo\",\"datePublished\":\"2023-03-23T23:03:07+00:00\",\"mainEntityOfPage\":{\"@id\":\"https:\\\/\\\/canal7slp.tv\\\/2023\\\/guinea-ecuatorial-confirma-mas-casos-del-virus-de-marburgo\\\/\"},\"wordCount\":164,\"publisher\":{\"@id\":\"https:\\\/\\\/canal7slp.tv\\\/2023\\\/#organization\"},\"image\":{\"@id\":\"https:\\\/\\\/canal7slp.tv\\\/2023\\\/guinea-ecuatorial-confirma-mas-casos-del-virus-de-marburgo\\\/#primaryimage\"},\"thumbnailUrl\":\"https:\\\/\\\/canal7slp.tv\\\/2023\\\/wp-content\\\/uploads\\\/2023\\\/03\\\/02-20.jpg\",\"articleSection\":[\"INTERNACIONALES\"],\"inLanguage\":\"es\"},{\"@type\":\"WebPage\",\"@id\":\"https:\\\/\\\/canal7slp.tv\\\/2023\\\/guinea-ecuatorial-confirma-mas-casos-del-virus-de-marburgo\\\/\",\"url\":\"https:\\\/\\\/canal7slp.tv\\\/2023\\\/guinea-ecuatorial-confirma-mas-casos-del-virus-de-marburgo\\\/\",\"name\":\"Guinea Ecuatorial confirma m\u00e1s casos del virus de Marburgo - Canal 7 SLP - 2023\",\"isPartOf\":{\"@id\":\"https:\\\/\\\/canal7slp.tv\\\/2023\\\/#website\"},\"primaryImageOfPage\":{\"@id\":\"https:\\\/\\\/canal7slp.tv\\\/2023\\\/guinea-ecuatorial-confirma-mas-casos-del-virus-de-marburgo\\\/#primaryimage\"},\"image\":{\"@id\":\"https:\\\/\\\/canal7slp.tv\\\/2023\\\/guinea-ecuatorial-confirma-mas-casos-del-virus-de-marburgo\\\/#primaryimage\"},\"thumbnailUrl\":\"https:\\\/\\\/canal7slp.tv\\\/2023\\\/wp-content\\\/uploads\\\/2023\\\/03\\\/02-20.jpg\",\"datePublished\":\"2023-03-23T23:03:07+00:00\",\"breadcrumb\":{\"@id\":\"https:\\\/\\\/canal7slp.tv\\\/2023\\\/guinea-ecuatorial-confirma-mas-casos-del-virus-de-marburgo\\\/#breadcrumb\"},\"inLanguage\":\"es\",\"potentialAction\":[{\"@type\":\"ReadAction\",\"target\":[\"https:\\\/\\\/canal7slp.tv\\\/2023\\\/guinea-ecuatorial-confirma-mas-casos-del-virus-de-marburgo\\\/\"]}]},{\"@type\":\"ImageObject\",\"inLanguage\":\"es\",\"@id\":\"https:\\\/\\\/canal7slp.tv\\\/2023\\\/guinea-ecuatorial-confirma-mas-casos-del-virus-de-marburgo\\\/#primaryimage\",\"url\":\"https:\\\/\\\/canal7slp.tv\\\/2023\\\/wp-content\\\/uploads\\\/2023\\\/03\\\/02-20.jpg\",\"contentUrl\":\"https:\\\/\\\/canal7slp.tv\\\/2023\\\/wp-content\\\/uploads\\\/2023\\\/03\\\/02-20.jpg\",\"width\":1024,\"height\":576},{\"@type\":\"BreadcrumbList\",\"@id\":\"https:\\\/\\\/canal7slp.tv\\\/2023\\\/guinea-ecuatorial-confirma-mas-casos-del-virus-de-marburgo\\\/#breadcrumb\",\"itemListElement\":[{\"@type\":\"ListItem\",\"position\":1,\"name\":\"Portada\",\"item\":\"https:\\\/\\\/canal7slp.tv\\\/2023\\\/\"},{\"@type\":\"ListItem\",\"position\":2,\"name\":\"Guinea Ecuatorial confirma m\u00e1s casos del virus de Marburgo\"}]},{\"@type\":\"WebSite\",\"@id\":\"https:\\\/\\\/canal7slp.tv\\\/2023\\\/#website\",\"url\":\"https:\\\/\\\/canal7slp.tv\\\/2023\\\/\",\"name\":\"N7 - Noticieros Canal 7\",\"description\":\"Somos Televisi\u00f3n\",\"publisher\":{\"@id\":\"https:\\\/\\\/canal7slp.tv\\\/2023\\\/#organization\"},\"potentialAction\":[{\"@type\":\"SearchAction\",\"target\":{\"@type\":\"EntryPoint\",\"urlTemplate\":\"https:\\\/\\\/canal7slp.tv\\\/2023\\\/?s={search_term_string}\"},\"query-input\":{\"@type\":\"PropertyValueSpecification\",\"valueRequired\":true,\"valueName\":\"search_term_string\"}}],\"inLanguage\":\"es\"},{\"@type\":\"Organization\",\"@id\":\"https:\\\/\\\/canal7slp.tv\\\/2023\\\/#organization\",\"name\":\"Noticieros Canal 7\",\"url\":\"https:\\\/\\\/canal7slp.tv\\\/2023\\\/\",\"logo\":{\"@type\":\"ImageObject\",\"inLanguage\":\"es\",\"@id\":\"https:\\\/\\\/canal7slp.tv\\\/2023\\\/#\\\/schema\\\/logo\\\/image\\\/\",\"url\":\"https:\\\/\\\/canal7slp.tv\\\/2023\\\/wp-content\\\/uploads\\\/2021\\\/01\\\/logo-noticieros@2x.png\",\"contentUrl\":\"https:\\\/\\\/canal7slp.tv\\\/2023\\\/wp-content\\\/uploads\\\/2021\\\/01\\\/logo-noticieros@2x.png\",\"width\":1017,\"height\":268,\"caption\":\"Noticieros Canal 7\"},\"image\":{\"@id\":\"https:\\\/\\\/canal7slp.tv\\\/2023\\\/#\\\/schema\\\/logo\\\/image\\\/\"},\"sameAs\":[\"https:\\\/\\\/www.facebook.com\\\/noticieroscanalsiete\",\"https:\\\/\\\/x.com\\\/NOTICIEROS7\",\"https:\\\/\\\/www.instagram.com\\\/canal7_slp\",\"https:\\\/\\\/www.youtube.com\\\/channel\\\/UCliiYs-gP3JfJeqdPrNdd5A\"]},{\"@type\":\"Person\",\"@id\":\"https:\\\/\\\/canal7slp.tv\\\/2023\\\/#\\\/schema\\\/person\\\/639c424e3584069003b11ae813915da6\",\"name\":\"Edici\u00f3n Web\",\"image\":{\"@type\":\"ImageObject\",\"inLanguage\":\"es\",\"@id\":\"https:\\\/\\\/secure.gravatar.com\\\/avatar\\\/eee448fc3f7164808013b816ba91ac7e43bbe82a70bebac296f8bc6f0addaa1a?s=96&d=mm&r=g\",\"url\":\"https:\\\/\\\/secure.gravatar.com\\\/avatar\\\/eee448fc3f7164808013b816ba91ac7e43bbe82a70bebac296f8bc6f0addaa1a?s=96&d=mm&r=g\",\"contentUrl\":\"https:\\\/\\\/secure.gravatar.com\\\/avatar\\\/eee448fc3f7164808013b816ba91ac7e43bbe82a70bebac296f8bc6f0addaa1a?s=96&d=mm&r=g\",\"caption\":\"Edici\u00f3n Web\"},\"url\":\"https:\\\/\\\/canal7slp.tv\\\/2023\\\/author\\\/edicionweb\\\/\"}]}<\/script>\n<!-- \/ Yoast SEO plugin. -->","yoast_head_json":{"title":"Guinea Ecuatorial confirma m\u00e1s casos del virus de Marburgo - Canal 7 SLP - 2023","robots":{"index":"index","follow":"follow","max-snippet":"max-snippet:-1","max-image-preview":"max-image-preview:large","max-video-preview":"max-video-preview:-1"},"canonical":"https:\/\/canal7slp.tv\/2023\/guinea-ecuatorial-confirma-mas-casos-del-virus-de-marburgo\/","og_locale":"es_ES","og_type":"article","og_title":"Guinea Ecuatorial confirma m\u00e1s casos del virus de Marburgo - Canal 7 SLP - 2023","og_description":"Malabo.- Guinea Ecuatorial ha confirmado otros 8 casos del virus de Marburgo. Cabe se\u00f1alar que es una enfermedad caracterizada por una fiebre hemorr\u00e1gica letal, para la cual no hay vacuna autorizada ni tratamiento. La Organizaci\u00f3n Mundial de la Salud (OMS) se\u00f1al\u00f3 que, con estos casos, dicho pa\u00eds acumula 9 casos del brote declarado en febrero Cabe se\u00f1alar que actualmente en \u00c1frica hay dos brotes conocidos de Marburgo. Tanzania report\u00f3 esta semana ocho casos, con cinco decesos, incluyendo el de un trabajador sanitario. \u00abNuestro equipo de gen\u00f3mica de pat\u00f3genos secuenciar\u00e1 muestras de ambos lugares y comprobar\u00e1 si hay relaci\u00f3n entre los [&hellip;]","og_url":"https:\/\/canal7slp.tv\/2023\/guinea-ecuatorial-confirma-mas-casos-del-virus-de-marburgo\/","og_site_name":"Canal 7 SLP - 2023","article_publisher":"https:\/\/www.facebook.com\/noticieroscanalsiete","article_published_time":"2023-03-23T23:03:07+00:00","og_image":[{"width":1024,"height":576,"url":"https:\/\/canal7slp.tv\/2023\/wp-content\/uploads\/2023\/03\/02-20.jpg","type":"image\/jpeg"}],"author":"Edici\u00f3n Web","twitter_card":"summary_large_image","twitter_creator":"@NOTICIEROS7","twitter_site":"@NOTICIEROS7","twitter_misc":{"Escrito por":"Edici\u00f3n Web","Tiempo de lectura":"1 minuto"},"schema":{"@context":"https:\/\/schema.org","@graph":[{"@type":"Article","@id":"https:\/\/canal7slp.tv\/2023\/guinea-ecuatorial-confirma-mas-casos-del-virus-de-marburgo\/#article","isPartOf":{"@id":"https:\/\/canal7slp.tv\/2023\/guinea-ecuatorial-confirma-mas-casos-del-virus-de-marburgo\/"},"author":{"name":"Edici\u00f3n Web","@id":"https:\/\/canal7slp.tv\/2023\/#\/schema\/person\/639c424e3584069003b11ae813915da6"},"headline":"Guinea Ecuatorial confirma m\u00e1s casos del virus de Marburgo","datePublished":"2023-03-23T23:03:07+00:00","mainEntityOfPage":{"@id":"https:\/\/canal7slp.tv\/2023\/guinea-ecuatorial-confirma-mas-casos-del-virus-de-marburgo\/"},"wordCount":164,"publisher":{"@id":"https:\/\/canal7slp.tv\/2023\/#organization"},"image":{"@id":"https:\/\/canal7slp.tv\/2023\/guinea-ecuatorial-confirma-mas-casos-del-virus-de-marburgo\/#primaryimage"},"thumbnailUrl":"https:\/\/canal7slp.tv\/2023\/wp-content\/uploads\/2023\/03\/02-20.jpg","articleSection":["INTERNACIONALES"],"inLanguage":"es"},{"@type":"WebPage","@id":"https:\/\/canal7slp.tv\/2023\/guinea-ecuatorial-confirma-mas-casos-del-virus-de-marburgo\/","url":"https:\/\/canal7slp.tv\/2023\/guinea-ecuatorial-confirma-mas-casos-del-virus-de-marburgo\/","name":"Guinea Ecuatorial confirma m\u00e1s casos del virus de Marburgo - Canal 7 SLP - 2023","isPartOf":{"@id":"https:\/\/canal7slp.tv\/2023\/#website"},"primaryImageOfPage":{"@id":"https:\/\/canal7slp.tv\/2023\/guinea-ecuatorial-confirma-mas-casos-del-virus-de-marburgo\/#primaryimage"},"image":{"@id":"https:\/\/canal7slp.tv\/2023\/guinea-ecuatorial-confirma-mas-casos-del-virus-de-marburgo\/#primaryimage"},"thumbnailUrl":"https:\/\/canal7slp.tv\/2023\/wp-content\/uploads\/2023\/03\/02-20.jpg","datePublished":"2023-03-23T23:03:07+00:00","breadcrumb":{"@id":"https:\/\/canal7slp.tv\/2023\/guinea-ecuatorial-confirma-mas-casos-del-virus-de-marburgo\/#breadcrumb"},"inLanguage":"es","potentialAction":[{"@type":"ReadAction","target":["https:\/\/canal7slp.tv\/2023\/guinea-ecuatorial-confirma-mas-casos-del-virus-de-marburgo\/"]}]},{"@type":"ImageObject","inLanguage":"es","@id":"https:\/\/canal7slp.tv\/2023\/guinea-ecuatorial-confirma-mas-casos-del-virus-de-marburgo\/#primaryimage","url":"https:\/\/canal7slp.tv\/2023\/wp-content\/uploads\/2023\/03\/02-20.jpg","contentUrl":"https:\/\/canal7slp.tv\/2023\/wp-content\/uploads\/2023\/03\/02-20.jpg","width":1024,"height":576},{"@type":"BreadcrumbList","@id":"https:\/\/canal7slp.tv\/2023\/guinea-ecuatorial-confirma-mas-casos-del-virus-de-marburgo\/#breadcrumb","itemListElement":[{"@type":"ListItem","position":1,"name":"Portada","item":"https:\/\/canal7slp.tv\/2023\/"},{"@type":"ListItem","position":2,"name":"Guinea Ecuatorial confirma m\u00e1s casos del virus de Marburgo"}]},{"@type":"WebSite","@id":"https:\/\/canal7slp.tv\/2023\/#website","url":"https:\/\/canal7slp.tv\/2023\/","name":"N7 - Noticieros Canal 7","description":"Somos Televisi\u00f3n","publisher":{"@id":"https:\/\/canal7slp.tv\/2023\/#organization"},"potentialAction":[{"@type":"SearchAction","target":{"@type":"EntryPoint","urlTemplate":"https:\/\/canal7slp.tv\/2023\/?s={search_term_string}"},"query-input":{"@type":"PropertyValueSpecification","valueRequired":true,"valueName":"search_term_string"}}],"inLanguage":"es"},{"@type":"Organization","@id":"https:\/\/canal7slp.tv\/2023\/#organization","name":"Noticieros Canal 7","url":"https:\/\/canal7slp.tv\/2023\/","logo":{"@type":"ImageObject","inLanguage":"es","@id":"https:\/\/canal7slp.tv\/2023\/#\/schema\/logo\/image\/","url":"https:\/\/canal7slp.tv\/2023\/wp-content\/uploads\/2021\/01\/logo-noticieros@2x.png","contentUrl":"https:\/\/canal7slp.tv\/2023\/wp-content\/uploads\/2021\/01\/logo-noticieros@2x.png","width":1017,"height":268,"caption":"Noticieros Canal 7"},"image":{"@id":"https:\/\/canal7slp.tv\/2023\/#\/schema\/logo\/image\/"},"sameAs":["https:\/\/www.facebook.com\/noticieroscanalsiete","https:\/\/x.com\/NOTICIEROS7","https:\/\/www.instagram.com\/canal7_slp","https:\/\/www.youtube.com\/channel\/UCliiYs-gP3JfJeqdPrNdd5A"]},{"@type":"Person","@id":"https:\/\/canal7slp.tv\/2023\/#\/schema\/person\/639c424e3584069003b11ae813915da6","name":"Edici\u00f3n Web","image":{"@type":"ImageObject","inLanguage":"es","@id":"https:\/\/secure.gravatar.com\/avatar\/eee448fc3f7164808013b816ba91ac7e43bbe82a70bebac296f8bc6f0addaa1a?s=96&d=mm&r=g","url":"https:\/\/secure.gravatar.com\/avatar\/eee448fc3f7164808013b816ba91ac7e43bbe82a70bebac296f8bc6f0addaa1a?s=96&d=mm&r=g","contentUrl":"https:\/\/secure.gravatar.com\/avatar\/eee448fc3f7164808013b816ba91ac7e43bbe82a70bebac296f8bc6f0addaa1a?s=96&d=mm&r=g","caption":"Edici\u00f3n Web"},"url":"https:\/\/canal7slp.tv\/2023\/author\/edicionweb\/"}]}},"_links":{"self":[{"href":"https:\/\/canal7slp.tv\/2023\/wp-json\/wp\/v2\/posts\/90800","targetHints":{"allow":["GET"]}}],"collection":[{"href":"https:\/\/canal7slp.tv\/2023\/wp-json\/wp\/v2\/posts"}],"about":[{"href":"https:\/\/canal7slp.tv\/2023\/wp-json\/wp\/v2\/types\/post"}],"author":[{"embeddable":true,"href":"https:\/\/canal7slp.tv\/2023\/wp-json\/wp\/v2\/users\/2"}],"replies":[{"embeddable":true,"href":"https:\/\/canal7slp.tv\/2023\/wp-json\/wp\/v2\/comments?post=90800"}],"version-history":[{"count":2,"href":"https:\/\/canal7slp.tv\/2023\/wp-json\/wp\/v2\/posts\/90800\/revisions"}],"predecessor-version":[{"id":90821,"href":"https:\/\/canal7slp.tv\/2023\/wp-json\/wp\/v2\/posts\/90800\/revisions\/90821"}],"wp:featuredmedia":[{"embeddable":true,"href":"https:\/\/canal7slp.tv\/2023\/wp-json\/wp\/v2\/media\/90814"}],"wp:attachment":[{"href":"https:\/\/canal7slp.tv\/2023\/wp-json\/wp\/v2\/media?parent=90800"}],"wp:term":[{"taxonomy":"category","embeddable":true,"href":"https:\/\/canal7slp.tv\/2023\/wp-json\/wp\/v2\/categories?post=90800"},{"taxonomy":"post_tag","embeddable":true,"href":"https:\/\/canal7slp.tv\/2023\/wp-json\/wp\/v2\/tags?post=90800"}],"curies":[{"name":"wp","href":"https:\/\/api.w.org\/{rel}","templated":true}]}}